{"id":9989,"date":"2025-09-19T10:22:29","date_gmt":"2025-09-19T10:22:29","guid":{"rendered":"https:\/\/www.ascef.com\/?p=9989"},"modified":"2025-09-29T10:26:32","modified_gmt":"2025-09-29T10:26:32","slug":"nuevos-modelos-de-gobernanza-e-innovacion-en-la-empresa-familiar","status":"publish","type":"post","link":"https:\/\/www.ascef.com\/es\/nuevos-modelos-de-gobernanza-e-innovacion-en-la-empresa-familiar\/","title":{"rendered":"Nuevos modelos de gobernanza e innovaci\u00f3n en la empresa familiar"},"content":{"rendered":"<p>Este 18 de septiembre un grupo de j\u00f3venes del Foro de ASCEF, vivimos una sesi\u00f3n enriquecedora en el Hotel Gallery sobre nuevos modelos de gobernanza e innovaci\u00f3n en la empresa familiar. Participaron personas de todas las edades, compartiendo visiones y experiencias en un di\u00e1logo horizontal y participativo.<br \/>\nFue un encuentro lleno de ideas para impulsar empresas m\u00e1s abiertas, innovadoras y orientadas al futuro.<\/p>\n","protected":false},"excerpt":{"rendered":"<p>Este 18 de septiembre un grupo de j\u00f3venes del Foro de ASCEF, vivimos una sesi\u00f3n enriquecedora en el Hotel Gallery sobre nuevos modelos de gobernanza e innovaci\u00f3n en la empresa familiar. Participaron personas de todas las edades, compartiendo visiones y experiencias en un di\u00e1logo horizontal y participativo. Fue un encuentro lleno de ideas para impulsar [&hellip;]<\/p>\n","protected":false},"author":311,"featured_media":9987,"comment_status":"closed","ping_status":"closed","sticky":false,"template":"","format":"standard","meta":{"_acf_changed":false,"footnotes":""},"categories":[185],"tags":[],"class_list":["post-9989","post","type-post","status-publish","format-standard","has-post-thumbnail","hentry","category-general"],"acf":[],"yoast_head":"<!-- This site is optimized with the Yoast SEO plugin v27.5 - https:\/\/yoast.com\/product\/yoast-seo-wordpress\/ -->\n<title>Nuevos modelos de gobernanza e innovaci\u00f3n en la empresa familiar - ASCEF<\/title>\n<meta name=\"robots\" content=\"index, follow, max-snippet:-1, max-image-preview:large, max-video-preview:-1\" \/>\n<link rel=\"canonical\" href=\"https:\/\/www.ascef.com\/es\/nuevos-modelos-de-gobernanza-e-innovacion-en-la-empresa-familiar\/\" \/>\n<meta property=\"og:locale\" content=\"es_ES\" \/>\n<meta property=\"og:type\" content=\"article\" \/>\n<meta property=\"og:title\" content=\"Nuevos modelos de gobernanza e innovaci\u00f3n en la empresa familiar - ASCEF\" \/>\n<meta property=\"og:description\" content=\"Este 18 de septiembre un grupo de j\u00f3venes del Foro de ASCEF, vivimos una sesi\u00f3n enriquecedora en el Hotel Gallery sobre nuevos modelos de gobernanza e innovaci\u00f3n en la empresa familiar. Participaron personas de todas las edades, compartiendo visiones y experiencias en un di\u00e1logo horizontal y participativo. Fue un encuentro lleno de ideas para impulsar [&hellip;]\" \/>\n<meta property=\"og:url\" content=\"https:\/\/www.ascef.com\/es\/nuevos-modelos-de-gobernanza-e-innovacion-en-la-empresa-familiar\/\" \/>\n<meta property=\"og:site_name\" content=\"ASCEF\" \/>\n<meta property=\"article:published_time\" content=\"2025-09-19T10:22:29+00:00\" \/>\n<meta property=\"article:modified_time\" content=\"2025-09-29T10:26:32+00:00\" \/>\n<meta property=\"og:image\" content=\"https:\/\/www.ascef.com\/wp-content\/uploads\/2025\/09\/Sessio-joves.jpg\" \/>\n\t<meta property=\"og:image:width\" content=\"800\" \/>\n\t<meta property=\"og:image:height\" content=\"436\" \/>\n\t<meta property=\"og:image:type\" content=\"image\/jpeg\" \/>\n<meta name=\"author\" content=\"usuari_ascef_admin\" \/>\n<meta name=\"twitter:card\" content=\"summary_large_image\" \/>\n<meta name=\"twitter:label1\" content=\"Escrito por\" \/>\n\t<meta name=\"twitter:data1\" content=\"usuari_ascef_admin\" \/>\n\t<meta name=\"twitter:label2\" content=\"Tiempo de lectura\" \/>\n\t<meta name=\"twitter:data2\" content=\"1 minuto\" \/>\n<script type=\"application\/ld+json\" class=\"yoast-schema-graph\">{\"@context\":\"https:\\\/\\\/schema.org\",\"@graph\":[{\"@type\":\"Article\",\"@id\":\"https:\\\/\\\/www.ascef.com\\\/es\\\/nuevos-modelos-de-gobernanza-e-innovacion-en-la-empresa-familiar\\\/#article\",\"isPartOf\":{\"@id\":\"https:\\\/\\\/www.ascef.com\\\/es\\\/nuevos-modelos-de-gobernanza-e-innovacion-en-la-empresa-familiar\\\/\"},\"author\":{\"name\":\"usuari_ascef_admin\",\"@id\":\"https:\\\/\\\/www.ascef.com\\\/es\\\/#\\\/schema\\\/person\\\/818edf5b5f3a1179bca4deca82c739f5\"},\"headline\":\"Nuevos modelos de gobernanza e innovaci\u00f3n en la empresa familiar\",\"datePublished\":\"2025-09-19T10:22:29+00:00\",\"dateModified\":\"2025-09-29T10:26:32+00:00\",\"mainEntityOfPage\":{\"@id\":\"https:\\\/\\\/www.ascef.com\\\/es\\\/nuevos-modelos-de-gobernanza-e-innovacion-en-la-empresa-familiar\\\/\"},\"wordCount\":78,\"image\":{\"@id\":\"https:\\\/\\\/www.ascef.com\\\/es\\\/nuevos-modelos-de-gobernanza-e-innovacion-en-la-empresa-familiar\\\/#primaryimage\"},\"thumbnailUrl\":\"https:\\\/\\\/www.ascef.com\\\/wp-content\\\/uploads\\\/2025\\\/09\\\/Sessio-joves.jpg\",\"articleSection\":[\"general\"],\"inLanguage\":\"es\"},{\"@type\":\"WebPage\",\"@id\":\"https:\\\/\\\/www.ascef.com\\\/es\\\/nuevos-modelos-de-gobernanza-e-innovacion-en-la-empresa-familiar\\\/\",\"url\":\"https:\\\/\\\/www.ascef.com\\\/es\\\/nuevos-modelos-de-gobernanza-e-innovacion-en-la-empresa-familiar\\\/\",\"name\":\"Nuevos modelos de gobernanza e innovaci\u00f3n en la empresa familiar - ASCEF\",\"isPartOf\":{\"@id\":\"https:\\\/\\\/www.ascef.com\\\/es\\\/#website\"},\"primaryImageOfPage\":{\"@id\":\"https:\\\/\\\/www.ascef.com\\\/es\\\/nuevos-modelos-de-gobernanza-e-innovacion-en-la-empresa-familiar\\\/#primaryimage\"},\"image\":{\"@id\":\"https:\\\/\\\/www.ascef.com\\\/es\\\/nuevos-modelos-de-gobernanza-e-innovacion-en-la-empresa-familiar\\\/#primaryimage\"},\"thumbnailUrl\":\"https:\\\/\\\/www.ascef.com\\\/wp-content\\\/uploads\\\/2025\\\/09\\\/Sessio-joves.jpg\",\"datePublished\":\"2025-09-19T10:22:29+00:00\",\"dateModified\":\"2025-09-29T10:26:32+00:00\",\"author\":{\"@id\":\"https:\\\/\\\/www.ascef.com\\\/es\\\/#\\\/schema\\\/person\\\/818edf5b5f3a1179bca4deca82c739f5\"},\"breadcrumb\":{\"@id\":\"https:\\\/\\\/www.ascef.com\\\/es\\\/nuevos-modelos-de-gobernanza-e-innovacion-en-la-empresa-familiar\\\/#breadcrumb\"},\"inLanguage\":\"es\",\"potentialAction\":[{\"@type\":\"ReadAction\",\"target\":[\"https:\\\/\\\/www.ascef.com\\\/es\\\/nuevos-modelos-de-gobernanza-e-innovacion-en-la-empresa-familiar\\\/\"]}]},{\"@type\":\"ImageObject\",\"inLanguage\":\"es\",\"@id\":\"https:\\\/\\\/www.ascef.com\\\/es\\\/nuevos-modelos-de-gobernanza-e-innovacion-en-la-empresa-familiar\\\/#primaryimage\",\"url\":\"https:\\\/\\\/www.ascef.com\\\/wp-content\\\/uploads\\\/2025\\\/09\\\/Sessio-joves.jpg\",\"contentUrl\":\"https:\\\/\\\/www.ascef.com\\\/wp-content\\\/uploads\\\/2025\\\/09\\\/Sessio-joves.jpg\",\"width\":800,\"height\":436},{\"@type\":\"BreadcrumbList\",\"@id\":\"https:\\\/\\\/www.ascef.com\\\/es\\\/nuevos-modelos-de-gobernanza-e-innovacion-en-la-empresa-familiar\\\/#breadcrumb\",\"itemListElement\":[{\"@type\":\"ListItem\",\"position\":1,\"name\":\"Portada\",\"item\":\"https:\\\/\\\/www.ascef.com\\\/es\\\/\"},{\"@type\":\"ListItem\",\"position\":2,\"name\":\"Nuevos modelos de gobernanza e innovaci\u00f3n en la empresa familiar\"}]},{\"@type\":\"WebSite\",\"@id\":\"https:\\\/\\\/www.ascef.com\\\/es\\\/#website\",\"url\":\"https:\\\/\\\/www.ascef.com\\\/es\\\/\",\"name\":\"ASCEF\",\"description\":\"Associaci\u00f3 Catalana de l\u2019Empresa Familiar\",\"potentialAction\":[{\"@type\":\"SearchAction\",\"target\":{\"@type\":\"EntryPoint\",\"urlTemplate\":\"https:\\\/\\\/www.ascef.com\\\/es\\\/?s={search_term_string}\"},\"query-input\":{\"@type\":\"PropertyValueSpecification\",\"valueRequired\":true,\"valueName\":\"search_term_string\"}}],\"inLanguage\":\"es\"},{\"@type\":\"Person\",\"@id\":\"https:\\\/\\\/www.ascef.com\\\/es\\\/#\\\/schema\\\/person\\\/818edf5b5f3a1179bca4deca82c739f5\",\"name\":\"usuari_ascef_admin\",\"url\":\"https:\\\/\\\/www.ascef.com\\\/es\\\/author\\\/usuari_ascef_admin\\\/\"}]}<\/script>\n<!-- \/ Yoast SEO plugin. -->","yoast_head_json":{"title":"Nuevos modelos de gobernanza e innovaci\u00f3n en la empresa familiar - ASCEF","robots":{"index":"index","follow":"follow","max-snippet":"max-snippet:-1","max-image-preview":"max-image-preview:large","max-video-preview":"max-video-preview:-1"},"canonical":"https:\/\/www.ascef.com\/es\/nuevos-modelos-de-gobernanza-e-innovacion-en-la-empresa-familiar\/","og_locale":"es_ES","og_type":"article","og_title":"Nuevos modelos de gobernanza e innovaci\u00f3n en la empresa familiar - ASCEF","og_description":"Este 18 de septiembre un grupo de j\u00f3venes del Foro de ASCEF, vivimos una sesi\u00f3n enriquecedora en el Hotel Gallery sobre nuevos modelos de gobernanza e innovaci\u00f3n en la empresa familiar. Participaron personas de todas las edades, compartiendo visiones y experiencias en un di\u00e1logo horizontal y participativo. Fue un encuentro lleno de ideas para impulsar [&hellip;]","og_url":"https:\/\/www.ascef.com\/es\/nuevos-modelos-de-gobernanza-e-innovacion-en-la-empresa-familiar\/","og_site_name":"ASCEF","article_published_time":"2025-09-19T10:22:29+00:00","article_modified_time":"2025-09-29T10:26:32+00:00","og_image":[{"width":800,"height":436,"url":"https:\/\/www.ascef.com\/wp-content\/uploads\/2025\/09\/Sessio-joves.jpg","type":"image\/jpeg"}],"author":"usuari_ascef_admin","twitter_card":"summary_large_image","twitter_misc":{"Escrito por":"usuari_ascef_admin","Tiempo de lectura":"1 minuto"},"schema":{"@context":"https:\/\/schema.org","@graph":[{"@type":"Article","@id":"https:\/\/www.ascef.com\/es\/nuevos-modelos-de-gobernanza-e-innovacion-en-la-empresa-familiar\/#article","isPartOf":{"@id":"https:\/\/www.ascef.com\/es\/nuevos-modelos-de-gobernanza-e-innovacion-en-la-empresa-familiar\/"},"author":{"name":"usuari_ascef_admin","@id":"https:\/\/www.ascef.com\/es\/#\/schema\/person\/818edf5b5f3a1179bca4deca82c739f5"},"headline":"Nuevos modelos de gobernanza e innovaci\u00f3n en la empresa familiar","datePublished":"2025-09-19T10:22:29+00:00","dateModified":"2025-09-29T10:26:32+00:00","mainEntityOfPage":{"@id":"https:\/\/www.ascef.com\/es\/nuevos-modelos-de-gobernanza-e-innovacion-en-la-empresa-familiar\/"},"wordCount":78,"image":{"@id":"https:\/\/www.ascef.com\/es\/nuevos-modelos-de-gobernanza-e-innovacion-en-la-empresa-familiar\/#primaryimage"},"thumbnailUrl":"https:\/\/www.ascef.com\/wp-content\/uploads\/2025\/09\/Sessio-joves.jpg","articleSection":["general"],"inLanguage":"es"},{"@type":"WebPage","@id":"https:\/\/www.ascef.com\/es\/nuevos-modelos-de-gobernanza-e-innovacion-en-la-empresa-familiar\/","url":"https:\/\/www.ascef.com\/es\/nuevos-modelos-de-gobernanza-e-innovacion-en-la-empresa-familiar\/","name":"Nuevos modelos de gobernanza e innovaci\u00f3n en la empresa familiar - ASCEF","isPartOf":{"@id":"https:\/\/www.ascef.com\/es\/#website"},"primaryImageOfPage":{"@id":"https:\/\/www.ascef.com\/es\/nuevos-modelos-de-gobernanza-e-innovacion-en-la-empresa-familiar\/#primaryimage"},"image":{"@id":"https:\/\/www.ascef.com\/es\/nuevos-modelos-de-gobernanza-e-innovacion-en-la-empresa-familiar\/#primaryimage"},"thumbnailUrl":"https:\/\/www.ascef.com\/wp-content\/uploads\/2025\/09\/Sessio-joves.jpg","datePublished":"2025-09-19T10:22:29+00:00","dateModified":"2025-09-29T10:26:32+00:00","author":{"@id":"https:\/\/www.ascef.com\/es\/#\/schema\/person\/818edf5b5f3a1179bca4deca82c739f5"},"breadcrumb":{"@id":"https:\/\/www.ascef.com\/es\/nuevos-modelos-de-gobernanza-e-innovacion-en-la-empresa-familiar\/#breadcrumb"},"inLanguage":"es","potentialAction":[{"@type":"ReadAction","target":["https:\/\/www.ascef.com\/es\/nuevos-modelos-de-gobernanza-e-innovacion-en-la-empresa-familiar\/"]}]},{"@type":"ImageObject","inLanguage":"es","@id":"https:\/\/www.ascef.com\/es\/nuevos-modelos-de-gobernanza-e-innovacion-en-la-empresa-familiar\/#primaryimage","url":"https:\/\/www.ascef.com\/wp-content\/uploads\/2025\/09\/Sessio-joves.jpg","contentUrl":"https:\/\/www.ascef.com\/wp-content\/uploads\/2025\/09\/Sessio-joves.jpg","width":800,"height":436},{"@type":"BreadcrumbList","@id":"https:\/\/www.ascef.com\/es\/nuevos-modelos-de-gobernanza-e-innovacion-en-la-empresa-familiar\/#breadcrumb","itemListElement":[{"@type":"ListItem","position":1,"name":"Portada","item":"https:\/\/www.ascef.com\/es\/"},{"@type":"ListItem","position":2,"name":"Nuevos modelos de gobernanza e innovaci\u00f3n en la empresa familiar"}]},{"@type":"WebSite","@id":"https:\/\/www.ascef.com\/es\/#website","url":"https:\/\/www.ascef.com\/es\/","name":"ASCEF","description":"Associaci\u00f3 Catalana de l\u2019Empresa Familiar","potentialAction":[{"@type":"SearchAction","target":{"@type":"EntryPoint","urlTemplate":"https:\/\/www.ascef.com\/es\/?s={search_term_string}"},"query-input":{"@type":"PropertyValueSpecification","valueRequired":true,"valueName":"search_term_string"}}],"inLanguage":"es"},{"@type":"Person","@id":"https:\/\/www.ascef.com\/es\/#\/schema\/person\/818edf5b5f3a1179bca4deca82c739f5","name":"usuari_ascef_admin","url":"https:\/\/www.ascef.com\/es\/author\/usuari_ascef_admin\/"}]}},"_links":{"self":[{"href":"https:\/\/www.ascef.com\/es\/wp-json\/wp\/v2\/posts\/9989","targetHints":{"allow":["GET"]}}],"collection":[{"href":"https:\/\/www.ascef.com\/es\/wp-json\/wp\/v2\/posts"}],"about":[{"href":"https:\/\/www.ascef.com\/es\/wp-json\/wp\/v2\/types\/post"}],"author":[{"embeddable":true,"href":"https:\/\/www.ascef.com\/es\/wp-json\/wp\/v2\/users\/311"}],"replies":[{"embeddable":true,"href":"https:\/\/www.ascef.com\/es\/wp-json\/wp\/v2\/comments?post=9989"}],"version-history":[{"count":1,"href":"https:\/\/www.ascef.com\/es\/wp-json\/wp\/v2\/posts\/9989\/revisions"}],"predecessor-version":[{"id":9990,"href":"https:\/\/www.ascef.com\/es\/wp-json\/wp\/v2\/posts\/9989\/revisions\/9990"}],"wp:featuredmedia":[{"embeddable":true,"href":"https:\/\/www.ascef.com\/es\/wp-json\/wp\/v2\/media\/9987"}],"wp:attachment":[{"href":"https:\/\/www.ascef.com\/es\/wp-json\/wp\/v2\/media?parent=9989"}],"wp:term":[{"taxonomy":"category","embeddable":true,"href":"https:\/\/www.ascef.com\/es\/wp-json\/wp\/v2\/categories?post=9989"},{"taxonomy":"post_tag","embeddable":true,"href":"https:\/\/www.ascef.com\/es\/wp-json\/wp\/v2\/tags?post=9989"}],"curies":[{"name":"wp","href":"https:\/\/api.w.org\/{rel}","templated":true}]}}