{"id":9832,"date":"2025-07-02T07:35:40","date_gmt":"2025-07-02T07:35:40","guid":{"rendered":"https:\/\/www.ascef.com\/?p=9832"},"modified":"2025-07-07T07:11:53","modified_gmt":"2025-07-07T07:11:53","slug":"family-day-de-la-ascef-visita-a-la-fabrica-de-idilia-foods","status":"publish","type":"post","link":"https:\/\/www.ascef.com\/es\/family-day-de-la-ascef-visita-a-la-fabrica-de-idilia-foods\/","title":{"rendered":"Family Day de la ASCEF: Visita a la F\u00e1brica de Idilia Foods.\u00a0"},"content":{"rendered":"<p>Este trimestre hemos puesto en marcha una nueva iniciativa en la ASCEF: el Family Day, y fue un placer empezar este proyecto con Idilia Foods. Tuvimos la oportunidad de visitar la f\u00e1brica y los m\u00e1s peque\u00f1os de la familia ASCEF, acompa\u00f1ados de sus padres o abuelos, pudieron conocer c\u00f3mo se elabora el ColaCao y la Nocilla. Una experiencia \u00fanica que nos permiti\u00f3 adentrarnos en el mundo del cacao.<\/p>\n<p>Nuestro sincero agradecimiento a Idilia Foods por su acogida.<\/p>\n","protected":false},"excerpt":{"rendered":"<p>Este trimestre hemos puesto en marcha una nueva iniciativa en la ASCEF: el Family Day, y fue un placer empezar este proyecto con Idilia Foods. Tuvimos la oportunidad de visitar la f\u00e1brica y los m\u00e1s peque\u00f1os de la familia ASCEF, acompa\u00f1ados de sus padres o abuelos, pudieron conocer c\u00f3mo se elabora el ColaCao y la [&hellip;]<\/p>\n","protected":false},"author":311,"featured_media":9833,"comment_status":"closed","ping_status":"closed","sticky":false,"template":"","format":"standard","meta":{"_acf_changed":false,"footnotes":""},"categories":[185],"tags":[],"class_list":["post-9832","post","type-post","status-publish","format-standard","has-post-thumbnail","hentry","category-general"],"acf":[],"yoast_head":"<!-- This site is optimized with the Yoast SEO plugin v27.5 - https:\/\/yoast.com\/product\/yoast-seo-wordpress\/ -->\n<title>Family Day de la ASCEF: Visita a la F\u00e1brica de Idilia Foods.\u00a0 - ASCEF<\/title>\n<meta name=\"robots\" content=\"index, follow, max-snippet:-1, max-image-preview:large, max-video-preview:-1\" \/>\n<link rel=\"canonical\" href=\"https:\/\/www.ascef.com\/es\/family-day-de-la-ascef-visita-a-la-fabrica-de-idilia-foods\/\" \/>\n<meta property=\"og:locale\" content=\"es_ES\" \/>\n<meta property=\"og:type\" content=\"article\" \/>\n<meta property=\"og:title\" content=\"Family Day de la ASCEF: Visita a la F\u00e1brica de Idilia Foods.\u00a0 - ASCEF\" \/>\n<meta property=\"og:description\" content=\"Este trimestre hemos puesto en marcha una nueva iniciativa en la ASCEF: el Family Day, y fue un placer empezar este proyecto con Idilia Foods. Tuvimos la oportunidad de visitar la f\u00e1brica y los m\u00e1s peque\u00f1os de la familia ASCEF, acompa\u00f1ados de sus padres o abuelos, pudieron conocer c\u00f3mo se elabora el ColaCao y la [&hellip;]\" \/>\n<meta property=\"og:url\" content=\"https:\/\/www.ascef.com\/es\/family-day-de-la-ascef-visita-a-la-fabrica-de-idilia-foods\/\" \/>\n<meta property=\"og:site_name\" content=\"ASCEF\" \/>\n<meta property=\"article:published_time\" content=\"2025-07-02T07:35:40+00:00\" \/>\n<meta property=\"article:modified_time\" content=\"2025-07-07T07:11:53+00:00\" \/>\n<meta property=\"og:image\" content=\"https:\/\/www.ascef.com\/wp-content\/uploads\/2025\/07\/Multimedia.jpg\" \/>\n\t<meta property=\"og:image:width\" content=\"1663\" \/>\n\t<meta property=\"og:image:height\" content=\"1247\" \/>\n\t<meta property=\"og:image:type\" content=\"image\/jpeg\" \/>\n<meta name=\"author\" content=\"usuari_ascef_admin\" \/>\n<meta name=\"twitter:card\" content=\"summary_large_image\" \/>\n<meta name=\"twitter:label1\" content=\"Escrito por\" \/>\n\t<meta name=\"twitter:data1\" content=\"usuari_ascef_admin\" \/>\n\t<meta name=\"twitter:label2\" content=\"Tiempo de lectura\" \/>\n\t<meta name=\"twitter:data2\" content=\"1 minuto\" \/>\n<script type=\"application\/ld+json\" class=\"yoast-schema-graph\">{\"@context\":\"https:\\\/\\\/schema.org\",\"@graph\":[{\"@type\":\"Article\",\"@id\":\"https:\\\/\\\/www.ascef.com\\\/es\\\/family-day-de-la-ascef-visita-a-la-fabrica-de-idilia-foods\\\/#article\",\"isPartOf\":{\"@id\":\"https:\\\/\\\/www.ascef.com\\\/es\\\/family-day-de-la-ascef-visita-a-la-fabrica-de-idilia-foods\\\/\"},\"author\":{\"name\":\"usuari_ascef_admin\",\"@id\":\"https:\\\/\\\/www.ascef.com\\\/es\\\/#\\\/schema\\\/person\\\/818edf5b5f3a1179bca4deca82c739f5\"},\"headline\":\"Family Day de la ASCEF: Visita a la F\u00e1brica de Idilia Foods.\u00a0\",\"datePublished\":\"2025-07-02T07:35:40+00:00\",\"dateModified\":\"2025-07-07T07:11:53+00:00\",\"mainEntityOfPage\":{\"@id\":\"https:\\\/\\\/www.ascef.com\\\/es\\\/family-day-de-la-ascef-visita-a-la-fabrica-de-idilia-foods\\\/\"},\"wordCount\":95,\"image\":{\"@id\":\"https:\\\/\\\/www.ascef.com\\\/es\\\/family-day-de-la-ascef-visita-a-la-fabrica-de-idilia-foods\\\/#primaryimage\"},\"thumbnailUrl\":\"https:\\\/\\\/www.ascef.com\\\/wp-content\\\/uploads\\\/2025\\\/07\\\/Multimedia.jpg\",\"articleSection\":[\"general\"],\"inLanguage\":\"es\"},{\"@type\":\"WebPage\",\"@id\":\"https:\\\/\\\/www.ascef.com\\\/es\\\/family-day-de-la-ascef-visita-a-la-fabrica-de-idilia-foods\\\/\",\"url\":\"https:\\\/\\\/www.ascef.com\\\/es\\\/family-day-de-la-ascef-visita-a-la-fabrica-de-idilia-foods\\\/\",\"name\":\"Family Day de la ASCEF: Visita a la F\u00e1brica de Idilia Foods.\u00a0 - ASCEF\",\"isPartOf\":{\"@id\":\"https:\\\/\\\/www.ascef.com\\\/es\\\/#website\"},\"primaryImageOfPage\":{\"@id\":\"https:\\\/\\\/www.ascef.com\\\/es\\\/family-day-de-la-ascef-visita-a-la-fabrica-de-idilia-foods\\\/#primaryimage\"},\"image\":{\"@id\":\"https:\\\/\\\/www.ascef.com\\\/es\\\/family-day-de-la-ascef-visita-a-la-fabrica-de-idilia-foods\\\/#primaryimage\"},\"thumbnailUrl\":\"https:\\\/\\\/www.ascef.com\\\/wp-content\\\/uploads\\\/2025\\\/07\\\/Multimedia.jpg\",\"datePublished\":\"2025-07-02T07:35:40+00:00\",\"dateModified\":\"2025-07-07T07:11:53+00:00\",\"author\":{\"@id\":\"https:\\\/\\\/www.ascef.com\\\/es\\\/#\\\/schema\\\/person\\\/818edf5b5f3a1179bca4deca82c739f5\"},\"breadcrumb\":{\"@id\":\"https:\\\/\\\/www.ascef.com\\\/es\\\/family-day-de-la-ascef-visita-a-la-fabrica-de-idilia-foods\\\/#breadcrumb\"},\"inLanguage\":\"es\",\"potentialAction\":[{\"@type\":\"ReadAction\",\"target\":[\"https:\\\/\\\/www.ascef.com\\\/es\\\/family-day-de-la-ascef-visita-a-la-fabrica-de-idilia-foods\\\/\"]}]},{\"@type\":\"ImageObject\",\"inLanguage\":\"es\",\"@id\":\"https:\\\/\\\/www.ascef.com\\\/es\\\/family-day-de-la-ascef-visita-a-la-fabrica-de-idilia-foods\\\/#primaryimage\",\"url\":\"https:\\\/\\\/www.ascef.com\\\/wp-content\\\/uploads\\\/2025\\\/07\\\/Multimedia.jpg\",\"contentUrl\":\"https:\\\/\\\/www.ascef.com\\\/wp-content\\\/uploads\\\/2025\\\/07\\\/Multimedia.jpg\",\"width\":1663,\"height\":1247},{\"@type\":\"BreadcrumbList\",\"@id\":\"https:\\\/\\\/www.ascef.com\\\/es\\\/family-day-de-la-ascef-visita-a-la-fabrica-de-idilia-foods\\\/#breadcrumb\",\"itemListElement\":[{\"@type\":\"ListItem\",\"position\":1,\"name\":\"Portada\",\"item\":\"https:\\\/\\\/www.ascef.com\\\/es\\\/\"},{\"@type\":\"ListItem\",\"position\":2,\"name\":\"Family Day de la ASCEF: Visita a la F\u00e1brica de Idilia Foods.\u00a0\"}]},{\"@type\":\"WebSite\",\"@id\":\"https:\\\/\\\/www.ascef.com\\\/es\\\/#website\",\"url\":\"https:\\\/\\\/www.ascef.com\\\/es\\\/\",\"name\":\"ASCEF\",\"description\":\"Associaci\u00f3 Catalana de l\u2019Empresa Familiar\",\"potentialAction\":[{\"@type\":\"SearchAction\",\"target\":{\"@type\":\"EntryPoint\",\"urlTemplate\":\"https:\\\/\\\/www.ascef.com\\\/es\\\/?s={search_term_string}\"},\"query-input\":{\"@type\":\"PropertyValueSpecification\",\"valueRequired\":true,\"valueName\":\"search_term_string\"}}],\"inLanguage\":\"es\"},{\"@type\":\"Person\",\"@id\":\"https:\\\/\\\/www.ascef.com\\\/es\\\/#\\\/schema\\\/person\\\/818edf5b5f3a1179bca4deca82c739f5\",\"name\":\"usuari_ascef_admin\",\"url\":\"https:\\\/\\\/www.ascef.com\\\/es\\\/author\\\/usuari_ascef_admin\\\/\"}]}<\/script>\n<!-- \/ Yoast SEO plugin. -->","yoast_head_json":{"title":"Family Day de la ASCEF: Visita a la F\u00e1brica de Idilia Foods.\u00a0 - ASCEF","robots":{"index":"index","follow":"follow","max-snippet":"max-snippet:-1","max-image-preview":"max-image-preview:large","max-video-preview":"max-video-preview:-1"},"canonical":"https:\/\/www.ascef.com\/es\/family-day-de-la-ascef-visita-a-la-fabrica-de-idilia-foods\/","og_locale":"es_ES","og_type":"article","og_title":"Family Day de la ASCEF: Visita a la F\u00e1brica de Idilia Foods.\u00a0 - ASCEF","og_description":"Este trimestre hemos puesto en marcha una nueva iniciativa en la ASCEF: el Family Day, y fue un placer empezar este proyecto con Idilia Foods. Tuvimos la oportunidad de visitar la f\u00e1brica y los m\u00e1s peque\u00f1os de la familia ASCEF, acompa\u00f1ados de sus padres o abuelos, pudieron conocer c\u00f3mo se elabora el ColaCao y la [&hellip;]","og_url":"https:\/\/www.ascef.com\/es\/family-day-de-la-ascef-visita-a-la-fabrica-de-idilia-foods\/","og_site_name":"ASCEF","article_published_time":"2025-07-02T07:35:40+00:00","article_modified_time":"2025-07-07T07:11:53+00:00","og_image":[{"width":1663,"height":1247,"url":"https:\/\/www.ascef.com\/wp-content\/uploads\/2025\/07\/Multimedia.jpg","type":"image\/jpeg"}],"author":"usuari_ascef_admin","twitter_card":"summary_large_image","twitter_misc":{"Escrito por":"usuari_ascef_admin","Tiempo de lectura":"1 minuto"},"schema":{"@context":"https:\/\/schema.org","@graph":[{"@type":"Article","@id":"https:\/\/www.ascef.com\/es\/family-day-de-la-ascef-visita-a-la-fabrica-de-idilia-foods\/#article","isPartOf":{"@id":"https:\/\/www.ascef.com\/es\/family-day-de-la-ascef-visita-a-la-fabrica-de-idilia-foods\/"},"author":{"name":"usuari_ascef_admin","@id":"https:\/\/www.ascef.com\/es\/#\/schema\/person\/818edf5b5f3a1179bca4deca82c739f5"},"headline":"Family Day de la ASCEF: Visita a la F\u00e1brica de Idilia Foods.\u00a0","datePublished":"2025-07-02T07:35:40+00:00","dateModified":"2025-07-07T07:11:53+00:00","mainEntityOfPage":{"@id":"https:\/\/www.ascef.com\/es\/family-day-de-la-ascef-visita-a-la-fabrica-de-idilia-foods\/"},"wordCount":95,"image":{"@id":"https:\/\/www.ascef.com\/es\/family-day-de-la-ascef-visita-a-la-fabrica-de-idilia-foods\/#primaryimage"},"thumbnailUrl":"https:\/\/www.ascef.com\/wp-content\/uploads\/2025\/07\/Multimedia.jpg","articleSection":["general"],"inLanguage":"es"},{"@type":"WebPage","@id":"https:\/\/www.ascef.com\/es\/family-day-de-la-ascef-visita-a-la-fabrica-de-idilia-foods\/","url":"https:\/\/www.ascef.com\/es\/family-day-de-la-ascef-visita-a-la-fabrica-de-idilia-foods\/","name":"Family Day de la ASCEF: Visita a la F\u00e1brica de Idilia Foods.\u00a0 - ASCEF","isPartOf":{"@id":"https:\/\/www.ascef.com\/es\/#website"},"primaryImageOfPage":{"@id":"https:\/\/www.ascef.com\/es\/family-day-de-la-ascef-visita-a-la-fabrica-de-idilia-foods\/#primaryimage"},"image":{"@id":"https:\/\/www.ascef.com\/es\/family-day-de-la-ascef-visita-a-la-fabrica-de-idilia-foods\/#primaryimage"},"thumbnailUrl":"https:\/\/www.ascef.com\/wp-content\/uploads\/2025\/07\/Multimedia.jpg","datePublished":"2025-07-02T07:35:40+00:00","dateModified":"2025-07-07T07:11:53+00:00","author":{"@id":"https:\/\/www.ascef.com\/es\/#\/schema\/person\/818edf5b5f3a1179bca4deca82c739f5"},"breadcrumb":{"@id":"https:\/\/www.ascef.com\/es\/family-day-de-la-ascef-visita-a-la-fabrica-de-idilia-foods\/#breadcrumb"},"inLanguage":"es","potentialAction":[{"@type":"ReadAction","target":["https:\/\/www.ascef.com\/es\/family-day-de-la-ascef-visita-a-la-fabrica-de-idilia-foods\/"]}]},{"@type":"ImageObject","inLanguage":"es","@id":"https:\/\/www.ascef.com\/es\/family-day-de-la-ascef-visita-a-la-fabrica-de-idilia-foods\/#primaryimage","url":"https:\/\/www.ascef.com\/wp-content\/uploads\/2025\/07\/Multimedia.jpg","contentUrl":"https:\/\/www.ascef.com\/wp-content\/uploads\/2025\/07\/Multimedia.jpg","width":1663,"height":1247},{"@type":"BreadcrumbList","@id":"https:\/\/www.ascef.com\/es\/family-day-de-la-ascef-visita-a-la-fabrica-de-idilia-foods\/#breadcrumb","itemListElement":[{"@type":"ListItem","position":1,"name":"Portada","item":"https:\/\/www.ascef.com\/es\/"},{"@type":"ListItem","position":2,"name":"Family Day de la ASCEF: Visita a la F\u00e1brica de Idilia Foods.\u00a0"}]},{"@type":"WebSite","@id":"https:\/\/www.ascef.com\/es\/#website","url":"https:\/\/www.ascef.com\/es\/","name":"ASCEF","description":"Associaci\u00f3 Catalana de l\u2019Empresa Familiar","potentialAction":[{"@type":"SearchAction","target":{"@type":"EntryPoint","urlTemplate":"https:\/\/www.ascef.com\/es\/?s={search_term_string}"},"query-input":{"@type":"PropertyValueSpecification","valueRequired":true,"valueName":"search_term_string"}}],"inLanguage":"es"},{"@type":"Person","@id":"https:\/\/www.ascef.com\/es\/#\/schema\/person\/818edf5b5f3a1179bca4deca82c739f5","name":"usuari_ascef_admin","url":"https:\/\/www.ascef.com\/es\/author\/usuari_ascef_admin\/"}]}},"_links":{"self":[{"href":"https:\/\/www.ascef.com\/es\/wp-json\/wp\/v2\/posts\/9832","targetHints":{"allow":["GET"]}}],"collection":[{"href":"https:\/\/www.ascef.com\/es\/wp-json\/wp\/v2\/posts"}],"about":[{"href":"https:\/\/www.ascef.com\/es\/wp-json\/wp\/v2\/types\/post"}],"author":[{"embeddable":true,"href":"https:\/\/www.ascef.com\/es\/wp-json\/wp\/v2\/users\/311"}],"replies":[{"embeddable":true,"href":"https:\/\/www.ascef.com\/es\/wp-json\/wp\/v2\/comments?post=9832"}],"version-history":[{"count":2,"href":"https:\/\/www.ascef.com\/es\/wp-json\/wp\/v2\/posts\/9832\/revisions"}],"predecessor-version":[{"id":9861,"href":"https:\/\/www.ascef.com\/es\/wp-json\/wp\/v2\/posts\/9832\/revisions\/9861"}],"wp:featuredmedia":[{"embeddable":true,"href":"https:\/\/www.ascef.com\/es\/wp-json\/wp\/v2\/media\/9833"}],"wp:attachment":[{"href":"https:\/\/www.ascef.com\/es\/wp-json\/wp\/v2\/media?parent=9832"}],"wp:term":[{"taxonomy":"category","embeddable":true,"href":"https:\/\/www.ascef.com\/es\/wp-json\/wp\/v2\/categories?post=9832"},{"taxonomy":"post_tag","embeddable":true,"href":"https:\/\/www.ascef.com\/es\/wp-json\/wp\/v2\/tags?post=9832"}],"curies":[{"name":"wp","href":"https:\/\/api.w.org\/{rel}","templated":true}]}}