{"id":9567,"date":"2024-03-03T14:58:39","date_gmt":"2024-03-03T14:58:39","guid":{"rendered":"https:\/\/www.ascef.com\/?p=9567"},"modified":"2025-05-28T15:01:43","modified_gmt":"2025-05-28T15:01:43","slug":"silvia-sala-habla-de-la-situacion-de-la-mujer-en-afganistan","status":"publish","type":"post","link":"https:\/\/www.ascef.com\/es\/silvia-sala-habla-de-la-situacion-de-la-mujer-en-afganistan\/","title":{"rendered":"Silvia Sala habla de la situaci\u00f3n de la mujer en Afganist\u00e1n"},"content":{"rendered":"<p>El grupo de mujeres de la ASCEF celebraron una comida-coloquio con S\u00edlvia Sala, abogada social en la Fundaci\u00f3n FICAT y vicepresidenta de People Help Suport Refugees Network, para explicar c\u00f3mo han podido cambiar el destino de m\u00e1s de 400 personas en Afganist\u00e1n.<\/p>\n","protected":false},"excerpt":{"rendered":"<p>El grupo de mujeres de la ASCEF celebraron una comida-coloquio con S\u00edlvia Sala, abogada social en la Fundaci\u00f3n FICAT y vicepresidenta de People Help Suport Refugees Network, para explicar c\u00f3mo han podido cambiar el destino de m\u00e1s de 400 personas en Afganist\u00e1n.<\/p>\n","protected":false},"author":311,"featured_media":9564,"comment_status":"closed","ping_status":"closed","sticky":false,"template":"","format":"standard","meta":{"_acf_changed":false,"footnotes":""},"categories":[185],"tags":[],"class_list":["post-9567","post","type-post","status-publish","format-standard","has-post-thumbnail","hentry","category-general"],"acf":[],"yoast_head":"<!-- This site is optimized with the Yoast SEO plugin v27.5 - https:\/\/yoast.com\/product\/yoast-seo-wordpress\/ -->\n<title>Silvia Sala habla de la situaci\u00f3n de la mujer en Afganist\u00e1n - ASCEF<\/title>\n<meta name=\"robots\" content=\"index, follow, max-snippet:-1, max-image-preview:large, max-video-preview:-1\" \/>\n<link rel=\"canonical\" href=\"https:\/\/www.ascef.com\/es\/silvia-sala-habla-de-la-situacion-de-la-mujer-en-afganistan\/\" \/>\n<meta property=\"og:locale\" content=\"es_ES\" \/>\n<meta property=\"og:type\" content=\"article\" \/>\n<meta property=\"og:title\" content=\"Silvia Sala habla de la situaci\u00f3n de la mujer en Afganist\u00e1n - ASCEF\" \/>\n<meta property=\"og:description\" content=\"El grupo de mujeres de la ASCEF celebraron una comida-coloquio con S\u00edlvia Sala, abogada social en la Fundaci\u00f3n FICAT y vicepresidenta de People Help Suport Refugees Network, para explicar c\u00f3mo han podido cambiar el destino de m\u00e1s de 400 personas en Afganist\u00e1n.\" \/>\n<meta property=\"og:url\" content=\"https:\/\/www.ascef.com\/es\/silvia-sala-habla-de-la-situacion-de-la-mujer-en-afganistan\/\" \/>\n<meta property=\"og:site_name\" content=\"ASCEF\" \/>\n<meta property=\"article:published_time\" content=\"2024-03-03T14:58:39+00:00\" \/>\n<meta property=\"article:modified_time\" content=\"2025-05-28T15:01:43+00:00\" \/>\n<meta property=\"og:image\" content=\"https:\/\/www.ascef.com\/wp-content\/uploads\/2025\/05\/Dinar-Afganistan.jpeg\" \/>\n\t<meta property=\"og:image:width\" content=\"917\" \/>\n\t<meta property=\"og:image:height\" content=\"628\" \/>\n\t<meta property=\"og:image:type\" content=\"image\/jpeg\" \/>\n<meta name=\"author\" content=\"usuari_ascef_admin\" \/>\n<meta name=\"twitter:card\" content=\"summary_large_image\" \/>\n<meta name=\"twitter:label1\" content=\"Escrito por\" \/>\n\t<meta name=\"twitter:data1\" content=\"usuari_ascef_admin\" \/>\n\t<meta name=\"twitter:label2\" content=\"Tiempo de lectura\" \/>\n\t<meta name=\"twitter:data2\" content=\"1 minuto\" \/>\n<script type=\"application\/ld+json\" class=\"yoast-schema-graph\">{\"@context\":\"https:\\\/\\\/schema.org\",\"@graph\":[{\"@type\":\"Article\",\"@id\":\"https:\\\/\\\/www.ascef.com\\\/es\\\/silvia-sala-habla-de-la-situacion-de-la-mujer-en-afganistan\\\/#article\",\"isPartOf\":{\"@id\":\"https:\\\/\\\/www.ascef.com\\\/es\\\/silvia-sala-habla-de-la-situacion-de-la-mujer-en-afganistan\\\/\"},\"author\":{\"name\":\"usuari_ascef_admin\",\"@id\":\"https:\\\/\\\/www.ascef.com\\\/es\\\/#\\\/schema\\\/person\\\/818edf5b5f3a1179bca4deca82c739f5\"},\"headline\":\"Silvia Sala habla de la situaci\u00f3n de la mujer en Afganist\u00e1n\",\"datePublished\":\"2024-03-03T14:58:39+00:00\",\"dateModified\":\"2025-05-28T15:01:43+00:00\",\"mainEntityOfPage\":{\"@id\":\"https:\\\/\\\/www.ascef.com\\\/es\\\/silvia-sala-habla-de-la-situacion-de-la-mujer-en-afganistan\\\/\"},\"wordCount\":59,\"image\":{\"@id\":\"https:\\\/\\\/www.ascef.com\\\/es\\\/silvia-sala-habla-de-la-situacion-de-la-mujer-en-afganistan\\\/#primaryimage\"},\"thumbnailUrl\":\"https:\\\/\\\/www.ascef.com\\\/wp-content\\\/uploads\\\/2025\\\/05\\\/Dinar-Afganistan.jpeg\",\"articleSection\":[\"general\"],\"inLanguage\":\"es\"},{\"@type\":\"WebPage\",\"@id\":\"https:\\\/\\\/www.ascef.com\\\/es\\\/silvia-sala-habla-de-la-situacion-de-la-mujer-en-afganistan\\\/\",\"url\":\"https:\\\/\\\/www.ascef.com\\\/es\\\/silvia-sala-habla-de-la-situacion-de-la-mujer-en-afganistan\\\/\",\"name\":\"Silvia Sala habla de la situaci\u00f3n de la mujer en Afganist\u00e1n - ASCEF\",\"isPartOf\":{\"@id\":\"https:\\\/\\\/www.ascef.com\\\/es\\\/#website\"},\"primaryImageOfPage\":{\"@id\":\"https:\\\/\\\/www.ascef.com\\\/es\\\/silvia-sala-habla-de-la-situacion-de-la-mujer-en-afganistan\\\/#primaryimage\"},\"image\":{\"@id\":\"https:\\\/\\\/www.ascef.com\\\/es\\\/silvia-sala-habla-de-la-situacion-de-la-mujer-en-afganistan\\\/#primaryimage\"},\"thumbnailUrl\":\"https:\\\/\\\/www.ascef.com\\\/wp-content\\\/uploads\\\/2025\\\/05\\\/Dinar-Afganistan.jpeg\",\"datePublished\":\"2024-03-03T14:58:39+00:00\",\"dateModified\":\"2025-05-28T15:01:43+00:00\",\"author\":{\"@id\":\"https:\\\/\\\/www.ascef.com\\\/es\\\/#\\\/schema\\\/person\\\/818edf5b5f3a1179bca4deca82c739f5\"},\"breadcrumb\":{\"@id\":\"https:\\\/\\\/www.ascef.com\\\/es\\\/silvia-sala-habla-de-la-situacion-de-la-mujer-en-afganistan\\\/#breadcrumb\"},\"inLanguage\":\"es\",\"potentialAction\":[{\"@type\":\"ReadAction\",\"target\":[\"https:\\\/\\\/www.ascef.com\\\/es\\\/silvia-sala-habla-de-la-situacion-de-la-mujer-en-afganistan\\\/\"]}]},{\"@type\":\"ImageObject\",\"inLanguage\":\"es\",\"@id\":\"https:\\\/\\\/www.ascef.com\\\/es\\\/silvia-sala-habla-de-la-situacion-de-la-mujer-en-afganistan\\\/#primaryimage\",\"url\":\"https:\\\/\\\/www.ascef.com\\\/wp-content\\\/uploads\\\/2025\\\/05\\\/Dinar-Afganistan.jpeg\",\"contentUrl\":\"https:\\\/\\\/www.ascef.com\\\/wp-content\\\/uploads\\\/2025\\\/05\\\/Dinar-Afganistan.jpeg\",\"width\":917,\"height\":628},{\"@type\":\"BreadcrumbList\",\"@id\":\"https:\\\/\\\/www.ascef.com\\\/es\\\/silvia-sala-habla-de-la-situacion-de-la-mujer-en-afganistan\\\/#breadcrumb\",\"itemListElement\":[{\"@type\":\"ListItem\",\"position\":1,\"name\":\"Portada\",\"item\":\"https:\\\/\\\/www.ascef.com\\\/es\\\/\"},{\"@type\":\"ListItem\",\"position\":2,\"name\":\"Silvia Sala habla de la situaci\u00f3n de la mujer en Afganist\u00e1n\"}]},{\"@type\":\"WebSite\",\"@id\":\"https:\\\/\\\/www.ascef.com\\\/es\\\/#website\",\"url\":\"https:\\\/\\\/www.ascef.com\\\/es\\\/\",\"name\":\"ASCEF\",\"description\":\"Associaci\u00f3 Catalana de l\u2019Empresa Familiar\",\"potentialAction\":[{\"@type\":\"SearchAction\",\"target\":{\"@type\":\"EntryPoint\",\"urlTemplate\":\"https:\\\/\\\/www.ascef.com\\\/es\\\/?s={search_term_string}\"},\"query-input\":{\"@type\":\"PropertyValueSpecification\",\"valueRequired\":true,\"valueName\":\"search_term_string\"}}],\"inLanguage\":\"es\"},{\"@type\":\"Person\",\"@id\":\"https:\\\/\\\/www.ascef.com\\\/es\\\/#\\\/schema\\\/person\\\/818edf5b5f3a1179bca4deca82c739f5\",\"name\":\"usuari_ascef_admin\",\"url\":\"https:\\\/\\\/www.ascef.com\\\/es\\\/author\\\/usuari_ascef_admin\\\/\"}]}<\/script>\n<!-- \/ Yoast SEO plugin. -->","yoast_head_json":{"title":"Silvia Sala habla de la situaci\u00f3n de la mujer en Afganist\u00e1n - ASCEF","robots":{"index":"index","follow":"follow","max-snippet":"max-snippet:-1","max-image-preview":"max-image-preview:large","max-video-preview":"max-video-preview:-1"},"canonical":"https:\/\/www.ascef.com\/es\/silvia-sala-habla-de-la-situacion-de-la-mujer-en-afganistan\/","og_locale":"es_ES","og_type":"article","og_title":"Silvia Sala habla de la situaci\u00f3n de la mujer en Afganist\u00e1n - ASCEF","og_description":"El grupo de mujeres de la ASCEF celebraron una comida-coloquio con S\u00edlvia Sala, abogada social en la Fundaci\u00f3n FICAT y vicepresidenta de People Help Suport Refugees Network, para explicar c\u00f3mo han podido cambiar el destino de m\u00e1s de 400 personas en Afganist\u00e1n.","og_url":"https:\/\/www.ascef.com\/es\/silvia-sala-habla-de-la-situacion-de-la-mujer-en-afganistan\/","og_site_name":"ASCEF","article_published_time":"2024-03-03T14:58:39+00:00","article_modified_time":"2025-05-28T15:01:43+00:00","og_image":[{"width":917,"height":628,"url":"https:\/\/www.ascef.com\/wp-content\/uploads\/2025\/05\/Dinar-Afganistan.jpeg","type":"image\/jpeg"}],"author":"usuari_ascef_admin","twitter_card":"summary_large_image","twitter_misc":{"Escrito por":"usuari_ascef_admin","Tiempo de lectura":"1 minuto"},"schema":{"@context":"https:\/\/schema.org","@graph":[{"@type":"Article","@id":"https:\/\/www.ascef.com\/es\/silvia-sala-habla-de-la-situacion-de-la-mujer-en-afganistan\/#article","isPartOf":{"@id":"https:\/\/www.ascef.com\/es\/silvia-sala-habla-de-la-situacion-de-la-mujer-en-afganistan\/"},"author":{"name":"usuari_ascef_admin","@id":"https:\/\/www.ascef.com\/es\/#\/schema\/person\/818edf5b5f3a1179bca4deca82c739f5"},"headline":"Silvia Sala habla de la situaci\u00f3n de la mujer en Afganist\u00e1n","datePublished":"2024-03-03T14:58:39+00:00","dateModified":"2025-05-28T15:01:43+00:00","mainEntityOfPage":{"@id":"https:\/\/www.ascef.com\/es\/silvia-sala-habla-de-la-situacion-de-la-mujer-en-afganistan\/"},"wordCount":59,"image":{"@id":"https:\/\/www.ascef.com\/es\/silvia-sala-habla-de-la-situacion-de-la-mujer-en-afganistan\/#primaryimage"},"thumbnailUrl":"https:\/\/www.ascef.com\/wp-content\/uploads\/2025\/05\/Dinar-Afganistan.jpeg","articleSection":["general"],"inLanguage":"es"},{"@type":"WebPage","@id":"https:\/\/www.ascef.com\/es\/silvia-sala-habla-de-la-situacion-de-la-mujer-en-afganistan\/","url":"https:\/\/www.ascef.com\/es\/silvia-sala-habla-de-la-situacion-de-la-mujer-en-afganistan\/","name":"Silvia Sala habla de la situaci\u00f3n de la mujer en Afganist\u00e1n - ASCEF","isPartOf":{"@id":"https:\/\/www.ascef.com\/es\/#website"},"primaryImageOfPage":{"@id":"https:\/\/www.ascef.com\/es\/silvia-sala-habla-de-la-situacion-de-la-mujer-en-afganistan\/#primaryimage"},"image":{"@id":"https:\/\/www.ascef.com\/es\/silvia-sala-habla-de-la-situacion-de-la-mujer-en-afganistan\/#primaryimage"},"thumbnailUrl":"https:\/\/www.ascef.com\/wp-content\/uploads\/2025\/05\/Dinar-Afganistan.jpeg","datePublished":"2024-03-03T14:58:39+00:00","dateModified":"2025-05-28T15:01:43+00:00","author":{"@id":"https:\/\/www.ascef.com\/es\/#\/schema\/person\/818edf5b5f3a1179bca4deca82c739f5"},"breadcrumb":{"@id":"https:\/\/www.ascef.com\/es\/silvia-sala-habla-de-la-situacion-de-la-mujer-en-afganistan\/#breadcrumb"},"inLanguage":"es","potentialAction":[{"@type":"ReadAction","target":["https:\/\/www.ascef.com\/es\/silvia-sala-habla-de-la-situacion-de-la-mujer-en-afganistan\/"]}]},{"@type":"ImageObject","inLanguage":"es","@id":"https:\/\/www.ascef.com\/es\/silvia-sala-habla-de-la-situacion-de-la-mujer-en-afganistan\/#primaryimage","url":"https:\/\/www.ascef.com\/wp-content\/uploads\/2025\/05\/Dinar-Afganistan.jpeg","contentUrl":"https:\/\/www.ascef.com\/wp-content\/uploads\/2025\/05\/Dinar-Afganistan.jpeg","width":917,"height":628},{"@type":"BreadcrumbList","@id":"https:\/\/www.ascef.com\/es\/silvia-sala-habla-de-la-situacion-de-la-mujer-en-afganistan\/#breadcrumb","itemListElement":[{"@type":"ListItem","position":1,"name":"Portada","item":"https:\/\/www.ascef.com\/es\/"},{"@type":"ListItem","position":2,"name":"Silvia Sala habla de la situaci\u00f3n de la mujer en Afganist\u00e1n"}]},{"@type":"WebSite","@id":"https:\/\/www.ascef.com\/es\/#website","url":"https:\/\/www.ascef.com\/es\/","name":"ASCEF","description":"Associaci\u00f3 Catalana de l\u2019Empresa Familiar","potentialAction":[{"@type":"SearchAction","target":{"@type":"EntryPoint","urlTemplate":"https:\/\/www.ascef.com\/es\/?s={search_term_string}"},"query-input":{"@type":"PropertyValueSpecification","valueRequired":true,"valueName":"search_term_string"}}],"inLanguage":"es"},{"@type":"Person","@id":"https:\/\/www.ascef.com\/es\/#\/schema\/person\/818edf5b5f3a1179bca4deca82c739f5","name":"usuari_ascef_admin","url":"https:\/\/www.ascef.com\/es\/author\/usuari_ascef_admin\/"}]}},"_links":{"self":[{"href":"https:\/\/www.ascef.com\/es\/wp-json\/wp\/v2\/posts\/9567","targetHints":{"allow":["GET"]}}],"collection":[{"href":"https:\/\/www.ascef.com\/es\/wp-json\/wp\/v2\/posts"}],"about":[{"href":"https:\/\/www.ascef.com\/es\/wp-json\/wp\/v2\/types\/post"}],"author":[{"embeddable":true,"href":"https:\/\/www.ascef.com\/es\/wp-json\/wp\/v2\/users\/311"}],"replies":[{"embeddable":true,"href":"https:\/\/www.ascef.com\/es\/wp-json\/wp\/v2\/comments?post=9567"}],"version-history":[{"count":1,"href":"https:\/\/www.ascef.com\/es\/wp-json\/wp\/v2\/posts\/9567\/revisions"}],"predecessor-version":[{"id":9568,"href":"https:\/\/www.ascef.com\/es\/wp-json\/wp\/v2\/posts\/9567\/revisions\/9568"}],"wp:featuredmedia":[{"embeddable":true,"href":"https:\/\/www.ascef.com\/es\/wp-json\/wp\/v2\/media\/9564"}],"wp:attachment":[{"href":"https:\/\/www.ascef.com\/es\/wp-json\/wp\/v2\/media?parent=9567"}],"wp:term":[{"taxonomy":"category","embeddable":true,"href":"https:\/\/www.ascef.com\/es\/wp-json\/wp\/v2\/categories?post=9567"},{"taxonomy":"post_tag","embeddable":true,"href":"https:\/\/www.ascef.com\/es\/wp-json\/wp\/v2\/tags?post=9567"}],"curies":[{"name":"wp","href":"https:\/\/api.w.org\/{rel}","templated":true}]}}