{"id":9545,"date":"2024-07-01T14:33:47","date_gmt":"2024-07-01T14:33:47","guid":{"rendered":"https:\/\/www.ascef.com\/?p=9545"},"modified":"2025-05-28T14:36:07","modified_gmt":"2025-05-28T14:36:07","slug":"comida-con-el-escultor-catalan-jaume-plensa","status":"publish","type":"post","link":"https:\/\/www.ascef.com\/es\/comida-con-el-escultor-catalan-jaume-plensa\/","title":{"rendered":"Comida con el escultor catal\u00e1n Jaume Plensa"},"content":{"rendered":"<p>Un grupo de socios de la ASCEF disfrutaron de una comida con Jaume Plensa, reconocido escultor catal\u00e1n, una oportunidad \u00fanica para que nos explicara los momentos m\u00e1s especiales de su trayectoria, como desarrolla su proceso creativo, y su experiencia tanto profesional como personal.<\/p>\n","protected":false},"excerpt":{"rendered":"<p>Un grupo de socios de la ASCEF disfrutaron de una comida con Jaume Plensa, reconocido escultor catal\u00e1n, una oportunidad \u00fanica para que nos explicara los momentos m\u00e1s especiales de su trayectoria, como desarrolla su proceso creativo, y su experiencia tanto profesional como personal.<\/p>\n","protected":false},"author":311,"featured_media":9547,"comment_status":"closed","ping_status":"closed","sticky":false,"template":"","format":"standard","meta":{"_acf_changed":false,"footnotes":""},"categories":[185],"tags":[],"class_list":["post-9545","post","type-post","status-publish","format-standard","has-post-thumbnail","hentry","category-general"],"acf":[],"yoast_head":"<!-- This site is optimized with the Yoast SEO plugin v27.5 - https:\/\/yoast.com\/product\/yoast-seo-wordpress\/ -->\n<title>Comida con el escultor catal\u00e1n Jaume Plensa - ASCEF<\/title>\n<meta name=\"robots\" content=\"index, follow, max-snippet:-1, max-image-preview:large, max-video-preview:-1\" \/>\n<link rel=\"canonical\" href=\"https:\/\/www.ascef.com\/es\/comida-con-el-escultor-catalan-jaume-plensa\/\" \/>\n<meta property=\"og:locale\" content=\"es_ES\" \/>\n<meta property=\"og:type\" content=\"article\" \/>\n<meta property=\"og:title\" content=\"Comida con el escultor catal\u00e1n Jaume Plensa - ASCEF\" \/>\n<meta property=\"og:description\" content=\"Un grupo de socios de la ASCEF disfrutaron de una comida con Jaume Plensa, reconocido escultor catal\u00e1n, una oportunidad \u00fanica para que nos explicara los momentos m\u00e1s especiales de su trayectoria, como desarrolla su proceso creativo, y su experiencia tanto profesional como personal.\" \/>\n<meta property=\"og:url\" content=\"https:\/\/www.ascef.com\/es\/comida-con-el-escultor-catalan-jaume-plensa\/\" \/>\n<meta property=\"og:site_name\" content=\"ASCEF\" \/>\n<meta property=\"article:published_time\" content=\"2024-07-01T14:33:47+00:00\" \/>\n<meta property=\"article:modified_time\" content=\"2025-05-28T14:36:07+00:00\" \/>\n<meta property=\"og:image\" content=\"https:\/\/www.ascef.com\/wp-content\/uploads\/2025\/05\/dinat-Jaume-plensa.jpeg\" \/>\n\t<meta property=\"og:image:width\" content=\"900\" \/>\n\t<meta property=\"og:image:height\" content=\"405\" \/>\n\t<meta property=\"og:image:type\" content=\"image\/jpeg\" \/>\n<meta name=\"author\" content=\"usuari_ascef_admin\" \/>\n<meta name=\"twitter:card\" content=\"summary_large_image\" \/>\n<meta name=\"twitter:label1\" content=\"Escrito por\" \/>\n\t<meta name=\"twitter:data1\" content=\"usuari_ascef_admin\" \/>\n<script type=\"application\/ld+json\" class=\"yoast-schema-graph\">{\"@context\":\"https:\\\/\\\/schema.org\",\"@graph\":[{\"@type\":\"Article\",\"@id\":\"https:\\\/\\\/www.ascef.com\\\/es\\\/comida-con-el-escultor-catalan-jaume-plensa\\\/#article\",\"isPartOf\":{\"@id\":\"https:\\\/\\\/www.ascef.com\\\/es\\\/comida-con-el-escultor-catalan-jaume-plensa\\\/\"},\"author\":{\"name\":\"usuari_ascef_admin\",\"@id\":\"https:\\\/\\\/www.ascef.com\\\/es\\\/#\\\/schema\\\/person\\\/818edf5b5f3a1179bca4deca82c739f5\"},\"headline\":\"Comida con el escultor catal\u00e1n Jaume Plensa\",\"datePublished\":\"2024-07-01T14:33:47+00:00\",\"dateModified\":\"2025-05-28T14:36:07+00:00\",\"mainEntityOfPage\":{\"@id\":\"https:\\\/\\\/www.ascef.com\\\/es\\\/comida-con-el-escultor-catalan-jaume-plensa\\\/\"},\"wordCount\":53,\"image\":{\"@id\":\"https:\\\/\\\/www.ascef.com\\\/es\\\/comida-con-el-escultor-catalan-jaume-plensa\\\/#primaryimage\"},\"thumbnailUrl\":\"https:\\\/\\\/www.ascef.com\\\/wp-content\\\/uploads\\\/2025\\\/05\\\/dinat-Jaume-plensa.jpeg\",\"articleSection\":[\"general\"],\"inLanguage\":\"es\"},{\"@type\":\"WebPage\",\"@id\":\"https:\\\/\\\/www.ascef.com\\\/es\\\/comida-con-el-escultor-catalan-jaume-plensa\\\/\",\"url\":\"https:\\\/\\\/www.ascef.com\\\/es\\\/comida-con-el-escultor-catalan-jaume-plensa\\\/\",\"name\":\"Comida con el escultor catal\u00e1n Jaume Plensa - ASCEF\",\"isPartOf\":{\"@id\":\"https:\\\/\\\/www.ascef.com\\\/es\\\/#website\"},\"primaryImageOfPage\":{\"@id\":\"https:\\\/\\\/www.ascef.com\\\/es\\\/comida-con-el-escultor-catalan-jaume-plensa\\\/#primaryimage\"},\"image\":{\"@id\":\"https:\\\/\\\/www.ascef.com\\\/es\\\/comida-con-el-escultor-catalan-jaume-plensa\\\/#primaryimage\"},\"thumbnailUrl\":\"https:\\\/\\\/www.ascef.com\\\/wp-content\\\/uploads\\\/2025\\\/05\\\/dinat-Jaume-plensa.jpeg\",\"datePublished\":\"2024-07-01T14:33:47+00:00\",\"dateModified\":\"2025-05-28T14:36:07+00:00\",\"author\":{\"@id\":\"https:\\\/\\\/www.ascef.com\\\/es\\\/#\\\/schema\\\/person\\\/818edf5b5f3a1179bca4deca82c739f5\"},\"breadcrumb\":{\"@id\":\"https:\\\/\\\/www.ascef.com\\\/es\\\/comida-con-el-escultor-catalan-jaume-plensa\\\/#breadcrumb\"},\"inLanguage\":\"es\",\"potentialAction\":[{\"@type\":\"ReadAction\",\"target\":[\"https:\\\/\\\/www.ascef.com\\\/es\\\/comida-con-el-escultor-catalan-jaume-plensa\\\/\"]}]},{\"@type\":\"ImageObject\",\"inLanguage\":\"es\",\"@id\":\"https:\\\/\\\/www.ascef.com\\\/es\\\/comida-con-el-escultor-catalan-jaume-plensa\\\/#primaryimage\",\"url\":\"https:\\\/\\\/www.ascef.com\\\/wp-content\\\/uploads\\\/2025\\\/05\\\/dinat-Jaume-plensa.jpeg\",\"contentUrl\":\"https:\\\/\\\/www.ascef.com\\\/wp-content\\\/uploads\\\/2025\\\/05\\\/dinat-Jaume-plensa.jpeg\",\"width\":900,\"height\":405},{\"@type\":\"BreadcrumbList\",\"@id\":\"https:\\\/\\\/www.ascef.com\\\/es\\\/comida-con-el-escultor-catalan-jaume-plensa\\\/#breadcrumb\",\"itemListElement\":[{\"@type\":\"ListItem\",\"position\":1,\"name\":\"Portada\",\"item\":\"https:\\\/\\\/www.ascef.com\\\/es\\\/\"},{\"@type\":\"ListItem\",\"position\":2,\"name\":\"Comida con el escultor catal\u00e1n Jaume Plensa\"}]},{\"@type\":\"WebSite\",\"@id\":\"https:\\\/\\\/www.ascef.com\\\/es\\\/#website\",\"url\":\"https:\\\/\\\/www.ascef.com\\\/es\\\/\",\"name\":\"ASCEF\",\"description\":\"Associaci\u00f3 Catalana de l\u2019Empresa Familiar\",\"potentialAction\":[{\"@type\":\"SearchAction\",\"target\":{\"@type\":\"EntryPoint\",\"urlTemplate\":\"https:\\\/\\\/www.ascef.com\\\/es\\\/?s={search_term_string}\"},\"query-input\":{\"@type\":\"PropertyValueSpecification\",\"valueRequired\":true,\"valueName\":\"search_term_string\"}}],\"inLanguage\":\"es\"},{\"@type\":\"Person\",\"@id\":\"https:\\\/\\\/www.ascef.com\\\/es\\\/#\\\/schema\\\/person\\\/818edf5b5f3a1179bca4deca82c739f5\",\"name\":\"usuari_ascef_admin\",\"url\":\"https:\\\/\\\/www.ascef.com\\\/es\\\/author\\\/usuari_ascef_admin\\\/\"}]}<\/script>\n<!-- \/ Yoast SEO plugin. -->","yoast_head_json":{"title":"Comida con el escultor catal\u00e1n Jaume Plensa - ASCEF","robots":{"index":"index","follow":"follow","max-snippet":"max-snippet:-1","max-image-preview":"max-image-preview:large","max-video-preview":"max-video-preview:-1"},"canonical":"https:\/\/www.ascef.com\/es\/comida-con-el-escultor-catalan-jaume-plensa\/","og_locale":"es_ES","og_type":"article","og_title":"Comida con el escultor catal\u00e1n Jaume Plensa - ASCEF","og_description":"Un grupo de socios de la ASCEF disfrutaron de una comida con Jaume Plensa, reconocido escultor catal\u00e1n, una oportunidad \u00fanica para que nos explicara los momentos m\u00e1s especiales de su trayectoria, como desarrolla su proceso creativo, y su experiencia tanto profesional como personal.","og_url":"https:\/\/www.ascef.com\/es\/comida-con-el-escultor-catalan-jaume-plensa\/","og_site_name":"ASCEF","article_published_time":"2024-07-01T14:33:47+00:00","article_modified_time":"2025-05-28T14:36:07+00:00","og_image":[{"width":900,"height":405,"url":"https:\/\/www.ascef.com\/wp-content\/uploads\/2025\/05\/dinat-Jaume-plensa.jpeg","type":"image\/jpeg"}],"author":"usuari_ascef_admin","twitter_card":"summary_large_image","twitter_misc":{"Escrito por":"usuari_ascef_admin"},"schema":{"@context":"https:\/\/schema.org","@graph":[{"@type":"Article","@id":"https:\/\/www.ascef.com\/es\/comida-con-el-escultor-catalan-jaume-plensa\/#article","isPartOf":{"@id":"https:\/\/www.ascef.com\/es\/comida-con-el-escultor-catalan-jaume-plensa\/"},"author":{"name":"usuari_ascef_admin","@id":"https:\/\/www.ascef.com\/es\/#\/schema\/person\/818edf5b5f3a1179bca4deca82c739f5"},"headline":"Comida con el escultor catal\u00e1n Jaume Plensa","datePublished":"2024-07-01T14:33:47+00:00","dateModified":"2025-05-28T14:36:07+00:00","mainEntityOfPage":{"@id":"https:\/\/www.ascef.com\/es\/comida-con-el-escultor-catalan-jaume-plensa\/"},"wordCount":53,"image":{"@id":"https:\/\/www.ascef.com\/es\/comida-con-el-escultor-catalan-jaume-plensa\/#primaryimage"},"thumbnailUrl":"https:\/\/www.ascef.com\/wp-content\/uploads\/2025\/05\/dinat-Jaume-plensa.jpeg","articleSection":["general"],"inLanguage":"es"},{"@type":"WebPage","@id":"https:\/\/www.ascef.com\/es\/comida-con-el-escultor-catalan-jaume-plensa\/","url":"https:\/\/www.ascef.com\/es\/comida-con-el-escultor-catalan-jaume-plensa\/","name":"Comida con el escultor catal\u00e1n Jaume Plensa - ASCEF","isPartOf":{"@id":"https:\/\/www.ascef.com\/es\/#website"},"primaryImageOfPage":{"@id":"https:\/\/www.ascef.com\/es\/comida-con-el-escultor-catalan-jaume-plensa\/#primaryimage"},"image":{"@id":"https:\/\/www.ascef.com\/es\/comida-con-el-escultor-catalan-jaume-plensa\/#primaryimage"},"thumbnailUrl":"https:\/\/www.ascef.com\/wp-content\/uploads\/2025\/05\/dinat-Jaume-plensa.jpeg","datePublished":"2024-07-01T14:33:47+00:00","dateModified":"2025-05-28T14:36:07+00:00","author":{"@id":"https:\/\/www.ascef.com\/es\/#\/schema\/person\/818edf5b5f3a1179bca4deca82c739f5"},"breadcrumb":{"@id":"https:\/\/www.ascef.com\/es\/comida-con-el-escultor-catalan-jaume-plensa\/#breadcrumb"},"inLanguage":"es","potentialAction":[{"@type":"ReadAction","target":["https:\/\/www.ascef.com\/es\/comida-con-el-escultor-catalan-jaume-plensa\/"]}]},{"@type":"ImageObject","inLanguage":"es","@id":"https:\/\/www.ascef.com\/es\/comida-con-el-escultor-catalan-jaume-plensa\/#primaryimage","url":"https:\/\/www.ascef.com\/wp-content\/uploads\/2025\/05\/dinat-Jaume-plensa.jpeg","contentUrl":"https:\/\/www.ascef.com\/wp-content\/uploads\/2025\/05\/dinat-Jaume-plensa.jpeg","width":900,"height":405},{"@type":"BreadcrumbList","@id":"https:\/\/www.ascef.com\/es\/comida-con-el-escultor-catalan-jaume-plensa\/#breadcrumb","itemListElement":[{"@type":"ListItem","position":1,"name":"Portada","item":"https:\/\/www.ascef.com\/es\/"},{"@type":"ListItem","position":2,"name":"Comida con el escultor catal\u00e1n Jaume Plensa"}]},{"@type":"WebSite","@id":"https:\/\/www.ascef.com\/es\/#website","url":"https:\/\/www.ascef.com\/es\/","name":"ASCEF","description":"Associaci\u00f3 Catalana de l\u2019Empresa Familiar","potentialAction":[{"@type":"SearchAction","target":{"@type":"EntryPoint","urlTemplate":"https:\/\/www.ascef.com\/es\/?s={search_term_string}"},"query-input":{"@type":"PropertyValueSpecification","valueRequired":true,"valueName":"search_term_string"}}],"inLanguage":"es"},{"@type":"Person","@id":"https:\/\/www.ascef.com\/es\/#\/schema\/person\/818edf5b5f3a1179bca4deca82c739f5","name":"usuari_ascef_admin","url":"https:\/\/www.ascef.com\/es\/author\/usuari_ascef_admin\/"}]}},"_links":{"self":[{"href":"https:\/\/www.ascef.com\/es\/wp-json\/wp\/v2\/posts\/9545","targetHints":{"allow":["GET"]}}],"collection":[{"href":"https:\/\/www.ascef.com\/es\/wp-json\/wp\/v2\/posts"}],"about":[{"href":"https:\/\/www.ascef.com\/es\/wp-json\/wp\/v2\/types\/post"}],"author":[{"embeddable":true,"href":"https:\/\/www.ascef.com\/es\/wp-json\/wp\/v2\/users\/311"}],"replies":[{"embeddable":true,"href":"https:\/\/www.ascef.com\/es\/wp-json\/wp\/v2\/comments?post=9545"}],"version-history":[{"count":1,"href":"https:\/\/www.ascef.com\/es\/wp-json\/wp\/v2\/posts\/9545\/revisions"}],"predecessor-version":[{"id":9548,"href":"https:\/\/www.ascef.com\/es\/wp-json\/wp\/v2\/posts\/9545\/revisions\/9548"}],"wp:featuredmedia":[{"embeddable":true,"href":"https:\/\/www.ascef.com\/es\/wp-json\/wp\/v2\/media\/9547"}],"wp:attachment":[{"href":"https:\/\/www.ascef.com\/es\/wp-json\/wp\/v2\/media?parent=9545"}],"wp:term":[{"taxonomy":"category","embeddable":true,"href":"https:\/\/www.ascef.com\/es\/wp-json\/wp\/v2\/categories?post=9545"},{"taxonomy":"post_tag","embeddable":true,"href":"https:\/\/www.ascef.com\/es\/wp-json\/wp\/v2\/tags?post=9545"}],"curies":[{"name":"wp","href":"https:\/\/api.w.org\/{rel}","templated":true}]}}