{"id":9100,"date":"2025-02-05T12:59:10","date_gmt":"2025-02-05T12:59:10","guid":{"rendered":"https:\/\/www.ascef.com\/?p=9100"},"modified":"2025-03-31T08:08:30","modified_gmt":"2025-03-31T08:08:30","slug":"encuentro-empresarial-ascef-y-adefam-en-madrid","status":"publish","type":"post","link":"https:\/\/www.ascef.com\/es\/encuentro-empresarial-ascef-y-adefam-en-madrid\/","title":{"rendered":"Encuentro empresarial ASCEF y ADEFAM en Madrid"},"content":{"rendered":"<p>La Asociaci\u00f3n de la Empresa Familiar de Madrid (ADEFAM) y la Asociaci\u00f3n Catalana de la Empresa Familiar (ASCEF) han celebrado en Madrid el primer Encuentro Empresarial del a\u00f1o. La jornada combin\u00f3 actividades culturales y oportunidades de <em>networking<\/em> para reforzar los lazos entre las empresas familiares de ambas comunidades.<\/p>\n<p>El evento dio comienzo con una visita a una de las principales instituciones de Espa\u00f1a, el Senado, donde los asistentes pudieron conocer su funcionamiento y estructura. El recorrido estuvo guiado por Ander Gil, expresidente de la C\u00e1mara Alta, quien explic\u00f3 el papel de esta instituci\u00f3n en la representaci\u00f3n territorial del pa\u00eds a trav\u00e9s de sus salas detallando la historia y la funci\u00f3n de cada una de ellas, as\u00ed como su propia experiencia como miembro de la instituci\u00f3n.<\/p>\n<p>La visita concluy\u00f3 en la Sala Clara Campoamor, donde Ander Gil invit\u00f3 a los empresarios asistentes a considerar el Senado como <em>\u201cuna puerta abierta para exponer inquietudes y materias que preocupen a la empresa familiar<\/em>\u201d. Adem\u00e1s, declar\u00f3 que <em>\u201dlas empresas familiares forman parte de nuestro patrimonio a preservar y proteger, ya que son responsables del buen estado de nuestra econom\u00eda.<\/em> <em>Tener encuentros empresariales que juntan territorios, es siempre enriquecedor\u201d.<\/em><\/p>\n<p>Por su parte, Ver\u00f3nica Garc\u00eda Castelo, presidenta de ADEFAM, enfatiz\u00f3 la importancia de las instituciones como garant\u00eda de estabilidad del pa\u00eds y para el desarrollo de las empresas familiares espa\u00f1olas. Adem\u00e1s, destac\u00f3 el evento como una oportunidad clave para estrechar lazos entre los socios de ambas Asociaciones Territoriales.<\/p>\n<p><strong>\u00a0<\/strong>Jaume Alsina, presidente de ASCEF, puso el foco en que la raz\u00f3n de ser y faro que nos gu\u00eda es la construcci\u00f3n y transmisi\u00f3n de un legado, generaci\u00f3n tras generaci\u00f3n, consiguiendo consolidar nuestros proyectos empresariales\u00a0 basados en la excelencia y el talento de nuestros equipos gracias a su compromiso e ilusi\u00f3n y as\u00ed poder seguir, entre todos, consolidando y preservando nuestro \u00abprivilegiado\u00bb estado del bienestar Hemos de reivindicar una Europa unida, fuerte, relevante y aut\u00e9ntico paradigma de convivencia, equidad,\u00a0 democracia y desarrollo social.<\/p>\n<p>La jornada continu\u00f3 en la Galer\u00eda de las Colecciones Reales, donde los participantes pudieron admirar piezas emblem\u00e1ticas de la historia de Espa\u00f1a en una localizaci\u00f3n \u00fanica, a orillas del Palacio Real. Posteriormente, el encuentro se traslad\u00f3 al Hotel VP Plaza de Espa\u00f1a donde los asistentes disfrutaron de un almuerzo de <em>networking<\/em> en el restaurante Ginkgo Sky Bar.<\/p>\n<p>Este Encuentro Empresarial ha servido para estrechar lazos entre las empresas familiares asistentes, asociadas a ASCEF y ADEFAM, demostrando que comparten un legado com\u00fan y el compromiso de impulsar el desarrollo econ\u00f3mico del pa\u00eds.<\/p>\n<div style=\"width: 640px;\" class=\"wp-video\"><!--[if lt IE 9]><script>document.createElement('video');<\/script><![endif]-->\n<video class=\"wp-video-shortcode\" id=\"video-9100-1\" width=\"640\" height=\"1138\" preload=\"metadata\" controls=\"controls\"><source type=\"video\/mp4\" src=\"https:\/\/www.ascef.com\/wp-content\/uploads\/2025\/02\/INDIE_ADEFAM_ENCUENTROEMPRESARIAL_V3.mp4?_=1\" \/><a href=\"https:\/\/www.ascef.com\/wp-content\/uploads\/2025\/02\/INDIE_ADEFAM_ENCUENTROEMPRESARIAL_V3.mp4\">https:\/\/www.ascef.com\/wp-content\/uploads\/2025\/02\/INDIE_ADEFAM_ENCUENTROEMPRESARIAL_V3.mp4<\/a><\/video><\/div>\n","protected":false},"excerpt":{"rendered":"<p>La Asociaci\u00f3n de la Empresa Familiar de Madrid (ADEFAM) y la Asociaci\u00f3n Catalana de la Empresa Familiar (ASCEF) han celebrado en Madrid el primer Encuentro Empresarial del a\u00f1o. La jornada combin\u00f3 actividades culturales y oportunidades de networking para reforzar los lazos entre las empresas familiares de ambas comunidades. El evento dio comienzo con una visita [&hellip;]<\/p>\n","protected":false},"author":311,"featured_media":9104,"comment_status":"open","ping_status":"closed","sticky":false,"template":"","format":"standard","meta":{"_acf_changed":false,"footnotes":""},"categories":[185],"tags":[],"class_list":["post-9100","post","type-post","status-publish","format-standard","has-post-thumbnail","hentry","category-general"],"acf":[],"yoast_head":"<!-- This site is optimized with the Yoast SEO plugin v27.5 - https:\/\/yoast.com\/product\/yoast-seo-wordpress\/ -->\n<title>Encuentro empresarial ASCEF y ADEFAM en Madrid - ASCEF<\/title>\n<meta name=\"robots\" content=\"index, follow, max-snippet:-1, max-image-preview:large, max-video-preview:-1\" \/>\n<link rel=\"canonical\" href=\"https:\/\/www.ascef.com\/es\/encuentro-empresarial-ascef-y-adefam-en-madrid\/\" \/>\n<meta property=\"og:locale\" content=\"es_ES\" \/>\n<meta property=\"og:type\" content=\"article\" \/>\n<meta property=\"og:title\" content=\"Encuentro empresarial ASCEF y ADEFAM en Madrid - ASCEF\" \/>\n<meta property=\"og:description\" content=\"La Asociaci\u00f3n de la Empresa Familiar de Madrid (ADEFAM) y la Asociaci\u00f3n Catalana de la Empresa Familiar (ASCEF) han celebrado en Madrid el primer Encuentro Empresarial del a\u00f1o. La jornada combin\u00f3 actividades culturales y oportunidades de networking para reforzar los lazos entre las empresas familiares de ambas comunidades. El evento dio comienzo con una visita [&hellip;]\" \/>\n<meta property=\"og:url\" content=\"https:\/\/www.ascef.com\/es\/encuentro-empresarial-ascef-y-adefam-en-madrid\/\" \/>\n<meta property=\"og:site_name\" content=\"ASCEF\" \/>\n<meta property=\"article:published_time\" content=\"2025-02-05T12:59:10+00:00\" \/>\n<meta property=\"article:modified_time\" content=\"2025-03-31T08:08:30+00:00\" \/>\n<meta property=\"og:image\" content=\"https:\/\/www.ascef.com\/wp-content\/uploads\/2025\/02\/Imagen-de-WhatsApp-2025-02-05-a-las-14.14.10_a5a453b1.jpg\" \/>\n\t<meta property=\"og:image:width\" content=\"1600\" \/>\n\t<meta property=\"og:image:height\" content=\"1066\" \/>\n\t<meta property=\"og:image:type\" content=\"image\/jpeg\" \/>\n<meta name=\"author\" content=\"usuari_ascef_admin\" \/>\n<meta name=\"twitter:card\" content=\"summary_large_image\" \/>\n<meta name=\"twitter:label1\" content=\"Escrito por\" \/>\n\t<meta name=\"twitter:data1\" content=\"usuari_ascef_admin\" \/>\n\t<meta name=\"twitter:label2\" content=\"Tiempo de lectura\" \/>\n\t<meta name=\"twitter:data2\" content=\"3 minutos\" \/>\n<script type=\"application\/ld+json\" class=\"yoast-schema-graph\">{\"@context\":\"https:\\\/\\\/schema.org\",\"@graph\":[{\"@type\":\"Article\",\"@id\":\"https:\\\/\\\/www.ascef.com\\\/es\\\/encuentro-empresarial-ascef-y-adefam-en-madrid\\\/#article\",\"isPartOf\":{\"@id\":\"https:\\\/\\\/www.ascef.com\\\/es\\\/encuentro-empresarial-ascef-y-adefam-en-madrid\\\/\"},\"author\":{\"name\":\"usuari_ascef_admin\",\"@id\":\"https:\\\/\\\/www.ascef.com\\\/es\\\/#\\\/schema\\\/person\\\/818edf5b5f3a1179bca4deca82c739f5\"},\"headline\":\"Encuentro empresarial ASCEF y ADEFAM en Madrid\",\"datePublished\":\"2025-02-05T12:59:10+00:00\",\"dateModified\":\"2025-03-31T08:08:30+00:00\",\"mainEntityOfPage\":{\"@id\":\"https:\\\/\\\/www.ascef.com\\\/es\\\/encuentro-empresarial-ascef-y-adefam-en-madrid\\\/\"},\"wordCount\":474,\"commentCount\":0,\"image\":{\"@id\":\"https:\\\/\\\/www.ascef.com\\\/es\\\/encuentro-empresarial-ascef-y-adefam-en-madrid\\\/#primaryimage\"},\"thumbnailUrl\":\"https:\\\/\\\/www.ascef.com\\\/wp-content\\\/uploads\\\/2025\\\/02\\\/Imagen-de-WhatsApp-2025-02-05-a-las-14.14.10_a5a453b1.jpg\",\"articleSection\":[\"general\"],\"inLanguage\":\"es\"},{\"@type\":\"WebPage\",\"@id\":\"https:\\\/\\\/www.ascef.com\\\/es\\\/encuentro-empresarial-ascef-y-adefam-en-madrid\\\/\",\"url\":\"https:\\\/\\\/www.ascef.com\\\/es\\\/encuentro-empresarial-ascef-y-adefam-en-madrid\\\/\",\"name\":\"Encuentro empresarial ASCEF y ADEFAM en Madrid - ASCEF\",\"isPartOf\":{\"@id\":\"https:\\\/\\\/www.ascef.com\\\/es\\\/#website\"},\"primaryImageOfPage\":{\"@id\":\"https:\\\/\\\/www.ascef.com\\\/es\\\/encuentro-empresarial-ascef-y-adefam-en-madrid\\\/#primaryimage\"},\"image\":{\"@id\":\"https:\\\/\\\/www.ascef.com\\\/es\\\/encuentro-empresarial-ascef-y-adefam-en-madrid\\\/#primaryimage\"},\"thumbnailUrl\":\"https:\\\/\\\/www.ascef.com\\\/wp-content\\\/uploads\\\/2025\\\/02\\\/Imagen-de-WhatsApp-2025-02-05-a-las-14.14.10_a5a453b1.jpg\",\"datePublished\":\"2025-02-05T12:59:10+00:00\",\"dateModified\":\"2025-03-31T08:08:30+00:00\",\"author\":{\"@id\":\"https:\\\/\\\/www.ascef.com\\\/es\\\/#\\\/schema\\\/person\\\/818edf5b5f3a1179bca4deca82c739f5\"},\"breadcrumb\":{\"@id\":\"https:\\\/\\\/www.ascef.com\\\/es\\\/encuentro-empresarial-ascef-y-adefam-en-madrid\\\/#breadcrumb\"},\"inLanguage\":\"es\",\"potentialAction\":[{\"@type\":\"ReadAction\",\"target\":[\"https:\\\/\\\/www.ascef.com\\\/es\\\/encuentro-empresarial-ascef-y-adefam-en-madrid\\\/\"]}]},{\"@type\":\"ImageObject\",\"inLanguage\":\"es\",\"@id\":\"https:\\\/\\\/www.ascef.com\\\/es\\\/encuentro-empresarial-ascef-y-adefam-en-madrid\\\/#primaryimage\",\"url\":\"https:\\\/\\\/www.ascef.com\\\/wp-content\\\/uploads\\\/2025\\\/02\\\/Imagen-de-WhatsApp-2025-02-05-a-las-14.14.10_a5a453b1.jpg\",\"contentUrl\":\"https:\\\/\\\/www.ascef.com\\\/wp-content\\\/uploads\\\/2025\\\/02\\\/Imagen-de-WhatsApp-2025-02-05-a-las-14.14.10_a5a453b1.jpg\",\"width\":1600,\"height\":1066},{\"@type\":\"BreadcrumbList\",\"@id\":\"https:\\\/\\\/www.ascef.com\\\/es\\\/encuentro-empresarial-ascef-y-adefam-en-madrid\\\/#breadcrumb\",\"itemListElement\":[{\"@type\":\"ListItem\",\"position\":1,\"name\":\"Portada\",\"item\":\"https:\\\/\\\/www.ascef.com\\\/es\\\/\"},{\"@type\":\"ListItem\",\"position\":2,\"name\":\"Encuentro empresarial ASCEF y ADEFAM en Madrid\"}]},{\"@type\":\"WebSite\",\"@id\":\"https:\\\/\\\/www.ascef.com\\\/es\\\/#website\",\"url\":\"https:\\\/\\\/www.ascef.com\\\/es\\\/\",\"name\":\"ASCEF\",\"description\":\"Associaci\u00f3 Catalana de l\u2019Empresa Familiar\",\"potentialAction\":[{\"@type\":\"SearchAction\",\"target\":{\"@type\":\"EntryPoint\",\"urlTemplate\":\"https:\\\/\\\/www.ascef.com\\\/es\\\/?s={search_term_string}\"},\"query-input\":{\"@type\":\"PropertyValueSpecification\",\"valueRequired\":true,\"valueName\":\"search_term_string\"}}],\"inLanguage\":\"es\"},{\"@type\":\"Person\",\"@id\":\"https:\\\/\\\/www.ascef.com\\\/es\\\/#\\\/schema\\\/person\\\/818edf5b5f3a1179bca4deca82c739f5\",\"name\":\"usuari_ascef_admin\",\"url\":\"https:\\\/\\\/www.ascef.com\\\/es\\\/author\\\/usuari_ascef_admin\\\/\"}]}<\/script>\n<!-- \/ Yoast SEO plugin. -->","yoast_head_json":{"title":"Encuentro empresarial ASCEF y ADEFAM en Madrid - ASCEF","robots":{"index":"index","follow":"follow","max-snippet":"max-snippet:-1","max-image-preview":"max-image-preview:large","max-video-preview":"max-video-preview:-1"},"canonical":"https:\/\/www.ascef.com\/es\/encuentro-empresarial-ascef-y-adefam-en-madrid\/","og_locale":"es_ES","og_type":"article","og_title":"Encuentro empresarial ASCEF y ADEFAM en Madrid - ASCEF","og_description":"La Asociaci\u00f3n de la Empresa Familiar de Madrid (ADEFAM) y la Asociaci\u00f3n Catalana de la Empresa Familiar (ASCEF) han celebrado en Madrid el primer Encuentro Empresarial del a\u00f1o. La jornada combin\u00f3 actividades culturales y oportunidades de networking para reforzar los lazos entre las empresas familiares de ambas comunidades. El evento dio comienzo con una visita [&hellip;]","og_url":"https:\/\/www.ascef.com\/es\/encuentro-empresarial-ascef-y-adefam-en-madrid\/","og_site_name":"ASCEF","article_published_time":"2025-02-05T12:59:10+00:00","article_modified_time":"2025-03-31T08:08:30+00:00","og_image":[{"width":1600,"height":1066,"url":"https:\/\/www.ascef.com\/wp-content\/uploads\/2025\/02\/Imagen-de-WhatsApp-2025-02-05-a-las-14.14.10_a5a453b1.jpg","type":"image\/jpeg"}],"author":"usuari_ascef_admin","twitter_card":"summary_large_image","twitter_misc":{"Escrito por":"usuari_ascef_admin","Tiempo de lectura":"3 minutos"},"schema":{"@context":"https:\/\/schema.org","@graph":[{"@type":"Article","@id":"https:\/\/www.ascef.com\/es\/encuentro-empresarial-ascef-y-adefam-en-madrid\/#article","isPartOf":{"@id":"https:\/\/www.ascef.com\/es\/encuentro-empresarial-ascef-y-adefam-en-madrid\/"},"author":{"name":"usuari_ascef_admin","@id":"https:\/\/www.ascef.com\/es\/#\/schema\/person\/818edf5b5f3a1179bca4deca82c739f5"},"headline":"Encuentro empresarial ASCEF y ADEFAM en Madrid","datePublished":"2025-02-05T12:59:10+00:00","dateModified":"2025-03-31T08:08:30+00:00","mainEntityOfPage":{"@id":"https:\/\/www.ascef.com\/es\/encuentro-empresarial-ascef-y-adefam-en-madrid\/"},"wordCount":474,"commentCount":0,"image":{"@id":"https:\/\/www.ascef.com\/es\/encuentro-empresarial-ascef-y-adefam-en-madrid\/#primaryimage"},"thumbnailUrl":"https:\/\/www.ascef.com\/wp-content\/uploads\/2025\/02\/Imagen-de-WhatsApp-2025-02-05-a-las-14.14.10_a5a453b1.jpg","articleSection":["general"],"inLanguage":"es"},{"@type":"WebPage","@id":"https:\/\/www.ascef.com\/es\/encuentro-empresarial-ascef-y-adefam-en-madrid\/","url":"https:\/\/www.ascef.com\/es\/encuentro-empresarial-ascef-y-adefam-en-madrid\/","name":"Encuentro empresarial ASCEF y ADEFAM en Madrid - ASCEF","isPartOf":{"@id":"https:\/\/www.ascef.com\/es\/#website"},"primaryImageOfPage":{"@id":"https:\/\/www.ascef.com\/es\/encuentro-empresarial-ascef-y-adefam-en-madrid\/#primaryimage"},"image":{"@id":"https:\/\/www.ascef.com\/es\/encuentro-empresarial-ascef-y-adefam-en-madrid\/#primaryimage"},"thumbnailUrl":"https:\/\/www.ascef.com\/wp-content\/uploads\/2025\/02\/Imagen-de-WhatsApp-2025-02-05-a-las-14.14.10_a5a453b1.jpg","datePublished":"2025-02-05T12:59:10+00:00","dateModified":"2025-03-31T08:08:30+00:00","author":{"@id":"https:\/\/www.ascef.com\/es\/#\/schema\/person\/818edf5b5f3a1179bca4deca82c739f5"},"breadcrumb":{"@id":"https:\/\/www.ascef.com\/es\/encuentro-empresarial-ascef-y-adefam-en-madrid\/#breadcrumb"},"inLanguage":"es","potentialAction":[{"@type":"ReadAction","target":["https:\/\/www.ascef.com\/es\/encuentro-empresarial-ascef-y-adefam-en-madrid\/"]}]},{"@type":"ImageObject","inLanguage":"es","@id":"https:\/\/www.ascef.com\/es\/encuentro-empresarial-ascef-y-adefam-en-madrid\/#primaryimage","url":"https:\/\/www.ascef.com\/wp-content\/uploads\/2025\/02\/Imagen-de-WhatsApp-2025-02-05-a-las-14.14.10_a5a453b1.jpg","contentUrl":"https:\/\/www.ascef.com\/wp-content\/uploads\/2025\/02\/Imagen-de-WhatsApp-2025-02-05-a-las-14.14.10_a5a453b1.jpg","width":1600,"height":1066},{"@type":"BreadcrumbList","@id":"https:\/\/www.ascef.com\/es\/encuentro-empresarial-ascef-y-adefam-en-madrid\/#breadcrumb","itemListElement":[{"@type":"ListItem","position":1,"name":"Portada","item":"https:\/\/www.ascef.com\/es\/"},{"@type":"ListItem","position":2,"name":"Encuentro empresarial ASCEF y ADEFAM en Madrid"}]},{"@type":"WebSite","@id":"https:\/\/www.ascef.com\/es\/#website","url":"https:\/\/www.ascef.com\/es\/","name":"ASCEF","description":"Associaci\u00f3 Catalana de l\u2019Empresa Familiar","potentialAction":[{"@type":"SearchAction","target":{"@type":"EntryPoint","urlTemplate":"https:\/\/www.ascef.com\/es\/?s={search_term_string}"},"query-input":{"@type":"PropertyValueSpecification","valueRequired":true,"valueName":"search_term_string"}}],"inLanguage":"es"},{"@type":"Person","@id":"https:\/\/www.ascef.com\/es\/#\/schema\/person\/818edf5b5f3a1179bca4deca82c739f5","name":"usuari_ascef_admin","url":"https:\/\/www.ascef.com\/es\/author\/usuari_ascef_admin\/"}]}},"_links":{"self":[{"href":"https:\/\/www.ascef.com\/es\/wp-json\/wp\/v2\/posts\/9100","targetHints":{"allow":["GET"]}}],"collection":[{"href":"https:\/\/www.ascef.com\/es\/wp-json\/wp\/v2\/posts"}],"about":[{"href":"https:\/\/www.ascef.com\/es\/wp-json\/wp\/v2\/types\/post"}],"author":[{"embeddable":true,"href":"https:\/\/www.ascef.com\/es\/wp-json\/wp\/v2\/users\/311"}],"replies":[{"embeddable":true,"href":"https:\/\/www.ascef.com\/es\/wp-json\/wp\/v2\/comments?post=9100"}],"version-history":[{"count":3,"href":"https:\/\/www.ascef.com\/es\/wp-json\/wp\/v2\/posts\/9100\/revisions"}],"predecessor-version":[{"id":9235,"href":"https:\/\/www.ascef.com\/es\/wp-json\/wp\/v2\/posts\/9100\/revisions\/9235"}],"wp:featuredmedia":[{"embeddable":true,"href":"https:\/\/www.ascef.com\/es\/wp-json\/wp\/v2\/media\/9104"}],"wp:attachment":[{"href":"https:\/\/www.ascef.com\/es\/wp-json\/wp\/v2\/media?parent=9100"}],"wp:term":[{"taxonomy":"category","embeddable":true,"href":"https:\/\/www.ascef.com\/es\/wp-json\/wp\/v2\/categories?post=9100"},{"taxonomy":"post_tag","embeddable":true,"href":"https:\/\/www.ascef.com\/es\/wp-json\/wp\/v2\/tags?post=9100"}],"curies":[{"name":"wp","href":"https:\/\/api.w.org\/{rel}","templated":true}]}}