{"id":8886,"date":"2024-12-05T08:23:36","date_gmt":"2024-12-05T08:23:36","guid":{"rendered":"https:\/\/www.ascef.com\/?p=8886"},"modified":"2024-12-05T08:23:36","modified_gmt":"2024-12-05T08:23:36","slug":"la-empresa-familiar-a-debate-en-las-jornadas-organizadas-por-la-ascef","status":"publish","type":"post","link":"https:\/\/www.ascef.com\/es\/la-empresa-familiar-a-debate-en-las-jornadas-organizadas-por-la-ascef\/","title":{"rendered":"La empresa familiar a debate en las jornadas organizadas por la ASCEF"},"content":{"rendered":"<p>La ASCEF ha celebrado, en colaboraci\u00f3n con el Colegio de Economistas de Catalu\u00f1a, unas jornadas sobre la Empresa Familiar, donde se han abordado, de la mano de profesionales expertos, tem\u00e1ticas como, entre otras: la estructura de gobierno de la empresa y la familia; el relevo en la empresa familiar y los pactos sucesorios.<\/p>\n","protected":false},"excerpt":{"rendered":"<p>La ASCEF ha celebrado, en colaboraci\u00f3n con el Colegio de Economistas de Catalu\u00f1a, unas jornadas sobre la Empresa Familiar, donde se han abordado, de la mano de profesionales expertos, tem\u00e1ticas como, entre otras: la estructura de gobierno de la empresa y la familia; el relevo en la empresa familiar y los pactos sucesorios.<\/p>\n","protected":false},"author":311,"featured_media":8888,"comment_status":"open","ping_status":"closed","sticky":false,"template":"","format":"standard","meta":{"_acf_changed":false,"footnotes":""},"categories":[185],"tags":[],"class_list":["post-8886","post","type-post","status-publish","format-standard","has-post-thumbnail","hentry","category-general"],"acf":[],"yoast_head":"<!-- This site is optimized with the Yoast SEO plugin v27.5 - https:\/\/yoast.com\/product\/yoast-seo-wordpress\/ -->\n<title>La empresa familiar a debate en las jornadas organizadas por la ASCEF - ASCEF<\/title>\n<meta name=\"robots\" content=\"index, follow, max-snippet:-1, max-image-preview:large, max-video-preview:-1\" \/>\n<link rel=\"canonical\" href=\"https:\/\/www.ascef.com\/es\/la-empresa-familiar-a-debate-en-las-jornadas-organizadas-por-la-ascef\/\" \/>\n<meta property=\"og:locale\" content=\"es_ES\" \/>\n<meta property=\"og:type\" content=\"article\" \/>\n<meta property=\"og:title\" content=\"La empresa familiar a debate en las jornadas organizadas por la ASCEF - ASCEF\" \/>\n<meta property=\"og:description\" content=\"La ASCEF ha celebrado, en colaboraci\u00f3n con el Colegio de Economistas de Catalu\u00f1a, unas jornadas sobre la Empresa Familiar, donde se han abordado, de la mano de profesionales expertos, tem\u00e1ticas como, entre otras: la estructura de gobierno de la empresa y la familia; el relevo en la empresa familiar y los pactos sucesorios.\" \/>\n<meta property=\"og:url\" content=\"https:\/\/www.ascef.com\/es\/la-empresa-familiar-a-debate-en-las-jornadas-organizadas-por-la-ascef\/\" \/>\n<meta property=\"og:site_name\" content=\"ASCEF\" \/>\n<meta property=\"article:published_time\" content=\"2024-12-05T08:23:36+00:00\" \/>\n<meta property=\"og:image\" content=\"https:\/\/www.ascef.com\/wp-content\/uploads\/2024\/12\/Jornada-empresa-familiar-2-desembre.jpg\" \/>\n\t<meta property=\"og:image:width\" content=\"522\" \/>\n\t<meta property=\"og:image:height\" content=\"392\" \/>\n\t<meta property=\"og:image:type\" content=\"image\/jpeg\" \/>\n<meta name=\"author\" content=\"usuari_ascef_admin\" \/>\n<meta name=\"twitter:card\" content=\"summary_large_image\" \/>\n<meta name=\"twitter:label1\" content=\"Escrito por\" \/>\n\t<meta name=\"twitter:data1\" content=\"usuari_ascef_admin\" \/>\n<script type=\"application\/ld+json\" class=\"yoast-schema-graph\">{\"@context\":\"https:\\\/\\\/schema.org\",\"@graph\":[{\"@type\":\"Article\",\"@id\":\"https:\\\/\\\/www.ascef.com\\\/es\\\/la-empresa-familiar-a-debate-en-las-jornadas-organizadas-por-la-ascef\\\/#article\",\"isPartOf\":{\"@id\":\"https:\\\/\\\/www.ascef.com\\\/es\\\/la-empresa-familiar-a-debate-en-las-jornadas-organizadas-por-la-ascef\\\/\"},\"author\":{\"name\":\"usuari_ascef_admin\",\"@id\":\"https:\\\/\\\/www.ascef.com\\\/es\\\/#\\\/schema\\\/person\\\/818edf5b5f3a1179bca4deca82c739f5\"},\"headline\":\"La empresa familiar a debate en las jornadas organizadas por la ASCEF\",\"datePublished\":\"2024-12-05T08:23:36+00:00\",\"mainEntityOfPage\":{\"@id\":\"https:\\\/\\\/www.ascef.com\\\/es\\\/la-empresa-familiar-a-debate-en-las-jornadas-organizadas-por-la-ascef\\\/\"},\"wordCount\":68,\"commentCount\":0,\"image\":{\"@id\":\"https:\\\/\\\/www.ascef.com\\\/es\\\/la-empresa-familiar-a-debate-en-las-jornadas-organizadas-por-la-ascef\\\/#primaryimage\"},\"thumbnailUrl\":\"https:\\\/\\\/www.ascef.com\\\/wp-content\\\/uploads\\\/2024\\\/12\\\/Jornada-empresa-familiar-2-desembre.jpg\",\"articleSection\":[\"general\"],\"inLanguage\":\"es\"},{\"@type\":\"WebPage\",\"@id\":\"https:\\\/\\\/www.ascef.com\\\/es\\\/la-empresa-familiar-a-debate-en-las-jornadas-organizadas-por-la-ascef\\\/\",\"url\":\"https:\\\/\\\/www.ascef.com\\\/es\\\/la-empresa-familiar-a-debate-en-las-jornadas-organizadas-por-la-ascef\\\/\",\"name\":\"La empresa familiar a debate en las jornadas organizadas por la ASCEF - ASCEF\",\"isPartOf\":{\"@id\":\"https:\\\/\\\/www.ascef.com\\\/es\\\/#website\"},\"primaryImageOfPage\":{\"@id\":\"https:\\\/\\\/www.ascef.com\\\/es\\\/la-empresa-familiar-a-debate-en-las-jornadas-organizadas-por-la-ascef\\\/#primaryimage\"},\"image\":{\"@id\":\"https:\\\/\\\/www.ascef.com\\\/es\\\/la-empresa-familiar-a-debate-en-las-jornadas-organizadas-por-la-ascef\\\/#primaryimage\"},\"thumbnailUrl\":\"https:\\\/\\\/www.ascef.com\\\/wp-content\\\/uploads\\\/2024\\\/12\\\/Jornada-empresa-familiar-2-desembre.jpg\",\"datePublished\":\"2024-12-05T08:23:36+00:00\",\"author\":{\"@id\":\"https:\\\/\\\/www.ascef.com\\\/es\\\/#\\\/schema\\\/person\\\/818edf5b5f3a1179bca4deca82c739f5\"},\"breadcrumb\":{\"@id\":\"https:\\\/\\\/www.ascef.com\\\/es\\\/la-empresa-familiar-a-debate-en-las-jornadas-organizadas-por-la-ascef\\\/#breadcrumb\"},\"inLanguage\":\"es\",\"potentialAction\":[{\"@type\":\"ReadAction\",\"target\":[\"https:\\\/\\\/www.ascef.com\\\/es\\\/la-empresa-familiar-a-debate-en-las-jornadas-organizadas-por-la-ascef\\\/\"]}]},{\"@type\":\"ImageObject\",\"inLanguage\":\"es\",\"@id\":\"https:\\\/\\\/www.ascef.com\\\/es\\\/la-empresa-familiar-a-debate-en-las-jornadas-organizadas-por-la-ascef\\\/#primaryimage\",\"url\":\"https:\\\/\\\/www.ascef.com\\\/wp-content\\\/uploads\\\/2024\\\/12\\\/Jornada-empresa-familiar-2-desembre.jpg\",\"contentUrl\":\"https:\\\/\\\/www.ascef.com\\\/wp-content\\\/uploads\\\/2024\\\/12\\\/Jornada-empresa-familiar-2-desembre.jpg\",\"width\":522,\"height\":392},{\"@type\":\"BreadcrumbList\",\"@id\":\"https:\\\/\\\/www.ascef.com\\\/es\\\/la-empresa-familiar-a-debate-en-las-jornadas-organizadas-por-la-ascef\\\/#breadcrumb\",\"itemListElement\":[{\"@type\":\"ListItem\",\"position\":1,\"name\":\"Portada\",\"item\":\"https:\\\/\\\/www.ascef.com\\\/es\\\/\"},{\"@type\":\"ListItem\",\"position\":2,\"name\":\"La empresa familiar a debate en las jornadas organizadas por la ASCEF\"}]},{\"@type\":\"WebSite\",\"@id\":\"https:\\\/\\\/www.ascef.com\\\/es\\\/#website\",\"url\":\"https:\\\/\\\/www.ascef.com\\\/es\\\/\",\"name\":\"ASCEF\",\"description\":\"Associaci\u00f3 Catalana de l\u2019Empresa Familiar\",\"potentialAction\":[{\"@type\":\"SearchAction\",\"target\":{\"@type\":\"EntryPoint\",\"urlTemplate\":\"https:\\\/\\\/www.ascef.com\\\/es\\\/?s={search_term_string}\"},\"query-input\":{\"@type\":\"PropertyValueSpecification\",\"valueRequired\":true,\"valueName\":\"search_term_string\"}}],\"inLanguage\":\"es\"},{\"@type\":\"Person\",\"@id\":\"https:\\\/\\\/www.ascef.com\\\/es\\\/#\\\/schema\\\/person\\\/818edf5b5f3a1179bca4deca82c739f5\",\"name\":\"usuari_ascef_admin\",\"url\":\"https:\\\/\\\/www.ascef.com\\\/es\\\/author\\\/usuari_ascef_admin\\\/\"}]}<\/script>\n<!-- \/ Yoast SEO plugin. -->","yoast_head_json":{"title":"La empresa familiar a debate en las jornadas organizadas por la ASCEF - ASCEF","robots":{"index":"index","follow":"follow","max-snippet":"max-snippet:-1","max-image-preview":"max-image-preview:large","max-video-preview":"max-video-preview:-1"},"canonical":"https:\/\/www.ascef.com\/es\/la-empresa-familiar-a-debate-en-las-jornadas-organizadas-por-la-ascef\/","og_locale":"es_ES","og_type":"article","og_title":"La empresa familiar a debate en las jornadas organizadas por la ASCEF - ASCEF","og_description":"La ASCEF ha celebrado, en colaboraci\u00f3n con el Colegio de Economistas de Catalu\u00f1a, unas jornadas sobre la Empresa Familiar, donde se han abordado, de la mano de profesionales expertos, tem\u00e1ticas como, entre otras: la estructura de gobierno de la empresa y la familia; el relevo en la empresa familiar y los pactos sucesorios.","og_url":"https:\/\/www.ascef.com\/es\/la-empresa-familiar-a-debate-en-las-jornadas-organizadas-por-la-ascef\/","og_site_name":"ASCEF","article_published_time":"2024-12-05T08:23:36+00:00","og_image":[{"width":522,"height":392,"url":"https:\/\/www.ascef.com\/wp-content\/uploads\/2024\/12\/Jornada-empresa-familiar-2-desembre.jpg","type":"image\/jpeg"}],"author":"usuari_ascef_admin","twitter_card":"summary_large_image","twitter_misc":{"Escrito por":"usuari_ascef_admin"},"schema":{"@context":"https:\/\/schema.org","@graph":[{"@type":"Article","@id":"https:\/\/www.ascef.com\/es\/la-empresa-familiar-a-debate-en-las-jornadas-organizadas-por-la-ascef\/#article","isPartOf":{"@id":"https:\/\/www.ascef.com\/es\/la-empresa-familiar-a-debate-en-las-jornadas-organizadas-por-la-ascef\/"},"author":{"name":"usuari_ascef_admin","@id":"https:\/\/www.ascef.com\/es\/#\/schema\/person\/818edf5b5f3a1179bca4deca82c739f5"},"headline":"La empresa familiar a debate en las jornadas organizadas por la ASCEF","datePublished":"2024-12-05T08:23:36+00:00","mainEntityOfPage":{"@id":"https:\/\/www.ascef.com\/es\/la-empresa-familiar-a-debate-en-las-jornadas-organizadas-por-la-ascef\/"},"wordCount":68,"commentCount":0,"image":{"@id":"https:\/\/www.ascef.com\/es\/la-empresa-familiar-a-debate-en-las-jornadas-organizadas-por-la-ascef\/#primaryimage"},"thumbnailUrl":"https:\/\/www.ascef.com\/wp-content\/uploads\/2024\/12\/Jornada-empresa-familiar-2-desembre.jpg","articleSection":["general"],"inLanguage":"es"},{"@type":"WebPage","@id":"https:\/\/www.ascef.com\/es\/la-empresa-familiar-a-debate-en-las-jornadas-organizadas-por-la-ascef\/","url":"https:\/\/www.ascef.com\/es\/la-empresa-familiar-a-debate-en-las-jornadas-organizadas-por-la-ascef\/","name":"La empresa familiar a debate en las jornadas organizadas por la ASCEF - ASCEF","isPartOf":{"@id":"https:\/\/www.ascef.com\/es\/#website"},"primaryImageOfPage":{"@id":"https:\/\/www.ascef.com\/es\/la-empresa-familiar-a-debate-en-las-jornadas-organizadas-por-la-ascef\/#primaryimage"},"image":{"@id":"https:\/\/www.ascef.com\/es\/la-empresa-familiar-a-debate-en-las-jornadas-organizadas-por-la-ascef\/#primaryimage"},"thumbnailUrl":"https:\/\/www.ascef.com\/wp-content\/uploads\/2024\/12\/Jornada-empresa-familiar-2-desembre.jpg","datePublished":"2024-12-05T08:23:36+00:00","author":{"@id":"https:\/\/www.ascef.com\/es\/#\/schema\/person\/818edf5b5f3a1179bca4deca82c739f5"},"breadcrumb":{"@id":"https:\/\/www.ascef.com\/es\/la-empresa-familiar-a-debate-en-las-jornadas-organizadas-por-la-ascef\/#breadcrumb"},"inLanguage":"es","potentialAction":[{"@type":"ReadAction","target":["https:\/\/www.ascef.com\/es\/la-empresa-familiar-a-debate-en-las-jornadas-organizadas-por-la-ascef\/"]}]},{"@type":"ImageObject","inLanguage":"es","@id":"https:\/\/www.ascef.com\/es\/la-empresa-familiar-a-debate-en-las-jornadas-organizadas-por-la-ascef\/#primaryimage","url":"https:\/\/www.ascef.com\/wp-content\/uploads\/2024\/12\/Jornada-empresa-familiar-2-desembre.jpg","contentUrl":"https:\/\/www.ascef.com\/wp-content\/uploads\/2024\/12\/Jornada-empresa-familiar-2-desembre.jpg","width":522,"height":392},{"@type":"BreadcrumbList","@id":"https:\/\/www.ascef.com\/es\/la-empresa-familiar-a-debate-en-las-jornadas-organizadas-por-la-ascef\/#breadcrumb","itemListElement":[{"@type":"ListItem","position":1,"name":"Portada","item":"https:\/\/www.ascef.com\/es\/"},{"@type":"ListItem","position":2,"name":"La empresa familiar a debate en las jornadas organizadas por la ASCEF"}]},{"@type":"WebSite","@id":"https:\/\/www.ascef.com\/es\/#website","url":"https:\/\/www.ascef.com\/es\/","name":"ASCEF","description":"Associaci\u00f3 Catalana de l\u2019Empresa Familiar","potentialAction":[{"@type":"SearchAction","target":{"@type":"EntryPoint","urlTemplate":"https:\/\/www.ascef.com\/es\/?s={search_term_string}"},"query-input":{"@type":"PropertyValueSpecification","valueRequired":true,"valueName":"search_term_string"}}],"inLanguage":"es"},{"@type":"Person","@id":"https:\/\/www.ascef.com\/es\/#\/schema\/person\/818edf5b5f3a1179bca4deca82c739f5","name":"usuari_ascef_admin","url":"https:\/\/www.ascef.com\/es\/author\/usuari_ascef_admin\/"}]}},"_links":{"self":[{"href":"https:\/\/www.ascef.com\/es\/wp-json\/wp\/v2\/posts\/8886","targetHints":{"allow":["GET"]}}],"collection":[{"href":"https:\/\/www.ascef.com\/es\/wp-json\/wp\/v2\/posts"}],"about":[{"href":"https:\/\/www.ascef.com\/es\/wp-json\/wp\/v2\/types\/post"}],"author":[{"embeddable":true,"href":"https:\/\/www.ascef.com\/es\/wp-json\/wp\/v2\/users\/311"}],"replies":[{"embeddable":true,"href":"https:\/\/www.ascef.com\/es\/wp-json\/wp\/v2\/comments?post=8886"}],"version-history":[{"count":1,"href":"https:\/\/www.ascef.com\/es\/wp-json\/wp\/v2\/posts\/8886\/revisions"}],"predecessor-version":[{"id":8889,"href":"https:\/\/www.ascef.com\/es\/wp-json\/wp\/v2\/posts\/8886\/revisions\/8889"}],"wp:featuredmedia":[{"embeddable":true,"href":"https:\/\/www.ascef.com\/es\/wp-json\/wp\/v2\/media\/8888"}],"wp:attachment":[{"href":"https:\/\/www.ascef.com\/es\/wp-json\/wp\/v2\/media?parent=8886"}],"wp:term":[{"taxonomy":"category","embeddable":true,"href":"https:\/\/www.ascef.com\/es\/wp-json\/wp\/v2\/categories?post=8886"},{"taxonomy":"post_tag","embeddable":true,"href":"https:\/\/www.ascef.com\/es\/wp-json\/wp\/v2\/tags?post=8886"}],"curies":[{"name":"wp","href":"https:\/\/api.w.org\/{rel}","templated":true}]}}