{"id":8877,"date":"2024-12-03T10:16:44","date_gmt":"2024-12-03T10:16:44","guid":{"rendered":"https:\/\/www.ascef.com\/?p=8877"},"modified":"2024-12-23T10:31:57","modified_gmt":"2024-12-23T10:31:57","slug":"la-ascef-celebra-su-encuentro-anual-empresa-familiar-somos-compromiso-somos-futuro","status":"publish","type":"post","link":"https:\/\/www.ascef.com\/es\/la-ascef-celebra-su-encuentro-anual-empresa-familiar-somos-compromiso-somos-futuro\/","title":{"rendered":"La ASCEF celebra su encuentro anual: EMPRESA FAMILIAR, SOMOS COMPROMISO, SOMOS FUTURO"},"content":{"rendered":"<p>El Convent dels \u00c0ngels acogi\u00f3 la celebraci\u00f3n del Encuentro Anual de la ASCEF, donde se reunieron m\u00e1s de un centenar de empresarios familiares. La jornada empez\u00f3 con una visita al MACBA (Museo de Arte Contempor\u00e1neo de Barcelona) donde tuvimos la oportunidad de visitar las diferentes obras que alberga el Museo en la actualidad.<\/p>\n<p>Posteriormente, se dio paso a la inauguraci\u00f3n del Encuentro, que tuvo lugar en el Convento de los \u00c1ngeles, a cargo de Jaume Alsina, presidente de la ASCEF, y de Javier Ragu\u00e9, socio de Cuatrecasas.<\/p>\n<p>En la parte central de la jornada, tuvimos el placer de contar con Enrique Tom\u00e1s, fundador de Enrique Tom\u00e1s, que nos comparti\u00f3 sus reflexiones sobre su sue\u00f1o de tener una gran empresa a pasar a ser una empresa grande y lo que en s\u00ed representa. Seguidamente, Juan March, presidente de Banca March y vicepresidente de Corporaci\u00f3n Financiera Alba, tuvo la generosidad de hablarnos sobre su experiencia y vivencias como familia empresaria y sobre la trayectoria en cuesti\u00f3n de diversificaci\u00f3n. Tuvimos el privilegio de cerrar con Alejandra Silvestre, directora de Fundaci\u00f3n Hortensia Herrero, que nos dio a conocer en detalle la Fundaci\u00f3n a trav\u00e9s de los proyectos los que apoya.<\/p>\n<p>Desde aqu\u00ed queremos agradecer a todos su presencia, que contribuy\u00f3 sin duda al \u00e9xito de este Encuentro.<\/p>\n","protected":false},"excerpt":{"rendered":"<p>El Convent dels \u00c0ngels acogi\u00f3 la celebraci\u00f3n del Encuentro Anual de la ASCEF, donde se reunieron m\u00e1s de un centenar de empresarios familiares. La jornada empez\u00f3 con una visita al MACBA (Museo de Arte Contempor\u00e1neo de Barcelona) donde tuvimos la oportunidad de visitar las diferentes obras que alberga el Museo en la actualidad. Posteriormente, se [&hellip;]<\/p>\n","protected":false},"author":311,"featured_media":8989,"comment_status":"open","ping_status":"closed","sticky":false,"template":"","format":"standard","meta":{"_acf_changed":false,"footnotes":""},"categories":[185],"tags":[],"class_list":["post-8877","post","type-post","status-publish","format-standard","has-post-thumbnail","hentry","category-general"],"acf":[],"yoast_head":"<!-- This site is optimized with the Yoast SEO plugin v27.5 - https:\/\/yoast.com\/product\/yoast-seo-wordpress\/ -->\n<title>La ASCEF celebra su encuentro anual: EMPRESA FAMILIAR, SOMOS COMPROMISO, SOMOS FUTURO - ASCEF<\/title>\n<meta name=\"robots\" content=\"index, follow, max-snippet:-1, max-image-preview:large, max-video-preview:-1\" \/>\n<link rel=\"canonical\" href=\"https:\/\/www.ascef.com\/es\/la-ascef-celebra-su-encuentro-anual-empresa-familiar-somos-compromiso-somos-futuro\/\" \/>\n<meta property=\"og:locale\" content=\"es_ES\" \/>\n<meta property=\"og:type\" content=\"article\" \/>\n<meta property=\"og:title\" content=\"La ASCEF celebra su encuentro anual: EMPRESA FAMILIAR, SOMOS COMPROMISO, SOMOS FUTURO - ASCEF\" \/>\n<meta property=\"og:description\" content=\"El Convent dels \u00c0ngels acogi\u00f3 la celebraci\u00f3n del Encuentro Anual de la ASCEF, donde se reunieron m\u00e1s de un centenar de empresarios familiares. La jornada empez\u00f3 con una visita al MACBA (Museo de Arte Contempor\u00e1neo de Barcelona) donde tuvimos la oportunidad de visitar las diferentes obras que alberga el Museo en la actualidad. Posteriormente, se [&hellip;]\" \/>\n<meta property=\"og:url\" content=\"https:\/\/www.ascef.com\/es\/la-ascef-celebra-su-encuentro-anual-empresa-familiar-somos-compromiso-somos-futuro\/\" \/>\n<meta property=\"og:site_name\" content=\"ASCEF\" \/>\n<meta property=\"article:published_time\" content=\"2024-12-03T10:16:44+00:00\" \/>\n<meta property=\"article:modified_time\" content=\"2024-12-23T10:31:57+00:00\" \/>\n<meta property=\"og:image\" content=\"https:\/\/www.ascef.com\/wp-content\/uploads\/2024\/12\/DSC_8897.jpg\" \/>\n\t<meta property=\"og:image:width\" content=\"2100\" \/>\n\t<meta property=\"og:image:height\" content=\"1397\" \/>\n\t<meta property=\"og:image:type\" content=\"image\/jpeg\" \/>\n<meta name=\"author\" content=\"usuari_ascef_admin\" \/>\n<meta name=\"twitter:card\" content=\"summary_large_image\" \/>\n<meta name=\"twitter:label1\" content=\"Escrito por\" \/>\n\t<meta name=\"twitter:data1\" content=\"usuari_ascef_admin\" \/>\n\t<meta name=\"twitter:label2\" content=\"Tiempo de lectura\" \/>\n\t<meta name=\"twitter:data2\" content=\"2 minutos\" \/>\n<script type=\"application\/ld+json\" class=\"yoast-schema-graph\">{\"@context\":\"https:\\\/\\\/schema.org\",\"@graph\":[{\"@type\":\"Article\",\"@id\":\"https:\\\/\\\/www.ascef.com\\\/es\\\/la-ascef-celebra-su-encuentro-anual-empresa-familiar-somos-compromiso-somos-futuro\\\/#article\",\"isPartOf\":{\"@id\":\"https:\\\/\\\/www.ascef.com\\\/es\\\/la-ascef-celebra-su-encuentro-anual-empresa-familiar-somos-compromiso-somos-futuro\\\/\"},\"author\":{\"name\":\"usuari_ascef_admin\",\"@id\":\"https:\\\/\\\/www.ascef.com\\\/es\\\/#\\\/schema\\\/person\\\/818edf5b5f3a1179bca4deca82c739f5\"},\"headline\":\"La ASCEF celebra su encuentro anual: EMPRESA FAMILIAR, SOMOS COMPROMISO, SOMOS FUTURO\",\"datePublished\":\"2024-12-03T10:16:44+00:00\",\"dateModified\":\"2024-12-23T10:31:57+00:00\",\"mainEntityOfPage\":{\"@id\":\"https:\\\/\\\/www.ascef.com\\\/es\\\/la-ascef-celebra-su-encuentro-anual-empresa-familiar-somos-compromiso-somos-futuro\\\/\"},\"wordCount\":238,\"commentCount\":0,\"image\":{\"@id\":\"https:\\\/\\\/www.ascef.com\\\/es\\\/la-ascef-celebra-su-encuentro-anual-empresa-familiar-somos-compromiso-somos-futuro\\\/#primaryimage\"},\"thumbnailUrl\":\"https:\\\/\\\/www.ascef.com\\\/wp-content\\\/uploads\\\/2024\\\/12\\\/DSC_8897.jpg\",\"articleSection\":[\"general\"],\"inLanguage\":\"es\"},{\"@type\":\"WebPage\",\"@id\":\"https:\\\/\\\/www.ascef.com\\\/es\\\/la-ascef-celebra-su-encuentro-anual-empresa-familiar-somos-compromiso-somos-futuro\\\/\",\"url\":\"https:\\\/\\\/www.ascef.com\\\/es\\\/la-ascef-celebra-su-encuentro-anual-empresa-familiar-somos-compromiso-somos-futuro\\\/\",\"name\":\"La ASCEF celebra su encuentro anual: EMPRESA FAMILIAR, SOMOS COMPROMISO, SOMOS FUTURO - ASCEF\",\"isPartOf\":{\"@id\":\"https:\\\/\\\/www.ascef.com\\\/es\\\/#website\"},\"primaryImageOfPage\":{\"@id\":\"https:\\\/\\\/www.ascef.com\\\/es\\\/la-ascef-celebra-su-encuentro-anual-empresa-familiar-somos-compromiso-somos-futuro\\\/#primaryimage\"},\"image\":{\"@id\":\"https:\\\/\\\/www.ascef.com\\\/es\\\/la-ascef-celebra-su-encuentro-anual-empresa-familiar-somos-compromiso-somos-futuro\\\/#primaryimage\"},\"thumbnailUrl\":\"https:\\\/\\\/www.ascef.com\\\/wp-content\\\/uploads\\\/2024\\\/12\\\/DSC_8897.jpg\",\"datePublished\":\"2024-12-03T10:16:44+00:00\",\"dateModified\":\"2024-12-23T10:31:57+00:00\",\"author\":{\"@id\":\"https:\\\/\\\/www.ascef.com\\\/es\\\/#\\\/schema\\\/person\\\/818edf5b5f3a1179bca4deca82c739f5\"},\"breadcrumb\":{\"@id\":\"https:\\\/\\\/www.ascef.com\\\/es\\\/la-ascef-celebra-su-encuentro-anual-empresa-familiar-somos-compromiso-somos-futuro\\\/#breadcrumb\"},\"inLanguage\":\"es\",\"potentialAction\":[{\"@type\":\"ReadAction\",\"target\":[\"https:\\\/\\\/www.ascef.com\\\/es\\\/la-ascef-celebra-su-encuentro-anual-empresa-familiar-somos-compromiso-somos-futuro\\\/\"]}]},{\"@type\":\"ImageObject\",\"inLanguage\":\"es\",\"@id\":\"https:\\\/\\\/www.ascef.com\\\/es\\\/la-ascef-celebra-su-encuentro-anual-empresa-familiar-somos-compromiso-somos-futuro\\\/#primaryimage\",\"url\":\"https:\\\/\\\/www.ascef.com\\\/wp-content\\\/uploads\\\/2024\\\/12\\\/DSC_8897.jpg\",\"contentUrl\":\"https:\\\/\\\/www.ascef.com\\\/wp-content\\\/uploads\\\/2024\\\/12\\\/DSC_8897.jpg\",\"width\":2100,\"height\":1397},{\"@type\":\"BreadcrumbList\",\"@id\":\"https:\\\/\\\/www.ascef.com\\\/es\\\/la-ascef-celebra-su-encuentro-anual-empresa-familiar-somos-compromiso-somos-futuro\\\/#breadcrumb\",\"itemListElement\":[{\"@type\":\"ListItem\",\"position\":1,\"name\":\"Portada\",\"item\":\"https:\\\/\\\/www.ascef.com\\\/es\\\/\"},{\"@type\":\"ListItem\",\"position\":2,\"name\":\"La ASCEF celebra su encuentro anual: EMPRESA FAMILIAR, SOMOS COMPROMISO, SOMOS FUTURO\"}]},{\"@type\":\"WebSite\",\"@id\":\"https:\\\/\\\/www.ascef.com\\\/es\\\/#website\",\"url\":\"https:\\\/\\\/www.ascef.com\\\/es\\\/\",\"name\":\"ASCEF\",\"description\":\"Associaci\u00f3 Catalana de l\u2019Empresa Familiar\",\"potentialAction\":[{\"@type\":\"SearchAction\",\"target\":{\"@type\":\"EntryPoint\",\"urlTemplate\":\"https:\\\/\\\/www.ascef.com\\\/es\\\/?s={search_term_string}\"},\"query-input\":{\"@type\":\"PropertyValueSpecification\",\"valueRequired\":true,\"valueName\":\"search_term_string\"}}],\"inLanguage\":\"es\"},{\"@type\":\"Person\",\"@id\":\"https:\\\/\\\/www.ascef.com\\\/es\\\/#\\\/schema\\\/person\\\/818edf5b5f3a1179bca4deca82c739f5\",\"name\":\"usuari_ascef_admin\",\"url\":\"https:\\\/\\\/www.ascef.com\\\/es\\\/author\\\/usuari_ascef_admin\\\/\"}]}<\/script>\n<!-- \/ Yoast SEO plugin. -->","yoast_head_json":{"title":"La ASCEF celebra su encuentro anual: EMPRESA FAMILIAR, SOMOS COMPROMISO, SOMOS FUTURO - ASCEF","robots":{"index":"index","follow":"follow","max-snippet":"max-snippet:-1","max-image-preview":"max-image-preview:large","max-video-preview":"max-video-preview:-1"},"canonical":"https:\/\/www.ascef.com\/es\/la-ascef-celebra-su-encuentro-anual-empresa-familiar-somos-compromiso-somos-futuro\/","og_locale":"es_ES","og_type":"article","og_title":"La ASCEF celebra su encuentro anual: EMPRESA FAMILIAR, SOMOS COMPROMISO, SOMOS FUTURO - ASCEF","og_description":"El Convent dels \u00c0ngels acogi\u00f3 la celebraci\u00f3n del Encuentro Anual de la ASCEF, donde se reunieron m\u00e1s de un centenar de empresarios familiares. La jornada empez\u00f3 con una visita al MACBA (Museo de Arte Contempor\u00e1neo de Barcelona) donde tuvimos la oportunidad de visitar las diferentes obras que alberga el Museo en la actualidad. Posteriormente, se [&hellip;]","og_url":"https:\/\/www.ascef.com\/es\/la-ascef-celebra-su-encuentro-anual-empresa-familiar-somos-compromiso-somos-futuro\/","og_site_name":"ASCEF","article_published_time":"2024-12-03T10:16:44+00:00","article_modified_time":"2024-12-23T10:31:57+00:00","og_image":[{"width":2100,"height":1397,"url":"https:\/\/www.ascef.com\/wp-content\/uploads\/2024\/12\/DSC_8897.jpg","type":"image\/jpeg"}],"author":"usuari_ascef_admin","twitter_card":"summary_large_image","twitter_misc":{"Escrito por":"usuari_ascef_admin","Tiempo de lectura":"2 minutos"},"schema":{"@context":"https:\/\/schema.org","@graph":[{"@type":"Article","@id":"https:\/\/www.ascef.com\/es\/la-ascef-celebra-su-encuentro-anual-empresa-familiar-somos-compromiso-somos-futuro\/#article","isPartOf":{"@id":"https:\/\/www.ascef.com\/es\/la-ascef-celebra-su-encuentro-anual-empresa-familiar-somos-compromiso-somos-futuro\/"},"author":{"name":"usuari_ascef_admin","@id":"https:\/\/www.ascef.com\/es\/#\/schema\/person\/818edf5b5f3a1179bca4deca82c739f5"},"headline":"La ASCEF celebra su encuentro anual: EMPRESA FAMILIAR, SOMOS COMPROMISO, SOMOS FUTURO","datePublished":"2024-12-03T10:16:44+00:00","dateModified":"2024-12-23T10:31:57+00:00","mainEntityOfPage":{"@id":"https:\/\/www.ascef.com\/es\/la-ascef-celebra-su-encuentro-anual-empresa-familiar-somos-compromiso-somos-futuro\/"},"wordCount":238,"commentCount":0,"image":{"@id":"https:\/\/www.ascef.com\/es\/la-ascef-celebra-su-encuentro-anual-empresa-familiar-somos-compromiso-somos-futuro\/#primaryimage"},"thumbnailUrl":"https:\/\/www.ascef.com\/wp-content\/uploads\/2024\/12\/DSC_8897.jpg","articleSection":["general"],"inLanguage":"es"},{"@type":"WebPage","@id":"https:\/\/www.ascef.com\/es\/la-ascef-celebra-su-encuentro-anual-empresa-familiar-somos-compromiso-somos-futuro\/","url":"https:\/\/www.ascef.com\/es\/la-ascef-celebra-su-encuentro-anual-empresa-familiar-somos-compromiso-somos-futuro\/","name":"La ASCEF celebra su encuentro anual: EMPRESA FAMILIAR, SOMOS COMPROMISO, SOMOS FUTURO - ASCEF","isPartOf":{"@id":"https:\/\/www.ascef.com\/es\/#website"},"primaryImageOfPage":{"@id":"https:\/\/www.ascef.com\/es\/la-ascef-celebra-su-encuentro-anual-empresa-familiar-somos-compromiso-somos-futuro\/#primaryimage"},"image":{"@id":"https:\/\/www.ascef.com\/es\/la-ascef-celebra-su-encuentro-anual-empresa-familiar-somos-compromiso-somos-futuro\/#primaryimage"},"thumbnailUrl":"https:\/\/www.ascef.com\/wp-content\/uploads\/2024\/12\/DSC_8897.jpg","datePublished":"2024-12-03T10:16:44+00:00","dateModified":"2024-12-23T10:31:57+00:00","author":{"@id":"https:\/\/www.ascef.com\/es\/#\/schema\/person\/818edf5b5f3a1179bca4deca82c739f5"},"breadcrumb":{"@id":"https:\/\/www.ascef.com\/es\/la-ascef-celebra-su-encuentro-anual-empresa-familiar-somos-compromiso-somos-futuro\/#breadcrumb"},"inLanguage":"es","potentialAction":[{"@type":"ReadAction","target":["https:\/\/www.ascef.com\/es\/la-ascef-celebra-su-encuentro-anual-empresa-familiar-somos-compromiso-somos-futuro\/"]}]},{"@type":"ImageObject","inLanguage":"es","@id":"https:\/\/www.ascef.com\/es\/la-ascef-celebra-su-encuentro-anual-empresa-familiar-somos-compromiso-somos-futuro\/#primaryimage","url":"https:\/\/www.ascef.com\/wp-content\/uploads\/2024\/12\/DSC_8897.jpg","contentUrl":"https:\/\/www.ascef.com\/wp-content\/uploads\/2024\/12\/DSC_8897.jpg","width":2100,"height":1397},{"@type":"BreadcrumbList","@id":"https:\/\/www.ascef.com\/es\/la-ascef-celebra-su-encuentro-anual-empresa-familiar-somos-compromiso-somos-futuro\/#breadcrumb","itemListElement":[{"@type":"ListItem","position":1,"name":"Portada","item":"https:\/\/www.ascef.com\/es\/"},{"@type":"ListItem","position":2,"name":"La ASCEF celebra su encuentro anual: EMPRESA FAMILIAR, SOMOS COMPROMISO, SOMOS FUTURO"}]},{"@type":"WebSite","@id":"https:\/\/www.ascef.com\/es\/#website","url":"https:\/\/www.ascef.com\/es\/","name":"ASCEF","description":"Associaci\u00f3 Catalana de l\u2019Empresa Familiar","potentialAction":[{"@type":"SearchAction","target":{"@type":"EntryPoint","urlTemplate":"https:\/\/www.ascef.com\/es\/?s={search_term_string}"},"query-input":{"@type":"PropertyValueSpecification","valueRequired":true,"valueName":"search_term_string"}}],"inLanguage":"es"},{"@type":"Person","@id":"https:\/\/www.ascef.com\/es\/#\/schema\/person\/818edf5b5f3a1179bca4deca82c739f5","name":"usuari_ascef_admin","url":"https:\/\/www.ascef.com\/es\/author\/usuari_ascef_admin\/"}]}},"_links":{"self":[{"href":"https:\/\/www.ascef.com\/es\/wp-json\/wp\/v2\/posts\/8877","targetHints":{"allow":["GET"]}}],"collection":[{"href":"https:\/\/www.ascef.com\/es\/wp-json\/wp\/v2\/posts"}],"about":[{"href":"https:\/\/www.ascef.com\/es\/wp-json\/wp\/v2\/types\/post"}],"author":[{"embeddable":true,"href":"https:\/\/www.ascef.com\/es\/wp-json\/wp\/v2\/users\/311"}],"replies":[{"embeddable":true,"href":"https:\/\/www.ascef.com\/es\/wp-json\/wp\/v2\/comments?post=8877"}],"version-history":[{"count":3,"href":"https:\/\/www.ascef.com\/es\/wp-json\/wp\/v2\/posts\/8877\/revisions"}],"predecessor-version":[{"id":9035,"href":"https:\/\/www.ascef.com\/es\/wp-json\/wp\/v2\/posts\/8877\/revisions\/9035"}],"wp:featuredmedia":[{"embeddable":true,"href":"https:\/\/www.ascef.com\/es\/wp-json\/wp\/v2\/media\/8989"}],"wp:attachment":[{"href":"https:\/\/www.ascef.com\/es\/wp-json\/wp\/v2\/media?parent=8877"}],"wp:term":[{"taxonomy":"category","embeddable":true,"href":"https:\/\/www.ascef.com\/es\/wp-json\/wp\/v2\/categories?post=8877"},{"taxonomy":"post_tag","embeddable":true,"href":"https:\/\/www.ascef.com\/es\/wp-json\/wp\/v2\/tags?post=8877"}],"curies":[{"name":"wp","href":"https:\/\/api.w.org\/{rel}","templated":true}]}}