{"id":858,"date":"2019-11-19T21:37:52","date_gmt":"2019-11-19T21:37:52","guid":{"rendered":"https:\/\/www.ascef.com\/2020\/02\/18\/el-european-family-businesses-desembarca-en-madrid-con-su-congreso-anual\/"},"modified":"2020-02-28T08:45:27","modified_gmt":"2020-02-28T08:45:27","slug":"el-european-family-businesses-desembarca-en-madrid-con-su-congreso-anual","status":"publish","type":"post","link":"https:\/\/www.ascef.com\/es\/el-european-family-businesses-desembarca-en-madrid-con-su-congreso-anual\/","title":{"rendered":"El European Family Businesses desembarca en Madrid con su congreso anual"},"content":{"rendered":"<p>19 de Noviembre de 2019\/ M\u00e1s de 200 empresarios europeos han participado en la 6\u00aa edici\u00f3n del Congreso Europeo de Empresa Familiar que tuvo lugar en Madrid el pasado 19 y 20 de Noviembre, un acontecimiento \u00fanico con conferencias a cargo de representantes de altas instituciones europeas y espa\u00f1olas, d\u00f3nde se analizaron los principales temas que afectan a la empresa familiar en un contexto de constante cambio. En Europa, la empresa familiar representa el 50% del PIB y m\u00e1s del 60% de la ocupaci\u00f3n privada, con m\u00e1s de 14 millones de empresas.<\/p>\n<p>Recientemente, el EFB en colaboraci\u00f3n con KPMG, hizo p\u00fablica la octava edici\u00f3n de su bar\u00f3metro sobre la situaci\u00f3n de la empresa familiar en Europa, que muestra que la perspectiva de futuro de las empresas familiares europeas, en un momento de incertidumbre econ\u00f3mica y geopol\u00edtica, contin\u00faa siendo positiva. La innovaci\u00f3n, la diversificaci\u00f3n, la formaci\u00f3n y la educaci\u00f3n son prioridades clave puesto que se adaptan a un mundo que cambia r\u00e1pidamente, mientras que la planificaci\u00f3n para la sucesi\u00f3n est\u00e1 cada vez m\u00e1s en la mente de las familias. Este a\u00f1o, la comunidad empresarial familiar ha enviado un mensaje claro al exterior: hay que mejorar el mercado \u00fanico y centrarse en la promoci\u00f3n del comercio mundial.<\/p>\n<p>La ASCEF forma parte de esta organizaci\u00f3n internacional creada en 1997 y que representa a 10.000 empresas de 12 pa\u00edses.<\/p>\n","protected":false},"excerpt":{"rendered":"<p>19 de Noviembre de 2019\/ M\u00e1s de 200 empresarios europeos han participado en la 6\u00aa edici\u00f3n del Congreso Europeo de Empresa Familiar que tuvo lugar en Madrid el pasado 19 y 20 de Noviembre, un acontecimiento \u00fanico con conferencias a cargo de representantes de altas instituciones europeas y espa\u00f1olas, d\u00f3nde se analizaron los principales temas [&hellip;]<\/p>\n","protected":false},"author":1,"featured_media":1193,"comment_status":"open","ping_status":"open","sticky":false,"template":"","format":"standard","meta":{"_acf_changed":false,"footnotes":""},"categories":[185],"tags":[],"class_list":["post-858","post","type-post","status-publish","format-standard","has-post-thumbnail","hentry","category-general"],"acf":[],"yoast_head":"<!-- This site is optimized with the Yoast SEO plugin v27.5 - https:\/\/yoast.com\/product\/yoast-seo-wordpress\/ -->\n<title>El European Family Businesses desembarca en Madrid con su congreso anual - ASCEF<\/title>\n<meta name=\"robots\" content=\"index, follow, max-snippet:-1, max-image-preview:large, max-video-preview:-1\" \/>\n<link rel=\"canonical\" href=\"https:\/\/www.ascef.com\/es\/el-european-family-businesses-desembarca-en-madrid-con-su-congreso-anual\/\" \/>\n<meta property=\"og:locale\" content=\"es_ES\" \/>\n<meta property=\"og:type\" content=\"article\" \/>\n<meta property=\"og:title\" content=\"El European Family Businesses desembarca en Madrid con su congreso anual - ASCEF\" \/>\n<meta property=\"og:description\" content=\"19 de Noviembre de 2019\/ M\u00e1s de 200 empresarios europeos han participado en la 6\u00aa edici\u00f3n del Congreso Europeo de Empresa Familiar que tuvo lugar en Madrid el pasado 19 y 20 de Noviembre, un acontecimiento \u00fanico con conferencias a cargo de representantes de altas instituciones europeas y espa\u00f1olas, d\u00f3nde se analizaron los principales temas [&hellip;]\" \/>\n<meta property=\"og:url\" content=\"https:\/\/www.ascef.com\/es\/el-european-family-businesses-desembarca-en-madrid-con-su-congreso-anual\/\" \/>\n<meta property=\"og:site_name\" content=\"ASCEF\" \/>\n<meta property=\"article:published_time\" content=\"2019-11-19T21:37:52+00:00\" \/>\n<meta property=\"article:modified_time\" content=\"2020-02-28T08:45:27+00:00\" \/>\n<meta property=\"og:image\" content=\"https:\/\/www.ascef.com\/wp-content\/uploads\/2019\/12\/jornades.jpg\" \/>\n\t<meta property=\"og:image:width\" content=\"1100\" \/>\n\t<meta property=\"og:image:height\" content=\"743\" \/>\n\t<meta property=\"og:image:type\" content=\"image\/jpeg\" \/>\n<meta name=\"author\" content=\"Josep\" \/>\n<meta name=\"twitter:card\" content=\"summary_large_image\" \/>\n<meta name=\"twitter:label1\" content=\"Escrito por\" \/>\n\t<meta name=\"twitter:data1\" content=\"Josep\" \/>\n\t<meta name=\"twitter:label2\" content=\"Tiempo de lectura\" \/>\n\t<meta name=\"twitter:data2\" content=\"1 minuto\" \/>\n<script type=\"application\/ld+json\" class=\"yoast-schema-graph\">{\"@context\":\"https:\\\/\\\/schema.org\",\"@graph\":[{\"@type\":\"Article\",\"@id\":\"https:\\\/\\\/www.ascef.com\\\/es\\\/el-european-family-businesses-desembarca-en-madrid-con-su-congreso-anual\\\/#article\",\"isPartOf\":{\"@id\":\"https:\\\/\\\/www.ascef.com\\\/es\\\/el-european-family-businesses-desembarca-en-madrid-con-su-congreso-anual\\\/\"},\"author\":{\"name\":\"Josep\",\"@id\":\"https:\\\/\\\/www.ascef.com\\\/es\\\/#\\\/schema\\\/person\\\/389fe272e23115573501dfac89db7a78\"},\"headline\":\"El European Family Businesses desembarca en Madrid con su congreso anual\",\"datePublished\":\"2019-11-19T21:37:52+00:00\",\"dateModified\":\"2020-02-28T08:45:27+00:00\",\"mainEntityOfPage\":{\"@id\":\"https:\\\/\\\/www.ascef.com\\\/es\\\/el-european-family-businesses-desembarca-en-madrid-con-su-congreso-anual\\\/\"},\"wordCount\":251,\"commentCount\":0,\"image\":{\"@id\":\"https:\\\/\\\/www.ascef.com\\\/es\\\/el-european-family-businesses-desembarca-en-madrid-con-su-congreso-anual\\\/#primaryimage\"},\"thumbnailUrl\":\"https:\\\/\\\/www.ascef.com\\\/wp-content\\\/uploads\\\/2019\\\/12\\\/jornades.jpg\",\"articleSection\":[\"general\"],\"inLanguage\":\"es\"},{\"@type\":\"WebPage\",\"@id\":\"https:\\\/\\\/www.ascef.com\\\/es\\\/el-european-family-businesses-desembarca-en-madrid-con-su-congreso-anual\\\/\",\"url\":\"https:\\\/\\\/www.ascef.com\\\/es\\\/el-european-family-businesses-desembarca-en-madrid-con-su-congreso-anual\\\/\",\"name\":\"El European Family Businesses desembarca en Madrid con su congreso anual - ASCEF\",\"isPartOf\":{\"@id\":\"https:\\\/\\\/www.ascef.com\\\/es\\\/#website\"},\"primaryImageOfPage\":{\"@id\":\"https:\\\/\\\/www.ascef.com\\\/es\\\/el-european-family-businesses-desembarca-en-madrid-con-su-congreso-anual\\\/#primaryimage\"},\"image\":{\"@id\":\"https:\\\/\\\/www.ascef.com\\\/es\\\/el-european-family-businesses-desembarca-en-madrid-con-su-congreso-anual\\\/#primaryimage\"},\"thumbnailUrl\":\"https:\\\/\\\/www.ascef.com\\\/wp-content\\\/uploads\\\/2019\\\/12\\\/jornades.jpg\",\"datePublished\":\"2019-11-19T21:37:52+00:00\",\"dateModified\":\"2020-02-28T08:45:27+00:00\",\"author\":{\"@id\":\"https:\\\/\\\/www.ascef.com\\\/es\\\/#\\\/schema\\\/person\\\/389fe272e23115573501dfac89db7a78\"},\"breadcrumb\":{\"@id\":\"https:\\\/\\\/www.ascef.com\\\/es\\\/el-european-family-businesses-desembarca-en-madrid-con-su-congreso-anual\\\/#breadcrumb\"},\"inLanguage\":\"es\",\"potentialAction\":[{\"@type\":\"ReadAction\",\"target\":[\"https:\\\/\\\/www.ascef.com\\\/es\\\/el-european-family-businesses-desembarca-en-madrid-con-su-congreso-anual\\\/\"]}]},{\"@type\":\"ImageObject\",\"inLanguage\":\"es\",\"@id\":\"https:\\\/\\\/www.ascef.com\\\/es\\\/el-european-family-businesses-desembarca-en-madrid-con-su-congreso-anual\\\/#primaryimage\",\"url\":\"https:\\\/\\\/www.ascef.com\\\/wp-content\\\/uploads\\\/2019\\\/12\\\/jornades.jpg\",\"contentUrl\":\"https:\\\/\\\/www.ascef.com\\\/wp-content\\\/uploads\\\/2019\\\/12\\\/jornades.jpg\",\"width\":1100,\"height\":743},{\"@type\":\"BreadcrumbList\",\"@id\":\"https:\\\/\\\/www.ascef.com\\\/es\\\/el-european-family-businesses-desembarca-en-madrid-con-su-congreso-anual\\\/#breadcrumb\",\"itemListElement\":[{\"@type\":\"ListItem\",\"position\":1,\"name\":\"Portada\",\"item\":\"https:\\\/\\\/www.ascef.com\\\/es\\\/\"},{\"@type\":\"ListItem\",\"position\":2,\"name\":\"El European Family Businesses desembarca en Madrid con su congreso anual\"}]},{\"@type\":\"WebSite\",\"@id\":\"https:\\\/\\\/www.ascef.com\\\/es\\\/#website\",\"url\":\"https:\\\/\\\/www.ascef.com\\\/es\\\/\",\"name\":\"ASCEF\",\"description\":\"Associaci\u00f3 Catalana de l\u2019Empresa Familiar\",\"potentialAction\":[{\"@type\":\"SearchAction\",\"target\":{\"@type\":\"EntryPoint\",\"urlTemplate\":\"https:\\\/\\\/www.ascef.com\\\/es\\\/?s={search_term_string}\"},\"query-input\":{\"@type\":\"PropertyValueSpecification\",\"valueRequired\":true,\"valueName\":\"search_term_string\"}}],\"inLanguage\":\"es\"},{\"@type\":\"Person\",\"@id\":\"https:\\\/\\\/www.ascef.com\\\/es\\\/#\\\/schema\\\/person\\\/389fe272e23115573501dfac89db7a78\",\"name\":\"Josep\",\"url\":\"https:\\\/\\\/www.ascef.com\\\/es\\\/author\\\/josep\\\/\"}]}<\/script>\n<!-- \/ Yoast SEO plugin. -->","yoast_head_json":{"title":"El European Family Businesses desembarca en Madrid con su congreso anual - ASCEF","robots":{"index":"index","follow":"follow","max-snippet":"max-snippet:-1","max-image-preview":"max-image-preview:large","max-video-preview":"max-video-preview:-1"},"canonical":"https:\/\/www.ascef.com\/es\/el-european-family-businesses-desembarca-en-madrid-con-su-congreso-anual\/","og_locale":"es_ES","og_type":"article","og_title":"El European Family Businesses desembarca en Madrid con su congreso anual - ASCEF","og_description":"19 de Noviembre de 2019\/ M\u00e1s de 200 empresarios europeos han participado en la 6\u00aa edici\u00f3n del Congreso Europeo de Empresa Familiar que tuvo lugar en Madrid el pasado 19 y 20 de Noviembre, un acontecimiento \u00fanico con conferencias a cargo de representantes de altas instituciones europeas y espa\u00f1olas, d\u00f3nde se analizaron los principales temas [&hellip;]","og_url":"https:\/\/www.ascef.com\/es\/el-european-family-businesses-desembarca-en-madrid-con-su-congreso-anual\/","og_site_name":"ASCEF","article_published_time":"2019-11-19T21:37:52+00:00","article_modified_time":"2020-02-28T08:45:27+00:00","og_image":[{"width":1100,"height":743,"url":"https:\/\/www.ascef.com\/wp-content\/uploads\/2019\/12\/jornades.jpg","type":"image\/jpeg"}],"author":"Josep","twitter_card":"summary_large_image","twitter_misc":{"Escrito por":"Josep","Tiempo de lectura":"1 minuto"},"schema":{"@context":"https:\/\/schema.org","@graph":[{"@type":"Article","@id":"https:\/\/www.ascef.com\/es\/el-european-family-businesses-desembarca-en-madrid-con-su-congreso-anual\/#article","isPartOf":{"@id":"https:\/\/www.ascef.com\/es\/el-european-family-businesses-desembarca-en-madrid-con-su-congreso-anual\/"},"author":{"name":"Josep","@id":"https:\/\/www.ascef.com\/es\/#\/schema\/person\/389fe272e23115573501dfac89db7a78"},"headline":"El European Family Businesses desembarca en Madrid con su congreso anual","datePublished":"2019-11-19T21:37:52+00:00","dateModified":"2020-02-28T08:45:27+00:00","mainEntityOfPage":{"@id":"https:\/\/www.ascef.com\/es\/el-european-family-businesses-desembarca-en-madrid-con-su-congreso-anual\/"},"wordCount":251,"commentCount":0,"image":{"@id":"https:\/\/www.ascef.com\/es\/el-european-family-businesses-desembarca-en-madrid-con-su-congreso-anual\/#primaryimage"},"thumbnailUrl":"https:\/\/www.ascef.com\/wp-content\/uploads\/2019\/12\/jornades.jpg","articleSection":["general"],"inLanguage":"es"},{"@type":"WebPage","@id":"https:\/\/www.ascef.com\/es\/el-european-family-businesses-desembarca-en-madrid-con-su-congreso-anual\/","url":"https:\/\/www.ascef.com\/es\/el-european-family-businesses-desembarca-en-madrid-con-su-congreso-anual\/","name":"El European Family Businesses desembarca en Madrid con su congreso anual - ASCEF","isPartOf":{"@id":"https:\/\/www.ascef.com\/es\/#website"},"primaryImageOfPage":{"@id":"https:\/\/www.ascef.com\/es\/el-european-family-businesses-desembarca-en-madrid-con-su-congreso-anual\/#primaryimage"},"image":{"@id":"https:\/\/www.ascef.com\/es\/el-european-family-businesses-desembarca-en-madrid-con-su-congreso-anual\/#primaryimage"},"thumbnailUrl":"https:\/\/www.ascef.com\/wp-content\/uploads\/2019\/12\/jornades.jpg","datePublished":"2019-11-19T21:37:52+00:00","dateModified":"2020-02-28T08:45:27+00:00","author":{"@id":"https:\/\/www.ascef.com\/es\/#\/schema\/person\/389fe272e23115573501dfac89db7a78"},"breadcrumb":{"@id":"https:\/\/www.ascef.com\/es\/el-european-family-businesses-desembarca-en-madrid-con-su-congreso-anual\/#breadcrumb"},"inLanguage":"es","potentialAction":[{"@type":"ReadAction","target":["https:\/\/www.ascef.com\/es\/el-european-family-businesses-desembarca-en-madrid-con-su-congreso-anual\/"]}]},{"@type":"ImageObject","inLanguage":"es","@id":"https:\/\/www.ascef.com\/es\/el-european-family-businesses-desembarca-en-madrid-con-su-congreso-anual\/#primaryimage","url":"https:\/\/www.ascef.com\/wp-content\/uploads\/2019\/12\/jornades.jpg","contentUrl":"https:\/\/www.ascef.com\/wp-content\/uploads\/2019\/12\/jornades.jpg","width":1100,"height":743},{"@type":"BreadcrumbList","@id":"https:\/\/www.ascef.com\/es\/el-european-family-businesses-desembarca-en-madrid-con-su-congreso-anual\/#breadcrumb","itemListElement":[{"@type":"ListItem","position":1,"name":"Portada","item":"https:\/\/www.ascef.com\/es\/"},{"@type":"ListItem","position":2,"name":"El European Family Businesses desembarca en Madrid con su congreso anual"}]},{"@type":"WebSite","@id":"https:\/\/www.ascef.com\/es\/#website","url":"https:\/\/www.ascef.com\/es\/","name":"ASCEF","description":"Associaci\u00f3 Catalana de l\u2019Empresa Familiar","potentialAction":[{"@type":"SearchAction","target":{"@type":"EntryPoint","urlTemplate":"https:\/\/www.ascef.com\/es\/?s={search_term_string}"},"query-input":{"@type":"PropertyValueSpecification","valueRequired":true,"valueName":"search_term_string"}}],"inLanguage":"es"},{"@type":"Person","@id":"https:\/\/www.ascef.com\/es\/#\/schema\/person\/389fe272e23115573501dfac89db7a78","name":"Josep","url":"https:\/\/www.ascef.com\/es\/author\/josep\/"}]}},"_links":{"self":[{"href":"https:\/\/www.ascef.com\/es\/wp-json\/wp\/v2\/posts\/858","targetHints":{"allow":["GET"]}}],"collection":[{"href":"https:\/\/www.ascef.com\/es\/wp-json\/wp\/v2\/posts"}],"about":[{"href":"https:\/\/www.ascef.com\/es\/wp-json\/wp\/v2\/types\/post"}],"author":[{"embeddable":true,"href":"https:\/\/www.ascef.com\/es\/wp-json\/wp\/v2\/users\/1"}],"replies":[{"embeddable":true,"href":"https:\/\/www.ascef.com\/es\/wp-json\/wp\/v2\/comments?post=858"}],"version-history":[{"count":1,"href":"https:\/\/www.ascef.com\/es\/wp-json\/wp\/v2\/posts\/858\/revisions"}],"predecessor-version":[{"id":938,"href":"https:\/\/www.ascef.com\/es\/wp-json\/wp\/v2\/posts\/858\/revisions\/938"}],"wp:featuredmedia":[{"embeddable":true,"href":"https:\/\/www.ascef.com\/es\/wp-json\/wp\/v2\/media\/1193"}],"wp:attachment":[{"href":"https:\/\/www.ascef.com\/es\/wp-json\/wp\/v2\/media?parent=858"}],"wp:term":[{"taxonomy":"category","embeddable":true,"href":"https:\/\/www.ascef.com\/es\/wp-json\/wp\/v2\/categories?post=858"},{"taxonomy":"post_tag","embeddable":true,"href":"https:\/\/www.ascef.com\/es\/wp-json\/wp\/v2\/tags?post=858"}],"curies":[{"name":"wp","href":"https:\/\/api.w.org\/{rel}","templated":true}]}}