{"id":856,"date":"2019-12-18T21:30:24","date_gmt":"2019-12-18T21:30:24","guid":{"rendered":"https:\/\/www.ascef.com\/2020\/02\/18\/la-ascef-organiza-visitas-a-empresas-asociadas-y-jornadas-formativas-con-gran-exito-de-convocatoria\/"},"modified":"2020-03-09T08:33:07","modified_gmt":"2020-03-09T08:33:07","slug":"la-ascef-organiza-visitas-a-empresas-asociadas-y-jornadas-formativas-con-gran-exito-de-convocatoria","status":"publish","type":"post","link":"https:\/\/www.ascef.com\/es\/la-ascef-organiza-visitas-a-empresas-asociadas-y-jornadas-formativas-con-gran-exito-de-convocatoria\/","title":{"rendered":"La ASCEF organiza visitas a empresas asociadas y jornadas formativas con gran \u00e9xito de convocatoria"},"content":{"rendered":"<p>Diciembre de 2019\/ Durante los \u00faltimos meses, la ASCEF ha mantenido una intensa actividad para fomentar la relaci\u00f3n entre los socios, dar a conocer experiencias empresariales y abordar temas que nos ocupan y preocupan.<\/p>\n<p>En este trimestre hemos realizado 3 visitas a las sedes de diferentes compa\u00f1\u00edas de sectores empresariales muy diferentes: Juv\u00e9 &amp; Camps, Sagal\u00e9s y Cartonatges Petit. Encuentros que han sido muy interesantes y nos han permitido conocer el d\u00eda y a d\u00eda y los retos de estas organizaciones empresariales.<\/p>\n<p>En cuanto a las jornadas formativas de este trimestre, hemos hablado de startups, de los activos no productivos, de las novedades fiscales, de sucesi\u00f3n y continuidad (con la experiencia de Juv\u00e9 &amp; Camps y La Farga) y de internacionalizaci\u00f3n con la participaci\u00f3n de expertos de los diferentes \u00e1mbitos. Estas actividades han sido posibles gracias al patrocinio de entidades como Mirabaud, el Banco Santander, Degroof Petercam, EY, PwC, Cuatrecasas KPMG, Deloitte i Banc de Sabadell, con la colaboraci\u00f3n de la C\u00e1mara de Comercio de Barcelona y de Girona.<\/p>\n<p>Por otro lado, el Forum Joven llev\u00f3 a cabo el primer Speed Company Dating en el que Albert Borras de Gestarnal; Vanesa Mart\u00ednez de Carinsa y Albert Vicens de Ausa explicaron sus proyectos. Una innovadora propuesta de 10 minutos de presentaci\u00f3n y ronda de preguntas.<\/p>\n","protected":false},"excerpt":{"rendered":"<p>Diciembre de 2019\/ Durante los \u00faltimos meses, la ASCEF ha mantenido una intensa actividad para fomentar la relaci\u00f3n entre los socios, dar a conocer experiencias empresariales y abordar temas que nos ocupan y preocupan. En este trimestre hemos realizado 3 visitas a las sedes de diferentes compa\u00f1\u00edas de sectores empresariales muy diferentes: Juv\u00e9 &amp; Camps, [&hellip;]<\/p>\n","protected":false},"author":1,"featured_media":1197,"comment_status":"open","ping_status":"open","sticky":false,"template":"","format":"standard","meta":{"_acf_changed":false,"footnotes":""},"categories":[185],"tags":[],"class_list":["post-856","post","type-post","status-publish","format-standard","has-post-thumbnail","hentry","category-general"],"acf":[],"yoast_head":"<!-- This site is optimized with the Yoast SEO plugin v27.5 - https:\/\/yoast.com\/product\/yoast-seo-wordpress\/ -->\n<title>La ASCEF organiza visitas a empresas asociadas y jornadas formativas con gran \u00e9xito de convocatoria - ASCEF<\/title>\n<meta name=\"robots\" content=\"index, follow, max-snippet:-1, max-image-preview:large, max-video-preview:-1\" \/>\n<link rel=\"canonical\" href=\"https:\/\/www.ascef.com\/es\/la-ascef-organiza-visitas-a-empresas-asociadas-y-jornadas-formativas-con-gran-exito-de-convocatoria\/\" \/>\n<meta property=\"og:locale\" content=\"es_ES\" \/>\n<meta property=\"og:type\" content=\"article\" \/>\n<meta property=\"og:title\" content=\"La ASCEF organiza visitas a empresas asociadas y jornadas formativas con gran \u00e9xito de convocatoria - ASCEF\" \/>\n<meta property=\"og:description\" content=\"Diciembre de 2019\/ Durante los \u00faltimos meses, la ASCEF ha mantenido una intensa actividad para fomentar la relaci\u00f3n entre los socios, dar a conocer experiencias empresariales y abordar temas que nos ocupan y preocupan. En este trimestre hemos realizado 3 visitas a las sedes de diferentes compa\u00f1\u00edas de sectores empresariales muy diferentes: Juv\u00e9 &amp; Camps, [&hellip;]\" \/>\n<meta property=\"og:url\" content=\"https:\/\/www.ascef.com\/es\/la-ascef-organiza-visitas-a-empresas-asociadas-y-jornadas-formativas-con-gran-exito-de-convocatoria\/\" \/>\n<meta property=\"og:site_name\" content=\"ASCEF\" \/>\n<meta property=\"article:published_time\" content=\"2019-12-18T21:30:24+00:00\" \/>\n<meta property=\"article:modified_time\" content=\"2020-03-09T08:33:07+00:00\" \/>\n<meta property=\"og:image\" content=\"https:\/\/www.ascef.com\/wp-content\/uploads\/2019\/12\/congreso3.jpg\" \/>\n\t<meta property=\"og:image:width\" content=\"640\" \/>\n\t<meta property=\"og:image:height\" content=\"426\" \/>\n\t<meta property=\"og:image:type\" content=\"image\/jpeg\" \/>\n<meta name=\"author\" content=\"Josep\" \/>\n<meta name=\"twitter:card\" content=\"summary_large_image\" \/>\n<meta name=\"twitter:label1\" content=\"Escrito por\" \/>\n\t<meta name=\"twitter:data1\" content=\"Josep\" \/>\n\t<meta name=\"twitter:label2\" content=\"Tiempo de lectura\" \/>\n\t<meta name=\"twitter:data2\" content=\"1 minuto\" \/>\n<script type=\"application\/ld+json\" class=\"yoast-schema-graph\">{\"@context\":\"https:\\\/\\\/schema.org\",\"@graph\":[{\"@type\":\"Article\",\"@id\":\"https:\\\/\\\/www.ascef.com\\\/es\\\/la-ascef-organiza-visitas-a-empresas-asociadas-y-jornadas-formativas-con-gran-exito-de-convocatoria\\\/#article\",\"isPartOf\":{\"@id\":\"https:\\\/\\\/www.ascef.com\\\/es\\\/la-ascef-organiza-visitas-a-empresas-asociadas-y-jornadas-formativas-con-gran-exito-de-convocatoria\\\/\"},\"author\":{\"name\":\"Josep\",\"@id\":\"https:\\\/\\\/www.ascef.com\\\/es\\\/#\\\/schema\\\/person\\\/389fe272e23115573501dfac89db7a78\"},\"headline\":\"La ASCEF organiza visitas a empresas asociadas y jornadas formativas con gran \u00e9xito de convocatoria\",\"datePublished\":\"2019-12-18T21:30:24+00:00\",\"dateModified\":\"2020-03-09T08:33:07+00:00\",\"mainEntityOfPage\":{\"@id\":\"https:\\\/\\\/www.ascef.com\\\/es\\\/la-ascef-organiza-visitas-a-empresas-asociadas-y-jornadas-formativas-con-gran-exito-de-convocatoria\\\/\"},\"wordCount\":238,\"commentCount\":0,\"image\":{\"@id\":\"https:\\\/\\\/www.ascef.com\\\/es\\\/la-ascef-organiza-visitas-a-empresas-asociadas-y-jornadas-formativas-con-gran-exito-de-convocatoria\\\/#primaryimage\"},\"thumbnailUrl\":\"https:\\\/\\\/www.ascef.com\\\/wp-content\\\/uploads\\\/2019\\\/12\\\/congreso3.jpg\",\"articleSection\":[\"general\"],\"inLanguage\":\"es\"},{\"@type\":\"WebPage\",\"@id\":\"https:\\\/\\\/www.ascef.com\\\/es\\\/la-ascef-organiza-visitas-a-empresas-asociadas-y-jornadas-formativas-con-gran-exito-de-convocatoria\\\/\",\"url\":\"https:\\\/\\\/www.ascef.com\\\/es\\\/la-ascef-organiza-visitas-a-empresas-asociadas-y-jornadas-formativas-con-gran-exito-de-convocatoria\\\/\",\"name\":\"La ASCEF organiza visitas a empresas asociadas y jornadas formativas con gran \u00e9xito de convocatoria - ASCEF\",\"isPartOf\":{\"@id\":\"https:\\\/\\\/www.ascef.com\\\/es\\\/#website\"},\"primaryImageOfPage\":{\"@id\":\"https:\\\/\\\/www.ascef.com\\\/es\\\/la-ascef-organiza-visitas-a-empresas-asociadas-y-jornadas-formativas-con-gran-exito-de-convocatoria\\\/#primaryimage\"},\"image\":{\"@id\":\"https:\\\/\\\/www.ascef.com\\\/es\\\/la-ascef-organiza-visitas-a-empresas-asociadas-y-jornadas-formativas-con-gran-exito-de-convocatoria\\\/#primaryimage\"},\"thumbnailUrl\":\"https:\\\/\\\/www.ascef.com\\\/wp-content\\\/uploads\\\/2019\\\/12\\\/congreso3.jpg\",\"datePublished\":\"2019-12-18T21:30:24+00:00\",\"dateModified\":\"2020-03-09T08:33:07+00:00\",\"author\":{\"@id\":\"https:\\\/\\\/www.ascef.com\\\/es\\\/#\\\/schema\\\/person\\\/389fe272e23115573501dfac89db7a78\"},\"breadcrumb\":{\"@id\":\"https:\\\/\\\/www.ascef.com\\\/es\\\/la-ascef-organiza-visitas-a-empresas-asociadas-y-jornadas-formativas-con-gran-exito-de-convocatoria\\\/#breadcrumb\"},\"inLanguage\":\"es\",\"potentialAction\":[{\"@type\":\"ReadAction\",\"target\":[\"https:\\\/\\\/www.ascef.com\\\/es\\\/la-ascef-organiza-visitas-a-empresas-asociadas-y-jornadas-formativas-con-gran-exito-de-convocatoria\\\/\"]}]},{\"@type\":\"ImageObject\",\"inLanguage\":\"es\",\"@id\":\"https:\\\/\\\/www.ascef.com\\\/es\\\/la-ascef-organiza-visitas-a-empresas-asociadas-y-jornadas-formativas-con-gran-exito-de-convocatoria\\\/#primaryimage\",\"url\":\"https:\\\/\\\/www.ascef.com\\\/wp-content\\\/uploads\\\/2019\\\/12\\\/congreso3.jpg\",\"contentUrl\":\"https:\\\/\\\/www.ascef.com\\\/wp-content\\\/uploads\\\/2019\\\/12\\\/congreso3.jpg\",\"width\":640,\"height\":426},{\"@type\":\"BreadcrumbList\",\"@id\":\"https:\\\/\\\/www.ascef.com\\\/es\\\/la-ascef-organiza-visitas-a-empresas-asociadas-y-jornadas-formativas-con-gran-exito-de-convocatoria\\\/#breadcrumb\",\"itemListElement\":[{\"@type\":\"ListItem\",\"position\":1,\"name\":\"Portada\",\"item\":\"https:\\\/\\\/www.ascef.com\\\/es\\\/\"},{\"@type\":\"ListItem\",\"position\":2,\"name\":\"La ASCEF organiza visitas a empresas asociadas y jornadas formativas con gran \u00e9xito de convocatoria\"}]},{\"@type\":\"WebSite\",\"@id\":\"https:\\\/\\\/www.ascef.com\\\/es\\\/#website\",\"url\":\"https:\\\/\\\/www.ascef.com\\\/es\\\/\",\"name\":\"ASCEF\",\"description\":\"Associaci\u00f3 Catalana de l\u2019Empresa Familiar\",\"potentialAction\":[{\"@type\":\"SearchAction\",\"target\":{\"@type\":\"EntryPoint\",\"urlTemplate\":\"https:\\\/\\\/www.ascef.com\\\/es\\\/?s={search_term_string}\"},\"query-input\":{\"@type\":\"PropertyValueSpecification\",\"valueRequired\":true,\"valueName\":\"search_term_string\"}}],\"inLanguage\":\"es\"},{\"@type\":\"Person\",\"@id\":\"https:\\\/\\\/www.ascef.com\\\/es\\\/#\\\/schema\\\/person\\\/389fe272e23115573501dfac89db7a78\",\"name\":\"Josep\",\"url\":\"https:\\\/\\\/www.ascef.com\\\/es\\\/author\\\/josep\\\/\"}]}<\/script>\n<!-- \/ Yoast SEO plugin. -->","yoast_head_json":{"title":"La ASCEF organiza visitas a empresas asociadas y jornadas formativas con gran \u00e9xito de convocatoria - ASCEF","robots":{"index":"index","follow":"follow","max-snippet":"max-snippet:-1","max-image-preview":"max-image-preview:large","max-video-preview":"max-video-preview:-1"},"canonical":"https:\/\/www.ascef.com\/es\/la-ascef-organiza-visitas-a-empresas-asociadas-y-jornadas-formativas-con-gran-exito-de-convocatoria\/","og_locale":"es_ES","og_type":"article","og_title":"La ASCEF organiza visitas a empresas asociadas y jornadas formativas con gran \u00e9xito de convocatoria - ASCEF","og_description":"Diciembre de 2019\/ Durante los \u00faltimos meses, la ASCEF ha mantenido una intensa actividad para fomentar la relaci\u00f3n entre los socios, dar a conocer experiencias empresariales y abordar temas que nos ocupan y preocupan. En este trimestre hemos realizado 3 visitas a las sedes de diferentes compa\u00f1\u00edas de sectores empresariales muy diferentes: Juv\u00e9 &amp; Camps, [&hellip;]","og_url":"https:\/\/www.ascef.com\/es\/la-ascef-organiza-visitas-a-empresas-asociadas-y-jornadas-formativas-con-gran-exito-de-convocatoria\/","og_site_name":"ASCEF","article_published_time":"2019-12-18T21:30:24+00:00","article_modified_time":"2020-03-09T08:33:07+00:00","og_image":[{"width":640,"height":426,"url":"https:\/\/www.ascef.com\/wp-content\/uploads\/2019\/12\/congreso3.jpg","type":"image\/jpeg"}],"author":"Josep","twitter_card":"summary_large_image","twitter_misc":{"Escrito por":"Josep","Tiempo de lectura":"1 minuto"},"schema":{"@context":"https:\/\/schema.org","@graph":[{"@type":"Article","@id":"https:\/\/www.ascef.com\/es\/la-ascef-organiza-visitas-a-empresas-asociadas-y-jornadas-formativas-con-gran-exito-de-convocatoria\/#article","isPartOf":{"@id":"https:\/\/www.ascef.com\/es\/la-ascef-organiza-visitas-a-empresas-asociadas-y-jornadas-formativas-con-gran-exito-de-convocatoria\/"},"author":{"name":"Josep","@id":"https:\/\/www.ascef.com\/es\/#\/schema\/person\/389fe272e23115573501dfac89db7a78"},"headline":"La ASCEF organiza visitas a empresas asociadas y jornadas formativas con gran \u00e9xito de convocatoria","datePublished":"2019-12-18T21:30:24+00:00","dateModified":"2020-03-09T08:33:07+00:00","mainEntityOfPage":{"@id":"https:\/\/www.ascef.com\/es\/la-ascef-organiza-visitas-a-empresas-asociadas-y-jornadas-formativas-con-gran-exito-de-convocatoria\/"},"wordCount":238,"commentCount":0,"image":{"@id":"https:\/\/www.ascef.com\/es\/la-ascef-organiza-visitas-a-empresas-asociadas-y-jornadas-formativas-con-gran-exito-de-convocatoria\/#primaryimage"},"thumbnailUrl":"https:\/\/www.ascef.com\/wp-content\/uploads\/2019\/12\/congreso3.jpg","articleSection":["general"],"inLanguage":"es"},{"@type":"WebPage","@id":"https:\/\/www.ascef.com\/es\/la-ascef-organiza-visitas-a-empresas-asociadas-y-jornadas-formativas-con-gran-exito-de-convocatoria\/","url":"https:\/\/www.ascef.com\/es\/la-ascef-organiza-visitas-a-empresas-asociadas-y-jornadas-formativas-con-gran-exito-de-convocatoria\/","name":"La ASCEF organiza visitas a empresas asociadas y jornadas formativas con gran \u00e9xito de convocatoria - ASCEF","isPartOf":{"@id":"https:\/\/www.ascef.com\/es\/#website"},"primaryImageOfPage":{"@id":"https:\/\/www.ascef.com\/es\/la-ascef-organiza-visitas-a-empresas-asociadas-y-jornadas-formativas-con-gran-exito-de-convocatoria\/#primaryimage"},"image":{"@id":"https:\/\/www.ascef.com\/es\/la-ascef-organiza-visitas-a-empresas-asociadas-y-jornadas-formativas-con-gran-exito-de-convocatoria\/#primaryimage"},"thumbnailUrl":"https:\/\/www.ascef.com\/wp-content\/uploads\/2019\/12\/congreso3.jpg","datePublished":"2019-12-18T21:30:24+00:00","dateModified":"2020-03-09T08:33:07+00:00","author":{"@id":"https:\/\/www.ascef.com\/es\/#\/schema\/person\/389fe272e23115573501dfac89db7a78"},"breadcrumb":{"@id":"https:\/\/www.ascef.com\/es\/la-ascef-organiza-visitas-a-empresas-asociadas-y-jornadas-formativas-con-gran-exito-de-convocatoria\/#breadcrumb"},"inLanguage":"es","potentialAction":[{"@type":"ReadAction","target":["https:\/\/www.ascef.com\/es\/la-ascef-organiza-visitas-a-empresas-asociadas-y-jornadas-formativas-con-gran-exito-de-convocatoria\/"]}]},{"@type":"ImageObject","inLanguage":"es","@id":"https:\/\/www.ascef.com\/es\/la-ascef-organiza-visitas-a-empresas-asociadas-y-jornadas-formativas-con-gran-exito-de-convocatoria\/#primaryimage","url":"https:\/\/www.ascef.com\/wp-content\/uploads\/2019\/12\/congreso3.jpg","contentUrl":"https:\/\/www.ascef.com\/wp-content\/uploads\/2019\/12\/congreso3.jpg","width":640,"height":426},{"@type":"BreadcrumbList","@id":"https:\/\/www.ascef.com\/es\/la-ascef-organiza-visitas-a-empresas-asociadas-y-jornadas-formativas-con-gran-exito-de-convocatoria\/#breadcrumb","itemListElement":[{"@type":"ListItem","position":1,"name":"Portada","item":"https:\/\/www.ascef.com\/es\/"},{"@type":"ListItem","position":2,"name":"La ASCEF organiza visitas a empresas asociadas y jornadas formativas con gran \u00e9xito de convocatoria"}]},{"@type":"WebSite","@id":"https:\/\/www.ascef.com\/es\/#website","url":"https:\/\/www.ascef.com\/es\/","name":"ASCEF","description":"Associaci\u00f3 Catalana de l\u2019Empresa Familiar","potentialAction":[{"@type":"SearchAction","target":{"@type":"EntryPoint","urlTemplate":"https:\/\/www.ascef.com\/es\/?s={search_term_string}"},"query-input":{"@type":"PropertyValueSpecification","valueRequired":true,"valueName":"search_term_string"}}],"inLanguage":"es"},{"@type":"Person","@id":"https:\/\/www.ascef.com\/es\/#\/schema\/person\/389fe272e23115573501dfac89db7a78","name":"Josep","url":"https:\/\/www.ascef.com\/es\/author\/josep\/"}]}},"_links":{"self":[{"href":"https:\/\/www.ascef.com\/es\/wp-json\/wp\/v2\/posts\/856","targetHints":{"allow":["GET"]}}],"collection":[{"href":"https:\/\/www.ascef.com\/es\/wp-json\/wp\/v2\/posts"}],"about":[{"href":"https:\/\/www.ascef.com\/es\/wp-json\/wp\/v2\/types\/post"}],"author":[{"embeddable":true,"href":"https:\/\/www.ascef.com\/es\/wp-json\/wp\/v2\/users\/1"}],"replies":[{"embeddable":true,"href":"https:\/\/www.ascef.com\/es\/wp-json\/wp\/v2\/comments?post=856"}],"version-history":[{"count":2,"href":"https:\/\/www.ascef.com\/es\/wp-json\/wp\/v2\/posts\/856\/revisions"}],"predecessor-version":[{"id":1195,"href":"https:\/\/www.ascef.com\/es\/wp-json\/wp\/v2\/posts\/856\/revisions\/1195"}],"wp:featuredmedia":[{"embeddable":true,"href":"https:\/\/www.ascef.com\/es\/wp-json\/wp\/v2\/media\/1197"}],"wp:attachment":[{"href":"https:\/\/www.ascef.com\/es\/wp-json\/wp\/v2\/media?parent=856"}],"wp:term":[{"taxonomy":"category","embeddable":true,"href":"https:\/\/www.ascef.com\/es\/wp-json\/wp\/v2\/categories?post=856"},{"taxonomy":"post_tag","embeddable":true,"href":"https:\/\/www.ascef.com\/es\/wp-json\/wp\/v2\/tags?post=856"}],"curies":[{"name":"wp","href":"https:\/\/api.w.org\/{rel}","templated":true}]}}