{"id":8525,"date":"2024-10-04T08:39:37","date_gmt":"2024-10-04T08:39:37","guid":{"rendered":"https:\/\/www.ascef.com\/?p=8525"},"modified":"2024-10-10T11:13:20","modified_gmt":"2024-10-10T11:13:20","slug":"nuevo-curso-nuevas-oportunidades","status":"publish","type":"post","link":"https:\/\/www.ascef.com\/es\/nuevo-curso-nuevas-oportunidades\/","title":{"rendered":"Nuevo curso, nuevas oportunidades"},"content":{"rendered":"<p>Despu\u00e9s del verano, ASCEF retoma sus actividades con un curso lleno de buenas expectativas y proyectos.<\/p>\n<p>Formarse e informarse, estar al d\u00eda, son las claves fundamentales para hacer frente a un entorno que evoluciona y cambia a gran velocidad. Por eso, en ASCEF trabajamos para ofreceros actividades, seminarios, mesas redondas, coloquios y talleres que nos ayuden ante los retos actuales, como por ejemplo, la adaptaci\u00f3n a la transformaci\u00f3n digital, a la inteligencia artificial, la sostenibilidad y la innovaci\u00f3n en momentos de cambio.<\/p>\n<p>Continuaremos poniendo \u00e9nfasis en temas capitales para las empresas familiares como la sucesi\u00f3n, el relevo generacional, la cohesi\u00f3n familiar, el legado familiar a largo plazo o en c\u00f3mo alinear los valores de la empresa con los de la familia, todos ellos aspectos relevantes para el \u00e9xito y la continuidad de las empresas familiares.<\/p>\n<p>En noviembre celebraremos un nuevo encuentro anual de socios, y ser\u00e1 en el primer trimestre de 2025 cuando ASCEF afrontar\u00e1 un nuevo reto: Barcelona ser\u00e1 la sede del Encuentro Nacional del Forum Familiar 2025, un acto de que sin duda dar\u00e1 visibilidad a nuestra Asociaci\u00f3n y muy especialmente a los miembros m\u00e1s j\u00f3venes que forman parte del grupo del Forum de J\u00f3venes, verdaderos protagonistas del Encuentro.<\/p>\n<p>El inicio de un nuevo curso marca una oportunidad para revitalizar la conexi\u00f3n entre los miembros, actualizar el conocimiento y compartir experiencias en la gesti\u00f3n de las empresas familiares. Os animamos e invitamos a participar de las actividades que ASCEF est\u00e1 preparando para este nuevo ciclo y de las que, como siempre, os iremos informando puntualmente.<\/p>\n<p>De nuevo, iniciamos el curso COMPROMETIDOS CONTIGO.<\/p>\n<p><strong>Isabel del Sol<\/strong><\/p>\n<p>Directora de la ASCEF<\/p>\n","protected":false},"excerpt":{"rendered":"<p>Despu\u00e9s del verano, ASCEF retoma sus actividades con un curso lleno de buenas expectativas y proyectos. Formarse e informarse, estar al d\u00eda, son las claves fundamentales para hacer frente a un entorno que evoluciona y cambia a gran velocidad. Por eso, en ASCEF trabajamos para ofreceros actividades, seminarios, mesas redondas, coloquios y talleres que nos [&hellip;]<\/p>\n","protected":false},"author":311,"featured_media":5081,"comment_status":"open","ping_status":"closed","sticky":false,"template":"","format":"standard","meta":{"_acf_changed":false,"footnotes":""},"categories":[185],"tags":[],"class_list":["post-8525","post","type-post","status-publish","format-standard","has-post-thumbnail","hentry","category-general"],"acf":[],"yoast_head":"<!-- This site is optimized with the Yoast SEO plugin v27.5 - https:\/\/yoast.com\/product\/yoast-seo-wordpress\/ -->\n<title>Nuevo curso, nuevas oportunidades - ASCEF<\/title>\n<meta name=\"robots\" content=\"index, follow, max-snippet:-1, max-image-preview:large, max-video-preview:-1\" \/>\n<link rel=\"canonical\" href=\"https:\/\/www.ascef.com\/es\/nuevo-curso-nuevas-oportunidades\/\" \/>\n<meta property=\"og:locale\" content=\"es_ES\" \/>\n<meta property=\"og:type\" content=\"article\" \/>\n<meta property=\"og:title\" content=\"Nuevo curso, nuevas oportunidades - ASCEF\" \/>\n<meta property=\"og:description\" content=\"Despu\u00e9s del verano, ASCEF retoma sus actividades con un curso lleno de buenas expectativas y proyectos. Formarse e informarse, estar al d\u00eda, son las claves fundamentales para hacer frente a un entorno que evoluciona y cambia a gran velocidad. Por eso, en ASCEF trabajamos para ofreceros actividades, seminarios, mesas redondas, coloquios y talleres que nos [&hellip;]\" \/>\n<meta property=\"og:url\" content=\"https:\/\/www.ascef.com\/es\/nuevo-curso-nuevas-oportunidades\/\" \/>\n<meta property=\"og:site_name\" content=\"ASCEF\" \/>\n<meta property=\"article:published_time\" content=\"2024-10-04T08:39:37+00:00\" \/>\n<meta property=\"article:modified_time\" content=\"2024-10-10T11:13:20+00:00\" \/>\n<meta property=\"og:image\" content=\"https:\/\/www.ascef.com\/wp-content\/uploads\/2022\/12\/Isabel-del-sol-baixa-retallada-e1710930686581.jpg\" \/>\n\t<meta property=\"og:image:width\" content=\"426\" \/>\n\t<meta property=\"og:image:height\" content=\"501\" \/>\n\t<meta property=\"og:image:type\" content=\"image\/jpeg\" \/>\n<meta name=\"author\" content=\"usuari_ascef_admin\" \/>\n<meta name=\"twitter:card\" content=\"summary_large_image\" \/>\n<meta name=\"twitter:label1\" content=\"Escrito por\" \/>\n\t<meta name=\"twitter:data1\" content=\"usuari_ascef_admin\" \/>\n\t<meta name=\"twitter:label2\" content=\"Tiempo de lectura\" \/>\n\t<meta name=\"twitter:data2\" content=\"2 minutos\" \/>\n<script type=\"application\/ld+json\" class=\"yoast-schema-graph\">{\"@context\":\"https:\\\/\\\/schema.org\",\"@graph\":[{\"@type\":\"Article\",\"@id\":\"https:\\\/\\\/www.ascef.com\\\/es\\\/nuevo-curso-nuevas-oportunidades\\\/#article\",\"isPartOf\":{\"@id\":\"https:\\\/\\\/www.ascef.com\\\/es\\\/nuevo-curso-nuevas-oportunidades\\\/\"},\"author\":{\"name\":\"usuari_ascef_admin\",\"@id\":\"https:\\\/\\\/www.ascef.com\\\/es\\\/#\\\/schema\\\/person\\\/818edf5b5f3a1179bca4deca82c739f5\"},\"headline\":\"Nuevo curso, nuevas oportunidades\",\"datePublished\":\"2024-10-04T08:39:37+00:00\",\"dateModified\":\"2024-10-10T11:13:20+00:00\",\"mainEntityOfPage\":{\"@id\":\"https:\\\/\\\/www.ascef.com\\\/es\\\/nuevo-curso-nuevas-oportunidades\\\/\"},\"wordCount\":287,\"commentCount\":0,\"image\":{\"@id\":\"https:\\\/\\\/www.ascef.com\\\/es\\\/nuevo-curso-nuevas-oportunidades\\\/#primaryimage\"},\"thumbnailUrl\":\"https:\\\/\\\/www.ascef.com\\\/wp-content\\\/uploads\\\/2022\\\/12\\\/Isabel-del-sol-baixa-retallada-e1710930686581.jpg\",\"articleSection\":[\"general\"],\"inLanguage\":\"es\"},{\"@type\":\"WebPage\",\"@id\":\"https:\\\/\\\/www.ascef.com\\\/es\\\/nuevo-curso-nuevas-oportunidades\\\/\",\"url\":\"https:\\\/\\\/www.ascef.com\\\/es\\\/nuevo-curso-nuevas-oportunidades\\\/\",\"name\":\"Nuevo curso, nuevas oportunidades - ASCEF\",\"isPartOf\":{\"@id\":\"https:\\\/\\\/www.ascef.com\\\/es\\\/#website\"},\"primaryImageOfPage\":{\"@id\":\"https:\\\/\\\/www.ascef.com\\\/es\\\/nuevo-curso-nuevas-oportunidades\\\/#primaryimage\"},\"image\":{\"@id\":\"https:\\\/\\\/www.ascef.com\\\/es\\\/nuevo-curso-nuevas-oportunidades\\\/#primaryimage\"},\"thumbnailUrl\":\"https:\\\/\\\/www.ascef.com\\\/wp-content\\\/uploads\\\/2022\\\/12\\\/Isabel-del-sol-baixa-retallada-e1710930686581.jpg\",\"datePublished\":\"2024-10-04T08:39:37+00:00\",\"dateModified\":\"2024-10-10T11:13:20+00:00\",\"author\":{\"@id\":\"https:\\\/\\\/www.ascef.com\\\/es\\\/#\\\/schema\\\/person\\\/818edf5b5f3a1179bca4deca82c739f5\"},\"breadcrumb\":{\"@id\":\"https:\\\/\\\/www.ascef.com\\\/es\\\/nuevo-curso-nuevas-oportunidades\\\/#breadcrumb\"},\"inLanguage\":\"es\",\"potentialAction\":[{\"@type\":\"ReadAction\",\"target\":[\"https:\\\/\\\/www.ascef.com\\\/es\\\/nuevo-curso-nuevas-oportunidades\\\/\"]}]},{\"@type\":\"ImageObject\",\"inLanguage\":\"es\",\"@id\":\"https:\\\/\\\/www.ascef.com\\\/es\\\/nuevo-curso-nuevas-oportunidades\\\/#primaryimage\",\"url\":\"https:\\\/\\\/www.ascef.com\\\/wp-content\\\/uploads\\\/2022\\\/12\\\/Isabel-del-sol-baixa-retallada-e1710930686581.jpg\",\"contentUrl\":\"https:\\\/\\\/www.ascef.com\\\/wp-content\\\/uploads\\\/2022\\\/12\\\/Isabel-del-sol-baixa-retallada-e1710930686581.jpg\",\"width\":426,\"height\":501},{\"@type\":\"BreadcrumbList\",\"@id\":\"https:\\\/\\\/www.ascef.com\\\/es\\\/nuevo-curso-nuevas-oportunidades\\\/#breadcrumb\",\"itemListElement\":[{\"@type\":\"ListItem\",\"position\":1,\"name\":\"Portada\",\"item\":\"https:\\\/\\\/www.ascef.com\\\/es\\\/\"},{\"@type\":\"ListItem\",\"position\":2,\"name\":\"Nuevo curso, nuevas oportunidades\"}]},{\"@type\":\"WebSite\",\"@id\":\"https:\\\/\\\/www.ascef.com\\\/es\\\/#website\",\"url\":\"https:\\\/\\\/www.ascef.com\\\/es\\\/\",\"name\":\"ASCEF\",\"description\":\"Associaci\u00f3 Catalana de l\u2019Empresa Familiar\",\"potentialAction\":[{\"@type\":\"SearchAction\",\"target\":{\"@type\":\"EntryPoint\",\"urlTemplate\":\"https:\\\/\\\/www.ascef.com\\\/es\\\/?s={search_term_string}\"},\"query-input\":{\"@type\":\"PropertyValueSpecification\",\"valueRequired\":true,\"valueName\":\"search_term_string\"}}],\"inLanguage\":\"es\"},{\"@type\":\"Person\",\"@id\":\"https:\\\/\\\/www.ascef.com\\\/es\\\/#\\\/schema\\\/person\\\/818edf5b5f3a1179bca4deca82c739f5\",\"name\":\"usuari_ascef_admin\",\"url\":\"https:\\\/\\\/www.ascef.com\\\/es\\\/author\\\/usuari_ascef_admin\\\/\"}]}<\/script>\n<!-- \/ Yoast SEO plugin. -->","yoast_head_json":{"title":"Nuevo curso, nuevas oportunidades - ASCEF","robots":{"index":"index","follow":"follow","max-snippet":"max-snippet:-1","max-image-preview":"max-image-preview:large","max-video-preview":"max-video-preview:-1"},"canonical":"https:\/\/www.ascef.com\/es\/nuevo-curso-nuevas-oportunidades\/","og_locale":"es_ES","og_type":"article","og_title":"Nuevo curso, nuevas oportunidades - ASCEF","og_description":"Despu\u00e9s del verano, ASCEF retoma sus actividades con un curso lleno de buenas expectativas y proyectos. Formarse e informarse, estar al d\u00eda, son las claves fundamentales para hacer frente a un entorno que evoluciona y cambia a gran velocidad. Por eso, en ASCEF trabajamos para ofreceros actividades, seminarios, mesas redondas, coloquios y talleres que nos [&hellip;]","og_url":"https:\/\/www.ascef.com\/es\/nuevo-curso-nuevas-oportunidades\/","og_site_name":"ASCEF","article_published_time":"2024-10-04T08:39:37+00:00","article_modified_time":"2024-10-10T11:13:20+00:00","og_image":[{"width":426,"height":501,"url":"https:\/\/www.ascef.com\/wp-content\/uploads\/2022\/12\/Isabel-del-sol-baixa-retallada-e1710930686581.jpg","type":"image\/jpeg"}],"author":"usuari_ascef_admin","twitter_card":"summary_large_image","twitter_misc":{"Escrito por":"usuari_ascef_admin","Tiempo de lectura":"2 minutos"},"schema":{"@context":"https:\/\/schema.org","@graph":[{"@type":"Article","@id":"https:\/\/www.ascef.com\/es\/nuevo-curso-nuevas-oportunidades\/#article","isPartOf":{"@id":"https:\/\/www.ascef.com\/es\/nuevo-curso-nuevas-oportunidades\/"},"author":{"name":"usuari_ascef_admin","@id":"https:\/\/www.ascef.com\/es\/#\/schema\/person\/818edf5b5f3a1179bca4deca82c739f5"},"headline":"Nuevo curso, nuevas oportunidades","datePublished":"2024-10-04T08:39:37+00:00","dateModified":"2024-10-10T11:13:20+00:00","mainEntityOfPage":{"@id":"https:\/\/www.ascef.com\/es\/nuevo-curso-nuevas-oportunidades\/"},"wordCount":287,"commentCount":0,"image":{"@id":"https:\/\/www.ascef.com\/es\/nuevo-curso-nuevas-oportunidades\/#primaryimage"},"thumbnailUrl":"https:\/\/www.ascef.com\/wp-content\/uploads\/2022\/12\/Isabel-del-sol-baixa-retallada-e1710930686581.jpg","articleSection":["general"],"inLanguage":"es"},{"@type":"WebPage","@id":"https:\/\/www.ascef.com\/es\/nuevo-curso-nuevas-oportunidades\/","url":"https:\/\/www.ascef.com\/es\/nuevo-curso-nuevas-oportunidades\/","name":"Nuevo curso, nuevas oportunidades - ASCEF","isPartOf":{"@id":"https:\/\/www.ascef.com\/es\/#website"},"primaryImageOfPage":{"@id":"https:\/\/www.ascef.com\/es\/nuevo-curso-nuevas-oportunidades\/#primaryimage"},"image":{"@id":"https:\/\/www.ascef.com\/es\/nuevo-curso-nuevas-oportunidades\/#primaryimage"},"thumbnailUrl":"https:\/\/www.ascef.com\/wp-content\/uploads\/2022\/12\/Isabel-del-sol-baixa-retallada-e1710930686581.jpg","datePublished":"2024-10-04T08:39:37+00:00","dateModified":"2024-10-10T11:13:20+00:00","author":{"@id":"https:\/\/www.ascef.com\/es\/#\/schema\/person\/818edf5b5f3a1179bca4deca82c739f5"},"breadcrumb":{"@id":"https:\/\/www.ascef.com\/es\/nuevo-curso-nuevas-oportunidades\/#breadcrumb"},"inLanguage":"es","potentialAction":[{"@type":"ReadAction","target":["https:\/\/www.ascef.com\/es\/nuevo-curso-nuevas-oportunidades\/"]}]},{"@type":"ImageObject","inLanguage":"es","@id":"https:\/\/www.ascef.com\/es\/nuevo-curso-nuevas-oportunidades\/#primaryimage","url":"https:\/\/www.ascef.com\/wp-content\/uploads\/2022\/12\/Isabel-del-sol-baixa-retallada-e1710930686581.jpg","contentUrl":"https:\/\/www.ascef.com\/wp-content\/uploads\/2022\/12\/Isabel-del-sol-baixa-retallada-e1710930686581.jpg","width":426,"height":501},{"@type":"BreadcrumbList","@id":"https:\/\/www.ascef.com\/es\/nuevo-curso-nuevas-oportunidades\/#breadcrumb","itemListElement":[{"@type":"ListItem","position":1,"name":"Portada","item":"https:\/\/www.ascef.com\/es\/"},{"@type":"ListItem","position":2,"name":"Nuevo curso, nuevas oportunidades"}]},{"@type":"WebSite","@id":"https:\/\/www.ascef.com\/es\/#website","url":"https:\/\/www.ascef.com\/es\/","name":"ASCEF","description":"Associaci\u00f3 Catalana de l\u2019Empresa Familiar","potentialAction":[{"@type":"SearchAction","target":{"@type":"EntryPoint","urlTemplate":"https:\/\/www.ascef.com\/es\/?s={search_term_string}"},"query-input":{"@type":"PropertyValueSpecification","valueRequired":true,"valueName":"search_term_string"}}],"inLanguage":"es"},{"@type":"Person","@id":"https:\/\/www.ascef.com\/es\/#\/schema\/person\/818edf5b5f3a1179bca4deca82c739f5","name":"usuari_ascef_admin","url":"https:\/\/www.ascef.com\/es\/author\/usuari_ascef_admin\/"}]}},"_links":{"self":[{"href":"https:\/\/www.ascef.com\/es\/wp-json\/wp\/v2\/posts\/8525","targetHints":{"allow":["GET"]}}],"collection":[{"href":"https:\/\/www.ascef.com\/es\/wp-json\/wp\/v2\/posts"}],"about":[{"href":"https:\/\/www.ascef.com\/es\/wp-json\/wp\/v2\/types\/post"}],"author":[{"embeddable":true,"href":"https:\/\/www.ascef.com\/es\/wp-json\/wp\/v2\/users\/311"}],"replies":[{"embeddable":true,"href":"https:\/\/www.ascef.com\/es\/wp-json\/wp\/v2\/comments?post=8525"}],"version-history":[{"count":4,"href":"https:\/\/www.ascef.com\/es\/wp-json\/wp\/v2\/posts\/8525\/revisions"}],"predecessor-version":[{"id":8692,"href":"https:\/\/www.ascef.com\/es\/wp-json\/wp\/v2\/posts\/8525\/revisions\/8692"}],"wp:featuredmedia":[{"embeddable":true,"href":"https:\/\/www.ascef.com\/es\/wp-json\/wp\/v2\/media\/5081"}],"wp:attachment":[{"href":"https:\/\/www.ascef.com\/es\/wp-json\/wp\/v2\/media?parent=8525"}],"wp:term":[{"taxonomy":"category","embeddable":true,"href":"https:\/\/www.ascef.com\/es\/wp-json\/wp\/v2\/categories?post=8525"},{"taxonomy":"post_tag","embeddable":true,"href":"https:\/\/www.ascef.com\/es\/wp-json\/wp\/v2\/tags?post=8525"}],"curies":[{"name":"wp","href":"https:\/\/api.w.org\/{rel}","templated":true}]}}