{"id":8415,"date":"2024-07-03T08:47:01","date_gmt":"2024-07-03T08:47:01","guid":{"rendered":"https:\/\/www.ascef.com\/?p=8415"},"modified":"2024-07-05T10:21:46","modified_gmt":"2024-07-05T10:21:46","slug":"deporte-y-en-el-torneo-de-padel-de-la-ascef","status":"publish","type":"post","link":"https:\/\/www.ascef.com\/es\/deporte-y-en-el-torneo-de-padel-de-la-ascef\/","title":{"rendered":"Deporte y compa\u00f1erismo en el Torneo de padel de la ASCEF"},"content":{"rendered":"<p>El domingo, 30 de junio, el F\u00f3rum de J\u00f3venes organiz\u00f3 el torneo \/ americana de p\u00e1del en las nuevas instalaciones de Frigicoll en Sant Just Desvern. Una excelente oportunidad para practicar y poner a prueba el nivel de los participante y, lo que es m\u00e1s importe, pasar un buen rato entre compa\u00f1eros.<br \/>\nTras una intensa ma\u00f1ana de competici\u00f3n, los campeones fueron Pere Batalla y \u00c0lex Reyne de Simon y los subcampeones fueron Cristina Borr\u00e0s de AMSTRO y Ricard Oller de Oller Business Insurance Brokers. A continuaci\u00f3n, todos los participantes compartieron un aperitivo de domingo, se sortearon lotes de productos de empresas socias de la ASCEF y pudieron visitar las instalaciones de la empresa familiar Frigicoll acompa\u00f1ados por Ana Rigol Coll.<\/p>\n","protected":false},"excerpt":{"rendered":"<p>El domingo, 30 de junio, el F\u00f3rum de J\u00f3venes organiz\u00f3 el torneo \/ americana de p\u00e1del en las nuevas instalaciones de Frigicoll en Sant Just Desvern. Una excelente oportunidad para practicar y poner a prueba el nivel de los participante y, lo que es m\u00e1s importe, pasar un buen rato entre compa\u00f1eros. Tras una intensa [&hellip;]<\/p>\n","protected":false},"author":311,"featured_media":8417,"comment_status":"open","ping_status":"closed","sticky":false,"template":"","format":"standard","meta":{"_acf_changed":false,"footnotes":""},"categories":[185],"tags":[],"class_list":["post-8415","post","type-post","status-publish","format-standard","has-post-thumbnail","hentry","category-general"],"acf":[],"yoast_head":"<!-- This site is optimized with the Yoast SEO plugin v27.5 - https:\/\/yoast.com\/product\/yoast-seo-wordpress\/ -->\n<title>Deporte y compa\u00f1erismo en el Torneo de padel de la ASCEF - ASCEF<\/title>\n<meta name=\"robots\" content=\"index, follow, max-snippet:-1, max-image-preview:large, max-video-preview:-1\" \/>\n<link rel=\"canonical\" href=\"https:\/\/www.ascef.com\/es\/deporte-y-en-el-torneo-de-padel-de-la-ascef\/\" \/>\n<meta property=\"og:locale\" content=\"es_ES\" \/>\n<meta property=\"og:type\" content=\"article\" \/>\n<meta property=\"og:title\" content=\"Deporte y compa\u00f1erismo en el Torneo de padel de la ASCEF - ASCEF\" \/>\n<meta property=\"og:description\" content=\"El domingo, 30 de junio, el F\u00f3rum de J\u00f3venes organiz\u00f3 el torneo \/ americana de p\u00e1del en las nuevas instalaciones de Frigicoll en Sant Just Desvern. Una excelente oportunidad para practicar y poner a prueba el nivel de los participante y, lo que es m\u00e1s importe, pasar un buen rato entre compa\u00f1eros. Tras una intensa [&hellip;]\" \/>\n<meta property=\"og:url\" content=\"https:\/\/www.ascef.com\/es\/deporte-y-en-el-torneo-de-padel-de-la-ascef\/\" \/>\n<meta property=\"og:site_name\" content=\"ASCEF\" \/>\n<meta property=\"article:published_time\" content=\"2024-07-03T08:47:01+00:00\" \/>\n<meta property=\"article:modified_time\" content=\"2024-07-05T10:21:46+00:00\" \/>\n<meta property=\"og:image\" content=\"https:\/\/www.ascef.com\/wp-content\/uploads\/2024\/07\/Imagen-de-WhatsApp-2024-07-03-a-las-10.38.29_6da80c61.jpg\" \/>\n\t<meta property=\"og:image:width\" content=\"1085\" \/>\n\t<meta property=\"og:image:height\" content=\"814\" \/>\n\t<meta property=\"og:image:type\" content=\"image\/jpeg\" \/>\n<meta name=\"author\" content=\"usuari_ascef_admin\" \/>\n<meta name=\"twitter:card\" content=\"summary_large_image\" \/>\n<meta name=\"twitter:label1\" content=\"Escrito por\" \/>\n\t<meta name=\"twitter:data1\" content=\"usuari_ascef_admin\" \/>\n\t<meta name=\"twitter:label2\" content=\"Tiempo de lectura\" \/>\n\t<meta name=\"twitter:data2\" content=\"1 minuto\" \/>\n<script type=\"application\/ld+json\" class=\"yoast-schema-graph\">{\"@context\":\"https:\\\/\\\/schema.org\",\"@graph\":[{\"@type\":\"Article\",\"@id\":\"https:\\\/\\\/www.ascef.com\\\/es\\\/deporte-y-en-el-torneo-de-padel-de-la-ascef\\\/#article\",\"isPartOf\":{\"@id\":\"https:\\\/\\\/www.ascef.com\\\/es\\\/deporte-y-en-el-torneo-de-padel-de-la-ascef\\\/\"},\"author\":{\"name\":\"usuari_ascef_admin\",\"@id\":\"https:\\\/\\\/www.ascef.com\\\/es\\\/#\\\/schema\\\/person\\\/818edf5b5f3a1179bca4deca82c739f5\"},\"headline\":\"Deporte y compa\u00f1erismo en el Torneo de padel de la ASCEF\",\"datePublished\":\"2024-07-03T08:47:01+00:00\",\"dateModified\":\"2024-07-05T10:21:46+00:00\",\"mainEntityOfPage\":{\"@id\":\"https:\\\/\\\/www.ascef.com\\\/es\\\/deporte-y-en-el-torneo-de-padel-de-la-ascef\\\/\"},\"wordCount\":140,\"commentCount\":0,\"image\":{\"@id\":\"https:\\\/\\\/www.ascef.com\\\/es\\\/deporte-y-en-el-torneo-de-padel-de-la-ascef\\\/#primaryimage\"},\"thumbnailUrl\":\"https:\\\/\\\/www.ascef.com\\\/wp-content\\\/uploads\\\/2024\\\/07\\\/Imagen-de-WhatsApp-2024-07-03-a-las-10.38.29_6da80c61.jpg\",\"articleSection\":[\"general\"],\"inLanguage\":\"es\"},{\"@type\":\"WebPage\",\"@id\":\"https:\\\/\\\/www.ascef.com\\\/es\\\/deporte-y-en-el-torneo-de-padel-de-la-ascef\\\/\",\"url\":\"https:\\\/\\\/www.ascef.com\\\/es\\\/deporte-y-en-el-torneo-de-padel-de-la-ascef\\\/\",\"name\":\"Deporte y compa\u00f1erismo en el Torneo de padel de la ASCEF - ASCEF\",\"isPartOf\":{\"@id\":\"https:\\\/\\\/www.ascef.com\\\/es\\\/#website\"},\"primaryImageOfPage\":{\"@id\":\"https:\\\/\\\/www.ascef.com\\\/es\\\/deporte-y-en-el-torneo-de-padel-de-la-ascef\\\/#primaryimage\"},\"image\":{\"@id\":\"https:\\\/\\\/www.ascef.com\\\/es\\\/deporte-y-en-el-torneo-de-padel-de-la-ascef\\\/#primaryimage\"},\"thumbnailUrl\":\"https:\\\/\\\/www.ascef.com\\\/wp-content\\\/uploads\\\/2024\\\/07\\\/Imagen-de-WhatsApp-2024-07-03-a-las-10.38.29_6da80c61.jpg\",\"datePublished\":\"2024-07-03T08:47:01+00:00\",\"dateModified\":\"2024-07-05T10:21:46+00:00\",\"author\":{\"@id\":\"https:\\\/\\\/www.ascef.com\\\/es\\\/#\\\/schema\\\/person\\\/818edf5b5f3a1179bca4deca82c739f5\"},\"breadcrumb\":{\"@id\":\"https:\\\/\\\/www.ascef.com\\\/es\\\/deporte-y-en-el-torneo-de-padel-de-la-ascef\\\/#breadcrumb\"},\"inLanguage\":\"es\",\"potentialAction\":[{\"@type\":\"ReadAction\",\"target\":[\"https:\\\/\\\/www.ascef.com\\\/es\\\/deporte-y-en-el-torneo-de-padel-de-la-ascef\\\/\"]}]},{\"@type\":\"ImageObject\",\"inLanguage\":\"es\",\"@id\":\"https:\\\/\\\/www.ascef.com\\\/es\\\/deporte-y-en-el-torneo-de-padel-de-la-ascef\\\/#primaryimage\",\"url\":\"https:\\\/\\\/www.ascef.com\\\/wp-content\\\/uploads\\\/2024\\\/07\\\/Imagen-de-WhatsApp-2024-07-03-a-las-10.38.29_6da80c61.jpg\",\"contentUrl\":\"https:\\\/\\\/www.ascef.com\\\/wp-content\\\/uploads\\\/2024\\\/07\\\/Imagen-de-WhatsApp-2024-07-03-a-las-10.38.29_6da80c61.jpg\",\"width\":1085,\"height\":814},{\"@type\":\"BreadcrumbList\",\"@id\":\"https:\\\/\\\/www.ascef.com\\\/es\\\/deporte-y-en-el-torneo-de-padel-de-la-ascef\\\/#breadcrumb\",\"itemListElement\":[{\"@type\":\"ListItem\",\"position\":1,\"name\":\"Portada\",\"item\":\"https:\\\/\\\/www.ascef.com\\\/es\\\/\"},{\"@type\":\"ListItem\",\"position\":2,\"name\":\"Deporte y compa\u00f1erismo en el Torneo de padel de la ASCEF\"}]},{\"@type\":\"WebSite\",\"@id\":\"https:\\\/\\\/www.ascef.com\\\/es\\\/#website\",\"url\":\"https:\\\/\\\/www.ascef.com\\\/es\\\/\",\"name\":\"ASCEF\",\"description\":\"Associaci\u00f3 Catalana de l\u2019Empresa Familiar\",\"potentialAction\":[{\"@type\":\"SearchAction\",\"target\":{\"@type\":\"EntryPoint\",\"urlTemplate\":\"https:\\\/\\\/www.ascef.com\\\/es\\\/?s={search_term_string}\"},\"query-input\":{\"@type\":\"PropertyValueSpecification\",\"valueRequired\":true,\"valueName\":\"search_term_string\"}}],\"inLanguage\":\"es\"},{\"@type\":\"Person\",\"@id\":\"https:\\\/\\\/www.ascef.com\\\/es\\\/#\\\/schema\\\/person\\\/818edf5b5f3a1179bca4deca82c739f5\",\"name\":\"usuari_ascef_admin\",\"url\":\"https:\\\/\\\/www.ascef.com\\\/es\\\/author\\\/usuari_ascef_admin\\\/\"}]}<\/script>\n<!-- \/ Yoast SEO plugin. -->","yoast_head_json":{"title":"Deporte y compa\u00f1erismo en el Torneo de padel de la ASCEF - ASCEF","robots":{"index":"index","follow":"follow","max-snippet":"max-snippet:-1","max-image-preview":"max-image-preview:large","max-video-preview":"max-video-preview:-1"},"canonical":"https:\/\/www.ascef.com\/es\/deporte-y-en-el-torneo-de-padel-de-la-ascef\/","og_locale":"es_ES","og_type":"article","og_title":"Deporte y compa\u00f1erismo en el Torneo de padel de la ASCEF - ASCEF","og_description":"El domingo, 30 de junio, el F\u00f3rum de J\u00f3venes organiz\u00f3 el torneo \/ americana de p\u00e1del en las nuevas instalaciones de Frigicoll en Sant Just Desvern. Una excelente oportunidad para practicar y poner a prueba el nivel de los participante y, lo que es m\u00e1s importe, pasar un buen rato entre compa\u00f1eros. Tras una intensa [&hellip;]","og_url":"https:\/\/www.ascef.com\/es\/deporte-y-en-el-torneo-de-padel-de-la-ascef\/","og_site_name":"ASCEF","article_published_time":"2024-07-03T08:47:01+00:00","article_modified_time":"2024-07-05T10:21:46+00:00","og_image":[{"width":1085,"height":814,"url":"https:\/\/www.ascef.com\/wp-content\/uploads\/2024\/07\/Imagen-de-WhatsApp-2024-07-03-a-las-10.38.29_6da80c61.jpg","type":"image\/jpeg"}],"author":"usuari_ascef_admin","twitter_card":"summary_large_image","twitter_misc":{"Escrito por":"usuari_ascef_admin","Tiempo de lectura":"1 minuto"},"schema":{"@context":"https:\/\/schema.org","@graph":[{"@type":"Article","@id":"https:\/\/www.ascef.com\/es\/deporte-y-en-el-torneo-de-padel-de-la-ascef\/#article","isPartOf":{"@id":"https:\/\/www.ascef.com\/es\/deporte-y-en-el-torneo-de-padel-de-la-ascef\/"},"author":{"name":"usuari_ascef_admin","@id":"https:\/\/www.ascef.com\/es\/#\/schema\/person\/818edf5b5f3a1179bca4deca82c739f5"},"headline":"Deporte y compa\u00f1erismo en el Torneo de padel de la ASCEF","datePublished":"2024-07-03T08:47:01+00:00","dateModified":"2024-07-05T10:21:46+00:00","mainEntityOfPage":{"@id":"https:\/\/www.ascef.com\/es\/deporte-y-en-el-torneo-de-padel-de-la-ascef\/"},"wordCount":140,"commentCount":0,"image":{"@id":"https:\/\/www.ascef.com\/es\/deporte-y-en-el-torneo-de-padel-de-la-ascef\/#primaryimage"},"thumbnailUrl":"https:\/\/www.ascef.com\/wp-content\/uploads\/2024\/07\/Imagen-de-WhatsApp-2024-07-03-a-las-10.38.29_6da80c61.jpg","articleSection":["general"],"inLanguage":"es"},{"@type":"WebPage","@id":"https:\/\/www.ascef.com\/es\/deporte-y-en-el-torneo-de-padel-de-la-ascef\/","url":"https:\/\/www.ascef.com\/es\/deporte-y-en-el-torneo-de-padel-de-la-ascef\/","name":"Deporte y compa\u00f1erismo en el Torneo de padel de la ASCEF - ASCEF","isPartOf":{"@id":"https:\/\/www.ascef.com\/es\/#website"},"primaryImageOfPage":{"@id":"https:\/\/www.ascef.com\/es\/deporte-y-en-el-torneo-de-padel-de-la-ascef\/#primaryimage"},"image":{"@id":"https:\/\/www.ascef.com\/es\/deporte-y-en-el-torneo-de-padel-de-la-ascef\/#primaryimage"},"thumbnailUrl":"https:\/\/www.ascef.com\/wp-content\/uploads\/2024\/07\/Imagen-de-WhatsApp-2024-07-03-a-las-10.38.29_6da80c61.jpg","datePublished":"2024-07-03T08:47:01+00:00","dateModified":"2024-07-05T10:21:46+00:00","author":{"@id":"https:\/\/www.ascef.com\/es\/#\/schema\/person\/818edf5b5f3a1179bca4deca82c739f5"},"breadcrumb":{"@id":"https:\/\/www.ascef.com\/es\/deporte-y-en-el-torneo-de-padel-de-la-ascef\/#breadcrumb"},"inLanguage":"es","potentialAction":[{"@type":"ReadAction","target":["https:\/\/www.ascef.com\/es\/deporte-y-en-el-torneo-de-padel-de-la-ascef\/"]}]},{"@type":"ImageObject","inLanguage":"es","@id":"https:\/\/www.ascef.com\/es\/deporte-y-en-el-torneo-de-padel-de-la-ascef\/#primaryimage","url":"https:\/\/www.ascef.com\/wp-content\/uploads\/2024\/07\/Imagen-de-WhatsApp-2024-07-03-a-las-10.38.29_6da80c61.jpg","contentUrl":"https:\/\/www.ascef.com\/wp-content\/uploads\/2024\/07\/Imagen-de-WhatsApp-2024-07-03-a-las-10.38.29_6da80c61.jpg","width":1085,"height":814},{"@type":"BreadcrumbList","@id":"https:\/\/www.ascef.com\/es\/deporte-y-en-el-torneo-de-padel-de-la-ascef\/#breadcrumb","itemListElement":[{"@type":"ListItem","position":1,"name":"Portada","item":"https:\/\/www.ascef.com\/es\/"},{"@type":"ListItem","position":2,"name":"Deporte y compa\u00f1erismo en el Torneo de padel de la ASCEF"}]},{"@type":"WebSite","@id":"https:\/\/www.ascef.com\/es\/#website","url":"https:\/\/www.ascef.com\/es\/","name":"ASCEF","description":"Associaci\u00f3 Catalana de l\u2019Empresa Familiar","potentialAction":[{"@type":"SearchAction","target":{"@type":"EntryPoint","urlTemplate":"https:\/\/www.ascef.com\/es\/?s={search_term_string}"},"query-input":{"@type":"PropertyValueSpecification","valueRequired":true,"valueName":"search_term_string"}}],"inLanguage":"es"},{"@type":"Person","@id":"https:\/\/www.ascef.com\/es\/#\/schema\/person\/818edf5b5f3a1179bca4deca82c739f5","name":"usuari_ascef_admin","url":"https:\/\/www.ascef.com\/es\/author\/usuari_ascef_admin\/"}]}},"_links":{"self":[{"href":"https:\/\/www.ascef.com\/es\/wp-json\/wp\/v2\/posts\/8415","targetHints":{"allow":["GET"]}}],"collection":[{"href":"https:\/\/www.ascef.com\/es\/wp-json\/wp\/v2\/posts"}],"about":[{"href":"https:\/\/www.ascef.com\/es\/wp-json\/wp\/v2\/types\/post"}],"author":[{"embeddable":true,"href":"https:\/\/www.ascef.com\/es\/wp-json\/wp\/v2\/users\/311"}],"replies":[{"embeddable":true,"href":"https:\/\/www.ascef.com\/es\/wp-json\/wp\/v2\/comments?post=8415"}],"version-history":[{"count":3,"href":"https:\/\/www.ascef.com\/es\/wp-json\/wp\/v2\/posts\/8415\/revisions"}],"predecessor-version":[{"id":8425,"href":"https:\/\/www.ascef.com\/es\/wp-json\/wp\/v2\/posts\/8415\/revisions\/8425"}],"wp:featuredmedia":[{"embeddable":true,"href":"https:\/\/www.ascef.com\/es\/wp-json\/wp\/v2\/media\/8417"}],"wp:attachment":[{"href":"https:\/\/www.ascef.com\/es\/wp-json\/wp\/v2\/media?parent=8415"}],"wp:term":[{"taxonomy":"category","embeddable":true,"href":"https:\/\/www.ascef.com\/es\/wp-json\/wp\/v2\/categories?post=8415"},{"taxonomy":"post_tag","embeddable":true,"href":"https:\/\/www.ascef.com\/es\/wp-json\/wp\/v2\/tags?post=8415"}],"curies":[{"name":"wp","href":"https:\/\/api.w.org\/{rel}","templated":true}]}}