{"id":8053,"date":"2024-05-06T07:09:49","date_gmt":"2024-05-06T07:09:49","guid":{"rendered":"https:\/\/www.ascef.com\/?p=8053"},"modified":"2024-05-06T07:09:49","modified_gmt":"2024-05-06T07:09:49","slug":"la-ascef-visita-el-instituto-de-ciencias-fotonicas","status":"publish","type":"post","link":"https:\/\/www.ascef.com\/es\/la-ascef-visita-el-instituto-de-ciencias-fotonicas\/","title":{"rendered":"La ASCEF visita el Instituto de Ciencias Fot\u00f3nicas"},"content":{"rendered":"<p><span class=\"s1\">El pasado 30 de abril, un grupo de miembros de la ASCEF han visitado el <em>Institut de Ci\u00e8ncies Fot\u00f2niques<\/em> (ICFO) para conocer tanto la ciencia de frontera que realizan los grupos de investigaci\u00f3n como las iniciativas para llevar esta ciencia a la Sociedad..<\/span><\/p>\n","protected":false},"excerpt":{"rendered":"<p>El pasado 30 de abril, un grupo de miembros de la ASCEF han visitado el Institut de Ci\u00e8ncies Fot\u00f2niques (ICFO) para conocer tanto la ciencia de frontera que realizan los grupos de investigaci\u00f3n como las iniciativas para llevar esta ciencia a la Sociedad..<\/p>\n","protected":false},"author":311,"featured_media":8055,"comment_status":"open","ping_status":"closed","sticky":false,"template":"","format":"standard","meta":{"_acf_changed":false,"footnotes":""},"categories":[185],"tags":[],"class_list":["post-8053","post","type-post","status-publish","format-standard","has-post-thumbnail","hentry","category-general"],"acf":[],"yoast_head":"<!-- This site is optimized with the Yoast SEO plugin v27.5 - https:\/\/yoast.com\/product\/yoast-seo-wordpress\/ -->\n<title>La ASCEF visita el Instituto de Ciencias Fot\u00f3nicas - ASCEF<\/title>\n<meta name=\"robots\" content=\"index, follow, max-snippet:-1, max-image-preview:large, max-video-preview:-1\" \/>\n<link rel=\"canonical\" href=\"https:\/\/www.ascef.com\/es\/la-ascef-visita-el-instituto-de-ciencias-fotonicas\/\" \/>\n<meta property=\"og:locale\" content=\"es_ES\" \/>\n<meta property=\"og:type\" content=\"article\" \/>\n<meta property=\"og:title\" content=\"La ASCEF visita el Instituto de Ciencias Fot\u00f3nicas - ASCEF\" \/>\n<meta property=\"og:description\" content=\"El pasado 30 de abril, un grupo de miembros de la ASCEF han visitado el Institut de Ci\u00e8ncies Fot\u00f2niques (ICFO) para conocer tanto la ciencia de frontera que realizan los grupos de investigaci\u00f3n como las iniciativas para llevar esta ciencia a la Sociedad..\" \/>\n<meta property=\"og:url\" content=\"https:\/\/www.ascef.com\/es\/la-ascef-visita-el-instituto-de-ciencias-fotonicas\/\" \/>\n<meta property=\"og:site_name\" content=\"ASCEF\" \/>\n<meta property=\"article:published_time\" content=\"2024-05-06T07:09:49+00:00\" \/>\n<meta property=\"og:image\" content=\"https:\/\/www.ascef.com\/wp-content\/uploads\/2024\/05\/visita-ICO-scaled.jpg\" \/>\n\t<meta property=\"og:image:width\" content=\"2560\" \/>\n\t<meta property=\"og:image:height\" content=\"1853\" \/>\n\t<meta property=\"og:image:type\" content=\"image\/jpeg\" \/>\n<meta name=\"author\" content=\"usuari_ascef_admin\" \/>\n<meta name=\"twitter:card\" content=\"summary_large_image\" \/>\n<meta name=\"twitter:label1\" content=\"Escrito por\" \/>\n\t<meta name=\"twitter:data1\" content=\"usuari_ascef_admin\" \/>\n\t<meta name=\"twitter:label2\" content=\"Tiempo de lectura\" \/>\n\t<meta name=\"twitter:data2\" content=\"1 minuto\" \/>\n<script type=\"application\/ld+json\" class=\"yoast-schema-graph\">{\"@context\":\"https:\\\/\\\/schema.org\",\"@graph\":[{\"@type\":\"Article\",\"@id\":\"https:\\\/\\\/www.ascef.com\\\/es\\\/la-ascef-visita-el-instituto-de-ciencias-fotonicas\\\/#article\",\"isPartOf\":{\"@id\":\"https:\\\/\\\/www.ascef.com\\\/es\\\/la-ascef-visita-el-instituto-de-ciencias-fotonicas\\\/\"},\"author\":{\"name\":\"usuari_ascef_admin\",\"@id\":\"https:\\\/\\\/www.ascef.com\\\/es\\\/#\\\/schema\\\/person\\\/818edf5b5f3a1179bca4deca82c739f5\"},\"headline\":\"La ASCEF visita el Instituto de Ciencias Fot\u00f3nicas\",\"datePublished\":\"2024-05-06T07:09:49+00:00\",\"mainEntityOfPage\":{\"@id\":\"https:\\\/\\\/www.ascef.com\\\/es\\\/la-ascef-visita-el-instituto-de-ciencias-fotonicas\\\/\"},\"wordCount\":54,\"commentCount\":0,\"image\":{\"@id\":\"https:\\\/\\\/www.ascef.com\\\/es\\\/la-ascef-visita-el-instituto-de-ciencias-fotonicas\\\/#primaryimage\"},\"thumbnailUrl\":\"https:\\\/\\\/www.ascef.com\\\/wp-content\\\/uploads\\\/2024\\\/05\\\/visita-ICO-scaled.jpg\",\"articleSection\":[\"general\"],\"inLanguage\":\"es\"},{\"@type\":\"WebPage\",\"@id\":\"https:\\\/\\\/www.ascef.com\\\/es\\\/la-ascef-visita-el-instituto-de-ciencias-fotonicas\\\/\",\"url\":\"https:\\\/\\\/www.ascef.com\\\/es\\\/la-ascef-visita-el-instituto-de-ciencias-fotonicas\\\/\",\"name\":\"La ASCEF visita el Instituto de Ciencias Fot\u00f3nicas - ASCEF\",\"isPartOf\":{\"@id\":\"https:\\\/\\\/www.ascef.com\\\/es\\\/#website\"},\"primaryImageOfPage\":{\"@id\":\"https:\\\/\\\/www.ascef.com\\\/es\\\/la-ascef-visita-el-instituto-de-ciencias-fotonicas\\\/#primaryimage\"},\"image\":{\"@id\":\"https:\\\/\\\/www.ascef.com\\\/es\\\/la-ascef-visita-el-instituto-de-ciencias-fotonicas\\\/#primaryimage\"},\"thumbnailUrl\":\"https:\\\/\\\/www.ascef.com\\\/wp-content\\\/uploads\\\/2024\\\/05\\\/visita-ICO-scaled.jpg\",\"datePublished\":\"2024-05-06T07:09:49+00:00\",\"author\":{\"@id\":\"https:\\\/\\\/www.ascef.com\\\/es\\\/#\\\/schema\\\/person\\\/818edf5b5f3a1179bca4deca82c739f5\"},\"breadcrumb\":{\"@id\":\"https:\\\/\\\/www.ascef.com\\\/es\\\/la-ascef-visita-el-instituto-de-ciencias-fotonicas\\\/#breadcrumb\"},\"inLanguage\":\"es\",\"potentialAction\":[{\"@type\":\"ReadAction\",\"target\":[\"https:\\\/\\\/www.ascef.com\\\/es\\\/la-ascef-visita-el-instituto-de-ciencias-fotonicas\\\/\"]}]},{\"@type\":\"ImageObject\",\"inLanguage\":\"es\",\"@id\":\"https:\\\/\\\/www.ascef.com\\\/es\\\/la-ascef-visita-el-instituto-de-ciencias-fotonicas\\\/#primaryimage\",\"url\":\"https:\\\/\\\/www.ascef.com\\\/wp-content\\\/uploads\\\/2024\\\/05\\\/visita-ICO-scaled.jpg\",\"contentUrl\":\"https:\\\/\\\/www.ascef.com\\\/wp-content\\\/uploads\\\/2024\\\/05\\\/visita-ICO-scaled.jpg\",\"width\":2560,\"height\":1853},{\"@type\":\"BreadcrumbList\",\"@id\":\"https:\\\/\\\/www.ascef.com\\\/es\\\/la-ascef-visita-el-instituto-de-ciencias-fotonicas\\\/#breadcrumb\",\"itemListElement\":[{\"@type\":\"ListItem\",\"position\":1,\"name\":\"Portada\",\"item\":\"https:\\\/\\\/www.ascef.com\\\/es\\\/\"},{\"@type\":\"ListItem\",\"position\":2,\"name\":\"La ASCEF visita el Instituto de Ciencias Fot\u00f3nicas\"}]},{\"@type\":\"WebSite\",\"@id\":\"https:\\\/\\\/www.ascef.com\\\/es\\\/#website\",\"url\":\"https:\\\/\\\/www.ascef.com\\\/es\\\/\",\"name\":\"ASCEF\",\"description\":\"Associaci\u00f3 Catalana de l\u2019Empresa Familiar\",\"potentialAction\":[{\"@type\":\"SearchAction\",\"target\":{\"@type\":\"EntryPoint\",\"urlTemplate\":\"https:\\\/\\\/www.ascef.com\\\/es\\\/?s={search_term_string}\"},\"query-input\":{\"@type\":\"PropertyValueSpecification\",\"valueRequired\":true,\"valueName\":\"search_term_string\"}}],\"inLanguage\":\"es\"},{\"@type\":\"Person\",\"@id\":\"https:\\\/\\\/www.ascef.com\\\/es\\\/#\\\/schema\\\/person\\\/818edf5b5f3a1179bca4deca82c739f5\",\"name\":\"usuari_ascef_admin\",\"url\":\"https:\\\/\\\/www.ascef.com\\\/es\\\/author\\\/usuari_ascef_admin\\\/\"}]}<\/script>\n<!-- \/ Yoast SEO plugin. -->","yoast_head_json":{"title":"La ASCEF visita el Instituto de Ciencias Fot\u00f3nicas - ASCEF","robots":{"index":"index","follow":"follow","max-snippet":"max-snippet:-1","max-image-preview":"max-image-preview:large","max-video-preview":"max-video-preview:-1"},"canonical":"https:\/\/www.ascef.com\/es\/la-ascef-visita-el-instituto-de-ciencias-fotonicas\/","og_locale":"es_ES","og_type":"article","og_title":"La ASCEF visita el Instituto de Ciencias Fot\u00f3nicas - ASCEF","og_description":"El pasado 30 de abril, un grupo de miembros de la ASCEF han visitado el Institut de Ci\u00e8ncies Fot\u00f2niques (ICFO) para conocer tanto la ciencia de frontera que realizan los grupos de investigaci\u00f3n como las iniciativas para llevar esta ciencia a la Sociedad..","og_url":"https:\/\/www.ascef.com\/es\/la-ascef-visita-el-instituto-de-ciencias-fotonicas\/","og_site_name":"ASCEF","article_published_time":"2024-05-06T07:09:49+00:00","og_image":[{"width":2560,"height":1853,"url":"https:\/\/www.ascef.com\/wp-content\/uploads\/2024\/05\/visita-ICO-scaled.jpg","type":"image\/jpeg"}],"author":"usuari_ascef_admin","twitter_card":"summary_large_image","twitter_misc":{"Escrito por":"usuari_ascef_admin","Tiempo de lectura":"1 minuto"},"schema":{"@context":"https:\/\/schema.org","@graph":[{"@type":"Article","@id":"https:\/\/www.ascef.com\/es\/la-ascef-visita-el-instituto-de-ciencias-fotonicas\/#article","isPartOf":{"@id":"https:\/\/www.ascef.com\/es\/la-ascef-visita-el-instituto-de-ciencias-fotonicas\/"},"author":{"name":"usuari_ascef_admin","@id":"https:\/\/www.ascef.com\/es\/#\/schema\/person\/818edf5b5f3a1179bca4deca82c739f5"},"headline":"La ASCEF visita el Instituto de Ciencias Fot\u00f3nicas","datePublished":"2024-05-06T07:09:49+00:00","mainEntityOfPage":{"@id":"https:\/\/www.ascef.com\/es\/la-ascef-visita-el-instituto-de-ciencias-fotonicas\/"},"wordCount":54,"commentCount":0,"image":{"@id":"https:\/\/www.ascef.com\/es\/la-ascef-visita-el-instituto-de-ciencias-fotonicas\/#primaryimage"},"thumbnailUrl":"https:\/\/www.ascef.com\/wp-content\/uploads\/2024\/05\/visita-ICO-scaled.jpg","articleSection":["general"],"inLanguage":"es"},{"@type":"WebPage","@id":"https:\/\/www.ascef.com\/es\/la-ascef-visita-el-instituto-de-ciencias-fotonicas\/","url":"https:\/\/www.ascef.com\/es\/la-ascef-visita-el-instituto-de-ciencias-fotonicas\/","name":"La ASCEF visita el Instituto de Ciencias Fot\u00f3nicas - ASCEF","isPartOf":{"@id":"https:\/\/www.ascef.com\/es\/#website"},"primaryImageOfPage":{"@id":"https:\/\/www.ascef.com\/es\/la-ascef-visita-el-instituto-de-ciencias-fotonicas\/#primaryimage"},"image":{"@id":"https:\/\/www.ascef.com\/es\/la-ascef-visita-el-instituto-de-ciencias-fotonicas\/#primaryimage"},"thumbnailUrl":"https:\/\/www.ascef.com\/wp-content\/uploads\/2024\/05\/visita-ICO-scaled.jpg","datePublished":"2024-05-06T07:09:49+00:00","author":{"@id":"https:\/\/www.ascef.com\/es\/#\/schema\/person\/818edf5b5f3a1179bca4deca82c739f5"},"breadcrumb":{"@id":"https:\/\/www.ascef.com\/es\/la-ascef-visita-el-instituto-de-ciencias-fotonicas\/#breadcrumb"},"inLanguage":"es","potentialAction":[{"@type":"ReadAction","target":["https:\/\/www.ascef.com\/es\/la-ascef-visita-el-instituto-de-ciencias-fotonicas\/"]}]},{"@type":"ImageObject","inLanguage":"es","@id":"https:\/\/www.ascef.com\/es\/la-ascef-visita-el-instituto-de-ciencias-fotonicas\/#primaryimage","url":"https:\/\/www.ascef.com\/wp-content\/uploads\/2024\/05\/visita-ICO-scaled.jpg","contentUrl":"https:\/\/www.ascef.com\/wp-content\/uploads\/2024\/05\/visita-ICO-scaled.jpg","width":2560,"height":1853},{"@type":"BreadcrumbList","@id":"https:\/\/www.ascef.com\/es\/la-ascef-visita-el-instituto-de-ciencias-fotonicas\/#breadcrumb","itemListElement":[{"@type":"ListItem","position":1,"name":"Portada","item":"https:\/\/www.ascef.com\/es\/"},{"@type":"ListItem","position":2,"name":"La ASCEF visita el Instituto de Ciencias Fot\u00f3nicas"}]},{"@type":"WebSite","@id":"https:\/\/www.ascef.com\/es\/#website","url":"https:\/\/www.ascef.com\/es\/","name":"ASCEF","description":"Associaci\u00f3 Catalana de l\u2019Empresa Familiar","potentialAction":[{"@type":"SearchAction","target":{"@type":"EntryPoint","urlTemplate":"https:\/\/www.ascef.com\/es\/?s={search_term_string}"},"query-input":{"@type":"PropertyValueSpecification","valueRequired":true,"valueName":"search_term_string"}}],"inLanguage":"es"},{"@type":"Person","@id":"https:\/\/www.ascef.com\/es\/#\/schema\/person\/818edf5b5f3a1179bca4deca82c739f5","name":"usuari_ascef_admin","url":"https:\/\/www.ascef.com\/es\/author\/usuari_ascef_admin\/"}]}},"_links":{"self":[{"href":"https:\/\/www.ascef.com\/es\/wp-json\/wp\/v2\/posts\/8053","targetHints":{"allow":["GET"]}}],"collection":[{"href":"https:\/\/www.ascef.com\/es\/wp-json\/wp\/v2\/posts"}],"about":[{"href":"https:\/\/www.ascef.com\/es\/wp-json\/wp\/v2\/types\/post"}],"author":[{"embeddable":true,"href":"https:\/\/www.ascef.com\/es\/wp-json\/wp\/v2\/users\/311"}],"replies":[{"embeddable":true,"href":"https:\/\/www.ascef.com\/es\/wp-json\/wp\/v2\/comments?post=8053"}],"version-history":[{"count":1,"href":"https:\/\/www.ascef.com\/es\/wp-json\/wp\/v2\/posts\/8053\/revisions"}],"predecessor-version":[{"id":8056,"href":"https:\/\/www.ascef.com\/es\/wp-json\/wp\/v2\/posts\/8053\/revisions\/8056"}],"wp:featuredmedia":[{"embeddable":true,"href":"https:\/\/www.ascef.com\/es\/wp-json\/wp\/v2\/media\/8055"}],"wp:attachment":[{"href":"https:\/\/www.ascef.com\/es\/wp-json\/wp\/v2\/media?parent=8053"}],"wp:term":[{"taxonomy":"category","embeddable":true,"href":"https:\/\/www.ascef.com\/es\/wp-json\/wp\/v2\/categories?post=8053"},{"taxonomy":"post_tag","embeddable":true,"href":"https:\/\/www.ascef.com\/es\/wp-json\/wp\/v2\/tags?post=8053"}],"curies":[{"name":"wp","href":"https:\/\/api.w.org\/{rel}","templated":true}]}}