{"id":7945,"date":"2024-04-15T20:08:43","date_gmt":"2024-04-15T20:08:43","guid":{"rendered":"https:\/\/www.ascef.com\/?p=7945"},"modified":"2024-04-17T08:38:55","modified_gmt":"2024-04-17T08:38:55","slug":"la-ascef-participa-en-la-reunion-de-presientes-del-instituto-de-la-empresa-familiar-en-melilla","status":"publish","type":"post","link":"https:\/\/www.ascef.com\/es\/la-ascef-participa-en-la-reunion-de-presientes-del-instituto-de-la-empresa-familiar-en-melilla\/","title":{"rendered":"La ASCEF participa en la reuni\u00f3n de presientes del Instituto de la Empresa Familiar en Melilla"},"content":{"rendered":"<p>Jaume Alsina, presidente de la ASCEF, y Amadeu Jori, presidente em\u00e9rito, participaron los d\u00edas 12. 13 y 14 en la reuni\u00f3n anual de presidentes de las 18 Asociaciones Territoriales vinculadas al Instituto de la Empresa Familiar, que preside el Sr. Andr\u00e9s Sendagorta<strong>, <\/strong>celebrada en la Ciudad Aut\u00f3noma de Melilla.<\/p>\n<p>En las sesiones de trabajo se trataron adem\u00e1s del balance del a\u00f1o pasado, la evoluci\u00f3n de las C\u00e1tedras de la Empresa Familiar y se formul\u00f3 el Plan de Trabajo conjunto IEF-AATT para el a\u00f1o 2024 junto a otros temas. Finalmente, se aprob\u00f3 un Manifiesto de las Asociaciones Territoriales y del IEF en apoyo a las empresas familiares ubicadas en Melilla y Ceuta.<\/p>\n<p><a href=\"https:\/\/www.ascef.com\/wp-content\/uploads\/2024\/04\/Declaracion-IEF_AATT-Melilla.pdf\">Declaraci\u00f3n IEF_AATT Melilla<\/a><\/p>\n<p><a href=\"https:\/\/www.ascef.com\/wp-content\/uploads\/2024\/04\/NOTA-DE-PRENSA.docx\">NOTA DE PRENSA<\/a><\/p>\n","protected":false},"excerpt":{"rendered":"<p>Jaume Alsina, presidente de la ASCEF, y Amadeu Jori, presidente em\u00e9rito, participaron los d\u00edas 12. 13 y 14 en la reuni\u00f3n anual de presidentes de las 18 Asociaciones Territoriales vinculadas al Instituto de la Empresa Familiar, que preside el Sr. Andr\u00e9s Sendagorta, celebrada en la Ciudad Aut\u00f3noma de Melilla. En las sesiones de trabajo se [&hellip;]<\/p>\n","protected":false},"author":311,"featured_media":7947,"comment_status":"open","ping_status":"closed","sticky":false,"template":"","format":"standard","meta":{"_acf_changed":false,"footnotes":""},"categories":[185],"tags":[],"class_list":["post-7945","post","type-post","status-publish","format-standard","has-post-thumbnail","hentry","category-general"],"acf":[],"yoast_head":"<!-- This site is optimized with the Yoast SEO plugin v27.5 - https:\/\/yoast.com\/product\/yoast-seo-wordpress\/ -->\n<title>La ASCEF participa en la reuni\u00f3n de presientes del Instituto de la Empresa Familiar en Melilla - ASCEF<\/title>\n<meta name=\"robots\" content=\"index, follow, max-snippet:-1, max-image-preview:large, max-video-preview:-1\" \/>\n<link rel=\"canonical\" href=\"https:\/\/www.ascef.com\/es\/la-ascef-participa-en-la-reunion-de-presientes-del-instituto-de-la-empresa-familiar-en-melilla\/\" \/>\n<meta property=\"og:locale\" content=\"es_ES\" \/>\n<meta property=\"og:type\" content=\"article\" \/>\n<meta property=\"og:title\" content=\"La ASCEF participa en la reuni\u00f3n de presientes del Instituto de la Empresa Familiar en Melilla - ASCEF\" \/>\n<meta property=\"og:description\" content=\"Jaume Alsina, presidente de la ASCEF, y Amadeu Jori, presidente em\u00e9rito, participaron los d\u00edas 12. 13 y 14 en la reuni\u00f3n anual de presidentes de las 18 Asociaciones Territoriales vinculadas al Instituto de la Empresa Familiar, que preside el Sr. Andr\u00e9s Sendagorta, celebrada en la Ciudad Aut\u00f3noma de Melilla. En las sesiones de trabajo se [&hellip;]\" \/>\n<meta property=\"og:url\" content=\"https:\/\/www.ascef.com\/es\/la-ascef-participa-en-la-reunion-de-presientes-del-instituto-de-la-empresa-familiar-en-melilla\/\" \/>\n<meta property=\"og:site_name\" content=\"ASCEF\" \/>\n<meta property=\"article:published_time\" content=\"2024-04-15T20:08:43+00:00\" \/>\n<meta property=\"article:modified_time\" content=\"2024-04-17T08:38:55+00:00\" \/>\n<meta property=\"og:image\" content=\"https:\/\/www.ascef.com\/wp-content\/uploads\/2024\/04\/reunio-presidents-Melilla.jpg\" \/>\n\t<meta property=\"og:image:width\" content=\"641\" \/>\n\t<meta property=\"og:image:height\" content=\"378\" \/>\n\t<meta property=\"og:image:type\" content=\"image\/jpeg\" \/>\n<meta name=\"author\" content=\"usuari_ascef_admin\" \/>\n<meta name=\"twitter:card\" content=\"summary_large_image\" \/>\n<meta name=\"twitter:label1\" content=\"Escrito por\" \/>\n\t<meta name=\"twitter:data1\" content=\"usuari_ascef_admin\" \/>\n\t<meta name=\"twitter:label2\" content=\"Tiempo de lectura\" \/>\n\t<meta name=\"twitter:data2\" content=\"1 minuto\" \/>\n<script type=\"application\/ld+json\" class=\"yoast-schema-graph\">{\"@context\":\"https:\\\/\\\/schema.org\",\"@graph\":[{\"@type\":\"Article\",\"@id\":\"https:\\\/\\\/www.ascef.com\\\/es\\\/la-ascef-participa-en-la-reunion-de-presientes-del-instituto-de-la-empresa-familiar-en-melilla\\\/#article\",\"isPartOf\":{\"@id\":\"https:\\\/\\\/www.ascef.com\\\/es\\\/la-ascef-participa-en-la-reunion-de-presientes-del-instituto-de-la-empresa-familiar-en-melilla\\\/\"},\"author\":{\"name\":\"usuari_ascef_admin\",\"@id\":\"https:\\\/\\\/www.ascef.com\\\/es\\\/#\\\/schema\\\/person\\\/818edf5b5f3a1179bca4deca82c739f5\"},\"headline\":\"La ASCEF participa en la reuni\u00f3n de presientes del Instituto de la Empresa Familiar en Melilla\",\"datePublished\":\"2024-04-15T20:08:43+00:00\",\"dateModified\":\"2024-04-17T08:38:55+00:00\",\"mainEntityOfPage\":{\"@id\":\"https:\\\/\\\/www.ascef.com\\\/es\\\/la-ascef-participa-en-la-reunion-de-presientes-del-instituto-de-la-empresa-familiar-en-melilla\\\/\"},\"wordCount\":141,\"commentCount\":0,\"image\":{\"@id\":\"https:\\\/\\\/www.ascef.com\\\/es\\\/la-ascef-participa-en-la-reunion-de-presientes-del-instituto-de-la-empresa-familiar-en-melilla\\\/#primaryimage\"},\"thumbnailUrl\":\"https:\\\/\\\/www.ascef.com\\\/wp-content\\\/uploads\\\/2024\\\/04\\\/reunio-presidents-Melilla.jpg\",\"articleSection\":[\"general\"],\"inLanguage\":\"es\"},{\"@type\":\"WebPage\",\"@id\":\"https:\\\/\\\/www.ascef.com\\\/es\\\/la-ascef-participa-en-la-reunion-de-presientes-del-instituto-de-la-empresa-familiar-en-melilla\\\/\",\"url\":\"https:\\\/\\\/www.ascef.com\\\/es\\\/la-ascef-participa-en-la-reunion-de-presientes-del-instituto-de-la-empresa-familiar-en-melilla\\\/\",\"name\":\"La ASCEF participa en la reuni\u00f3n de presientes del Instituto de la Empresa Familiar en Melilla - ASCEF\",\"isPartOf\":{\"@id\":\"https:\\\/\\\/www.ascef.com\\\/es\\\/#website\"},\"primaryImageOfPage\":{\"@id\":\"https:\\\/\\\/www.ascef.com\\\/es\\\/la-ascef-participa-en-la-reunion-de-presientes-del-instituto-de-la-empresa-familiar-en-melilla\\\/#primaryimage\"},\"image\":{\"@id\":\"https:\\\/\\\/www.ascef.com\\\/es\\\/la-ascef-participa-en-la-reunion-de-presientes-del-instituto-de-la-empresa-familiar-en-melilla\\\/#primaryimage\"},\"thumbnailUrl\":\"https:\\\/\\\/www.ascef.com\\\/wp-content\\\/uploads\\\/2024\\\/04\\\/reunio-presidents-Melilla.jpg\",\"datePublished\":\"2024-04-15T20:08:43+00:00\",\"dateModified\":\"2024-04-17T08:38:55+00:00\",\"author\":{\"@id\":\"https:\\\/\\\/www.ascef.com\\\/es\\\/#\\\/schema\\\/person\\\/818edf5b5f3a1179bca4deca82c739f5\"},\"breadcrumb\":{\"@id\":\"https:\\\/\\\/www.ascef.com\\\/es\\\/la-ascef-participa-en-la-reunion-de-presientes-del-instituto-de-la-empresa-familiar-en-melilla\\\/#breadcrumb\"},\"inLanguage\":\"es\",\"potentialAction\":[{\"@type\":\"ReadAction\",\"target\":[\"https:\\\/\\\/www.ascef.com\\\/es\\\/la-ascef-participa-en-la-reunion-de-presientes-del-instituto-de-la-empresa-familiar-en-melilla\\\/\"]}]},{\"@type\":\"ImageObject\",\"inLanguage\":\"es\",\"@id\":\"https:\\\/\\\/www.ascef.com\\\/es\\\/la-ascef-participa-en-la-reunion-de-presientes-del-instituto-de-la-empresa-familiar-en-melilla\\\/#primaryimage\",\"url\":\"https:\\\/\\\/www.ascef.com\\\/wp-content\\\/uploads\\\/2024\\\/04\\\/reunio-presidents-Melilla.jpg\",\"contentUrl\":\"https:\\\/\\\/www.ascef.com\\\/wp-content\\\/uploads\\\/2024\\\/04\\\/reunio-presidents-Melilla.jpg\",\"width\":641,\"height\":378},{\"@type\":\"BreadcrumbList\",\"@id\":\"https:\\\/\\\/www.ascef.com\\\/es\\\/la-ascef-participa-en-la-reunion-de-presientes-del-instituto-de-la-empresa-familiar-en-melilla\\\/#breadcrumb\",\"itemListElement\":[{\"@type\":\"ListItem\",\"position\":1,\"name\":\"Portada\",\"item\":\"https:\\\/\\\/www.ascef.com\\\/es\\\/\"},{\"@type\":\"ListItem\",\"position\":2,\"name\":\"La ASCEF participa en la reuni\u00f3n de presientes del Instituto de la Empresa Familiar en Melilla\"}]},{\"@type\":\"WebSite\",\"@id\":\"https:\\\/\\\/www.ascef.com\\\/es\\\/#website\",\"url\":\"https:\\\/\\\/www.ascef.com\\\/es\\\/\",\"name\":\"ASCEF\",\"description\":\"Associaci\u00f3 Catalana de l\u2019Empresa Familiar\",\"potentialAction\":[{\"@type\":\"SearchAction\",\"target\":{\"@type\":\"EntryPoint\",\"urlTemplate\":\"https:\\\/\\\/www.ascef.com\\\/es\\\/?s={search_term_string}\"},\"query-input\":{\"@type\":\"PropertyValueSpecification\",\"valueRequired\":true,\"valueName\":\"search_term_string\"}}],\"inLanguage\":\"es\"},{\"@type\":\"Person\",\"@id\":\"https:\\\/\\\/www.ascef.com\\\/es\\\/#\\\/schema\\\/person\\\/818edf5b5f3a1179bca4deca82c739f5\",\"name\":\"usuari_ascef_admin\",\"url\":\"https:\\\/\\\/www.ascef.com\\\/es\\\/author\\\/usuari_ascef_admin\\\/\"}]}<\/script>\n<!-- \/ Yoast SEO plugin. -->","yoast_head_json":{"title":"La ASCEF participa en la reuni\u00f3n de presientes del Instituto de la Empresa Familiar en Melilla - ASCEF","robots":{"index":"index","follow":"follow","max-snippet":"max-snippet:-1","max-image-preview":"max-image-preview:large","max-video-preview":"max-video-preview:-1"},"canonical":"https:\/\/www.ascef.com\/es\/la-ascef-participa-en-la-reunion-de-presientes-del-instituto-de-la-empresa-familiar-en-melilla\/","og_locale":"es_ES","og_type":"article","og_title":"La ASCEF participa en la reuni\u00f3n de presientes del Instituto de la Empresa Familiar en Melilla - ASCEF","og_description":"Jaume Alsina, presidente de la ASCEF, y Amadeu Jori, presidente em\u00e9rito, participaron los d\u00edas 12. 13 y 14 en la reuni\u00f3n anual de presidentes de las 18 Asociaciones Territoriales vinculadas al Instituto de la Empresa Familiar, que preside el Sr. Andr\u00e9s Sendagorta, celebrada en la Ciudad Aut\u00f3noma de Melilla. En las sesiones de trabajo se [&hellip;]","og_url":"https:\/\/www.ascef.com\/es\/la-ascef-participa-en-la-reunion-de-presientes-del-instituto-de-la-empresa-familiar-en-melilla\/","og_site_name":"ASCEF","article_published_time":"2024-04-15T20:08:43+00:00","article_modified_time":"2024-04-17T08:38:55+00:00","og_image":[{"width":641,"height":378,"url":"https:\/\/www.ascef.com\/wp-content\/uploads\/2024\/04\/reunio-presidents-Melilla.jpg","type":"image\/jpeg"}],"author":"usuari_ascef_admin","twitter_card":"summary_large_image","twitter_misc":{"Escrito por":"usuari_ascef_admin","Tiempo de lectura":"1 minuto"},"schema":{"@context":"https:\/\/schema.org","@graph":[{"@type":"Article","@id":"https:\/\/www.ascef.com\/es\/la-ascef-participa-en-la-reunion-de-presientes-del-instituto-de-la-empresa-familiar-en-melilla\/#article","isPartOf":{"@id":"https:\/\/www.ascef.com\/es\/la-ascef-participa-en-la-reunion-de-presientes-del-instituto-de-la-empresa-familiar-en-melilla\/"},"author":{"name":"usuari_ascef_admin","@id":"https:\/\/www.ascef.com\/es\/#\/schema\/person\/818edf5b5f3a1179bca4deca82c739f5"},"headline":"La ASCEF participa en la reuni\u00f3n de presientes del Instituto de la Empresa Familiar en Melilla","datePublished":"2024-04-15T20:08:43+00:00","dateModified":"2024-04-17T08:38:55+00:00","mainEntityOfPage":{"@id":"https:\/\/www.ascef.com\/es\/la-ascef-participa-en-la-reunion-de-presientes-del-instituto-de-la-empresa-familiar-en-melilla\/"},"wordCount":141,"commentCount":0,"image":{"@id":"https:\/\/www.ascef.com\/es\/la-ascef-participa-en-la-reunion-de-presientes-del-instituto-de-la-empresa-familiar-en-melilla\/#primaryimage"},"thumbnailUrl":"https:\/\/www.ascef.com\/wp-content\/uploads\/2024\/04\/reunio-presidents-Melilla.jpg","articleSection":["general"],"inLanguage":"es"},{"@type":"WebPage","@id":"https:\/\/www.ascef.com\/es\/la-ascef-participa-en-la-reunion-de-presientes-del-instituto-de-la-empresa-familiar-en-melilla\/","url":"https:\/\/www.ascef.com\/es\/la-ascef-participa-en-la-reunion-de-presientes-del-instituto-de-la-empresa-familiar-en-melilla\/","name":"La ASCEF participa en la reuni\u00f3n de presientes del Instituto de la Empresa Familiar en Melilla - ASCEF","isPartOf":{"@id":"https:\/\/www.ascef.com\/es\/#website"},"primaryImageOfPage":{"@id":"https:\/\/www.ascef.com\/es\/la-ascef-participa-en-la-reunion-de-presientes-del-instituto-de-la-empresa-familiar-en-melilla\/#primaryimage"},"image":{"@id":"https:\/\/www.ascef.com\/es\/la-ascef-participa-en-la-reunion-de-presientes-del-instituto-de-la-empresa-familiar-en-melilla\/#primaryimage"},"thumbnailUrl":"https:\/\/www.ascef.com\/wp-content\/uploads\/2024\/04\/reunio-presidents-Melilla.jpg","datePublished":"2024-04-15T20:08:43+00:00","dateModified":"2024-04-17T08:38:55+00:00","author":{"@id":"https:\/\/www.ascef.com\/es\/#\/schema\/person\/818edf5b5f3a1179bca4deca82c739f5"},"breadcrumb":{"@id":"https:\/\/www.ascef.com\/es\/la-ascef-participa-en-la-reunion-de-presientes-del-instituto-de-la-empresa-familiar-en-melilla\/#breadcrumb"},"inLanguage":"es","potentialAction":[{"@type":"ReadAction","target":["https:\/\/www.ascef.com\/es\/la-ascef-participa-en-la-reunion-de-presientes-del-instituto-de-la-empresa-familiar-en-melilla\/"]}]},{"@type":"ImageObject","inLanguage":"es","@id":"https:\/\/www.ascef.com\/es\/la-ascef-participa-en-la-reunion-de-presientes-del-instituto-de-la-empresa-familiar-en-melilla\/#primaryimage","url":"https:\/\/www.ascef.com\/wp-content\/uploads\/2024\/04\/reunio-presidents-Melilla.jpg","contentUrl":"https:\/\/www.ascef.com\/wp-content\/uploads\/2024\/04\/reunio-presidents-Melilla.jpg","width":641,"height":378},{"@type":"BreadcrumbList","@id":"https:\/\/www.ascef.com\/es\/la-ascef-participa-en-la-reunion-de-presientes-del-instituto-de-la-empresa-familiar-en-melilla\/#breadcrumb","itemListElement":[{"@type":"ListItem","position":1,"name":"Portada","item":"https:\/\/www.ascef.com\/es\/"},{"@type":"ListItem","position":2,"name":"La ASCEF participa en la reuni\u00f3n de presientes del Instituto de la Empresa Familiar en Melilla"}]},{"@type":"WebSite","@id":"https:\/\/www.ascef.com\/es\/#website","url":"https:\/\/www.ascef.com\/es\/","name":"ASCEF","description":"Associaci\u00f3 Catalana de l\u2019Empresa Familiar","potentialAction":[{"@type":"SearchAction","target":{"@type":"EntryPoint","urlTemplate":"https:\/\/www.ascef.com\/es\/?s={search_term_string}"},"query-input":{"@type":"PropertyValueSpecification","valueRequired":true,"valueName":"search_term_string"}}],"inLanguage":"es"},{"@type":"Person","@id":"https:\/\/www.ascef.com\/es\/#\/schema\/person\/818edf5b5f3a1179bca4deca82c739f5","name":"usuari_ascef_admin","url":"https:\/\/www.ascef.com\/es\/author\/usuari_ascef_admin\/"}]}},"_links":{"self":[{"href":"https:\/\/www.ascef.com\/es\/wp-json\/wp\/v2\/posts\/7945","targetHints":{"allow":["GET"]}}],"collection":[{"href":"https:\/\/www.ascef.com\/es\/wp-json\/wp\/v2\/posts"}],"about":[{"href":"https:\/\/www.ascef.com\/es\/wp-json\/wp\/v2\/types\/post"}],"author":[{"embeddable":true,"href":"https:\/\/www.ascef.com\/es\/wp-json\/wp\/v2\/users\/311"}],"replies":[{"embeddable":true,"href":"https:\/\/www.ascef.com\/es\/wp-json\/wp\/v2\/comments?post=7945"}],"version-history":[{"count":4,"href":"https:\/\/www.ascef.com\/es\/wp-json\/wp\/v2\/posts\/7945\/revisions"}],"predecessor-version":[{"id":7982,"href":"https:\/\/www.ascef.com\/es\/wp-json\/wp\/v2\/posts\/7945\/revisions\/7982"}],"wp:featuredmedia":[{"embeddable":true,"href":"https:\/\/www.ascef.com\/es\/wp-json\/wp\/v2\/media\/7947"}],"wp:attachment":[{"href":"https:\/\/www.ascef.com\/es\/wp-json\/wp\/v2\/media?parent=7945"}],"wp:term":[{"taxonomy":"category","embeddable":true,"href":"https:\/\/www.ascef.com\/es\/wp-json\/wp\/v2\/categories?post=7945"},{"taxonomy":"post_tag","embeddable":true,"href":"https:\/\/www.ascef.com\/es\/wp-json\/wp\/v2\/tags?post=7945"}],"curies":[{"name":"wp","href":"https:\/\/api.w.org\/{rel}","templated":true}]}}