{"id":7868,"date":"2024-04-05T08:45:55","date_gmt":"2024-04-05T08:45:55","guid":{"rendered":"https:\/\/www.ascef.com\/?p=7868"},"modified":"2024-04-05T08:45:55","modified_gmt":"2024-04-05T08:45:55","slug":"2a-big-little-talks-del-forum-de-jovenes","status":"publish","type":"post","link":"https:\/\/www.ascef.com\/es\/2a-big-little-talks-del-forum-de-jovenes\/","title":{"rendered":"2a Big Little Talks del F\u00f3rum de J\u00f3venes"},"content":{"rendered":"<p>El Forum de j\u00f3venes de la ASCEF, ha celebrado el 2a Big Little Talks. En esta ocasi\u00f3n, acompa\u00f1ados del Sr. Vicente Cancio Cancio, CEO del Grupo Zurich Insurance en Espa\u00f1a, para conversar sobre la importancia de ser fieles a unos valores, de saber transmitirlos y adaptarlos pr\u00e1cticamente a medida, y conseguir que toda la compa\u00f1\u00eda los comparta, del m\u00e1s joven al m\u00e1s grande, sean mujeres y hombres. Todos en igualdad de condiciones.<\/p>\n","protected":false},"excerpt":{"rendered":"<p>El Forum de j\u00f3venes de la ASCEF, ha celebrado el 2a Big Little Talks. En esta ocasi\u00f3n, acompa\u00f1ados del Sr. Vicente Cancio Cancio, CEO del Grupo Zurich Insurance en Espa\u00f1a, para conversar sobre la importancia de ser fieles a unos valores, de saber transmitirlos y adaptarlos pr\u00e1cticamente a medida, y conseguir que toda la compa\u00f1\u00eda [&hellip;]<\/p>\n","protected":false},"author":311,"featured_media":7870,"comment_status":"open","ping_status":"closed","sticky":false,"template":"","format":"standard","meta":{"_acf_changed":false,"footnotes":""},"categories":[185],"tags":[],"class_list":["post-7868","post","type-post","status-publish","format-standard","has-post-thumbnail","hentry","category-general"],"acf":[],"yoast_head":"<!-- This site is optimized with the Yoast SEO plugin v27.5 - https:\/\/yoast.com\/product\/yoast-seo-wordpress\/ -->\n<title>2a Big Little Talks del F\u00f3rum de J\u00f3venes - ASCEF<\/title>\n<meta name=\"robots\" content=\"index, follow, max-snippet:-1, max-image-preview:large, max-video-preview:-1\" \/>\n<link rel=\"canonical\" href=\"https:\/\/www.ascef.com\/es\/2a-big-little-talks-del-forum-de-jovenes\/\" \/>\n<meta property=\"og:locale\" content=\"es_ES\" \/>\n<meta property=\"og:type\" content=\"article\" \/>\n<meta property=\"og:title\" content=\"2a Big Little Talks del F\u00f3rum de J\u00f3venes - ASCEF\" \/>\n<meta property=\"og:description\" content=\"El Forum de j\u00f3venes de la ASCEF, ha celebrado el 2a Big Little Talks. En esta ocasi\u00f3n, acompa\u00f1ados del Sr. Vicente Cancio Cancio, CEO del Grupo Zurich Insurance en Espa\u00f1a, para conversar sobre la importancia de ser fieles a unos valores, de saber transmitirlos y adaptarlos pr\u00e1cticamente a medida, y conseguir que toda la compa\u00f1\u00eda [&hellip;]\" \/>\n<meta property=\"og:url\" content=\"https:\/\/www.ascef.com\/es\/2a-big-little-talks-del-forum-de-jovenes\/\" \/>\n<meta property=\"og:site_name\" content=\"ASCEF\" \/>\n<meta property=\"article:published_time\" content=\"2024-04-05T08:45:55+00:00\" \/>\n<meta property=\"og:image\" content=\"https:\/\/www.ascef.com\/wp-content\/uploads\/2024\/04\/forum-joves-1.jpeg\" \/>\n\t<meta property=\"og:image:width\" content=\"800\" \/>\n\t<meta property=\"og:image:height\" content=\"688\" \/>\n\t<meta property=\"og:image:type\" content=\"image\/jpeg\" \/>\n<meta name=\"author\" content=\"usuari_ascef_admin\" \/>\n<meta name=\"twitter:card\" content=\"summary_large_image\" \/>\n<meta name=\"twitter:label1\" content=\"Escrito por\" \/>\n\t<meta name=\"twitter:data1\" content=\"usuari_ascef_admin\" \/>\n<script type=\"application\/ld+json\" class=\"yoast-schema-graph\">{\"@context\":\"https:\\\/\\\/schema.org\",\"@graph\":[{\"@type\":\"Article\",\"@id\":\"https:\\\/\\\/www.ascef.com\\\/es\\\/2a-big-little-talks-del-forum-de-jovenes\\\/#article\",\"isPartOf\":{\"@id\":\"https:\\\/\\\/www.ascef.com\\\/es\\\/2a-big-little-talks-del-forum-de-jovenes\\\/\"},\"author\":{\"name\":\"usuari_ascef_admin\",\"@id\":\"https:\\\/\\\/www.ascef.com\\\/es\\\/#\\\/schema\\\/person\\\/818edf5b5f3a1179bca4deca82c739f5\"},\"headline\":\"2a Big Little Talks del F\u00f3rum de J\u00f3venes\",\"datePublished\":\"2024-04-05T08:45:55+00:00\",\"mainEntityOfPage\":{\"@id\":\"https:\\\/\\\/www.ascef.com\\\/es\\\/2a-big-little-talks-del-forum-de-jovenes\\\/\"},\"wordCount\":90,\"commentCount\":0,\"image\":{\"@id\":\"https:\\\/\\\/www.ascef.com\\\/es\\\/2a-big-little-talks-del-forum-de-jovenes\\\/#primaryimage\"},\"thumbnailUrl\":\"https:\\\/\\\/www.ascef.com\\\/wp-content\\\/uploads\\\/2024\\\/04\\\/forum-joves-1.jpeg\",\"articleSection\":[\"general\"],\"inLanguage\":\"es\"},{\"@type\":\"WebPage\",\"@id\":\"https:\\\/\\\/www.ascef.com\\\/es\\\/2a-big-little-talks-del-forum-de-jovenes\\\/\",\"url\":\"https:\\\/\\\/www.ascef.com\\\/es\\\/2a-big-little-talks-del-forum-de-jovenes\\\/\",\"name\":\"2a Big Little Talks del F\u00f3rum de J\u00f3venes - ASCEF\",\"isPartOf\":{\"@id\":\"https:\\\/\\\/www.ascef.com\\\/es\\\/#website\"},\"primaryImageOfPage\":{\"@id\":\"https:\\\/\\\/www.ascef.com\\\/es\\\/2a-big-little-talks-del-forum-de-jovenes\\\/#primaryimage\"},\"image\":{\"@id\":\"https:\\\/\\\/www.ascef.com\\\/es\\\/2a-big-little-talks-del-forum-de-jovenes\\\/#primaryimage\"},\"thumbnailUrl\":\"https:\\\/\\\/www.ascef.com\\\/wp-content\\\/uploads\\\/2024\\\/04\\\/forum-joves-1.jpeg\",\"datePublished\":\"2024-04-05T08:45:55+00:00\",\"author\":{\"@id\":\"https:\\\/\\\/www.ascef.com\\\/es\\\/#\\\/schema\\\/person\\\/818edf5b5f3a1179bca4deca82c739f5\"},\"breadcrumb\":{\"@id\":\"https:\\\/\\\/www.ascef.com\\\/es\\\/2a-big-little-talks-del-forum-de-jovenes\\\/#breadcrumb\"},\"inLanguage\":\"es\",\"potentialAction\":[{\"@type\":\"ReadAction\",\"target\":[\"https:\\\/\\\/www.ascef.com\\\/es\\\/2a-big-little-talks-del-forum-de-jovenes\\\/\"]}]},{\"@type\":\"ImageObject\",\"inLanguage\":\"es\",\"@id\":\"https:\\\/\\\/www.ascef.com\\\/es\\\/2a-big-little-talks-del-forum-de-jovenes\\\/#primaryimage\",\"url\":\"https:\\\/\\\/www.ascef.com\\\/wp-content\\\/uploads\\\/2024\\\/04\\\/forum-joves-1.jpeg\",\"contentUrl\":\"https:\\\/\\\/www.ascef.com\\\/wp-content\\\/uploads\\\/2024\\\/04\\\/forum-joves-1.jpeg\",\"width\":800,\"height\":688},{\"@type\":\"BreadcrumbList\",\"@id\":\"https:\\\/\\\/www.ascef.com\\\/es\\\/2a-big-little-talks-del-forum-de-jovenes\\\/#breadcrumb\",\"itemListElement\":[{\"@type\":\"ListItem\",\"position\":1,\"name\":\"Portada\",\"item\":\"https:\\\/\\\/www.ascef.com\\\/es\\\/\"},{\"@type\":\"ListItem\",\"position\":2,\"name\":\"2a Big Little Talks del F\u00f3rum de J\u00f3venes\"}]},{\"@type\":\"WebSite\",\"@id\":\"https:\\\/\\\/www.ascef.com\\\/es\\\/#website\",\"url\":\"https:\\\/\\\/www.ascef.com\\\/es\\\/\",\"name\":\"ASCEF\",\"description\":\"Associaci\u00f3 Catalana de l\u2019Empresa Familiar\",\"potentialAction\":[{\"@type\":\"SearchAction\",\"target\":{\"@type\":\"EntryPoint\",\"urlTemplate\":\"https:\\\/\\\/www.ascef.com\\\/es\\\/?s={search_term_string}\"},\"query-input\":{\"@type\":\"PropertyValueSpecification\",\"valueRequired\":true,\"valueName\":\"search_term_string\"}}],\"inLanguage\":\"es\"},{\"@type\":\"Person\",\"@id\":\"https:\\\/\\\/www.ascef.com\\\/es\\\/#\\\/schema\\\/person\\\/818edf5b5f3a1179bca4deca82c739f5\",\"name\":\"usuari_ascef_admin\",\"url\":\"https:\\\/\\\/www.ascef.com\\\/es\\\/author\\\/usuari_ascef_admin\\\/\"}]}<\/script>\n<!-- \/ Yoast SEO plugin. -->","yoast_head_json":{"title":"2a Big Little Talks del F\u00f3rum de J\u00f3venes - ASCEF","robots":{"index":"index","follow":"follow","max-snippet":"max-snippet:-1","max-image-preview":"max-image-preview:large","max-video-preview":"max-video-preview:-1"},"canonical":"https:\/\/www.ascef.com\/es\/2a-big-little-talks-del-forum-de-jovenes\/","og_locale":"es_ES","og_type":"article","og_title":"2a Big Little Talks del F\u00f3rum de J\u00f3venes - ASCEF","og_description":"El Forum de j\u00f3venes de la ASCEF, ha celebrado el 2a Big Little Talks. En esta ocasi\u00f3n, acompa\u00f1ados del Sr. Vicente Cancio Cancio, CEO del Grupo Zurich Insurance en Espa\u00f1a, para conversar sobre la importancia de ser fieles a unos valores, de saber transmitirlos y adaptarlos pr\u00e1cticamente a medida, y conseguir que toda la compa\u00f1\u00eda [&hellip;]","og_url":"https:\/\/www.ascef.com\/es\/2a-big-little-talks-del-forum-de-jovenes\/","og_site_name":"ASCEF","article_published_time":"2024-04-05T08:45:55+00:00","og_image":[{"width":800,"height":688,"url":"https:\/\/www.ascef.com\/wp-content\/uploads\/2024\/04\/forum-joves-1.jpeg","type":"image\/jpeg"}],"author":"usuari_ascef_admin","twitter_card":"summary_large_image","twitter_misc":{"Escrito por":"usuari_ascef_admin"},"schema":{"@context":"https:\/\/schema.org","@graph":[{"@type":"Article","@id":"https:\/\/www.ascef.com\/es\/2a-big-little-talks-del-forum-de-jovenes\/#article","isPartOf":{"@id":"https:\/\/www.ascef.com\/es\/2a-big-little-talks-del-forum-de-jovenes\/"},"author":{"name":"usuari_ascef_admin","@id":"https:\/\/www.ascef.com\/es\/#\/schema\/person\/818edf5b5f3a1179bca4deca82c739f5"},"headline":"2a Big Little Talks del F\u00f3rum de J\u00f3venes","datePublished":"2024-04-05T08:45:55+00:00","mainEntityOfPage":{"@id":"https:\/\/www.ascef.com\/es\/2a-big-little-talks-del-forum-de-jovenes\/"},"wordCount":90,"commentCount":0,"image":{"@id":"https:\/\/www.ascef.com\/es\/2a-big-little-talks-del-forum-de-jovenes\/#primaryimage"},"thumbnailUrl":"https:\/\/www.ascef.com\/wp-content\/uploads\/2024\/04\/forum-joves-1.jpeg","articleSection":["general"],"inLanguage":"es"},{"@type":"WebPage","@id":"https:\/\/www.ascef.com\/es\/2a-big-little-talks-del-forum-de-jovenes\/","url":"https:\/\/www.ascef.com\/es\/2a-big-little-talks-del-forum-de-jovenes\/","name":"2a Big Little Talks del F\u00f3rum de J\u00f3venes - ASCEF","isPartOf":{"@id":"https:\/\/www.ascef.com\/es\/#website"},"primaryImageOfPage":{"@id":"https:\/\/www.ascef.com\/es\/2a-big-little-talks-del-forum-de-jovenes\/#primaryimage"},"image":{"@id":"https:\/\/www.ascef.com\/es\/2a-big-little-talks-del-forum-de-jovenes\/#primaryimage"},"thumbnailUrl":"https:\/\/www.ascef.com\/wp-content\/uploads\/2024\/04\/forum-joves-1.jpeg","datePublished":"2024-04-05T08:45:55+00:00","author":{"@id":"https:\/\/www.ascef.com\/es\/#\/schema\/person\/818edf5b5f3a1179bca4deca82c739f5"},"breadcrumb":{"@id":"https:\/\/www.ascef.com\/es\/2a-big-little-talks-del-forum-de-jovenes\/#breadcrumb"},"inLanguage":"es","potentialAction":[{"@type":"ReadAction","target":["https:\/\/www.ascef.com\/es\/2a-big-little-talks-del-forum-de-jovenes\/"]}]},{"@type":"ImageObject","inLanguage":"es","@id":"https:\/\/www.ascef.com\/es\/2a-big-little-talks-del-forum-de-jovenes\/#primaryimage","url":"https:\/\/www.ascef.com\/wp-content\/uploads\/2024\/04\/forum-joves-1.jpeg","contentUrl":"https:\/\/www.ascef.com\/wp-content\/uploads\/2024\/04\/forum-joves-1.jpeg","width":800,"height":688},{"@type":"BreadcrumbList","@id":"https:\/\/www.ascef.com\/es\/2a-big-little-talks-del-forum-de-jovenes\/#breadcrumb","itemListElement":[{"@type":"ListItem","position":1,"name":"Portada","item":"https:\/\/www.ascef.com\/es\/"},{"@type":"ListItem","position":2,"name":"2a Big Little Talks del F\u00f3rum de J\u00f3venes"}]},{"@type":"WebSite","@id":"https:\/\/www.ascef.com\/es\/#website","url":"https:\/\/www.ascef.com\/es\/","name":"ASCEF","description":"Associaci\u00f3 Catalana de l\u2019Empresa Familiar","potentialAction":[{"@type":"SearchAction","target":{"@type":"EntryPoint","urlTemplate":"https:\/\/www.ascef.com\/es\/?s={search_term_string}"},"query-input":{"@type":"PropertyValueSpecification","valueRequired":true,"valueName":"search_term_string"}}],"inLanguage":"es"},{"@type":"Person","@id":"https:\/\/www.ascef.com\/es\/#\/schema\/person\/818edf5b5f3a1179bca4deca82c739f5","name":"usuari_ascef_admin","url":"https:\/\/www.ascef.com\/es\/author\/usuari_ascef_admin\/"}]}},"_links":{"self":[{"href":"https:\/\/www.ascef.com\/es\/wp-json\/wp\/v2\/posts\/7868","targetHints":{"allow":["GET"]}}],"collection":[{"href":"https:\/\/www.ascef.com\/es\/wp-json\/wp\/v2\/posts"}],"about":[{"href":"https:\/\/www.ascef.com\/es\/wp-json\/wp\/v2\/types\/post"}],"author":[{"embeddable":true,"href":"https:\/\/www.ascef.com\/es\/wp-json\/wp\/v2\/users\/311"}],"replies":[{"embeddable":true,"href":"https:\/\/www.ascef.com\/es\/wp-json\/wp\/v2\/comments?post=7868"}],"version-history":[{"count":1,"href":"https:\/\/www.ascef.com\/es\/wp-json\/wp\/v2\/posts\/7868\/revisions"}],"predecessor-version":[{"id":7871,"href":"https:\/\/www.ascef.com\/es\/wp-json\/wp\/v2\/posts\/7868\/revisions\/7871"}],"wp:featuredmedia":[{"embeddable":true,"href":"https:\/\/www.ascef.com\/es\/wp-json\/wp\/v2\/media\/7870"}],"wp:attachment":[{"href":"https:\/\/www.ascef.com\/es\/wp-json\/wp\/v2\/media?parent=7868"}],"wp:term":[{"taxonomy":"category","embeddable":true,"href":"https:\/\/www.ascef.com\/es\/wp-json\/wp\/v2\/categories?post=7868"},{"taxonomy":"post_tag","embeddable":true,"href":"https:\/\/www.ascef.com\/es\/wp-json\/wp\/v2\/tags?post=7868"}],"curies":[{"name":"wp","href":"https:\/\/api.w.org\/{rel}","templated":true}]}}