{"id":7566,"date":"2024-01-24T08:30:34","date_gmt":"2024-01-24T08:30:34","guid":{"rendered":"https:\/\/www.ascef.com\/?p=7566"},"modified":"2024-01-24T08:30:34","modified_gmt":"2024-01-24T08:30:34","slug":"empieza-el-ciclo-de-encuentros-con-ceos-impulsado-por-la-ascef-y-el-cercle-tecnologic","status":"publish","type":"post","link":"https:\/\/www.ascef.com\/es\/empieza-el-ciclo-de-encuentros-con-ceos-impulsado-por-la-ascef-y-el-cercle-tecnologic\/","title":{"rendered":"Empieza el ciclo de encuentros con CEOs, impulsado por la ASCEF y el Cercle Tecnol\u00f2gic"},"content":{"rendered":"<p>Hemos iniciado el ciclo de encuentros con CEOs, impulsado por la ASCEF y el Cercle Tecnol\u00f2gic. En esta primera sesi\u00f3n hemos contado con Rub\u00e9n Bonet, CEO de Fractus, y Ramon Carbonell, CEO de AUSA, para conversar sobre su rol como CEO y sus casos de \u00e9xito, dando a conocer c\u00f3mo se ha integrado la tecnolog\u00eda en el desarrollo de sus empresas.<br \/>\nHa dado la bienvenida a los participantes Xavier Sellar\u00e8s, director del C\u00edrculo Tecnol\u00f3gico, que ha destacado la necesidad de contar con la mirada de los CEOs, que son los m\u00e1ximos ejecutivos quienes deben fijar el tono, direcci\u00f3n e intensidad de la transformaci\u00f3n digital que deben adoptar sus organizaciones. La sesi\u00f3n la ha dirigido y moderado Fabrizio Magnani, Executive partner de Gartner, quien ha puesto en valor que \u00abel trabajo de CEO es un trabajo complejo, ya que debes tocar muchas teclas, saber delegar y adaptarte a diferentes desaf\u00edos\u00bb .<br \/>\nFractus es una compa\u00f1\u00eda pionera en el desarrollo de antenas internas para tel\u00e9fonos y otros smartphones. A lo largo de 25 a\u00f1os han logrado crear productos y generar patentes que actualmente se encuentran en todo el mundo. \u201cEn mi caso, soy CEO fundador y al arrancar la empresa desde cero debes decidir hacia d\u00f3nde vas. Todas las microactuaciones que hemos ido haciendo estos 25 a\u00f1os han cobrado sentido, pero lo importante es no perder la direcci\u00f3n\u201d, ha explicado Rub\u00e9n Bonet.<br \/>\nPor su parte, AUSA es un fabricante global de equipos compactos todoterreno para el transporte y manipulaci\u00f3n de materiales. Su CEO, Ram\u00f3n Carbonell, ha se\u00f1alado que \u00abla tecnolog\u00eda fue la base del crecimiento de la empresa\u00bb. \u00abTrabajamos en sectores reacios a la innovaci\u00f3n como la agricultura y la construcci\u00f3n y buscamos transformarlos y aportar soluciones, sobre todo, en materia de sostenibilidad\u00bb, ha a\u00f1adido.<\/p>\n","protected":false},"excerpt":{"rendered":"<p>Hemos iniciado el ciclo de encuentros con CEOs, impulsado por la ASCEF y el Cercle Tecnol\u00f2gic. En esta primera sesi\u00f3n hemos contado con Rub\u00e9n Bonet, CEO de Fractus, y Ramon Carbonell, CEO de AUSA, para conversar sobre su rol como CEO y sus casos de \u00e9xito, dando a conocer c\u00f3mo se ha integrado la tecnolog\u00eda [&hellip;]<\/p>\n","protected":false},"author":311,"featured_media":7568,"comment_status":"open","ping_status":"closed","sticky":false,"template":"","format":"standard","meta":{"_acf_changed":false,"footnotes":""},"categories":[185],"tags":[],"class_list":["post-7566","post","type-post","status-publish","format-standard","has-post-thumbnail","hentry","category-general"],"acf":[],"yoast_head":"<!-- This site is optimized with the Yoast SEO plugin v27.5 - https:\/\/yoast.com\/product\/yoast-seo-wordpress\/ -->\n<title>Empieza el ciclo de encuentros con CEOs, impulsado por la ASCEF y el Cercle Tecnol\u00f2gic - ASCEF<\/title>\n<meta name=\"robots\" content=\"index, follow, max-snippet:-1, max-image-preview:large, max-video-preview:-1\" \/>\n<link rel=\"canonical\" href=\"https:\/\/www.ascef.com\/es\/empieza-el-ciclo-de-encuentros-con-ceos-impulsado-por-la-ascef-y-el-cercle-tecnologic\/\" \/>\n<meta property=\"og:locale\" content=\"es_ES\" \/>\n<meta property=\"og:type\" content=\"article\" \/>\n<meta property=\"og:title\" content=\"Empieza el ciclo de encuentros con CEOs, impulsado por la ASCEF y el Cercle Tecnol\u00f2gic - ASCEF\" \/>\n<meta property=\"og:description\" content=\"Hemos iniciado el ciclo de encuentros con CEOs, impulsado por la ASCEF y el Cercle Tecnol\u00f2gic. En esta primera sesi\u00f3n hemos contado con Rub\u00e9n Bonet, CEO de Fractus, y Ramon Carbonell, CEO de AUSA, para conversar sobre su rol como CEO y sus casos de \u00e9xito, dando a conocer c\u00f3mo se ha integrado la tecnolog\u00eda [&hellip;]\" \/>\n<meta property=\"og:url\" content=\"https:\/\/www.ascef.com\/es\/empieza-el-ciclo-de-encuentros-con-ceos-impulsado-por-la-ascef-y-el-cercle-tecnologic\/\" \/>\n<meta property=\"og:site_name\" content=\"ASCEF\" \/>\n<meta property=\"article:published_time\" content=\"2024-01-24T08:30:34+00:00\" \/>\n<meta property=\"og:image\" content=\"https:\/\/www.ascef.com\/wp-content\/uploads\/2024\/01\/IMG_3516.jpg\" \/>\n\t<meta property=\"og:image:width\" content=\"960\" \/>\n\t<meta property=\"og:image:height\" content=\"720\" \/>\n\t<meta property=\"og:image:type\" content=\"image\/jpeg\" \/>\n<meta name=\"author\" content=\"usuari_ascef_admin\" \/>\n<meta name=\"twitter:card\" content=\"summary_large_image\" \/>\n<meta name=\"twitter:label1\" content=\"Escrito por\" \/>\n\t<meta name=\"twitter:data1\" content=\"usuari_ascef_admin\" \/>\n<script type=\"application\/ld+json\" class=\"yoast-schema-graph\">{\"@context\":\"https:\\\/\\\/schema.org\",\"@graph\":[{\"@type\":\"Article\",\"@id\":\"https:\\\/\\\/www.ascef.com\\\/es\\\/empieza-el-ciclo-de-encuentros-con-ceos-impulsado-por-la-ascef-y-el-cercle-tecnologic\\\/#article\",\"isPartOf\":{\"@id\":\"https:\\\/\\\/www.ascef.com\\\/es\\\/empieza-el-ciclo-de-encuentros-con-ceos-impulsado-por-la-ascef-y-el-cercle-tecnologic\\\/\"},\"author\":{\"name\":\"usuari_ascef_admin\",\"@id\":\"https:\\\/\\\/www.ascef.com\\\/es\\\/#\\\/schema\\\/person\\\/818edf5b5f3a1179bca4deca82c739f5\"},\"headline\":\"Empieza el ciclo de encuentros con CEOs, impulsado por la ASCEF y el Cercle Tecnol\u00f2gic\",\"datePublished\":\"2024-01-24T08:30:34+00:00\",\"mainEntityOfPage\":{\"@id\":\"https:\\\/\\\/www.ascef.com\\\/es\\\/empieza-el-ciclo-de-encuentros-con-ceos-impulsado-por-la-ascef-y-el-cercle-tecnologic\\\/\"},\"wordCount\":333,\"commentCount\":0,\"image\":{\"@id\":\"https:\\\/\\\/www.ascef.com\\\/es\\\/empieza-el-ciclo-de-encuentros-con-ceos-impulsado-por-la-ascef-y-el-cercle-tecnologic\\\/#primaryimage\"},\"thumbnailUrl\":\"https:\\\/\\\/www.ascef.com\\\/wp-content\\\/uploads\\\/2024\\\/01\\\/IMG_3516.jpg\",\"articleSection\":[\"general\"],\"inLanguage\":\"es\"},{\"@type\":\"WebPage\",\"@id\":\"https:\\\/\\\/www.ascef.com\\\/es\\\/empieza-el-ciclo-de-encuentros-con-ceos-impulsado-por-la-ascef-y-el-cercle-tecnologic\\\/\",\"url\":\"https:\\\/\\\/www.ascef.com\\\/es\\\/empieza-el-ciclo-de-encuentros-con-ceos-impulsado-por-la-ascef-y-el-cercle-tecnologic\\\/\",\"name\":\"Empieza el ciclo de encuentros con CEOs, impulsado por la ASCEF y el Cercle Tecnol\u00f2gic - ASCEF\",\"isPartOf\":{\"@id\":\"https:\\\/\\\/www.ascef.com\\\/es\\\/#website\"},\"primaryImageOfPage\":{\"@id\":\"https:\\\/\\\/www.ascef.com\\\/es\\\/empieza-el-ciclo-de-encuentros-con-ceos-impulsado-por-la-ascef-y-el-cercle-tecnologic\\\/#primaryimage\"},\"image\":{\"@id\":\"https:\\\/\\\/www.ascef.com\\\/es\\\/empieza-el-ciclo-de-encuentros-con-ceos-impulsado-por-la-ascef-y-el-cercle-tecnologic\\\/#primaryimage\"},\"thumbnailUrl\":\"https:\\\/\\\/www.ascef.com\\\/wp-content\\\/uploads\\\/2024\\\/01\\\/IMG_3516.jpg\",\"datePublished\":\"2024-01-24T08:30:34+00:00\",\"author\":{\"@id\":\"https:\\\/\\\/www.ascef.com\\\/es\\\/#\\\/schema\\\/person\\\/818edf5b5f3a1179bca4deca82c739f5\"},\"breadcrumb\":{\"@id\":\"https:\\\/\\\/www.ascef.com\\\/es\\\/empieza-el-ciclo-de-encuentros-con-ceos-impulsado-por-la-ascef-y-el-cercle-tecnologic\\\/#breadcrumb\"},\"inLanguage\":\"es\",\"potentialAction\":[{\"@type\":\"ReadAction\",\"target\":[\"https:\\\/\\\/www.ascef.com\\\/es\\\/empieza-el-ciclo-de-encuentros-con-ceos-impulsado-por-la-ascef-y-el-cercle-tecnologic\\\/\"]}]},{\"@type\":\"ImageObject\",\"inLanguage\":\"es\",\"@id\":\"https:\\\/\\\/www.ascef.com\\\/es\\\/empieza-el-ciclo-de-encuentros-con-ceos-impulsado-por-la-ascef-y-el-cercle-tecnologic\\\/#primaryimage\",\"url\":\"https:\\\/\\\/www.ascef.com\\\/wp-content\\\/uploads\\\/2024\\\/01\\\/IMG_3516.jpg\",\"contentUrl\":\"https:\\\/\\\/www.ascef.com\\\/wp-content\\\/uploads\\\/2024\\\/01\\\/IMG_3516.jpg\",\"width\":960,\"height\":720},{\"@type\":\"BreadcrumbList\",\"@id\":\"https:\\\/\\\/www.ascef.com\\\/es\\\/empieza-el-ciclo-de-encuentros-con-ceos-impulsado-por-la-ascef-y-el-cercle-tecnologic\\\/#breadcrumb\",\"itemListElement\":[{\"@type\":\"ListItem\",\"position\":1,\"name\":\"Portada\",\"item\":\"https:\\\/\\\/www.ascef.com\\\/es\\\/\"},{\"@type\":\"ListItem\",\"position\":2,\"name\":\"Empieza el ciclo de encuentros con CEOs, impulsado por la ASCEF y el Cercle Tecnol\u00f2gic\"}]},{\"@type\":\"WebSite\",\"@id\":\"https:\\\/\\\/www.ascef.com\\\/es\\\/#website\",\"url\":\"https:\\\/\\\/www.ascef.com\\\/es\\\/\",\"name\":\"ASCEF\",\"description\":\"Associaci\u00f3 Catalana de l\u2019Empresa Familiar\",\"potentialAction\":[{\"@type\":\"SearchAction\",\"target\":{\"@type\":\"EntryPoint\",\"urlTemplate\":\"https:\\\/\\\/www.ascef.com\\\/es\\\/?s={search_term_string}\"},\"query-input\":{\"@type\":\"PropertyValueSpecification\",\"valueRequired\":true,\"valueName\":\"search_term_string\"}}],\"inLanguage\":\"es\"},{\"@type\":\"Person\",\"@id\":\"https:\\\/\\\/www.ascef.com\\\/es\\\/#\\\/schema\\\/person\\\/818edf5b5f3a1179bca4deca82c739f5\",\"name\":\"usuari_ascef_admin\",\"url\":\"https:\\\/\\\/www.ascef.com\\\/es\\\/author\\\/usuari_ascef_admin\\\/\"}]}<\/script>\n<!-- \/ Yoast SEO plugin. -->","yoast_head_json":{"title":"Empieza el ciclo de encuentros con CEOs, impulsado por la ASCEF y el Cercle Tecnol\u00f2gic - ASCEF","robots":{"index":"index","follow":"follow","max-snippet":"max-snippet:-1","max-image-preview":"max-image-preview:large","max-video-preview":"max-video-preview:-1"},"canonical":"https:\/\/www.ascef.com\/es\/empieza-el-ciclo-de-encuentros-con-ceos-impulsado-por-la-ascef-y-el-cercle-tecnologic\/","og_locale":"es_ES","og_type":"article","og_title":"Empieza el ciclo de encuentros con CEOs, impulsado por la ASCEF y el Cercle Tecnol\u00f2gic - ASCEF","og_description":"Hemos iniciado el ciclo de encuentros con CEOs, impulsado por la ASCEF y el Cercle Tecnol\u00f2gic. En esta primera sesi\u00f3n hemos contado con Rub\u00e9n Bonet, CEO de Fractus, y Ramon Carbonell, CEO de AUSA, para conversar sobre su rol como CEO y sus casos de \u00e9xito, dando a conocer c\u00f3mo se ha integrado la tecnolog\u00eda [&hellip;]","og_url":"https:\/\/www.ascef.com\/es\/empieza-el-ciclo-de-encuentros-con-ceos-impulsado-por-la-ascef-y-el-cercle-tecnologic\/","og_site_name":"ASCEF","article_published_time":"2024-01-24T08:30:34+00:00","og_image":[{"width":960,"height":720,"url":"https:\/\/www.ascef.com\/wp-content\/uploads\/2024\/01\/IMG_3516.jpg","type":"image\/jpeg"}],"author":"usuari_ascef_admin","twitter_card":"summary_large_image","twitter_misc":{"Escrito por":"usuari_ascef_admin"},"schema":{"@context":"https:\/\/schema.org","@graph":[{"@type":"Article","@id":"https:\/\/www.ascef.com\/es\/empieza-el-ciclo-de-encuentros-con-ceos-impulsado-por-la-ascef-y-el-cercle-tecnologic\/#article","isPartOf":{"@id":"https:\/\/www.ascef.com\/es\/empieza-el-ciclo-de-encuentros-con-ceos-impulsado-por-la-ascef-y-el-cercle-tecnologic\/"},"author":{"name":"usuari_ascef_admin","@id":"https:\/\/www.ascef.com\/es\/#\/schema\/person\/818edf5b5f3a1179bca4deca82c739f5"},"headline":"Empieza el ciclo de encuentros con CEOs, impulsado por la ASCEF y el Cercle Tecnol\u00f2gic","datePublished":"2024-01-24T08:30:34+00:00","mainEntityOfPage":{"@id":"https:\/\/www.ascef.com\/es\/empieza-el-ciclo-de-encuentros-con-ceos-impulsado-por-la-ascef-y-el-cercle-tecnologic\/"},"wordCount":333,"commentCount":0,"image":{"@id":"https:\/\/www.ascef.com\/es\/empieza-el-ciclo-de-encuentros-con-ceos-impulsado-por-la-ascef-y-el-cercle-tecnologic\/#primaryimage"},"thumbnailUrl":"https:\/\/www.ascef.com\/wp-content\/uploads\/2024\/01\/IMG_3516.jpg","articleSection":["general"],"inLanguage":"es"},{"@type":"WebPage","@id":"https:\/\/www.ascef.com\/es\/empieza-el-ciclo-de-encuentros-con-ceos-impulsado-por-la-ascef-y-el-cercle-tecnologic\/","url":"https:\/\/www.ascef.com\/es\/empieza-el-ciclo-de-encuentros-con-ceos-impulsado-por-la-ascef-y-el-cercle-tecnologic\/","name":"Empieza el ciclo de encuentros con CEOs, impulsado por la ASCEF y el Cercle Tecnol\u00f2gic - ASCEF","isPartOf":{"@id":"https:\/\/www.ascef.com\/es\/#website"},"primaryImageOfPage":{"@id":"https:\/\/www.ascef.com\/es\/empieza-el-ciclo-de-encuentros-con-ceos-impulsado-por-la-ascef-y-el-cercle-tecnologic\/#primaryimage"},"image":{"@id":"https:\/\/www.ascef.com\/es\/empieza-el-ciclo-de-encuentros-con-ceos-impulsado-por-la-ascef-y-el-cercle-tecnologic\/#primaryimage"},"thumbnailUrl":"https:\/\/www.ascef.com\/wp-content\/uploads\/2024\/01\/IMG_3516.jpg","datePublished":"2024-01-24T08:30:34+00:00","author":{"@id":"https:\/\/www.ascef.com\/es\/#\/schema\/person\/818edf5b5f3a1179bca4deca82c739f5"},"breadcrumb":{"@id":"https:\/\/www.ascef.com\/es\/empieza-el-ciclo-de-encuentros-con-ceos-impulsado-por-la-ascef-y-el-cercle-tecnologic\/#breadcrumb"},"inLanguage":"es","potentialAction":[{"@type":"ReadAction","target":["https:\/\/www.ascef.com\/es\/empieza-el-ciclo-de-encuentros-con-ceos-impulsado-por-la-ascef-y-el-cercle-tecnologic\/"]}]},{"@type":"ImageObject","inLanguage":"es","@id":"https:\/\/www.ascef.com\/es\/empieza-el-ciclo-de-encuentros-con-ceos-impulsado-por-la-ascef-y-el-cercle-tecnologic\/#primaryimage","url":"https:\/\/www.ascef.com\/wp-content\/uploads\/2024\/01\/IMG_3516.jpg","contentUrl":"https:\/\/www.ascef.com\/wp-content\/uploads\/2024\/01\/IMG_3516.jpg","width":960,"height":720},{"@type":"BreadcrumbList","@id":"https:\/\/www.ascef.com\/es\/empieza-el-ciclo-de-encuentros-con-ceos-impulsado-por-la-ascef-y-el-cercle-tecnologic\/#breadcrumb","itemListElement":[{"@type":"ListItem","position":1,"name":"Portada","item":"https:\/\/www.ascef.com\/es\/"},{"@type":"ListItem","position":2,"name":"Empieza el ciclo de encuentros con CEOs, impulsado por la ASCEF y el Cercle Tecnol\u00f2gic"}]},{"@type":"WebSite","@id":"https:\/\/www.ascef.com\/es\/#website","url":"https:\/\/www.ascef.com\/es\/","name":"ASCEF","description":"Associaci\u00f3 Catalana de l\u2019Empresa Familiar","potentialAction":[{"@type":"SearchAction","target":{"@type":"EntryPoint","urlTemplate":"https:\/\/www.ascef.com\/es\/?s={search_term_string}"},"query-input":{"@type":"PropertyValueSpecification","valueRequired":true,"valueName":"search_term_string"}}],"inLanguage":"es"},{"@type":"Person","@id":"https:\/\/www.ascef.com\/es\/#\/schema\/person\/818edf5b5f3a1179bca4deca82c739f5","name":"usuari_ascef_admin","url":"https:\/\/www.ascef.com\/es\/author\/usuari_ascef_admin\/"}]}},"_links":{"self":[{"href":"https:\/\/www.ascef.com\/es\/wp-json\/wp\/v2\/posts\/7566","targetHints":{"allow":["GET"]}}],"collection":[{"href":"https:\/\/www.ascef.com\/es\/wp-json\/wp\/v2\/posts"}],"about":[{"href":"https:\/\/www.ascef.com\/es\/wp-json\/wp\/v2\/types\/post"}],"author":[{"embeddable":true,"href":"https:\/\/www.ascef.com\/es\/wp-json\/wp\/v2\/users\/311"}],"replies":[{"embeddable":true,"href":"https:\/\/www.ascef.com\/es\/wp-json\/wp\/v2\/comments?post=7566"}],"version-history":[{"count":1,"href":"https:\/\/www.ascef.com\/es\/wp-json\/wp\/v2\/posts\/7566\/revisions"}],"predecessor-version":[{"id":7569,"href":"https:\/\/www.ascef.com\/es\/wp-json\/wp\/v2\/posts\/7566\/revisions\/7569"}],"wp:featuredmedia":[{"embeddable":true,"href":"https:\/\/www.ascef.com\/es\/wp-json\/wp\/v2\/media\/7568"}],"wp:attachment":[{"href":"https:\/\/www.ascef.com\/es\/wp-json\/wp\/v2\/media?parent=7566"}],"wp:term":[{"taxonomy":"category","embeddable":true,"href":"https:\/\/www.ascef.com\/es\/wp-json\/wp\/v2\/categories?post=7566"},{"taxonomy":"post_tag","embeddable":true,"href":"https:\/\/www.ascef.com\/es\/wp-json\/wp\/v2\/tags?post=7566"}],"curies":[{"name":"wp","href":"https:\/\/api.w.org\/{rel}","templated":true}]}}