{"id":7421,"date":"2024-01-04T09:45:05","date_gmt":"2024-01-04T09:45:05","guid":{"rendered":"https:\/\/www.ascef.com\/?p=7421"},"modified":"2024-01-04T09:45:05","modified_gmt":"2024-01-04T09:45:05","slug":"video-resumen-de-la-celebracion-del-25-aniversario-de-ascef","status":"publish","type":"post","link":"https:\/\/www.ascef.com\/es\/video-resumen-de-la-celebracion-del-25-aniversario-de-ascef\/","title":{"rendered":"V\u00eddeo resumen de la celebraci\u00f3n del 25 Aniversario de ASCEF"},"content":{"rendered":"<p><iframe loading=\"lazy\" title=\"PILDORA 1\" src=\"https:\/\/player.vimeo.com\/video\/894849982?dnt=1&amp;app_id=122963\" width=\"640\" height=\"360\" frameborder=\"0\" allow=\"autoplay; fullscreen; picture-in-picture; clipboard-write; encrypted-media; web-share\"><\/iframe><br \/>\nCompartimos el v\u00eddeo resumen del acto con el que la Asociaci\u00f3n Catalana de la Empresa Familiar celebr\u00f3 su 25 Aniversario, en la sala Paraninfo del Edificio Hist\u00f3rico de la Universidad de Barcelona, un encuentro muy especial que sirvi\u00f3 para reafirmar los valores de la empresa familiar, as\u00ed como para reconocer el camino recorrido por la asociaci\u00f3n y todos sus miembros.<\/p>\n","protected":false},"excerpt":{"rendered":"<p>Compartimos el v\u00eddeo resumen del acto con el que la Asociaci\u00f3n Catalana de la Empresa Familiar celebr\u00f3 su 25 Aniversario, en la sala Paraninfo del Edificio Hist\u00f3rico de la Universidad de Barcelona, un encuentro muy especial que sirvi\u00f3 para reafirmar los valores de la empresa familiar, as\u00ed como para reconocer el camino recorrido por la [&hellip;]<\/p>\n","protected":false},"author":311,"featured_media":7424,"comment_status":"open","ping_status":"closed","sticky":false,"template":"","format":"standard","meta":{"_acf_changed":false,"footnotes":""},"categories":[185],"tags":[],"class_list":["post-7421","post","type-post","status-publish","format-standard","has-post-thumbnail","hentry","category-general"],"acf":[],"yoast_head":"<!-- This site is optimized with the Yoast SEO plugin v27.5 - https:\/\/yoast.com\/product\/yoast-seo-wordpress\/ -->\n<title>V\u00eddeo resumen de la celebraci\u00f3n del 25 Aniversario de ASCEF - ASCEF<\/title>\n<meta name=\"robots\" content=\"index, follow, max-snippet:-1, max-image-preview:large, max-video-preview:-1\" \/>\n<link rel=\"canonical\" href=\"https:\/\/www.ascef.com\/es\/video-resumen-de-la-celebracion-del-25-aniversario-de-ascef\/\" \/>\n<meta property=\"og:locale\" content=\"es_ES\" \/>\n<meta property=\"og:type\" content=\"article\" \/>\n<meta property=\"og:title\" content=\"V\u00eddeo resumen de la celebraci\u00f3n del 25 Aniversario de ASCEF - ASCEF\" \/>\n<meta property=\"og:description\" content=\"Compartimos el v\u00eddeo resumen del acto con el que la Asociaci\u00f3n Catalana de la Empresa Familiar celebr\u00f3 su 25 Aniversario, en la sala Paraninfo del Edificio Hist\u00f3rico de la Universidad de Barcelona, un encuentro muy especial que sirvi\u00f3 para reafirmar los valores de la empresa familiar, as\u00ed como para reconocer el camino recorrido por la [&hellip;]\" \/>\n<meta property=\"og:url\" content=\"https:\/\/www.ascef.com\/es\/video-resumen-de-la-celebracion-del-25-aniversario-de-ascef\/\" \/>\n<meta property=\"og:site_name\" content=\"ASCEF\" \/>\n<meta property=\"article:published_time\" content=\"2024-01-04T09:45:05+00:00\" \/>\n<meta property=\"og:image\" content=\"https:\/\/www.ascef.com\/wp-content\/uploads\/2024\/01\/Captura-de-pantalla-2024-01-04-101625.png\" \/>\n\t<meta property=\"og:image:width\" content=\"1070\" \/>\n\t<meta property=\"og:image:height\" content=\"601\" \/>\n\t<meta property=\"og:image:type\" content=\"image\/png\" \/>\n<meta name=\"author\" content=\"usuari_ascef_admin\" \/>\n<meta name=\"twitter:card\" content=\"summary_large_image\" \/>\n<meta name=\"twitter:label1\" content=\"Escrito por\" \/>\n\t<meta name=\"twitter:data1\" content=\"usuari_ascef_admin\" \/>\n\t<meta name=\"twitter:label2\" content=\"Tiempo de lectura\" \/>\n\t<meta name=\"twitter:data2\" content=\"1 minuto\" \/>\n<script type=\"application\/ld+json\" class=\"yoast-schema-graph\">{\"@context\":\"https:\\\/\\\/schema.org\",\"@graph\":[{\"@type\":\"Article\",\"@id\":\"https:\\\/\\\/www.ascef.com\\\/es\\\/video-resumen-de-la-celebracion-del-25-aniversario-de-ascef\\\/#article\",\"isPartOf\":{\"@id\":\"https:\\\/\\\/www.ascef.com\\\/es\\\/video-resumen-de-la-celebracion-del-25-aniversario-de-ascef\\\/\"},\"author\":{\"name\":\"usuari_ascef_admin\",\"@id\":\"https:\\\/\\\/www.ascef.com\\\/es\\\/#\\\/schema\\\/person\\\/818edf5b5f3a1179bca4deca82c739f5\"},\"headline\":\"V\u00eddeo resumen de la celebraci\u00f3n del 25 Aniversario de ASCEF\",\"datePublished\":\"2024-01-04T09:45:05+00:00\",\"mainEntityOfPage\":{\"@id\":\"https:\\\/\\\/www.ascef.com\\\/es\\\/video-resumen-de-la-celebracion-del-25-aniversario-de-ascef\\\/\"},\"wordCount\":79,\"commentCount\":0,\"image\":{\"@id\":\"https:\\\/\\\/www.ascef.com\\\/es\\\/video-resumen-de-la-celebracion-del-25-aniversario-de-ascef\\\/#primaryimage\"},\"thumbnailUrl\":\"https:\\\/\\\/www.ascef.com\\\/wp-content\\\/uploads\\\/2024\\\/01\\\/Captura-de-pantalla-2024-01-04-101625.png\",\"articleSection\":[\"general\"],\"inLanguage\":\"es\"},{\"@type\":\"WebPage\",\"@id\":\"https:\\\/\\\/www.ascef.com\\\/es\\\/video-resumen-de-la-celebracion-del-25-aniversario-de-ascef\\\/\",\"url\":\"https:\\\/\\\/www.ascef.com\\\/es\\\/video-resumen-de-la-celebracion-del-25-aniversario-de-ascef\\\/\",\"name\":\"V\u00eddeo resumen de la celebraci\u00f3n del 25 Aniversario de ASCEF - ASCEF\",\"isPartOf\":{\"@id\":\"https:\\\/\\\/www.ascef.com\\\/es\\\/#website\"},\"primaryImageOfPage\":{\"@id\":\"https:\\\/\\\/www.ascef.com\\\/es\\\/video-resumen-de-la-celebracion-del-25-aniversario-de-ascef\\\/#primaryimage\"},\"image\":{\"@id\":\"https:\\\/\\\/www.ascef.com\\\/es\\\/video-resumen-de-la-celebracion-del-25-aniversario-de-ascef\\\/#primaryimage\"},\"thumbnailUrl\":\"https:\\\/\\\/www.ascef.com\\\/wp-content\\\/uploads\\\/2024\\\/01\\\/Captura-de-pantalla-2024-01-04-101625.png\",\"datePublished\":\"2024-01-04T09:45:05+00:00\",\"author\":{\"@id\":\"https:\\\/\\\/www.ascef.com\\\/es\\\/#\\\/schema\\\/person\\\/818edf5b5f3a1179bca4deca82c739f5\"},\"breadcrumb\":{\"@id\":\"https:\\\/\\\/www.ascef.com\\\/es\\\/video-resumen-de-la-celebracion-del-25-aniversario-de-ascef\\\/#breadcrumb\"},\"inLanguage\":\"es\",\"potentialAction\":[{\"@type\":\"ReadAction\",\"target\":[\"https:\\\/\\\/www.ascef.com\\\/es\\\/video-resumen-de-la-celebracion-del-25-aniversario-de-ascef\\\/\"]}]},{\"@type\":\"ImageObject\",\"inLanguage\":\"es\",\"@id\":\"https:\\\/\\\/www.ascef.com\\\/es\\\/video-resumen-de-la-celebracion-del-25-aniversario-de-ascef\\\/#primaryimage\",\"url\":\"https:\\\/\\\/www.ascef.com\\\/wp-content\\\/uploads\\\/2024\\\/01\\\/Captura-de-pantalla-2024-01-04-101625.png\",\"contentUrl\":\"https:\\\/\\\/www.ascef.com\\\/wp-content\\\/uploads\\\/2024\\\/01\\\/Captura-de-pantalla-2024-01-04-101625.png\",\"width\":1070,\"height\":601},{\"@type\":\"BreadcrumbList\",\"@id\":\"https:\\\/\\\/www.ascef.com\\\/es\\\/video-resumen-de-la-celebracion-del-25-aniversario-de-ascef\\\/#breadcrumb\",\"itemListElement\":[{\"@type\":\"ListItem\",\"position\":1,\"name\":\"Portada\",\"item\":\"https:\\\/\\\/www.ascef.com\\\/es\\\/\"},{\"@type\":\"ListItem\",\"position\":2,\"name\":\"V\u00eddeo resumen de la celebraci\u00f3n del 25 Aniversario de ASCEF\"}]},{\"@type\":\"WebSite\",\"@id\":\"https:\\\/\\\/www.ascef.com\\\/es\\\/#website\",\"url\":\"https:\\\/\\\/www.ascef.com\\\/es\\\/\",\"name\":\"ASCEF\",\"description\":\"Associaci\u00f3 Catalana de l\u2019Empresa Familiar\",\"potentialAction\":[{\"@type\":\"SearchAction\",\"target\":{\"@type\":\"EntryPoint\",\"urlTemplate\":\"https:\\\/\\\/www.ascef.com\\\/es\\\/?s={search_term_string}\"},\"query-input\":{\"@type\":\"PropertyValueSpecification\",\"valueRequired\":true,\"valueName\":\"search_term_string\"}}],\"inLanguage\":\"es\"},{\"@type\":\"Person\",\"@id\":\"https:\\\/\\\/www.ascef.com\\\/es\\\/#\\\/schema\\\/person\\\/818edf5b5f3a1179bca4deca82c739f5\",\"name\":\"usuari_ascef_admin\",\"url\":\"https:\\\/\\\/www.ascef.com\\\/es\\\/author\\\/usuari_ascef_admin\\\/\"}]}<\/script>\n<!-- \/ Yoast SEO plugin. -->","yoast_head_json":{"title":"V\u00eddeo resumen de la celebraci\u00f3n del 25 Aniversario de ASCEF - ASCEF","robots":{"index":"index","follow":"follow","max-snippet":"max-snippet:-1","max-image-preview":"max-image-preview:large","max-video-preview":"max-video-preview:-1"},"canonical":"https:\/\/www.ascef.com\/es\/video-resumen-de-la-celebracion-del-25-aniversario-de-ascef\/","og_locale":"es_ES","og_type":"article","og_title":"V\u00eddeo resumen de la celebraci\u00f3n del 25 Aniversario de ASCEF - ASCEF","og_description":"Compartimos el v\u00eddeo resumen del acto con el que la Asociaci\u00f3n Catalana de la Empresa Familiar celebr\u00f3 su 25 Aniversario, en la sala Paraninfo del Edificio Hist\u00f3rico de la Universidad de Barcelona, un encuentro muy especial que sirvi\u00f3 para reafirmar los valores de la empresa familiar, as\u00ed como para reconocer el camino recorrido por la [&hellip;]","og_url":"https:\/\/www.ascef.com\/es\/video-resumen-de-la-celebracion-del-25-aniversario-de-ascef\/","og_site_name":"ASCEF","article_published_time":"2024-01-04T09:45:05+00:00","og_image":[{"width":1070,"height":601,"url":"https:\/\/www.ascef.com\/wp-content\/uploads\/2024\/01\/Captura-de-pantalla-2024-01-04-101625.png","type":"image\/png"}],"author":"usuari_ascef_admin","twitter_card":"summary_large_image","twitter_misc":{"Escrito por":"usuari_ascef_admin","Tiempo de lectura":"1 minuto"},"schema":{"@context":"https:\/\/schema.org","@graph":[{"@type":"Article","@id":"https:\/\/www.ascef.com\/es\/video-resumen-de-la-celebracion-del-25-aniversario-de-ascef\/#article","isPartOf":{"@id":"https:\/\/www.ascef.com\/es\/video-resumen-de-la-celebracion-del-25-aniversario-de-ascef\/"},"author":{"name":"usuari_ascef_admin","@id":"https:\/\/www.ascef.com\/es\/#\/schema\/person\/818edf5b5f3a1179bca4deca82c739f5"},"headline":"V\u00eddeo resumen de la celebraci\u00f3n del 25 Aniversario de ASCEF","datePublished":"2024-01-04T09:45:05+00:00","mainEntityOfPage":{"@id":"https:\/\/www.ascef.com\/es\/video-resumen-de-la-celebracion-del-25-aniversario-de-ascef\/"},"wordCount":79,"commentCount":0,"image":{"@id":"https:\/\/www.ascef.com\/es\/video-resumen-de-la-celebracion-del-25-aniversario-de-ascef\/#primaryimage"},"thumbnailUrl":"https:\/\/www.ascef.com\/wp-content\/uploads\/2024\/01\/Captura-de-pantalla-2024-01-04-101625.png","articleSection":["general"],"inLanguage":"es"},{"@type":"WebPage","@id":"https:\/\/www.ascef.com\/es\/video-resumen-de-la-celebracion-del-25-aniversario-de-ascef\/","url":"https:\/\/www.ascef.com\/es\/video-resumen-de-la-celebracion-del-25-aniversario-de-ascef\/","name":"V\u00eddeo resumen de la celebraci\u00f3n del 25 Aniversario de ASCEF - ASCEF","isPartOf":{"@id":"https:\/\/www.ascef.com\/es\/#website"},"primaryImageOfPage":{"@id":"https:\/\/www.ascef.com\/es\/video-resumen-de-la-celebracion-del-25-aniversario-de-ascef\/#primaryimage"},"image":{"@id":"https:\/\/www.ascef.com\/es\/video-resumen-de-la-celebracion-del-25-aniversario-de-ascef\/#primaryimage"},"thumbnailUrl":"https:\/\/www.ascef.com\/wp-content\/uploads\/2024\/01\/Captura-de-pantalla-2024-01-04-101625.png","datePublished":"2024-01-04T09:45:05+00:00","author":{"@id":"https:\/\/www.ascef.com\/es\/#\/schema\/person\/818edf5b5f3a1179bca4deca82c739f5"},"breadcrumb":{"@id":"https:\/\/www.ascef.com\/es\/video-resumen-de-la-celebracion-del-25-aniversario-de-ascef\/#breadcrumb"},"inLanguage":"es","potentialAction":[{"@type":"ReadAction","target":["https:\/\/www.ascef.com\/es\/video-resumen-de-la-celebracion-del-25-aniversario-de-ascef\/"]}]},{"@type":"ImageObject","inLanguage":"es","@id":"https:\/\/www.ascef.com\/es\/video-resumen-de-la-celebracion-del-25-aniversario-de-ascef\/#primaryimage","url":"https:\/\/www.ascef.com\/wp-content\/uploads\/2024\/01\/Captura-de-pantalla-2024-01-04-101625.png","contentUrl":"https:\/\/www.ascef.com\/wp-content\/uploads\/2024\/01\/Captura-de-pantalla-2024-01-04-101625.png","width":1070,"height":601},{"@type":"BreadcrumbList","@id":"https:\/\/www.ascef.com\/es\/video-resumen-de-la-celebracion-del-25-aniversario-de-ascef\/#breadcrumb","itemListElement":[{"@type":"ListItem","position":1,"name":"Portada","item":"https:\/\/www.ascef.com\/es\/"},{"@type":"ListItem","position":2,"name":"V\u00eddeo resumen de la celebraci\u00f3n del 25 Aniversario de ASCEF"}]},{"@type":"WebSite","@id":"https:\/\/www.ascef.com\/es\/#website","url":"https:\/\/www.ascef.com\/es\/","name":"ASCEF","description":"Associaci\u00f3 Catalana de l\u2019Empresa Familiar","potentialAction":[{"@type":"SearchAction","target":{"@type":"EntryPoint","urlTemplate":"https:\/\/www.ascef.com\/es\/?s={search_term_string}"},"query-input":{"@type":"PropertyValueSpecification","valueRequired":true,"valueName":"search_term_string"}}],"inLanguage":"es"},{"@type":"Person","@id":"https:\/\/www.ascef.com\/es\/#\/schema\/person\/818edf5b5f3a1179bca4deca82c739f5","name":"usuari_ascef_admin","url":"https:\/\/www.ascef.com\/es\/author\/usuari_ascef_admin\/"}]}},"_links":{"self":[{"href":"https:\/\/www.ascef.com\/es\/wp-json\/wp\/v2\/posts\/7421","targetHints":{"allow":["GET"]}}],"collection":[{"href":"https:\/\/www.ascef.com\/es\/wp-json\/wp\/v2\/posts"}],"about":[{"href":"https:\/\/www.ascef.com\/es\/wp-json\/wp\/v2\/types\/post"}],"author":[{"embeddable":true,"href":"https:\/\/www.ascef.com\/es\/wp-json\/wp\/v2\/users\/311"}],"replies":[{"embeddable":true,"href":"https:\/\/www.ascef.com\/es\/wp-json\/wp\/v2\/comments?post=7421"}],"version-history":[{"count":2,"href":"https:\/\/www.ascef.com\/es\/wp-json\/wp\/v2\/posts\/7421\/revisions"}],"predecessor-version":[{"id":7429,"href":"https:\/\/www.ascef.com\/es\/wp-json\/wp\/v2\/posts\/7421\/revisions\/7429"}],"wp:featuredmedia":[{"embeddable":true,"href":"https:\/\/www.ascef.com\/es\/wp-json\/wp\/v2\/media\/7424"}],"wp:attachment":[{"href":"https:\/\/www.ascef.com\/es\/wp-json\/wp\/v2\/media?parent=7421"}],"wp:term":[{"taxonomy":"category","embeddable":true,"href":"https:\/\/www.ascef.com\/es\/wp-json\/wp\/v2\/categories?post=7421"},{"taxonomy":"post_tag","embeddable":true,"href":"https:\/\/www.ascef.com\/es\/wp-json\/wp\/v2\/tags?post=7421"}],"curies":[{"name":"wp","href":"https:\/\/api.w.org\/{rel}","templated":true}]}}