{"id":7140,"date":"2023-11-23T12:51:26","date_gmt":"2023-11-23T12:51:26","guid":{"rendered":"https:\/\/www.ascef.com\/?p=7140"},"modified":"2023-12-18T12:52:22","modified_gmt":"2023-12-18T12:52:22","slug":"la-ascef-celebra-su-25-cumpleanos-reafirmando-los-valores-de-la-empresa-familiar-y-homenajeando-sus-expresidentes","status":"publish","type":"post","link":"https:\/\/www.ascef.com\/es\/la-ascef-celebra-su-25-cumpleanos-reafirmando-los-valores-de-la-empresa-familiar-y-homenajeando-sus-expresidentes\/","title":{"rendered":"La ASCEF celebra su 25 cumplea\u00f1os reafirmando los valores de la Empresa familiar"},"content":{"rendered":"<p>El pasado 22 de noviembre, la Asociaci\u00f3n Catalana de la Empresa Familiar celebr\u00f3 su Acto Conmemorativo del 25 Aniversario, en la sala Paraninfo del Edificio Hist\u00f3rico de la Universitat de Barcelona, un encuentro muy especial que sirvi\u00f3 para reafirmar los valores de la empresa familiar as\u00ed como a reconocer el camino recorrido por la asociaci\u00f3n y todos sus miembros.<\/p>\n<p>Por eso, durante el acto sehomenaje\u00f3 a los tres presidentes que ha tenido la ASCEF: Antonio Gallardo, Jaume Grego y Amadeu Jori as\u00ed como a Vicen\u00e7 Bosch que fue director general de la ASCEF durante 20 a\u00f1os. Tambi\u00e9n se quiso reconocer la tarea del Grupo de mujeres de la ASCEF y el Foro de J\u00f3venes, dos espacios imprescindibles de encuentro, formaci\u00f3n e intercambio de experiencias.<\/p>\n<p>En su discurso, Jaume Alsina, actual presidente de la ASCEF, despu\u00e9s de dar las gracias a todos los que han hecho posible llegar este 25 aniversario, ratific\u00f3 el compromiso de la Asociaci\u00f3n con la empresa familiar y sus miembros del mismo modo que \u201cel compromiso es la esencia de la empresa familiar, su fuerza e impronta, y lo que nos permite generar un legado que nos transcienda, arraigados al territorio y creando riqueza para toda la sociedad\u201c.<\/p>\n<p>En el acto tambi\u00e9n participaron Andr\u00e9s Sendagorta, presidente del Instituto de la Empresa Familiar, Sonia Colomar, directora territorial del Banco Santander en Catalu\u00f1a, y H\u00e9ctor Bros socio-director de Cuatrecasas en Barcelona.<\/p>\n<p>Por \u00faltimo, el punto l\u00fadico de la noche lo puso Impro Show, con una actuaci\u00f3n improvisada en la que aparecieron muchos valores y compromisos de la empresa familiar a propuesta de los asistentes.<\/p>\n","protected":false},"excerpt":{"rendered":"<p>El pasado 22 de noviembre, la Asociaci\u00f3n Catalana de la Empresa Familiar celebr\u00f3 su Acto Conmemorativo del 25 Aniversario, en la sala Paraninfo del Edificio Hist\u00f3rico de la Universitat de Barcelona, un encuentro muy especial que sirvi\u00f3 para reafirmar los valores de la empresa familiar as\u00ed como a reconocer el camino recorrido por la asociaci\u00f3n [&hellip;]<\/p>\n","protected":false},"author":311,"featured_media":7169,"comment_status":"open","ping_status":"closed","sticky":false,"template":"","format":"standard","meta":{"_acf_changed":false,"footnotes":""},"categories":[185],"tags":[],"class_list":["post-7140","post","type-post","status-publish","format-standard","has-post-thumbnail","hentry","category-general"],"acf":[],"yoast_head":"<!-- This site is optimized with the Yoast SEO plugin v27.5 - https:\/\/yoast.com\/product\/yoast-seo-wordpress\/ -->\n<title>La ASCEF celebra su 25 cumplea\u00f1os reafirmando los valores de la Empresa familiar - ASCEF<\/title>\n<meta name=\"robots\" content=\"index, follow, max-snippet:-1, max-image-preview:large, max-video-preview:-1\" \/>\n<link rel=\"canonical\" href=\"https:\/\/www.ascef.com\/es\/la-ascef-celebra-su-25-cumpleanos-reafirmando-los-valores-de-la-empresa-familiar-y-homenajeando-sus-expresidentes\/\" \/>\n<meta property=\"og:locale\" content=\"es_ES\" \/>\n<meta property=\"og:type\" content=\"article\" \/>\n<meta property=\"og:title\" content=\"La ASCEF celebra su 25 cumplea\u00f1os reafirmando los valores de la Empresa familiar - ASCEF\" \/>\n<meta property=\"og:description\" content=\"El pasado 22 de noviembre, la Asociaci\u00f3n Catalana de la Empresa Familiar celebr\u00f3 su Acto Conmemorativo del 25 Aniversario, en la sala Paraninfo del Edificio Hist\u00f3rico de la Universitat de Barcelona, un encuentro muy especial que sirvi\u00f3 para reafirmar los valores de la empresa familiar as\u00ed como a reconocer el camino recorrido por la asociaci\u00f3n [&hellip;]\" \/>\n<meta property=\"og:url\" content=\"https:\/\/www.ascef.com\/es\/la-ascef-celebra-su-25-cumpleanos-reafirmando-los-valores-de-la-empresa-familiar-y-homenajeando-sus-expresidentes\/\" \/>\n<meta property=\"og:site_name\" content=\"ASCEF\" \/>\n<meta property=\"article:published_time\" content=\"2023-11-23T12:51:26+00:00\" \/>\n<meta property=\"article:modified_time\" content=\"2023-12-18T12:52:22+00:00\" \/>\n<meta property=\"og:image\" content=\"https:\/\/www.ascef.com\/wp-content\/uploads\/2023\/11\/vista-acte-1024x683.jpg\" \/>\n\t<meta property=\"og:image:width\" content=\"1024\" \/>\n\t<meta property=\"og:image:height\" content=\"683\" \/>\n\t<meta property=\"og:image:type\" content=\"image\/jpeg\" \/>\n<meta name=\"author\" content=\"usuari_ascef_admin\" \/>\n<meta name=\"twitter:card\" content=\"summary_large_image\" \/>\n<meta name=\"twitter:label1\" content=\"Escrito por\" \/>\n\t<meta name=\"twitter:data1\" content=\"usuari_ascef_admin\" \/>\n\t<meta name=\"twitter:label2\" content=\"Tiempo de lectura\" \/>\n\t<meta name=\"twitter:data2\" content=\"2 minutos\" \/>\n<script type=\"application\/ld+json\" class=\"yoast-schema-graph\">{\"@context\":\"https:\\\/\\\/schema.org\",\"@graph\":[{\"@type\":\"Article\",\"@id\":\"https:\\\/\\\/www.ascef.com\\\/es\\\/la-ascef-celebra-su-25-cumpleanos-reafirmando-los-valores-de-la-empresa-familiar-y-homenajeando-sus-expresidentes\\\/#article\",\"isPartOf\":{\"@id\":\"https:\\\/\\\/www.ascef.com\\\/es\\\/la-ascef-celebra-su-25-cumpleanos-reafirmando-los-valores-de-la-empresa-familiar-y-homenajeando-sus-expresidentes\\\/\"},\"author\":{\"name\":\"usuari_ascef_admin\",\"@id\":\"https:\\\/\\\/www.ascef.com\\\/es\\\/#\\\/schema\\\/person\\\/818edf5b5f3a1179bca4deca82c739f5\"},\"headline\":\"La ASCEF celebra su 25 cumplea\u00f1os reafirmando los valores de la Empresa familiar\",\"datePublished\":\"2023-11-23T12:51:26+00:00\",\"dateModified\":\"2023-12-18T12:52:22+00:00\",\"mainEntityOfPage\":{\"@id\":\"https:\\\/\\\/www.ascef.com\\\/es\\\/la-ascef-celebra-su-25-cumpleanos-reafirmando-los-valores-de-la-empresa-familiar-y-homenajeando-sus-expresidentes\\\/\"},\"wordCount\":289,\"commentCount\":0,\"image\":{\"@id\":\"https:\\\/\\\/www.ascef.com\\\/es\\\/la-ascef-celebra-su-25-cumpleanos-reafirmando-los-valores-de-la-empresa-familiar-y-homenajeando-sus-expresidentes\\\/#primaryimage\"},\"thumbnailUrl\":\"https:\\\/\\\/www.ascef.com\\\/wp-content\\\/uploads\\\/2023\\\/11\\\/vista-acte.jpg\",\"articleSection\":[\"general\"],\"inLanguage\":\"es\"},{\"@type\":\"WebPage\",\"@id\":\"https:\\\/\\\/www.ascef.com\\\/es\\\/la-ascef-celebra-su-25-cumpleanos-reafirmando-los-valores-de-la-empresa-familiar-y-homenajeando-sus-expresidentes\\\/\",\"url\":\"https:\\\/\\\/www.ascef.com\\\/es\\\/la-ascef-celebra-su-25-cumpleanos-reafirmando-los-valores-de-la-empresa-familiar-y-homenajeando-sus-expresidentes\\\/\",\"name\":\"La ASCEF celebra su 25 cumplea\u00f1os reafirmando los valores de la Empresa familiar - ASCEF\",\"isPartOf\":{\"@id\":\"https:\\\/\\\/www.ascef.com\\\/es\\\/#website\"},\"primaryImageOfPage\":{\"@id\":\"https:\\\/\\\/www.ascef.com\\\/es\\\/la-ascef-celebra-su-25-cumpleanos-reafirmando-los-valores-de-la-empresa-familiar-y-homenajeando-sus-expresidentes\\\/#primaryimage\"},\"image\":{\"@id\":\"https:\\\/\\\/www.ascef.com\\\/es\\\/la-ascef-celebra-su-25-cumpleanos-reafirmando-los-valores-de-la-empresa-familiar-y-homenajeando-sus-expresidentes\\\/#primaryimage\"},\"thumbnailUrl\":\"https:\\\/\\\/www.ascef.com\\\/wp-content\\\/uploads\\\/2023\\\/11\\\/vista-acte.jpg\",\"datePublished\":\"2023-11-23T12:51:26+00:00\",\"dateModified\":\"2023-12-18T12:52:22+00:00\",\"author\":{\"@id\":\"https:\\\/\\\/www.ascef.com\\\/es\\\/#\\\/schema\\\/person\\\/818edf5b5f3a1179bca4deca82c739f5\"},\"breadcrumb\":{\"@id\":\"https:\\\/\\\/www.ascef.com\\\/es\\\/la-ascef-celebra-su-25-cumpleanos-reafirmando-los-valores-de-la-empresa-familiar-y-homenajeando-sus-expresidentes\\\/#breadcrumb\"},\"inLanguage\":\"es\",\"potentialAction\":[{\"@type\":\"ReadAction\",\"target\":[\"https:\\\/\\\/www.ascef.com\\\/es\\\/la-ascef-celebra-su-25-cumpleanos-reafirmando-los-valores-de-la-empresa-familiar-y-homenajeando-sus-expresidentes\\\/\"]}]},{\"@type\":\"ImageObject\",\"inLanguage\":\"es\",\"@id\":\"https:\\\/\\\/www.ascef.com\\\/es\\\/la-ascef-celebra-su-25-cumpleanos-reafirmando-los-valores-de-la-empresa-familiar-y-homenajeando-sus-expresidentes\\\/#primaryimage\",\"url\":\"https:\\\/\\\/www.ascef.com\\\/wp-content\\\/uploads\\\/2023\\\/11\\\/vista-acte.jpg\",\"contentUrl\":\"https:\\\/\\\/www.ascef.com\\\/wp-content\\\/uploads\\\/2023\\\/11\\\/vista-acte.jpg\",\"width\":2100,\"height\":1400},{\"@type\":\"BreadcrumbList\",\"@id\":\"https:\\\/\\\/www.ascef.com\\\/es\\\/la-ascef-celebra-su-25-cumpleanos-reafirmando-los-valores-de-la-empresa-familiar-y-homenajeando-sus-expresidentes\\\/#breadcrumb\",\"itemListElement\":[{\"@type\":\"ListItem\",\"position\":1,\"name\":\"Portada\",\"item\":\"https:\\\/\\\/www.ascef.com\\\/es\\\/\"},{\"@type\":\"ListItem\",\"position\":2,\"name\":\"La ASCEF celebra su 25 cumplea\u00f1os reafirmando los valores de la Empresa familiar\"}]},{\"@type\":\"WebSite\",\"@id\":\"https:\\\/\\\/www.ascef.com\\\/es\\\/#website\",\"url\":\"https:\\\/\\\/www.ascef.com\\\/es\\\/\",\"name\":\"ASCEF\",\"description\":\"Associaci\u00f3 Catalana de l\u2019Empresa Familiar\",\"potentialAction\":[{\"@type\":\"SearchAction\",\"target\":{\"@type\":\"EntryPoint\",\"urlTemplate\":\"https:\\\/\\\/www.ascef.com\\\/es\\\/?s={search_term_string}\"},\"query-input\":{\"@type\":\"PropertyValueSpecification\",\"valueRequired\":true,\"valueName\":\"search_term_string\"}}],\"inLanguage\":\"es\"},{\"@type\":\"Person\",\"@id\":\"https:\\\/\\\/www.ascef.com\\\/es\\\/#\\\/schema\\\/person\\\/818edf5b5f3a1179bca4deca82c739f5\",\"name\":\"usuari_ascef_admin\",\"url\":\"https:\\\/\\\/www.ascef.com\\\/es\\\/author\\\/usuari_ascef_admin\\\/\"}]}<\/script>\n<!-- \/ Yoast SEO plugin. -->","yoast_head_json":{"title":"La ASCEF celebra su 25 cumplea\u00f1os reafirmando los valores de la Empresa familiar - ASCEF","robots":{"index":"index","follow":"follow","max-snippet":"max-snippet:-1","max-image-preview":"max-image-preview:large","max-video-preview":"max-video-preview:-1"},"canonical":"https:\/\/www.ascef.com\/es\/la-ascef-celebra-su-25-cumpleanos-reafirmando-los-valores-de-la-empresa-familiar-y-homenajeando-sus-expresidentes\/","og_locale":"es_ES","og_type":"article","og_title":"La ASCEF celebra su 25 cumplea\u00f1os reafirmando los valores de la Empresa familiar - ASCEF","og_description":"El pasado 22 de noviembre, la Asociaci\u00f3n Catalana de la Empresa Familiar celebr\u00f3 su Acto Conmemorativo del 25 Aniversario, en la sala Paraninfo del Edificio Hist\u00f3rico de la Universitat de Barcelona, un encuentro muy especial que sirvi\u00f3 para reafirmar los valores de la empresa familiar as\u00ed como a reconocer el camino recorrido por la asociaci\u00f3n [&hellip;]","og_url":"https:\/\/www.ascef.com\/es\/la-ascef-celebra-su-25-cumpleanos-reafirmando-los-valores-de-la-empresa-familiar-y-homenajeando-sus-expresidentes\/","og_site_name":"ASCEF","article_published_time":"2023-11-23T12:51:26+00:00","article_modified_time":"2023-12-18T12:52:22+00:00","og_image":[{"width":1024,"height":683,"url":"https:\/\/www.ascef.com\/wp-content\/uploads\/2023\/11\/vista-acte-1024x683.jpg","type":"image\/jpeg"}],"author":"usuari_ascef_admin","twitter_card":"summary_large_image","twitter_misc":{"Escrito por":"usuari_ascef_admin","Tiempo de lectura":"2 minutos"},"schema":{"@context":"https:\/\/schema.org","@graph":[{"@type":"Article","@id":"https:\/\/www.ascef.com\/es\/la-ascef-celebra-su-25-cumpleanos-reafirmando-los-valores-de-la-empresa-familiar-y-homenajeando-sus-expresidentes\/#article","isPartOf":{"@id":"https:\/\/www.ascef.com\/es\/la-ascef-celebra-su-25-cumpleanos-reafirmando-los-valores-de-la-empresa-familiar-y-homenajeando-sus-expresidentes\/"},"author":{"name":"usuari_ascef_admin","@id":"https:\/\/www.ascef.com\/es\/#\/schema\/person\/818edf5b5f3a1179bca4deca82c739f5"},"headline":"La ASCEF celebra su 25 cumplea\u00f1os reafirmando los valores de la Empresa familiar","datePublished":"2023-11-23T12:51:26+00:00","dateModified":"2023-12-18T12:52:22+00:00","mainEntityOfPage":{"@id":"https:\/\/www.ascef.com\/es\/la-ascef-celebra-su-25-cumpleanos-reafirmando-los-valores-de-la-empresa-familiar-y-homenajeando-sus-expresidentes\/"},"wordCount":289,"commentCount":0,"image":{"@id":"https:\/\/www.ascef.com\/es\/la-ascef-celebra-su-25-cumpleanos-reafirmando-los-valores-de-la-empresa-familiar-y-homenajeando-sus-expresidentes\/#primaryimage"},"thumbnailUrl":"https:\/\/www.ascef.com\/wp-content\/uploads\/2023\/11\/vista-acte.jpg","articleSection":["general"],"inLanguage":"es"},{"@type":"WebPage","@id":"https:\/\/www.ascef.com\/es\/la-ascef-celebra-su-25-cumpleanos-reafirmando-los-valores-de-la-empresa-familiar-y-homenajeando-sus-expresidentes\/","url":"https:\/\/www.ascef.com\/es\/la-ascef-celebra-su-25-cumpleanos-reafirmando-los-valores-de-la-empresa-familiar-y-homenajeando-sus-expresidentes\/","name":"La ASCEF celebra su 25 cumplea\u00f1os reafirmando los valores de la Empresa familiar - ASCEF","isPartOf":{"@id":"https:\/\/www.ascef.com\/es\/#website"},"primaryImageOfPage":{"@id":"https:\/\/www.ascef.com\/es\/la-ascef-celebra-su-25-cumpleanos-reafirmando-los-valores-de-la-empresa-familiar-y-homenajeando-sus-expresidentes\/#primaryimage"},"image":{"@id":"https:\/\/www.ascef.com\/es\/la-ascef-celebra-su-25-cumpleanos-reafirmando-los-valores-de-la-empresa-familiar-y-homenajeando-sus-expresidentes\/#primaryimage"},"thumbnailUrl":"https:\/\/www.ascef.com\/wp-content\/uploads\/2023\/11\/vista-acte.jpg","datePublished":"2023-11-23T12:51:26+00:00","dateModified":"2023-12-18T12:52:22+00:00","author":{"@id":"https:\/\/www.ascef.com\/es\/#\/schema\/person\/818edf5b5f3a1179bca4deca82c739f5"},"breadcrumb":{"@id":"https:\/\/www.ascef.com\/es\/la-ascef-celebra-su-25-cumpleanos-reafirmando-los-valores-de-la-empresa-familiar-y-homenajeando-sus-expresidentes\/#breadcrumb"},"inLanguage":"es","potentialAction":[{"@type":"ReadAction","target":["https:\/\/www.ascef.com\/es\/la-ascef-celebra-su-25-cumpleanos-reafirmando-los-valores-de-la-empresa-familiar-y-homenajeando-sus-expresidentes\/"]}]},{"@type":"ImageObject","inLanguage":"es","@id":"https:\/\/www.ascef.com\/es\/la-ascef-celebra-su-25-cumpleanos-reafirmando-los-valores-de-la-empresa-familiar-y-homenajeando-sus-expresidentes\/#primaryimage","url":"https:\/\/www.ascef.com\/wp-content\/uploads\/2023\/11\/vista-acte.jpg","contentUrl":"https:\/\/www.ascef.com\/wp-content\/uploads\/2023\/11\/vista-acte.jpg","width":2100,"height":1400},{"@type":"BreadcrumbList","@id":"https:\/\/www.ascef.com\/es\/la-ascef-celebra-su-25-cumpleanos-reafirmando-los-valores-de-la-empresa-familiar-y-homenajeando-sus-expresidentes\/#breadcrumb","itemListElement":[{"@type":"ListItem","position":1,"name":"Portada","item":"https:\/\/www.ascef.com\/es\/"},{"@type":"ListItem","position":2,"name":"La ASCEF celebra su 25 cumplea\u00f1os reafirmando los valores de la Empresa familiar"}]},{"@type":"WebSite","@id":"https:\/\/www.ascef.com\/es\/#website","url":"https:\/\/www.ascef.com\/es\/","name":"ASCEF","description":"Associaci\u00f3 Catalana de l\u2019Empresa Familiar","potentialAction":[{"@type":"SearchAction","target":{"@type":"EntryPoint","urlTemplate":"https:\/\/www.ascef.com\/es\/?s={search_term_string}"},"query-input":{"@type":"PropertyValueSpecification","valueRequired":true,"valueName":"search_term_string"}}],"inLanguage":"es"},{"@type":"Person","@id":"https:\/\/www.ascef.com\/es\/#\/schema\/person\/818edf5b5f3a1179bca4deca82c739f5","name":"usuari_ascef_admin","url":"https:\/\/www.ascef.com\/es\/author\/usuari_ascef_admin\/"}]}},"_links":{"self":[{"href":"https:\/\/www.ascef.com\/es\/wp-json\/wp\/v2\/posts\/7140","targetHints":{"allow":["GET"]}}],"collection":[{"href":"https:\/\/www.ascef.com\/es\/wp-json\/wp\/v2\/posts"}],"about":[{"href":"https:\/\/www.ascef.com\/es\/wp-json\/wp\/v2\/types\/post"}],"author":[{"embeddable":true,"href":"https:\/\/www.ascef.com\/es\/wp-json\/wp\/v2\/users\/311"}],"replies":[{"embeddable":true,"href":"https:\/\/www.ascef.com\/es\/wp-json\/wp\/v2\/comments?post=7140"}],"version-history":[{"count":3,"href":"https:\/\/www.ascef.com\/es\/wp-json\/wp\/v2\/posts\/7140\/revisions"}],"predecessor-version":[{"id":7388,"href":"https:\/\/www.ascef.com\/es\/wp-json\/wp\/v2\/posts\/7140\/revisions\/7388"}],"wp:featuredmedia":[{"embeddable":true,"href":"https:\/\/www.ascef.com\/es\/wp-json\/wp\/v2\/media\/7169"}],"wp:attachment":[{"href":"https:\/\/www.ascef.com\/es\/wp-json\/wp\/v2\/media?parent=7140"}],"wp:term":[{"taxonomy":"category","embeddable":true,"href":"https:\/\/www.ascef.com\/es\/wp-json\/wp\/v2\/categories?post=7140"},{"taxonomy":"post_tag","embeddable":true,"href":"https:\/\/www.ascef.com\/es\/wp-json\/wp\/v2\/tags?post=7140"}],"curies":[{"name":"wp","href":"https:\/\/api.w.org\/{rel}","templated":true}]}}