{"id":7121,"date":"2023-11-15T07:41:55","date_gmt":"2023-11-15T07:41:55","guid":{"rendered":"https:\/\/www.ascef.com\/?p=7121"},"modified":"2023-11-15T07:42:33","modified_gmt":"2023-11-15T07:42:33","slug":"en-defensa-de-45-anos-de-convivencia-constitucional-y-prosperidad-economica-declaracion-del-ief-y-las-asociaciones-territoriales-de-empresa-familiar","status":"publish","type":"post","link":"https:\/\/www.ascef.com\/es\/en-defensa-de-45-anos-de-convivencia-constitucional-y-prosperidad-economica-declaracion-del-ief-y-las-asociaciones-territoriales-de-empresa-familiar\/","title":{"rendered":"En defensa de 45 a\u00f1os de convivencia constitucional y prosperidad econ\u00f3mica | Declaraci\u00f3n del IEF y las Asociaciones Territoriales de Empresa Familiar"},"content":{"rendered":"<p>Adjuntamos enlace al <strong><a href=\"https:\/\/www.ascef.com\/wp-content\/uploads\/2023\/11\/Declaracion-IEF-_En-defensa-de-45-anos-de-convivencia-constitucional-y-prosperidad-economica.pdf\" target=\"_blank\" rel=\"noopener\">documento de la declaraci\u00f3n<\/a><\/strong>.<\/p>\n<p>&nbsp;<\/p>\n","protected":false},"excerpt":{"rendered":"<p>Adjuntamos enlace al documento de la declaraci\u00f3n. &nbsp;<\/p>\n","protected":false},"author":311,"featured_media":0,"comment_status":"open","ping_status":"closed","sticky":false,"template":"","format":"standard","meta":{"_acf_changed":false,"footnotes":""},"categories":[185],"tags":[],"class_list":["post-7121","post","type-post","status-publish","format-standard","hentry","category-general"],"acf":[],"yoast_head":"<!-- This site is optimized with the Yoast SEO plugin v27.5 - https:\/\/yoast.com\/product\/yoast-seo-wordpress\/ -->\n<title>En defensa de 45 a\u00f1os de convivencia constitucional y prosperidad econ\u00f3mica | Declaraci\u00f3n del IEF y las Asociaciones Territoriales de Empresa Familiar - ASCEF<\/title>\n<meta name=\"robots\" content=\"index, follow, max-snippet:-1, max-image-preview:large, max-video-preview:-1\" \/>\n<link rel=\"canonical\" href=\"https:\/\/www.ascef.com\/es\/en-defensa-de-45-anos-de-convivencia-constitucional-y-prosperidad-economica-declaracion-del-ief-y-las-asociaciones-territoriales-de-empresa-familiar\/\" \/>\n<meta property=\"og:locale\" content=\"es_ES\" \/>\n<meta property=\"og:type\" content=\"article\" \/>\n<meta property=\"og:title\" content=\"En defensa de 45 a\u00f1os de convivencia constitucional y prosperidad econ\u00f3mica | Declaraci\u00f3n del IEF y las Asociaciones Territoriales de Empresa Familiar - ASCEF\" \/>\n<meta property=\"og:description\" content=\"Adjuntamos enlace al documento de la declaraci\u00f3n. &nbsp;\" \/>\n<meta property=\"og:url\" content=\"https:\/\/www.ascef.com\/es\/en-defensa-de-45-anos-de-convivencia-constitucional-y-prosperidad-economica-declaracion-del-ief-y-las-asociaciones-territoriales-de-empresa-familiar\/\" \/>\n<meta property=\"og:site_name\" content=\"ASCEF\" \/>\n<meta property=\"article:published_time\" content=\"2023-11-15T07:41:55+00:00\" \/>\n<meta property=\"article:modified_time\" content=\"2023-11-15T07:42:33+00:00\" \/>\n<meta name=\"author\" content=\"usuari_ascef_admin\" \/>\n<meta name=\"twitter:card\" content=\"summary_large_image\" \/>\n<meta name=\"twitter:label1\" content=\"Escrito por\" \/>\n\t<meta name=\"twitter:data1\" content=\"usuari_ascef_admin\" \/>\n\t<meta name=\"twitter:label2\" content=\"Tiempo de lectura\" \/>\n\t<meta name=\"twitter:data2\" content=\"1 minuto\" \/>\n<script type=\"application\/ld+json\" class=\"yoast-schema-graph\">{\"@context\":\"https:\\\/\\\/schema.org\",\"@graph\":[{\"@type\":\"Article\",\"@id\":\"https:\\\/\\\/www.ascef.com\\\/es\\\/en-defensa-de-45-anos-de-convivencia-constitucional-y-prosperidad-economica-declaracion-del-ief-y-las-asociaciones-territoriales-de-empresa-familiar\\\/#article\",\"isPartOf\":{\"@id\":\"https:\\\/\\\/www.ascef.com\\\/es\\\/en-defensa-de-45-anos-de-convivencia-constitucional-y-prosperidad-economica-declaracion-del-ief-y-las-asociaciones-territoriales-de-empresa-familiar\\\/\"},\"author\":{\"name\":\"usuari_ascef_admin\",\"@id\":\"https:\\\/\\\/www.ascef.com\\\/es\\\/#\\\/schema\\\/person\\\/818edf5b5f3a1179bca4deca82c739f5\"},\"headline\":\"En defensa de 45 a\u00f1os de convivencia constitucional y prosperidad econ\u00f3mica | Declaraci\u00f3n del IEF y las Asociaciones Territoriales de Empresa Familiar\",\"datePublished\":\"2023-11-15T07:41:55+00:00\",\"dateModified\":\"2023-11-15T07:42:33+00:00\",\"mainEntityOfPage\":{\"@id\":\"https:\\\/\\\/www.ascef.com\\\/es\\\/en-defensa-de-45-anos-de-convivencia-constitucional-y-prosperidad-economica-declaracion-del-ief-y-las-asociaciones-territoriales-de-empresa-familiar\\\/\"},\"wordCount\":32,\"commentCount\":0,\"articleSection\":[\"general\"],\"inLanguage\":\"es\"},{\"@type\":\"WebPage\",\"@id\":\"https:\\\/\\\/www.ascef.com\\\/es\\\/en-defensa-de-45-anos-de-convivencia-constitucional-y-prosperidad-economica-declaracion-del-ief-y-las-asociaciones-territoriales-de-empresa-familiar\\\/\",\"url\":\"https:\\\/\\\/www.ascef.com\\\/es\\\/en-defensa-de-45-anos-de-convivencia-constitucional-y-prosperidad-economica-declaracion-del-ief-y-las-asociaciones-territoriales-de-empresa-familiar\\\/\",\"name\":\"En defensa de 45 a\u00f1os de convivencia constitucional y prosperidad econ\u00f3mica | Declaraci\u00f3n del IEF y las Asociaciones Territoriales de Empresa Familiar - ASCEF\",\"isPartOf\":{\"@id\":\"https:\\\/\\\/www.ascef.com\\\/es\\\/#website\"},\"datePublished\":\"2023-11-15T07:41:55+00:00\",\"dateModified\":\"2023-11-15T07:42:33+00:00\",\"author\":{\"@id\":\"https:\\\/\\\/www.ascef.com\\\/es\\\/#\\\/schema\\\/person\\\/818edf5b5f3a1179bca4deca82c739f5\"},\"breadcrumb\":{\"@id\":\"https:\\\/\\\/www.ascef.com\\\/es\\\/en-defensa-de-45-anos-de-convivencia-constitucional-y-prosperidad-economica-declaracion-del-ief-y-las-asociaciones-territoriales-de-empresa-familiar\\\/#breadcrumb\"},\"inLanguage\":\"es\",\"potentialAction\":[{\"@type\":\"ReadAction\",\"target\":[\"https:\\\/\\\/www.ascef.com\\\/es\\\/en-defensa-de-45-anos-de-convivencia-constitucional-y-prosperidad-economica-declaracion-del-ief-y-las-asociaciones-territoriales-de-empresa-familiar\\\/\"]}]},{\"@type\":\"BreadcrumbList\",\"@id\":\"https:\\\/\\\/www.ascef.com\\\/es\\\/en-defensa-de-45-anos-de-convivencia-constitucional-y-prosperidad-economica-declaracion-del-ief-y-las-asociaciones-territoriales-de-empresa-familiar\\\/#breadcrumb\",\"itemListElement\":[{\"@type\":\"ListItem\",\"position\":1,\"name\":\"Portada\",\"item\":\"https:\\\/\\\/www.ascef.com\\\/es\\\/\"},{\"@type\":\"ListItem\",\"position\":2,\"name\":\"En defensa de 45 a\u00f1os de convivencia constitucional y prosperidad econ\u00f3mica | Declaraci\u00f3n del IEF y las Asociaciones Territoriales de Empresa Familiar\"}]},{\"@type\":\"WebSite\",\"@id\":\"https:\\\/\\\/www.ascef.com\\\/es\\\/#website\",\"url\":\"https:\\\/\\\/www.ascef.com\\\/es\\\/\",\"name\":\"ASCEF\",\"description\":\"Associaci\u00f3 Catalana de l\u2019Empresa Familiar\",\"potentialAction\":[{\"@type\":\"SearchAction\",\"target\":{\"@type\":\"EntryPoint\",\"urlTemplate\":\"https:\\\/\\\/www.ascef.com\\\/es\\\/?s={search_term_string}\"},\"query-input\":{\"@type\":\"PropertyValueSpecification\",\"valueRequired\":true,\"valueName\":\"search_term_string\"}}],\"inLanguage\":\"es\"},{\"@type\":\"Person\",\"@id\":\"https:\\\/\\\/www.ascef.com\\\/es\\\/#\\\/schema\\\/person\\\/818edf5b5f3a1179bca4deca82c739f5\",\"name\":\"usuari_ascef_admin\",\"url\":\"https:\\\/\\\/www.ascef.com\\\/es\\\/author\\\/usuari_ascef_admin\\\/\"}]}<\/script>\n<!-- \/ Yoast SEO plugin. -->","yoast_head_json":{"title":"En defensa de 45 a\u00f1os de convivencia constitucional y prosperidad econ\u00f3mica | Declaraci\u00f3n del IEF y las Asociaciones Territoriales de Empresa Familiar - ASCEF","robots":{"index":"index","follow":"follow","max-snippet":"max-snippet:-1","max-image-preview":"max-image-preview:large","max-video-preview":"max-video-preview:-1"},"canonical":"https:\/\/www.ascef.com\/es\/en-defensa-de-45-anos-de-convivencia-constitucional-y-prosperidad-economica-declaracion-del-ief-y-las-asociaciones-territoriales-de-empresa-familiar\/","og_locale":"es_ES","og_type":"article","og_title":"En defensa de 45 a\u00f1os de convivencia constitucional y prosperidad econ\u00f3mica | Declaraci\u00f3n del IEF y las Asociaciones Territoriales de Empresa Familiar - ASCEF","og_description":"Adjuntamos enlace al documento de la declaraci\u00f3n. &nbsp;","og_url":"https:\/\/www.ascef.com\/es\/en-defensa-de-45-anos-de-convivencia-constitucional-y-prosperidad-economica-declaracion-del-ief-y-las-asociaciones-territoriales-de-empresa-familiar\/","og_site_name":"ASCEF","article_published_time":"2023-11-15T07:41:55+00:00","article_modified_time":"2023-11-15T07:42:33+00:00","author":"usuari_ascef_admin","twitter_card":"summary_large_image","twitter_misc":{"Escrito por":"usuari_ascef_admin","Tiempo de lectura":"1 minuto"},"schema":{"@context":"https:\/\/schema.org","@graph":[{"@type":"Article","@id":"https:\/\/www.ascef.com\/es\/en-defensa-de-45-anos-de-convivencia-constitucional-y-prosperidad-economica-declaracion-del-ief-y-las-asociaciones-territoriales-de-empresa-familiar\/#article","isPartOf":{"@id":"https:\/\/www.ascef.com\/es\/en-defensa-de-45-anos-de-convivencia-constitucional-y-prosperidad-economica-declaracion-del-ief-y-las-asociaciones-territoriales-de-empresa-familiar\/"},"author":{"name":"usuari_ascef_admin","@id":"https:\/\/www.ascef.com\/es\/#\/schema\/person\/818edf5b5f3a1179bca4deca82c739f5"},"headline":"En defensa de 45 a\u00f1os de convivencia constitucional y prosperidad econ\u00f3mica | Declaraci\u00f3n del IEF y las Asociaciones Territoriales de Empresa Familiar","datePublished":"2023-11-15T07:41:55+00:00","dateModified":"2023-11-15T07:42:33+00:00","mainEntityOfPage":{"@id":"https:\/\/www.ascef.com\/es\/en-defensa-de-45-anos-de-convivencia-constitucional-y-prosperidad-economica-declaracion-del-ief-y-las-asociaciones-territoriales-de-empresa-familiar\/"},"wordCount":32,"commentCount":0,"articleSection":["general"],"inLanguage":"es"},{"@type":"WebPage","@id":"https:\/\/www.ascef.com\/es\/en-defensa-de-45-anos-de-convivencia-constitucional-y-prosperidad-economica-declaracion-del-ief-y-las-asociaciones-territoriales-de-empresa-familiar\/","url":"https:\/\/www.ascef.com\/es\/en-defensa-de-45-anos-de-convivencia-constitucional-y-prosperidad-economica-declaracion-del-ief-y-las-asociaciones-territoriales-de-empresa-familiar\/","name":"En defensa de 45 a\u00f1os de convivencia constitucional y prosperidad econ\u00f3mica | Declaraci\u00f3n del IEF y las Asociaciones Territoriales de Empresa Familiar - ASCEF","isPartOf":{"@id":"https:\/\/www.ascef.com\/es\/#website"},"datePublished":"2023-11-15T07:41:55+00:00","dateModified":"2023-11-15T07:42:33+00:00","author":{"@id":"https:\/\/www.ascef.com\/es\/#\/schema\/person\/818edf5b5f3a1179bca4deca82c739f5"},"breadcrumb":{"@id":"https:\/\/www.ascef.com\/es\/en-defensa-de-45-anos-de-convivencia-constitucional-y-prosperidad-economica-declaracion-del-ief-y-las-asociaciones-territoriales-de-empresa-familiar\/#breadcrumb"},"inLanguage":"es","potentialAction":[{"@type":"ReadAction","target":["https:\/\/www.ascef.com\/es\/en-defensa-de-45-anos-de-convivencia-constitucional-y-prosperidad-economica-declaracion-del-ief-y-las-asociaciones-territoriales-de-empresa-familiar\/"]}]},{"@type":"BreadcrumbList","@id":"https:\/\/www.ascef.com\/es\/en-defensa-de-45-anos-de-convivencia-constitucional-y-prosperidad-economica-declaracion-del-ief-y-las-asociaciones-territoriales-de-empresa-familiar\/#breadcrumb","itemListElement":[{"@type":"ListItem","position":1,"name":"Portada","item":"https:\/\/www.ascef.com\/es\/"},{"@type":"ListItem","position":2,"name":"En defensa de 45 a\u00f1os de convivencia constitucional y prosperidad econ\u00f3mica | Declaraci\u00f3n del IEF y las Asociaciones Territoriales de Empresa Familiar"}]},{"@type":"WebSite","@id":"https:\/\/www.ascef.com\/es\/#website","url":"https:\/\/www.ascef.com\/es\/","name":"ASCEF","description":"Associaci\u00f3 Catalana de l\u2019Empresa Familiar","potentialAction":[{"@type":"SearchAction","target":{"@type":"EntryPoint","urlTemplate":"https:\/\/www.ascef.com\/es\/?s={search_term_string}"},"query-input":{"@type":"PropertyValueSpecification","valueRequired":true,"valueName":"search_term_string"}}],"inLanguage":"es"},{"@type":"Person","@id":"https:\/\/www.ascef.com\/es\/#\/schema\/person\/818edf5b5f3a1179bca4deca82c739f5","name":"usuari_ascef_admin","url":"https:\/\/www.ascef.com\/es\/author\/usuari_ascef_admin\/"}]}},"_links":{"self":[{"href":"https:\/\/www.ascef.com\/es\/wp-json\/wp\/v2\/posts\/7121","targetHints":{"allow":["GET"]}}],"collection":[{"href":"https:\/\/www.ascef.com\/es\/wp-json\/wp\/v2\/posts"}],"about":[{"href":"https:\/\/www.ascef.com\/es\/wp-json\/wp\/v2\/types\/post"}],"author":[{"embeddable":true,"href":"https:\/\/www.ascef.com\/es\/wp-json\/wp\/v2\/users\/311"}],"replies":[{"embeddable":true,"href":"https:\/\/www.ascef.com\/es\/wp-json\/wp\/v2\/comments?post=7121"}],"version-history":[{"count":2,"href":"https:\/\/www.ascef.com\/es\/wp-json\/wp\/v2\/posts\/7121\/revisions"}],"predecessor-version":[{"id":7123,"href":"https:\/\/www.ascef.com\/es\/wp-json\/wp\/v2\/posts\/7121\/revisions\/7123"}],"wp:attachment":[{"href":"https:\/\/www.ascef.com\/es\/wp-json\/wp\/v2\/media?parent=7121"}],"wp:term":[{"taxonomy":"category","embeddable":true,"href":"https:\/\/www.ascef.com\/es\/wp-json\/wp\/v2\/categories?post=7121"},{"taxonomy":"post_tag","embeddable":true,"href":"https:\/\/www.ascef.com\/es\/wp-json\/wp\/v2\/tags?post=7121"}],"curies":[{"name":"wp","href":"https:\/\/api.w.org\/{rel}","templated":true}]}}