{"id":7107,"date":"2023-11-14T09:21:55","date_gmt":"2023-11-14T09:21:55","guid":{"rendered":"https:\/\/www.ascef.com\/?p=7107"},"modified":"2023-11-14T09:25:20","modified_gmt":"2023-11-14T09:25:20","slug":"exit-de-la-jornada-sobre-novetats-fiscals-de-la-ascef","status":"publish","type":"post","link":"https:\/\/www.ascef.com\/es\/exit-de-la-jornada-sobre-novetats-fiscals-de-la-ascef\/","title":{"rendered":"\u00c8xito de la Jornada sobre novendades fiscales de la ASCEF"},"content":{"rendered":"<p>Hace unos d\u00edas, la ASCEF, en colaboraci\u00f3n con Andbank y Cuatrecasas, celebr\u00f3 su jornada sobre Novedades Fiscal, donde Marian Fern\u00e1ndez, responsable de Estrategia de Andbank Espa\u00f1a, comparti\u00f3 la esperable evoluci\u00f3n macroecon\u00f3mica, los escenarios abiertos, desde la resistencia de las econom\u00edas, una suave desaceleraci\u00f3n, a periodos recesivos, y en funci\u00f3n de esto las grandes l\u00edneas de cara a la inversi\u00f3n en los diferentes mercados financieros, desde la renta fija a la variable, Pilar P\u00e9rez-Valenzuela, responsable de la pr\u00e1ctica civil de Cuatrecasas, destac\u00f3 la relevancia de reflexionar sobre las expectativas de la familia y las prioridades e inquietudes de cada uno de sus miembros, para poder enfocar el plan de sucesi\u00f3n m\u00e1s adecuado y los instrumentos jur\u00eddicos id\u00f3neos. Los socios del \u00c1rea financiera tributario de Cuatrecasas, Javier Ragu\u00e9, Xavier Xivill\u00e9 y Oscar Bertr\u00e1n, se centraron en la experiencia con la Administraci\u00f3n tributaria en la relaci\u00f3n con el r\u00e9gimen fiscal de la empresa familiar y los requisitos que tiene que reunir la actividad de arrendamiento de inmuebles, las operaciones de reestructuraci\u00f3n empresarial y los excedentes de tesorer\u00eda.<\/p>\n","protected":false},"excerpt":{"rendered":"<p>Hace unos d\u00edas, la ASCEF, en colaboraci\u00f3n con Andbank y Cuatrecasas, celebr\u00f3 su jornada sobre Novedades Fiscal, donde Marian Fern\u00e1ndez, responsable de Estrategia de Andbank Espa\u00f1a, comparti\u00f3 la esperable evoluci\u00f3n macroecon\u00f3mica, los escenarios abiertos, desde la resistencia de las econom\u00edas, una suave desaceleraci\u00f3n, a periodos recesivos, y en funci\u00f3n de esto las grandes l\u00edneas de [&hellip;]<\/p>\n","protected":false},"author":311,"featured_media":7108,"comment_status":"open","ping_status":"closed","sticky":false,"template":"","format":"standard","meta":{"_acf_changed":false,"footnotes":""},"categories":[185],"tags":[],"class_list":["post-7107","post","type-post","status-publish","format-standard","has-post-thumbnail","hentry","category-general"],"acf":[],"yoast_head":"<!-- This site is optimized with the Yoast SEO plugin v27.5 - https:\/\/yoast.com\/product\/yoast-seo-wordpress\/ -->\n<title>\u00c8xito de la Jornada sobre novendades fiscales de la ASCEF - ASCEF<\/title>\n<meta name=\"robots\" content=\"index, follow, max-snippet:-1, max-image-preview:large, max-video-preview:-1\" \/>\n<link rel=\"canonical\" href=\"https:\/\/www.ascef.com\/es\/exit-de-la-jornada-sobre-novetats-fiscals-de-la-ascef\/\" \/>\n<meta property=\"og:locale\" content=\"es_ES\" \/>\n<meta property=\"og:type\" content=\"article\" \/>\n<meta property=\"og:title\" content=\"\u00c8xito de la Jornada sobre novendades fiscales de la ASCEF - ASCEF\" \/>\n<meta property=\"og:description\" content=\"Hace unos d\u00edas, la ASCEF, en colaboraci\u00f3n con Andbank y Cuatrecasas, celebr\u00f3 su jornada sobre Novedades Fiscal, donde Marian Fern\u00e1ndez, responsable de Estrategia de Andbank Espa\u00f1a, comparti\u00f3 la esperable evoluci\u00f3n macroecon\u00f3mica, los escenarios abiertos, desde la resistencia de las econom\u00edas, una suave desaceleraci\u00f3n, a periodos recesivos, y en funci\u00f3n de esto las grandes l\u00edneas de [&hellip;]\" \/>\n<meta property=\"og:url\" content=\"https:\/\/www.ascef.com\/es\/exit-de-la-jornada-sobre-novetats-fiscals-de-la-ascef\/\" \/>\n<meta property=\"og:site_name\" content=\"ASCEF\" \/>\n<meta property=\"article:published_time\" content=\"2023-11-14T09:21:55+00:00\" \/>\n<meta property=\"article:modified_time\" content=\"2023-11-14T09:25:20+00:00\" \/>\n<meta property=\"og:image\" content=\"https:\/\/www.ascef.com\/wp-content\/uploads\/2023\/11\/c-scaled.jpg\" \/>\n\t<meta property=\"og:image:width\" content=\"2560\" \/>\n\t<meta property=\"og:image:height\" content=\"1315\" \/>\n\t<meta property=\"og:image:type\" content=\"image\/jpeg\" \/>\n<meta name=\"author\" content=\"usuari_ascef_admin\" \/>\n<meta name=\"twitter:card\" content=\"summary_large_image\" \/>\n<meta name=\"twitter:label1\" content=\"Escrito por\" \/>\n\t<meta name=\"twitter:data1\" content=\"usuari_ascef_admin\" \/>\n\t<meta name=\"twitter:label2\" content=\"Tiempo de lectura\" \/>\n\t<meta name=\"twitter:data2\" content=\"1 minuto\" \/>\n<script type=\"application\/ld+json\" class=\"yoast-schema-graph\">{\"@context\":\"https:\\\/\\\/schema.org\",\"@graph\":[{\"@type\":\"Article\",\"@id\":\"https:\\\/\\\/www.ascef.com\\\/es\\\/exit-de-la-jornada-sobre-novetats-fiscals-de-la-ascef\\\/#article\",\"isPartOf\":{\"@id\":\"https:\\\/\\\/www.ascef.com\\\/es\\\/exit-de-la-jornada-sobre-novetats-fiscals-de-la-ascef\\\/\"},\"author\":{\"name\":\"usuari_ascef_admin\",\"@id\":\"https:\\\/\\\/www.ascef.com\\\/es\\\/#\\\/schema\\\/person\\\/818edf5b5f3a1179bca4deca82c739f5\"},\"headline\":\"\u00c8xito de la Jornada sobre novendades fiscales de la ASCEF\",\"datePublished\":\"2023-11-14T09:21:55+00:00\",\"dateModified\":\"2023-11-14T09:25:20+00:00\",\"mainEntityOfPage\":{\"@id\":\"https:\\\/\\\/www.ascef.com\\\/es\\\/exit-de-la-jornada-sobre-novetats-fiscals-de-la-ascef\\\/\"},\"wordCount\":207,\"commentCount\":0,\"image\":{\"@id\":\"https:\\\/\\\/www.ascef.com\\\/es\\\/exit-de-la-jornada-sobre-novetats-fiscals-de-la-ascef\\\/#primaryimage\"},\"thumbnailUrl\":\"https:\\\/\\\/www.ascef.com\\\/wp-content\\\/uploads\\\/2023\\\/11\\\/c-scaled.jpg\",\"articleSection\":[\"general\"],\"inLanguage\":\"es\"},{\"@type\":\"WebPage\",\"@id\":\"https:\\\/\\\/www.ascef.com\\\/es\\\/exit-de-la-jornada-sobre-novetats-fiscals-de-la-ascef\\\/\",\"url\":\"https:\\\/\\\/www.ascef.com\\\/es\\\/exit-de-la-jornada-sobre-novetats-fiscals-de-la-ascef\\\/\",\"name\":\"\u00c8xito de la Jornada sobre novendades fiscales de la ASCEF - ASCEF\",\"isPartOf\":{\"@id\":\"https:\\\/\\\/www.ascef.com\\\/es\\\/#website\"},\"primaryImageOfPage\":{\"@id\":\"https:\\\/\\\/www.ascef.com\\\/es\\\/exit-de-la-jornada-sobre-novetats-fiscals-de-la-ascef\\\/#primaryimage\"},\"image\":{\"@id\":\"https:\\\/\\\/www.ascef.com\\\/es\\\/exit-de-la-jornada-sobre-novetats-fiscals-de-la-ascef\\\/#primaryimage\"},\"thumbnailUrl\":\"https:\\\/\\\/www.ascef.com\\\/wp-content\\\/uploads\\\/2023\\\/11\\\/c-scaled.jpg\",\"datePublished\":\"2023-11-14T09:21:55+00:00\",\"dateModified\":\"2023-11-14T09:25:20+00:00\",\"author\":{\"@id\":\"https:\\\/\\\/www.ascef.com\\\/es\\\/#\\\/schema\\\/person\\\/818edf5b5f3a1179bca4deca82c739f5\"},\"breadcrumb\":{\"@id\":\"https:\\\/\\\/www.ascef.com\\\/es\\\/exit-de-la-jornada-sobre-novetats-fiscals-de-la-ascef\\\/#breadcrumb\"},\"inLanguage\":\"es\",\"potentialAction\":[{\"@type\":\"ReadAction\",\"target\":[\"https:\\\/\\\/www.ascef.com\\\/es\\\/exit-de-la-jornada-sobre-novetats-fiscals-de-la-ascef\\\/\"]}]},{\"@type\":\"ImageObject\",\"inLanguage\":\"es\",\"@id\":\"https:\\\/\\\/www.ascef.com\\\/es\\\/exit-de-la-jornada-sobre-novetats-fiscals-de-la-ascef\\\/#primaryimage\",\"url\":\"https:\\\/\\\/www.ascef.com\\\/wp-content\\\/uploads\\\/2023\\\/11\\\/c-scaled.jpg\",\"contentUrl\":\"https:\\\/\\\/www.ascef.com\\\/wp-content\\\/uploads\\\/2023\\\/11\\\/c-scaled.jpg\",\"width\":2560,\"height\":1315},{\"@type\":\"BreadcrumbList\",\"@id\":\"https:\\\/\\\/www.ascef.com\\\/es\\\/exit-de-la-jornada-sobre-novetats-fiscals-de-la-ascef\\\/#breadcrumb\",\"itemListElement\":[{\"@type\":\"ListItem\",\"position\":1,\"name\":\"Portada\",\"item\":\"https:\\\/\\\/www.ascef.com\\\/es\\\/\"},{\"@type\":\"ListItem\",\"position\":2,\"name\":\"\u00c8xito de la Jornada sobre novendades fiscales de la ASCEF\"}]},{\"@type\":\"WebSite\",\"@id\":\"https:\\\/\\\/www.ascef.com\\\/es\\\/#website\",\"url\":\"https:\\\/\\\/www.ascef.com\\\/es\\\/\",\"name\":\"ASCEF\",\"description\":\"Associaci\u00f3 Catalana de l\u2019Empresa Familiar\",\"potentialAction\":[{\"@type\":\"SearchAction\",\"target\":{\"@type\":\"EntryPoint\",\"urlTemplate\":\"https:\\\/\\\/www.ascef.com\\\/es\\\/?s={search_term_string}\"},\"query-input\":{\"@type\":\"PropertyValueSpecification\",\"valueRequired\":true,\"valueName\":\"search_term_string\"}}],\"inLanguage\":\"es\"},{\"@type\":\"Person\",\"@id\":\"https:\\\/\\\/www.ascef.com\\\/es\\\/#\\\/schema\\\/person\\\/818edf5b5f3a1179bca4deca82c739f5\",\"name\":\"usuari_ascef_admin\",\"url\":\"https:\\\/\\\/www.ascef.com\\\/es\\\/author\\\/usuari_ascef_admin\\\/\"}]}<\/script>\n<!-- \/ Yoast SEO plugin. -->","yoast_head_json":{"title":"\u00c8xito de la Jornada sobre novendades fiscales de la ASCEF - ASCEF","robots":{"index":"index","follow":"follow","max-snippet":"max-snippet:-1","max-image-preview":"max-image-preview:large","max-video-preview":"max-video-preview:-1"},"canonical":"https:\/\/www.ascef.com\/es\/exit-de-la-jornada-sobre-novetats-fiscals-de-la-ascef\/","og_locale":"es_ES","og_type":"article","og_title":"\u00c8xito de la Jornada sobre novendades fiscales de la ASCEF - ASCEF","og_description":"Hace unos d\u00edas, la ASCEF, en colaboraci\u00f3n con Andbank y Cuatrecasas, celebr\u00f3 su jornada sobre Novedades Fiscal, donde Marian Fern\u00e1ndez, responsable de Estrategia de Andbank Espa\u00f1a, comparti\u00f3 la esperable evoluci\u00f3n macroecon\u00f3mica, los escenarios abiertos, desde la resistencia de las econom\u00edas, una suave desaceleraci\u00f3n, a periodos recesivos, y en funci\u00f3n de esto las grandes l\u00edneas de [&hellip;]","og_url":"https:\/\/www.ascef.com\/es\/exit-de-la-jornada-sobre-novetats-fiscals-de-la-ascef\/","og_site_name":"ASCEF","article_published_time":"2023-11-14T09:21:55+00:00","article_modified_time":"2023-11-14T09:25:20+00:00","og_image":[{"width":2560,"height":1315,"url":"https:\/\/www.ascef.com\/wp-content\/uploads\/2023\/11\/c-scaled.jpg","type":"image\/jpeg"}],"author":"usuari_ascef_admin","twitter_card":"summary_large_image","twitter_misc":{"Escrito por":"usuari_ascef_admin","Tiempo de lectura":"1 minuto"},"schema":{"@context":"https:\/\/schema.org","@graph":[{"@type":"Article","@id":"https:\/\/www.ascef.com\/es\/exit-de-la-jornada-sobre-novetats-fiscals-de-la-ascef\/#article","isPartOf":{"@id":"https:\/\/www.ascef.com\/es\/exit-de-la-jornada-sobre-novetats-fiscals-de-la-ascef\/"},"author":{"name":"usuari_ascef_admin","@id":"https:\/\/www.ascef.com\/es\/#\/schema\/person\/818edf5b5f3a1179bca4deca82c739f5"},"headline":"\u00c8xito de la Jornada sobre novendades fiscales de la ASCEF","datePublished":"2023-11-14T09:21:55+00:00","dateModified":"2023-11-14T09:25:20+00:00","mainEntityOfPage":{"@id":"https:\/\/www.ascef.com\/es\/exit-de-la-jornada-sobre-novetats-fiscals-de-la-ascef\/"},"wordCount":207,"commentCount":0,"image":{"@id":"https:\/\/www.ascef.com\/es\/exit-de-la-jornada-sobre-novetats-fiscals-de-la-ascef\/#primaryimage"},"thumbnailUrl":"https:\/\/www.ascef.com\/wp-content\/uploads\/2023\/11\/c-scaled.jpg","articleSection":["general"],"inLanguage":"es"},{"@type":"WebPage","@id":"https:\/\/www.ascef.com\/es\/exit-de-la-jornada-sobre-novetats-fiscals-de-la-ascef\/","url":"https:\/\/www.ascef.com\/es\/exit-de-la-jornada-sobre-novetats-fiscals-de-la-ascef\/","name":"\u00c8xito de la Jornada sobre novendades fiscales de la ASCEF - ASCEF","isPartOf":{"@id":"https:\/\/www.ascef.com\/es\/#website"},"primaryImageOfPage":{"@id":"https:\/\/www.ascef.com\/es\/exit-de-la-jornada-sobre-novetats-fiscals-de-la-ascef\/#primaryimage"},"image":{"@id":"https:\/\/www.ascef.com\/es\/exit-de-la-jornada-sobre-novetats-fiscals-de-la-ascef\/#primaryimage"},"thumbnailUrl":"https:\/\/www.ascef.com\/wp-content\/uploads\/2023\/11\/c-scaled.jpg","datePublished":"2023-11-14T09:21:55+00:00","dateModified":"2023-11-14T09:25:20+00:00","author":{"@id":"https:\/\/www.ascef.com\/es\/#\/schema\/person\/818edf5b5f3a1179bca4deca82c739f5"},"breadcrumb":{"@id":"https:\/\/www.ascef.com\/es\/exit-de-la-jornada-sobre-novetats-fiscals-de-la-ascef\/#breadcrumb"},"inLanguage":"es","potentialAction":[{"@type":"ReadAction","target":["https:\/\/www.ascef.com\/es\/exit-de-la-jornada-sobre-novetats-fiscals-de-la-ascef\/"]}]},{"@type":"ImageObject","inLanguage":"es","@id":"https:\/\/www.ascef.com\/es\/exit-de-la-jornada-sobre-novetats-fiscals-de-la-ascef\/#primaryimage","url":"https:\/\/www.ascef.com\/wp-content\/uploads\/2023\/11\/c-scaled.jpg","contentUrl":"https:\/\/www.ascef.com\/wp-content\/uploads\/2023\/11\/c-scaled.jpg","width":2560,"height":1315},{"@type":"BreadcrumbList","@id":"https:\/\/www.ascef.com\/es\/exit-de-la-jornada-sobre-novetats-fiscals-de-la-ascef\/#breadcrumb","itemListElement":[{"@type":"ListItem","position":1,"name":"Portada","item":"https:\/\/www.ascef.com\/es\/"},{"@type":"ListItem","position":2,"name":"\u00c8xito de la Jornada sobre novendades fiscales de la ASCEF"}]},{"@type":"WebSite","@id":"https:\/\/www.ascef.com\/es\/#website","url":"https:\/\/www.ascef.com\/es\/","name":"ASCEF","description":"Associaci\u00f3 Catalana de l\u2019Empresa Familiar","potentialAction":[{"@type":"SearchAction","target":{"@type":"EntryPoint","urlTemplate":"https:\/\/www.ascef.com\/es\/?s={search_term_string}"},"query-input":{"@type":"PropertyValueSpecification","valueRequired":true,"valueName":"search_term_string"}}],"inLanguage":"es"},{"@type":"Person","@id":"https:\/\/www.ascef.com\/es\/#\/schema\/person\/818edf5b5f3a1179bca4deca82c739f5","name":"usuari_ascef_admin","url":"https:\/\/www.ascef.com\/es\/author\/usuari_ascef_admin\/"}]}},"_links":{"self":[{"href":"https:\/\/www.ascef.com\/es\/wp-json\/wp\/v2\/posts\/7107","targetHints":{"allow":["GET"]}}],"collection":[{"href":"https:\/\/www.ascef.com\/es\/wp-json\/wp\/v2\/posts"}],"about":[{"href":"https:\/\/www.ascef.com\/es\/wp-json\/wp\/v2\/types\/post"}],"author":[{"embeddable":true,"href":"https:\/\/www.ascef.com\/es\/wp-json\/wp\/v2\/users\/311"}],"replies":[{"embeddable":true,"href":"https:\/\/www.ascef.com\/es\/wp-json\/wp\/v2\/comments?post=7107"}],"version-history":[{"count":4,"href":"https:\/\/www.ascef.com\/es\/wp-json\/wp\/v2\/posts\/7107\/revisions"}],"predecessor-version":[{"id":7116,"href":"https:\/\/www.ascef.com\/es\/wp-json\/wp\/v2\/posts\/7107\/revisions\/7116"}],"wp:featuredmedia":[{"embeddable":true,"href":"https:\/\/www.ascef.com\/es\/wp-json\/wp\/v2\/media\/7108"}],"wp:attachment":[{"href":"https:\/\/www.ascef.com\/es\/wp-json\/wp\/v2\/media?parent=7107"}],"wp:term":[{"taxonomy":"category","embeddable":true,"href":"https:\/\/www.ascef.com\/es\/wp-json\/wp\/v2\/categories?post=7107"},{"taxonomy":"post_tag","embeddable":true,"href":"https:\/\/www.ascef.com\/es\/wp-json\/wp\/v2\/tags?post=7107"}],"curies":[{"name":"wp","href":"https:\/\/api.w.org\/{rel}","templated":true}]}}