{"id":7067,"date":"2023-10-26T08:04:57","date_gmt":"2023-10-26T08:04:57","guid":{"rendered":"https:\/\/www.ascef.com\/?p=7067"},"modified":"2023-10-26T08:04:57","modified_gmt":"2023-10-26T08:04:57","slug":"la-ascef-presente-en-el-congreso-nacional-de-la-empresa-familiar","status":"publish","type":"post","link":"https:\/\/www.ascef.com\/es\/la-ascef-presente-en-el-congreso-nacional-de-la-empresa-familiar\/","title":{"rendered":"La ASCEF presente en el Congreso Nacional de la Empresa Familiar"},"content":{"rendered":"<p>Una amplia representaci\u00f3n de miembros de la ASCEF ha participado en el XXVI Congreso Nacional de la Empresa Familiar, organizado por el Instituto de la Empresa Familiar en Bilbao, con la colaboraci\u00f3n de AEFAME (Asociaci\u00f3n de Empresa Familiar de Euskadi). El Congreso, al que acudieron 600 empresarios familiares procedentes de toda Espa\u00f1a y pertenecientes a todos los sectores, se celebr\u00f3 bajo el lema \u201cLA FUERZA DE LAS PERSONAS\u201d.<\/p>\n","protected":false},"excerpt":{"rendered":"<p>Una amplia representaci\u00f3n de miembros de la ASCEF ha participado en el XXVI Congreso Nacional de la Empresa Familiar, organizado por el Instituto de la Empresa Familiar en Bilbao, con la colaboraci\u00f3n de AEFAME (Asociaci\u00f3n de Empresa Familiar de Euskadi). El Congreso, al que acudieron 600 empresarios familiares procedentes de toda Espa\u00f1a y pertenecientes a [&hellip;]<\/p>\n","protected":false},"author":311,"featured_media":7069,"comment_status":"open","ping_status":"closed","sticky":false,"template":"","format":"standard","meta":{"_acf_changed":false,"footnotes":""},"categories":[185],"tags":[],"class_list":["post-7067","post","type-post","status-publish","format-standard","has-post-thumbnail","hentry","category-general"],"acf":[],"yoast_head":"<!-- This site is optimized with the Yoast SEO plugin v27.5 - https:\/\/yoast.com\/product\/yoast-seo-wordpress\/ -->\n<title>La ASCEF presente en el Congreso Nacional de la Empresa Familiar - ASCEF<\/title>\n<meta name=\"robots\" content=\"index, follow, max-snippet:-1, max-image-preview:large, max-video-preview:-1\" \/>\n<link rel=\"canonical\" href=\"https:\/\/www.ascef.com\/es\/la-ascef-presente-en-el-congreso-nacional-de-la-empresa-familiar\/\" \/>\n<meta property=\"og:locale\" content=\"es_ES\" \/>\n<meta property=\"og:type\" content=\"article\" \/>\n<meta property=\"og:title\" content=\"La ASCEF presente en el Congreso Nacional de la Empresa Familiar - ASCEF\" \/>\n<meta property=\"og:description\" content=\"Una amplia representaci\u00f3n de miembros de la ASCEF ha participado en el XXVI Congreso Nacional de la Empresa Familiar, organizado por el Instituto de la Empresa Familiar en Bilbao, con la colaboraci\u00f3n de AEFAME (Asociaci\u00f3n de Empresa Familiar de Euskadi). El Congreso, al que acudieron 600 empresarios familiares procedentes de toda Espa\u00f1a y pertenecientes a [&hellip;]\" \/>\n<meta property=\"og:url\" content=\"https:\/\/www.ascef.com\/es\/la-ascef-presente-en-el-congreso-nacional-de-la-empresa-familiar\/\" \/>\n<meta property=\"og:site_name\" content=\"ASCEF\" \/>\n<meta property=\"article:published_time\" content=\"2023-10-26T08:04:57+00:00\" \/>\n<meta property=\"og:image\" content=\"https:\/\/www.ascef.com\/wp-content\/uploads\/2023\/10\/cONGRESO-BILBAO-scaled.jpg\" \/>\n\t<meta property=\"og:image:width\" content=\"2560\" \/>\n\t<meta property=\"og:image:height\" content=\"1707\" \/>\n\t<meta property=\"og:image:type\" content=\"image\/jpeg\" \/>\n<meta name=\"author\" content=\"usuari_ascef_admin\" \/>\n<meta name=\"twitter:card\" content=\"summary_large_image\" \/>\n<meta name=\"twitter:label1\" content=\"Escrito por\" \/>\n\t<meta name=\"twitter:data1\" content=\"usuari_ascef_admin\" \/>\n<script type=\"application\/ld+json\" class=\"yoast-schema-graph\">{\"@context\":\"https:\\\/\\\/schema.org\",\"@graph\":[{\"@type\":\"Article\",\"@id\":\"https:\\\/\\\/www.ascef.com\\\/es\\\/la-ascef-presente-en-el-congreso-nacional-de-la-empresa-familiar\\\/#article\",\"isPartOf\":{\"@id\":\"https:\\\/\\\/www.ascef.com\\\/es\\\/la-ascef-presente-en-el-congreso-nacional-de-la-empresa-familiar\\\/\"},\"author\":{\"name\":\"usuari_ascef_admin\",\"@id\":\"https:\\\/\\\/www.ascef.com\\\/es\\\/#\\\/schema\\\/person\\\/818edf5b5f3a1179bca4deca82c739f5\"},\"headline\":\"La ASCEF presente en el Congreso Nacional de la Empresa Familiar\",\"datePublished\":\"2023-10-26T08:04:57+00:00\",\"mainEntityOfPage\":{\"@id\":\"https:\\\/\\\/www.ascef.com\\\/es\\\/la-ascef-presente-en-el-congreso-nacional-de-la-empresa-familiar\\\/\"},\"wordCount\":82,\"commentCount\":0,\"image\":{\"@id\":\"https:\\\/\\\/www.ascef.com\\\/es\\\/la-ascef-presente-en-el-congreso-nacional-de-la-empresa-familiar\\\/#primaryimage\"},\"thumbnailUrl\":\"https:\\\/\\\/www.ascef.com\\\/wp-content\\\/uploads\\\/2023\\\/10\\\/cONGRESO-BILBAO-scaled.jpg\",\"articleSection\":[\"general\"],\"inLanguage\":\"es\"},{\"@type\":\"WebPage\",\"@id\":\"https:\\\/\\\/www.ascef.com\\\/es\\\/la-ascef-presente-en-el-congreso-nacional-de-la-empresa-familiar\\\/\",\"url\":\"https:\\\/\\\/www.ascef.com\\\/es\\\/la-ascef-presente-en-el-congreso-nacional-de-la-empresa-familiar\\\/\",\"name\":\"La ASCEF presente en el Congreso Nacional de la Empresa Familiar - ASCEF\",\"isPartOf\":{\"@id\":\"https:\\\/\\\/www.ascef.com\\\/es\\\/#website\"},\"primaryImageOfPage\":{\"@id\":\"https:\\\/\\\/www.ascef.com\\\/es\\\/la-ascef-presente-en-el-congreso-nacional-de-la-empresa-familiar\\\/#primaryimage\"},\"image\":{\"@id\":\"https:\\\/\\\/www.ascef.com\\\/es\\\/la-ascef-presente-en-el-congreso-nacional-de-la-empresa-familiar\\\/#primaryimage\"},\"thumbnailUrl\":\"https:\\\/\\\/www.ascef.com\\\/wp-content\\\/uploads\\\/2023\\\/10\\\/cONGRESO-BILBAO-scaled.jpg\",\"datePublished\":\"2023-10-26T08:04:57+00:00\",\"author\":{\"@id\":\"https:\\\/\\\/www.ascef.com\\\/es\\\/#\\\/schema\\\/person\\\/818edf5b5f3a1179bca4deca82c739f5\"},\"breadcrumb\":{\"@id\":\"https:\\\/\\\/www.ascef.com\\\/es\\\/la-ascef-presente-en-el-congreso-nacional-de-la-empresa-familiar\\\/#breadcrumb\"},\"inLanguage\":\"es\",\"potentialAction\":[{\"@type\":\"ReadAction\",\"target\":[\"https:\\\/\\\/www.ascef.com\\\/es\\\/la-ascef-presente-en-el-congreso-nacional-de-la-empresa-familiar\\\/\"]}]},{\"@type\":\"ImageObject\",\"inLanguage\":\"es\",\"@id\":\"https:\\\/\\\/www.ascef.com\\\/es\\\/la-ascef-presente-en-el-congreso-nacional-de-la-empresa-familiar\\\/#primaryimage\",\"url\":\"https:\\\/\\\/www.ascef.com\\\/wp-content\\\/uploads\\\/2023\\\/10\\\/cONGRESO-BILBAO-scaled.jpg\",\"contentUrl\":\"https:\\\/\\\/www.ascef.com\\\/wp-content\\\/uploads\\\/2023\\\/10\\\/cONGRESO-BILBAO-scaled.jpg\",\"width\":2560,\"height\":1707},{\"@type\":\"BreadcrumbList\",\"@id\":\"https:\\\/\\\/www.ascef.com\\\/es\\\/la-ascef-presente-en-el-congreso-nacional-de-la-empresa-familiar\\\/#breadcrumb\",\"itemListElement\":[{\"@type\":\"ListItem\",\"position\":1,\"name\":\"Portada\",\"item\":\"https:\\\/\\\/www.ascef.com\\\/es\\\/\"},{\"@type\":\"ListItem\",\"position\":2,\"name\":\"La ASCEF presente en el Congreso Nacional de la Empresa Familiar\"}]},{\"@type\":\"WebSite\",\"@id\":\"https:\\\/\\\/www.ascef.com\\\/es\\\/#website\",\"url\":\"https:\\\/\\\/www.ascef.com\\\/es\\\/\",\"name\":\"ASCEF\",\"description\":\"Associaci\u00f3 Catalana de l\u2019Empresa Familiar\",\"potentialAction\":[{\"@type\":\"SearchAction\",\"target\":{\"@type\":\"EntryPoint\",\"urlTemplate\":\"https:\\\/\\\/www.ascef.com\\\/es\\\/?s={search_term_string}\"},\"query-input\":{\"@type\":\"PropertyValueSpecification\",\"valueRequired\":true,\"valueName\":\"search_term_string\"}}],\"inLanguage\":\"es\"},{\"@type\":\"Person\",\"@id\":\"https:\\\/\\\/www.ascef.com\\\/es\\\/#\\\/schema\\\/person\\\/818edf5b5f3a1179bca4deca82c739f5\",\"name\":\"usuari_ascef_admin\",\"url\":\"https:\\\/\\\/www.ascef.com\\\/es\\\/author\\\/usuari_ascef_admin\\\/\"}]}<\/script>\n<!-- \/ Yoast SEO plugin. -->","yoast_head_json":{"title":"La ASCEF presente en el Congreso Nacional de la Empresa Familiar - ASCEF","robots":{"index":"index","follow":"follow","max-snippet":"max-snippet:-1","max-image-preview":"max-image-preview:large","max-video-preview":"max-video-preview:-1"},"canonical":"https:\/\/www.ascef.com\/es\/la-ascef-presente-en-el-congreso-nacional-de-la-empresa-familiar\/","og_locale":"es_ES","og_type":"article","og_title":"La ASCEF presente en el Congreso Nacional de la Empresa Familiar - ASCEF","og_description":"Una amplia representaci\u00f3n de miembros de la ASCEF ha participado en el XXVI Congreso Nacional de la Empresa Familiar, organizado por el Instituto de la Empresa Familiar en Bilbao, con la colaboraci\u00f3n de AEFAME (Asociaci\u00f3n de Empresa Familiar de Euskadi). El Congreso, al que acudieron 600 empresarios familiares procedentes de toda Espa\u00f1a y pertenecientes a [&hellip;]","og_url":"https:\/\/www.ascef.com\/es\/la-ascef-presente-en-el-congreso-nacional-de-la-empresa-familiar\/","og_site_name":"ASCEF","article_published_time":"2023-10-26T08:04:57+00:00","og_image":[{"width":2560,"height":1707,"url":"https:\/\/www.ascef.com\/wp-content\/uploads\/2023\/10\/cONGRESO-BILBAO-scaled.jpg","type":"image\/jpeg"}],"author":"usuari_ascef_admin","twitter_card":"summary_large_image","twitter_misc":{"Escrito por":"usuari_ascef_admin"},"schema":{"@context":"https:\/\/schema.org","@graph":[{"@type":"Article","@id":"https:\/\/www.ascef.com\/es\/la-ascef-presente-en-el-congreso-nacional-de-la-empresa-familiar\/#article","isPartOf":{"@id":"https:\/\/www.ascef.com\/es\/la-ascef-presente-en-el-congreso-nacional-de-la-empresa-familiar\/"},"author":{"name":"usuari_ascef_admin","@id":"https:\/\/www.ascef.com\/es\/#\/schema\/person\/818edf5b5f3a1179bca4deca82c739f5"},"headline":"La ASCEF presente en el Congreso Nacional de la Empresa Familiar","datePublished":"2023-10-26T08:04:57+00:00","mainEntityOfPage":{"@id":"https:\/\/www.ascef.com\/es\/la-ascef-presente-en-el-congreso-nacional-de-la-empresa-familiar\/"},"wordCount":82,"commentCount":0,"image":{"@id":"https:\/\/www.ascef.com\/es\/la-ascef-presente-en-el-congreso-nacional-de-la-empresa-familiar\/#primaryimage"},"thumbnailUrl":"https:\/\/www.ascef.com\/wp-content\/uploads\/2023\/10\/cONGRESO-BILBAO-scaled.jpg","articleSection":["general"],"inLanguage":"es"},{"@type":"WebPage","@id":"https:\/\/www.ascef.com\/es\/la-ascef-presente-en-el-congreso-nacional-de-la-empresa-familiar\/","url":"https:\/\/www.ascef.com\/es\/la-ascef-presente-en-el-congreso-nacional-de-la-empresa-familiar\/","name":"La ASCEF presente en el Congreso Nacional de la Empresa Familiar - ASCEF","isPartOf":{"@id":"https:\/\/www.ascef.com\/es\/#website"},"primaryImageOfPage":{"@id":"https:\/\/www.ascef.com\/es\/la-ascef-presente-en-el-congreso-nacional-de-la-empresa-familiar\/#primaryimage"},"image":{"@id":"https:\/\/www.ascef.com\/es\/la-ascef-presente-en-el-congreso-nacional-de-la-empresa-familiar\/#primaryimage"},"thumbnailUrl":"https:\/\/www.ascef.com\/wp-content\/uploads\/2023\/10\/cONGRESO-BILBAO-scaled.jpg","datePublished":"2023-10-26T08:04:57+00:00","author":{"@id":"https:\/\/www.ascef.com\/es\/#\/schema\/person\/818edf5b5f3a1179bca4deca82c739f5"},"breadcrumb":{"@id":"https:\/\/www.ascef.com\/es\/la-ascef-presente-en-el-congreso-nacional-de-la-empresa-familiar\/#breadcrumb"},"inLanguage":"es","potentialAction":[{"@type":"ReadAction","target":["https:\/\/www.ascef.com\/es\/la-ascef-presente-en-el-congreso-nacional-de-la-empresa-familiar\/"]}]},{"@type":"ImageObject","inLanguage":"es","@id":"https:\/\/www.ascef.com\/es\/la-ascef-presente-en-el-congreso-nacional-de-la-empresa-familiar\/#primaryimage","url":"https:\/\/www.ascef.com\/wp-content\/uploads\/2023\/10\/cONGRESO-BILBAO-scaled.jpg","contentUrl":"https:\/\/www.ascef.com\/wp-content\/uploads\/2023\/10\/cONGRESO-BILBAO-scaled.jpg","width":2560,"height":1707},{"@type":"BreadcrumbList","@id":"https:\/\/www.ascef.com\/es\/la-ascef-presente-en-el-congreso-nacional-de-la-empresa-familiar\/#breadcrumb","itemListElement":[{"@type":"ListItem","position":1,"name":"Portada","item":"https:\/\/www.ascef.com\/es\/"},{"@type":"ListItem","position":2,"name":"La ASCEF presente en el Congreso Nacional de la Empresa Familiar"}]},{"@type":"WebSite","@id":"https:\/\/www.ascef.com\/es\/#website","url":"https:\/\/www.ascef.com\/es\/","name":"ASCEF","description":"Associaci\u00f3 Catalana de l\u2019Empresa Familiar","potentialAction":[{"@type":"SearchAction","target":{"@type":"EntryPoint","urlTemplate":"https:\/\/www.ascef.com\/es\/?s={search_term_string}"},"query-input":{"@type":"PropertyValueSpecification","valueRequired":true,"valueName":"search_term_string"}}],"inLanguage":"es"},{"@type":"Person","@id":"https:\/\/www.ascef.com\/es\/#\/schema\/person\/818edf5b5f3a1179bca4deca82c739f5","name":"usuari_ascef_admin","url":"https:\/\/www.ascef.com\/es\/author\/usuari_ascef_admin\/"}]}},"_links":{"self":[{"href":"https:\/\/www.ascef.com\/es\/wp-json\/wp\/v2\/posts\/7067","targetHints":{"allow":["GET"]}}],"collection":[{"href":"https:\/\/www.ascef.com\/es\/wp-json\/wp\/v2\/posts"}],"about":[{"href":"https:\/\/www.ascef.com\/es\/wp-json\/wp\/v2\/types\/post"}],"author":[{"embeddable":true,"href":"https:\/\/www.ascef.com\/es\/wp-json\/wp\/v2\/users\/311"}],"replies":[{"embeddable":true,"href":"https:\/\/www.ascef.com\/es\/wp-json\/wp\/v2\/comments?post=7067"}],"version-history":[{"count":1,"href":"https:\/\/www.ascef.com\/es\/wp-json\/wp\/v2\/posts\/7067\/revisions"}],"predecessor-version":[{"id":7070,"href":"https:\/\/www.ascef.com\/es\/wp-json\/wp\/v2\/posts\/7067\/revisions\/7070"}],"wp:featuredmedia":[{"embeddable":true,"href":"https:\/\/www.ascef.com\/es\/wp-json\/wp\/v2\/media\/7069"}],"wp:attachment":[{"href":"https:\/\/www.ascef.com\/es\/wp-json\/wp\/v2\/media?parent=7067"}],"wp:term":[{"taxonomy":"category","embeddable":true,"href":"https:\/\/www.ascef.com\/es\/wp-json\/wp\/v2\/categories?post=7067"},{"taxonomy":"post_tag","embeddable":true,"href":"https:\/\/www.ascef.com\/es\/wp-json\/wp\/v2\/tags?post=7067"}],"curies":[{"name":"wp","href":"https:\/\/api.w.org\/{rel}","templated":true}]}}