{"id":6896,"date":"2023-09-28T07:48:17","date_gmt":"2023-09-28T07:48:17","guid":{"rendered":"https:\/\/www.ascef.com\/?p=6896"},"modified":"2023-10-02T08:47:54","modified_gmt":"2023-10-02T08:47:54","slug":"editorial","status":"publish","type":"post","link":"https:\/\/www.ascef.com\/es\/editorial\/","title":{"rendered":"EDITORIAL: Es septiembre y estrenamos un nuevo curso"},"content":{"rendered":"<p>Volvemos del verano con fuerzas renovadas y toda la ilusi\u00f3n para afrontar el \u00faltimo trimestre del a\u00f1o. Un trimestre que, para la ASCEF, tiene una fecha muy especial, el 22 de noviembre.La Sala paraninfo del Edificio Hist\u00f3rico de la Universidad de Barcelona acoger\u00e1 el acto conmemorativo del 25 Aniversario, un encuentro muy espacial y con muchas sorpresas en el que os esperamos a todos. <\/p>\n<p>Pero no nos adelantemos, porque antes de que llegue ese d\u00eda, la Asociaci\u00f3n tiene a punto otros actos y actividades con las intentamos responder a los objetivos y compromisos que como Asociaci\u00f3n tenemos con todos vosotros.<\/p>\n<p>Queremos que nuestras actividades respondan a vuestras inquietudes. A trav\u00e9s de encuentros y conferencias con expertos que nos ayuden a analizar los temas m\u00e1s relevantes y actuales en torno a la empresa. Con formaciones t\u00e9cnicas que faciliten nuevas herramientas y conocimientos, gracias a nuestros expertos y colaboradores. Escuchando, tambi\u00e9n, la voz de la experiencia en los encuentros #ENSABEM#COMPARTIM#APRENEM, que este a\u00f1o hemos organizado con motivo del 25 aniversario, y en los que empresarios de reconocida trayectoria comparten sus vivencias y experiencias. <\/p>\n<p>En todos los encuentros y programas que organizamos, tenemos siempre presente nuestro compromiso por potenciar las sinergias entre nuestros asociados, fomentar el esp\u00edritu empresarial en las nuevas generaciones y dar visibilidad a la empresa familiar.<\/p>\n<p>La empresa familiar es un motor de desarrollo fundamental en nuestra econom\u00eda y nuestra sociedad.<\/p>\n<p>No queremos dejar de agradeceros a todos, vuestro apoyo durante estos 25 a\u00f1os. Empezamos, pues, un nuevo curso comprometidos contigo.<br \/>\n<strong>Isabel del Sol<\/strong><br \/>\nDirectora de ASCEF<\/p>\n","protected":false},"excerpt":{"rendered":"<p>Volvemos del verano con fuerzas renovadas y toda la ilusi\u00f3n para afrontar el \u00faltimo trimestre del a\u00f1o. Un trimestre que, para la ASCEF, tiene una fecha muy especial, el 22 de noviembre.La Sala paraninfo del Edificio Hist\u00f3rico de la Universidad de Barcelona acoger\u00e1 el acto conmemorativo del 25 Aniversario, un encuentro muy espacial y con [&hellip;]<\/p>\n","protected":false},"author":311,"featured_media":5081,"comment_status":"open","ping_status":"closed","sticky":false,"template":"","format":"standard","meta":{"_acf_changed":false,"footnotes":""},"categories":[185],"tags":[],"class_list":["post-6896","post","type-post","status-publish","format-standard","has-post-thumbnail","hentry","category-general"],"acf":[],"yoast_head":"<!-- This site is optimized with the Yoast SEO plugin v27.5 - https:\/\/yoast.com\/product\/yoast-seo-wordpress\/ -->\n<title>EDITORIAL: Es septiembre y estrenamos un nuevo curso - ASCEF<\/title>\n<meta name=\"robots\" content=\"index, follow, max-snippet:-1, max-image-preview:large, max-video-preview:-1\" \/>\n<link rel=\"canonical\" href=\"https:\/\/www.ascef.com\/es\/editorial\/\" \/>\n<meta property=\"og:locale\" content=\"es_ES\" \/>\n<meta property=\"og:type\" content=\"article\" \/>\n<meta property=\"og:title\" content=\"EDITORIAL: Es septiembre y estrenamos un nuevo curso - ASCEF\" \/>\n<meta property=\"og:description\" content=\"Volvemos del verano con fuerzas renovadas y toda la ilusi\u00f3n para afrontar el \u00faltimo trimestre del a\u00f1o. Un trimestre que, para la ASCEF, tiene una fecha muy especial, el 22 de noviembre.La Sala paraninfo del Edificio Hist\u00f3rico de la Universidad de Barcelona acoger\u00e1 el acto conmemorativo del 25 Aniversario, un encuentro muy espacial y con [&hellip;]\" \/>\n<meta property=\"og:url\" content=\"https:\/\/www.ascef.com\/es\/editorial\/\" \/>\n<meta property=\"og:site_name\" content=\"ASCEF\" \/>\n<meta property=\"article:published_time\" content=\"2023-09-28T07:48:17+00:00\" \/>\n<meta property=\"article:modified_time\" content=\"2023-10-02T08:47:54+00:00\" \/>\n<meta property=\"og:image\" content=\"https:\/\/www.ascef.com\/wp-content\/uploads\/2022\/12\/Isabel-del-sol-baixa-retallada.jpg\" \/>\n\t<meta property=\"og:image:width\" content=\"426\" \/>\n\t<meta property=\"og:image:height\" content=\"501\" \/>\n\t<meta property=\"og:image:type\" content=\"image\/jpeg\" \/>\n<meta name=\"author\" content=\"usuari_ascef_admin\" \/>\n<meta name=\"twitter:card\" content=\"summary_large_image\" \/>\n<meta name=\"twitter:label1\" content=\"Escrito por\" \/>\n\t<meta name=\"twitter:data1\" content=\"usuari_ascef_admin\" \/>\n\t<meta name=\"twitter:label2\" content=\"Tiempo de lectura\" \/>\n\t<meta name=\"twitter:data2\" content=\"2 minutos\" \/>\n<script type=\"application\/ld+json\" class=\"yoast-schema-graph\">{\"@context\":\"https:\\\/\\\/schema.org\",\"@graph\":[{\"@type\":\"Article\",\"@id\":\"https:\\\/\\\/www.ascef.com\\\/es\\\/editorial\\\/#article\",\"isPartOf\":{\"@id\":\"https:\\\/\\\/www.ascef.com\\\/es\\\/editorial\\\/\"},\"author\":{\"name\":\"usuari_ascef_admin\",\"@id\":\"https:\\\/\\\/www.ascef.com\\\/es\\\/#\\\/schema\\\/person\\\/818edf5b5f3a1179bca4deca82c739f5\"},\"headline\":\"EDITORIAL: Es septiembre y estrenamos un nuevo curso\",\"datePublished\":\"2023-09-28T07:48:17+00:00\",\"dateModified\":\"2023-10-02T08:47:54+00:00\",\"mainEntityOfPage\":{\"@id\":\"https:\\\/\\\/www.ascef.com\\\/es\\\/editorial\\\/\"},\"wordCount\":278,\"commentCount\":0,\"image\":{\"@id\":\"https:\\\/\\\/www.ascef.com\\\/es\\\/editorial\\\/#primaryimage\"},\"thumbnailUrl\":\"https:\\\/\\\/www.ascef.com\\\/wp-content\\\/uploads\\\/2022\\\/12\\\/Isabel-del-sol-baixa-retallada-e1710930686581.jpg\",\"articleSection\":[\"general\"],\"inLanguage\":\"es\"},{\"@type\":\"WebPage\",\"@id\":\"https:\\\/\\\/www.ascef.com\\\/es\\\/editorial\\\/\",\"url\":\"https:\\\/\\\/www.ascef.com\\\/es\\\/editorial\\\/\",\"name\":\"EDITORIAL: Es septiembre y estrenamos un nuevo curso - ASCEF\",\"isPartOf\":{\"@id\":\"https:\\\/\\\/www.ascef.com\\\/es\\\/#website\"},\"primaryImageOfPage\":{\"@id\":\"https:\\\/\\\/www.ascef.com\\\/es\\\/editorial\\\/#primaryimage\"},\"image\":{\"@id\":\"https:\\\/\\\/www.ascef.com\\\/es\\\/editorial\\\/#primaryimage\"},\"thumbnailUrl\":\"https:\\\/\\\/www.ascef.com\\\/wp-content\\\/uploads\\\/2022\\\/12\\\/Isabel-del-sol-baixa-retallada-e1710930686581.jpg\",\"datePublished\":\"2023-09-28T07:48:17+00:00\",\"dateModified\":\"2023-10-02T08:47:54+00:00\",\"author\":{\"@id\":\"https:\\\/\\\/www.ascef.com\\\/es\\\/#\\\/schema\\\/person\\\/818edf5b5f3a1179bca4deca82c739f5\"},\"breadcrumb\":{\"@id\":\"https:\\\/\\\/www.ascef.com\\\/es\\\/editorial\\\/#breadcrumb\"},\"inLanguage\":\"es\",\"potentialAction\":[{\"@type\":\"ReadAction\",\"target\":[\"https:\\\/\\\/www.ascef.com\\\/es\\\/editorial\\\/\"]}]},{\"@type\":\"ImageObject\",\"inLanguage\":\"es\",\"@id\":\"https:\\\/\\\/www.ascef.com\\\/es\\\/editorial\\\/#primaryimage\",\"url\":\"https:\\\/\\\/www.ascef.com\\\/wp-content\\\/uploads\\\/2022\\\/12\\\/Isabel-del-sol-baixa-retallada-e1710930686581.jpg\",\"contentUrl\":\"https:\\\/\\\/www.ascef.com\\\/wp-content\\\/uploads\\\/2022\\\/12\\\/Isabel-del-sol-baixa-retallada-e1710930686581.jpg\",\"width\":426,\"height\":501},{\"@type\":\"BreadcrumbList\",\"@id\":\"https:\\\/\\\/www.ascef.com\\\/es\\\/editorial\\\/#breadcrumb\",\"itemListElement\":[{\"@type\":\"ListItem\",\"position\":1,\"name\":\"Portada\",\"item\":\"https:\\\/\\\/www.ascef.com\\\/es\\\/\"},{\"@type\":\"ListItem\",\"position\":2,\"name\":\"EDITORIAL: Es septiembre y estrenamos un nuevo curso\"}]},{\"@type\":\"WebSite\",\"@id\":\"https:\\\/\\\/www.ascef.com\\\/es\\\/#website\",\"url\":\"https:\\\/\\\/www.ascef.com\\\/es\\\/\",\"name\":\"ASCEF\",\"description\":\"Associaci\u00f3 Catalana de l\u2019Empresa Familiar\",\"potentialAction\":[{\"@type\":\"SearchAction\",\"target\":{\"@type\":\"EntryPoint\",\"urlTemplate\":\"https:\\\/\\\/www.ascef.com\\\/es\\\/?s={search_term_string}\"},\"query-input\":{\"@type\":\"PropertyValueSpecification\",\"valueRequired\":true,\"valueName\":\"search_term_string\"}}],\"inLanguage\":\"es\"},{\"@type\":\"Person\",\"@id\":\"https:\\\/\\\/www.ascef.com\\\/es\\\/#\\\/schema\\\/person\\\/818edf5b5f3a1179bca4deca82c739f5\",\"name\":\"usuari_ascef_admin\",\"url\":\"https:\\\/\\\/www.ascef.com\\\/es\\\/author\\\/usuari_ascef_admin\\\/\"}]}<\/script>\n<!-- \/ Yoast SEO plugin. -->","yoast_head_json":{"title":"EDITORIAL: Es septiembre y estrenamos un nuevo curso - ASCEF","robots":{"index":"index","follow":"follow","max-snippet":"max-snippet:-1","max-image-preview":"max-image-preview:large","max-video-preview":"max-video-preview:-1"},"canonical":"https:\/\/www.ascef.com\/es\/editorial\/","og_locale":"es_ES","og_type":"article","og_title":"EDITORIAL: Es septiembre y estrenamos un nuevo curso - ASCEF","og_description":"Volvemos del verano con fuerzas renovadas y toda la ilusi\u00f3n para afrontar el \u00faltimo trimestre del a\u00f1o. Un trimestre que, para la ASCEF, tiene una fecha muy especial, el 22 de noviembre.La Sala paraninfo del Edificio Hist\u00f3rico de la Universidad de Barcelona acoger\u00e1 el acto conmemorativo del 25 Aniversario, un encuentro muy espacial y con [&hellip;]","og_url":"https:\/\/www.ascef.com\/es\/editorial\/","og_site_name":"ASCEF","article_published_time":"2023-09-28T07:48:17+00:00","article_modified_time":"2023-10-02T08:47:54+00:00","og_image":[{"width":426,"height":501,"url":"https:\/\/www.ascef.com\/wp-content\/uploads\/2022\/12\/Isabel-del-sol-baixa-retallada.jpg","type":"image\/jpeg"}],"author":"usuari_ascef_admin","twitter_card":"summary_large_image","twitter_misc":{"Escrito por":"usuari_ascef_admin","Tiempo de lectura":"2 minutos"},"schema":{"@context":"https:\/\/schema.org","@graph":[{"@type":"Article","@id":"https:\/\/www.ascef.com\/es\/editorial\/#article","isPartOf":{"@id":"https:\/\/www.ascef.com\/es\/editorial\/"},"author":{"name":"usuari_ascef_admin","@id":"https:\/\/www.ascef.com\/es\/#\/schema\/person\/818edf5b5f3a1179bca4deca82c739f5"},"headline":"EDITORIAL: Es septiembre y estrenamos un nuevo curso","datePublished":"2023-09-28T07:48:17+00:00","dateModified":"2023-10-02T08:47:54+00:00","mainEntityOfPage":{"@id":"https:\/\/www.ascef.com\/es\/editorial\/"},"wordCount":278,"commentCount":0,"image":{"@id":"https:\/\/www.ascef.com\/es\/editorial\/#primaryimage"},"thumbnailUrl":"https:\/\/www.ascef.com\/wp-content\/uploads\/2022\/12\/Isabel-del-sol-baixa-retallada-e1710930686581.jpg","articleSection":["general"],"inLanguage":"es"},{"@type":"WebPage","@id":"https:\/\/www.ascef.com\/es\/editorial\/","url":"https:\/\/www.ascef.com\/es\/editorial\/","name":"EDITORIAL: Es septiembre y estrenamos un nuevo curso - ASCEF","isPartOf":{"@id":"https:\/\/www.ascef.com\/es\/#website"},"primaryImageOfPage":{"@id":"https:\/\/www.ascef.com\/es\/editorial\/#primaryimage"},"image":{"@id":"https:\/\/www.ascef.com\/es\/editorial\/#primaryimage"},"thumbnailUrl":"https:\/\/www.ascef.com\/wp-content\/uploads\/2022\/12\/Isabel-del-sol-baixa-retallada-e1710930686581.jpg","datePublished":"2023-09-28T07:48:17+00:00","dateModified":"2023-10-02T08:47:54+00:00","author":{"@id":"https:\/\/www.ascef.com\/es\/#\/schema\/person\/818edf5b5f3a1179bca4deca82c739f5"},"breadcrumb":{"@id":"https:\/\/www.ascef.com\/es\/editorial\/#breadcrumb"},"inLanguage":"es","potentialAction":[{"@type":"ReadAction","target":["https:\/\/www.ascef.com\/es\/editorial\/"]}]},{"@type":"ImageObject","inLanguage":"es","@id":"https:\/\/www.ascef.com\/es\/editorial\/#primaryimage","url":"https:\/\/www.ascef.com\/wp-content\/uploads\/2022\/12\/Isabel-del-sol-baixa-retallada-e1710930686581.jpg","contentUrl":"https:\/\/www.ascef.com\/wp-content\/uploads\/2022\/12\/Isabel-del-sol-baixa-retallada-e1710930686581.jpg","width":426,"height":501},{"@type":"BreadcrumbList","@id":"https:\/\/www.ascef.com\/es\/editorial\/#breadcrumb","itemListElement":[{"@type":"ListItem","position":1,"name":"Portada","item":"https:\/\/www.ascef.com\/es\/"},{"@type":"ListItem","position":2,"name":"EDITORIAL: Es septiembre y estrenamos un nuevo curso"}]},{"@type":"WebSite","@id":"https:\/\/www.ascef.com\/es\/#website","url":"https:\/\/www.ascef.com\/es\/","name":"ASCEF","description":"Associaci\u00f3 Catalana de l\u2019Empresa Familiar","potentialAction":[{"@type":"SearchAction","target":{"@type":"EntryPoint","urlTemplate":"https:\/\/www.ascef.com\/es\/?s={search_term_string}"},"query-input":{"@type":"PropertyValueSpecification","valueRequired":true,"valueName":"search_term_string"}}],"inLanguage":"es"},{"@type":"Person","@id":"https:\/\/www.ascef.com\/es\/#\/schema\/person\/818edf5b5f3a1179bca4deca82c739f5","name":"usuari_ascef_admin","url":"https:\/\/www.ascef.com\/es\/author\/usuari_ascef_admin\/"}]}},"_links":{"self":[{"href":"https:\/\/www.ascef.com\/es\/wp-json\/wp\/v2\/posts\/6896","targetHints":{"allow":["GET"]}}],"collection":[{"href":"https:\/\/www.ascef.com\/es\/wp-json\/wp\/v2\/posts"}],"about":[{"href":"https:\/\/www.ascef.com\/es\/wp-json\/wp\/v2\/types\/post"}],"author":[{"embeddable":true,"href":"https:\/\/www.ascef.com\/es\/wp-json\/wp\/v2\/users\/311"}],"replies":[{"embeddable":true,"href":"https:\/\/www.ascef.com\/es\/wp-json\/wp\/v2\/comments?post=6896"}],"version-history":[{"count":3,"href":"https:\/\/www.ascef.com\/es\/wp-json\/wp\/v2\/posts\/6896\/revisions"}],"predecessor-version":[{"id":6899,"href":"https:\/\/www.ascef.com\/es\/wp-json\/wp\/v2\/posts\/6896\/revisions\/6899"}],"wp:featuredmedia":[{"embeddable":true,"href":"https:\/\/www.ascef.com\/es\/wp-json\/wp\/v2\/media\/5081"}],"wp:attachment":[{"href":"https:\/\/www.ascef.com\/es\/wp-json\/wp\/v2\/media?parent=6896"}],"wp:term":[{"taxonomy":"category","embeddable":true,"href":"https:\/\/www.ascef.com\/es\/wp-json\/wp\/v2\/categories?post=6896"},{"taxonomy":"post_tag","embeddable":true,"href":"https:\/\/www.ascef.com\/es\/wp-json\/wp\/v2\/tags?post=6896"}],"curies":[{"name":"wp","href":"https:\/\/api.w.org\/{rel}","templated":true}]}}