{"id":6875,"date":"2023-09-27T14:35:37","date_gmt":"2023-09-27T14:35:37","guid":{"rendered":"https:\/\/www.ascef.com\/?p=6875"},"modified":"2023-09-27T14:35:37","modified_gmt":"2023-09-27T14:35:37","slug":"la-ascef-inaugura-un-ciclo-de-charlas-sobre-economia-social","status":"publish","type":"post","link":"https:\/\/www.ascef.com\/es\/la-ascef-inaugura-un-ciclo-de-charlas-sobre-economia-social\/","title":{"rendered":"La ASCEf inaugura un ciclo de charlas sobre economia social"},"content":{"rendered":"<p>La ASCEF ha empezado este oto\u00f1o un nuevo ciclo de charlas sobre la econom\u00eda social. El objetivo es acercar dos modelos empresariales muy caracter\u00edsticos de nuestro pa\u00eds, empresas familiares y sociales, para incrementar el conocimiento mutuo y explorar, si se tercia, futuras alianzas. Al fin y al cabo las unen aspectos tan relevantes como el prop\u00f3sito, la vocaci\u00f3n de legado y el compromiso a con el territorio.<\/p>\n<p>En la primera sesi\u00f3n \u201cAproximaci\u00f3n a la econom\u00eda social con vocaci\u00f3n de impacto\u201d celebrada el 26 de septiembre han participado Maravillas Rojas, presidenta de Abacus Cooperativa, Oriol Amat, catedr\u00e1tico de la UPF, Joan Cavall\u00e9, director general de Caixa d\u2019Enginyers, y Xavier L\u00f3pez, consultor en alianzas y econom\u00eda social. Fue una sesi\u00f3n muy interesante moderada por Elena Busquets, directora de V\u00cdA Empresa, en la que se habl\u00f3 de cooperativismo y de empresa familiar y se desmintieron muchos mitos.<\/p>\n<p>Para introducir el tema, Xavier L\u00f3pez hizo menci\u00f3n a la diversidad de entidades que forman la econom\u00eda social: empresas de todas las medidas, fundaciones y ONGs, organizaciones similares a las empresas familiares con quienes comparten valores como el legado, el prop\u00f3sito, el cuidado del entorno y, sobre todo \u00abno funcionar con los criterios cl\u00e1sicos del capital\u00bb.<\/p>\n<p>Joan Cavall\u00e9, director general de Caixa d\u2019Enginyers, coment\u00f3 que el sector de las cooperativas de cr\u00e9dito tiene gran relevancia a Europa, donde m\u00e1s de 200 millones de personas forman parte de bancos cooperativos, y destac\u00f3 que ninguna cooperativa de cr\u00e9dito ha sido rescatada. <\/p>\n<p>Maravillas Rojo, presidenta de Abacus Cooperativa, explic\u00f3 que Abacus coexiste en el mercado y, por lo tanto,  deber ser rentable, eficiente y \u00fatil, pero tambi\u00e9n que \u201cqueremos sociedades ricas, no persones ricas\u201d.<\/p>\n<p>Finalmente, el economista Oriol Amat lig\u00f3 el cooperativismo y la empresa familiar con su idea de legado, aclarando que estos dos modelos tienen un porcentaje de supervivencia muy alto porque piensan m\u00e1s all\u00e1 del corto plazo y recordando que 2,5 millones de catalanes son socios y est\u00e1n vinculados a una cooperativa.<\/p>\n","protected":false},"excerpt":{"rendered":"<p>La ASCEF ha empezado este oto\u00f1o un nuevo ciclo de charlas sobre la econom\u00eda social. El objetivo es acercar dos modelos empresariales muy caracter\u00edsticos de nuestro pa\u00eds, empresas familiares y sociales, para incrementar el conocimiento mutuo y explorar, si se tercia, futuras alianzas. Al fin y al cabo las unen aspectos tan relevantes como el [&hellip;]<\/p>\n","protected":false},"author":311,"featured_media":6873,"comment_status":"open","ping_status":"closed","sticky":false,"template":"","format":"standard","meta":{"_acf_changed":false,"footnotes":""},"categories":[185],"tags":[],"class_list":["post-6875","post","type-post","status-publish","format-standard","has-post-thumbnail","hentry","category-general"],"acf":[],"yoast_head":"<!-- This site is optimized with the Yoast SEO plugin v27.5 - https:\/\/yoast.com\/product\/yoast-seo-wordpress\/ -->\n<title>La ASCEf inaugura un ciclo de charlas sobre economia social - ASCEF<\/title>\n<meta name=\"robots\" content=\"index, follow, max-snippet:-1, max-image-preview:large, max-video-preview:-1\" \/>\n<link rel=\"canonical\" href=\"https:\/\/www.ascef.com\/es\/la-ascef-inaugura-un-ciclo-de-charlas-sobre-economia-social\/\" \/>\n<meta property=\"og:locale\" content=\"es_ES\" \/>\n<meta property=\"og:type\" content=\"article\" \/>\n<meta property=\"og:title\" content=\"La ASCEf inaugura un ciclo de charlas sobre economia social - ASCEF\" \/>\n<meta property=\"og:description\" content=\"La ASCEF ha empezado este oto\u00f1o un nuevo ciclo de charlas sobre la econom\u00eda social. El objetivo es acercar dos modelos empresariales muy caracter\u00edsticos de nuestro pa\u00eds, empresas familiares y sociales, para incrementar el conocimiento mutuo y explorar, si se tercia, futuras alianzas. Al fin y al cabo las unen aspectos tan relevantes como el [&hellip;]\" \/>\n<meta property=\"og:url\" content=\"https:\/\/www.ascef.com\/es\/la-ascef-inaugura-un-ciclo-de-charlas-sobre-economia-social\/\" \/>\n<meta property=\"og:site_name\" content=\"ASCEF\" \/>\n<meta property=\"article:published_time\" content=\"2023-09-27T14:35:37+00:00\" \/>\n<meta property=\"og:image\" content=\"https:\/\/www.ascef.com\/wp-content\/uploads\/2023\/09\/economia-social-sept.jpg\" \/>\n\t<meta property=\"og:image:width\" content=\"1600\" \/>\n\t<meta property=\"og:image:height\" content=\"720\" \/>\n\t<meta property=\"og:image:type\" content=\"image\/jpeg\" \/>\n<meta name=\"author\" content=\"usuari_ascef_admin\" \/>\n<meta name=\"twitter:card\" content=\"summary_large_image\" \/>\n<meta name=\"twitter:label1\" content=\"Escrito por\" \/>\n\t<meta name=\"twitter:data1\" content=\"usuari_ascef_admin\" \/>\n<script type=\"application\/ld+json\" class=\"yoast-schema-graph\">{\"@context\":\"https:\\\/\\\/schema.org\",\"@graph\":[{\"@type\":\"Article\",\"@id\":\"https:\\\/\\\/www.ascef.com\\\/es\\\/la-ascef-inaugura-un-ciclo-de-charlas-sobre-economia-social\\\/#article\",\"isPartOf\":{\"@id\":\"https:\\\/\\\/www.ascef.com\\\/es\\\/la-ascef-inaugura-un-ciclo-de-charlas-sobre-economia-social\\\/\"},\"author\":{\"name\":\"usuari_ascef_admin\",\"@id\":\"https:\\\/\\\/www.ascef.com\\\/es\\\/#\\\/schema\\\/person\\\/818edf5b5f3a1179bca4deca82c739f5\"},\"headline\":\"La ASCEf inaugura un ciclo de charlas sobre economia social\",\"datePublished\":\"2023-09-27T14:35:37+00:00\",\"mainEntityOfPage\":{\"@id\":\"https:\\\/\\\/www.ascef.com\\\/es\\\/la-ascef-inaugura-un-ciclo-de-charlas-sobre-economia-social\\\/\"},\"wordCount\":361,\"commentCount\":0,\"image\":{\"@id\":\"https:\\\/\\\/www.ascef.com\\\/es\\\/la-ascef-inaugura-un-ciclo-de-charlas-sobre-economia-social\\\/#primaryimage\"},\"thumbnailUrl\":\"https:\\\/\\\/www.ascef.com\\\/wp-content\\\/uploads\\\/2023\\\/09\\\/economia-social-sept.jpg\",\"articleSection\":[\"general\"],\"inLanguage\":\"es\"},{\"@type\":\"WebPage\",\"@id\":\"https:\\\/\\\/www.ascef.com\\\/es\\\/la-ascef-inaugura-un-ciclo-de-charlas-sobre-economia-social\\\/\",\"url\":\"https:\\\/\\\/www.ascef.com\\\/es\\\/la-ascef-inaugura-un-ciclo-de-charlas-sobre-economia-social\\\/\",\"name\":\"La ASCEf inaugura un ciclo de charlas sobre economia social - ASCEF\",\"isPartOf\":{\"@id\":\"https:\\\/\\\/www.ascef.com\\\/es\\\/#website\"},\"primaryImageOfPage\":{\"@id\":\"https:\\\/\\\/www.ascef.com\\\/es\\\/la-ascef-inaugura-un-ciclo-de-charlas-sobre-economia-social\\\/#primaryimage\"},\"image\":{\"@id\":\"https:\\\/\\\/www.ascef.com\\\/es\\\/la-ascef-inaugura-un-ciclo-de-charlas-sobre-economia-social\\\/#primaryimage\"},\"thumbnailUrl\":\"https:\\\/\\\/www.ascef.com\\\/wp-content\\\/uploads\\\/2023\\\/09\\\/economia-social-sept.jpg\",\"datePublished\":\"2023-09-27T14:35:37+00:00\",\"author\":{\"@id\":\"https:\\\/\\\/www.ascef.com\\\/es\\\/#\\\/schema\\\/person\\\/818edf5b5f3a1179bca4deca82c739f5\"},\"breadcrumb\":{\"@id\":\"https:\\\/\\\/www.ascef.com\\\/es\\\/la-ascef-inaugura-un-ciclo-de-charlas-sobre-economia-social\\\/#breadcrumb\"},\"inLanguage\":\"es\",\"potentialAction\":[{\"@type\":\"ReadAction\",\"target\":[\"https:\\\/\\\/www.ascef.com\\\/es\\\/la-ascef-inaugura-un-ciclo-de-charlas-sobre-economia-social\\\/\"]}]},{\"@type\":\"ImageObject\",\"inLanguage\":\"es\",\"@id\":\"https:\\\/\\\/www.ascef.com\\\/es\\\/la-ascef-inaugura-un-ciclo-de-charlas-sobre-economia-social\\\/#primaryimage\",\"url\":\"https:\\\/\\\/www.ascef.com\\\/wp-content\\\/uploads\\\/2023\\\/09\\\/economia-social-sept.jpg\",\"contentUrl\":\"https:\\\/\\\/www.ascef.com\\\/wp-content\\\/uploads\\\/2023\\\/09\\\/economia-social-sept.jpg\",\"width\":1600,\"height\":720},{\"@type\":\"BreadcrumbList\",\"@id\":\"https:\\\/\\\/www.ascef.com\\\/es\\\/la-ascef-inaugura-un-ciclo-de-charlas-sobre-economia-social\\\/#breadcrumb\",\"itemListElement\":[{\"@type\":\"ListItem\",\"position\":1,\"name\":\"Portada\",\"item\":\"https:\\\/\\\/www.ascef.com\\\/es\\\/\"},{\"@type\":\"ListItem\",\"position\":2,\"name\":\"La ASCEf inaugura un ciclo de charlas sobre economia social\"}]},{\"@type\":\"WebSite\",\"@id\":\"https:\\\/\\\/www.ascef.com\\\/es\\\/#website\",\"url\":\"https:\\\/\\\/www.ascef.com\\\/es\\\/\",\"name\":\"ASCEF\",\"description\":\"Associaci\u00f3 Catalana de l\u2019Empresa Familiar\",\"potentialAction\":[{\"@type\":\"SearchAction\",\"target\":{\"@type\":\"EntryPoint\",\"urlTemplate\":\"https:\\\/\\\/www.ascef.com\\\/es\\\/?s={search_term_string}\"},\"query-input\":{\"@type\":\"PropertyValueSpecification\",\"valueRequired\":true,\"valueName\":\"search_term_string\"}}],\"inLanguage\":\"es\"},{\"@type\":\"Person\",\"@id\":\"https:\\\/\\\/www.ascef.com\\\/es\\\/#\\\/schema\\\/person\\\/818edf5b5f3a1179bca4deca82c739f5\",\"name\":\"usuari_ascef_admin\",\"url\":\"https:\\\/\\\/www.ascef.com\\\/es\\\/author\\\/usuari_ascef_admin\\\/\"}]}<\/script>\n<!-- \/ Yoast SEO plugin. -->","yoast_head_json":{"title":"La ASCEf inaugura un ciclo de charlas sobre economia social - ASCEF","robots":{"index":"index","follow":"follow","max-snippet":"max-snippet:-1","max-image-preview":"max-image-preview:large","max-video-preview":"max-video-preview:-1"},"canonical":"https:\/\/www.ascef.com\/es\/la-ascef-inaugura-un-ciclo-de-charlas-sobre-economia-social\/","og_locale":"es_ES","og_type":"article","og_title":"La ASCEf inaugura un ciclo de charlas sobre economia social - ASCEF","og_description":"La ASCEF ha empezado este oto\u00f1o un nuevo ciclo de charlas sobre la econom\u00eda social. El objetivo es acercar dos modelos empresariales muy caracter\u00edsticos de nuestro pa\u00eds, empresas familiares y sociales, para incrementar el conocimiento mutuo y explorar, si se tercia, futuras alianzas. Al fin y al cabo las unen aspectos tan relevantes como el [&hellip;]","og_url":"https:\/\/www.ascef.com\/es\/la-ascef-inaugura-un-ciclo-de-charlas-sobre-economia-social\/","og_site_name":"ASCEF","article_published_time":"2023-09-27T14:35:37+00:00","og_image":[{"width":1600,"height":720,"url":"https:\/\/www.ascef.com\/wp-content\/uploads\/2023\/09\/economia-social-sept.jpg","type":"image\/jpeg"}],"author":"usuari_ascef_admin","twitter_card":"summary_large_image","twitter_misc":{"Escrito por":"usuari_ascef_admin"},"schema":{"@context":"https:\/\/schema.org","@graph":[{"@type":"Article","@id":"https:\/\/www.ascef.com\/es\/la-ascef-inaugura-un-ciclo-de-charlas-sobre-economia-social\/#article","isPartOf":{"@id":"https:\/\/www.ascef.com\/es\/la-ascef-inaugura-un-ciclo-de-charlas-sobre-economia-social\/"},"author":{"name":"usuari_ascef_admin","@id":"https:\/\/www.ascef.com\/es\/#\/schema\/person\/818edf5b5f3a1179bca4deca82c739f5"},"headline":"La ASCEf inaugura un ciclo de charlas sobre economia social","datePublished":"2023-09-27T14:35:37+00:00","mainEntityOfPage":{"@id":"https:\/\/www.ascef.com\/es\/la-ascef-inaugura-un-ciclo-de-charlas-sobre-economia-social\/"},"wordCount":361,"commentCount":0,"image":{"@id":"https:\/\/www.ascef.com\/es\/la-ascef-inaugura-un-ciclo-de-charlas-sobre-economia-social\/#primaryimage"},"thumbnailUrl":"https:\/\/www.ascef.com\/wp-content\/uploads\/2023\/09\/economia-social-sept.jpg","articleSection":["general"],"inLanguage":"es"},{"@type":"WebPage","@id":"https:\/\/www.ascef.com\/es\/la-ascef-inaugura-un-ciclo-de-charlas-sobre-economia-social\/","url":"https:\/\/www.ascef.com\/es\/la-ascef-inaugura-un-ciclo-de-charlas-sobre-economia-social\/","name":"La ASCEf inaugura un ciclo de charlas sobre economia social - ASCEF","isPartOf":{"@id":"https:\/\/www.ascef.com\/es\/#website"},"primaryImageOfPage":{"@id":"https:\/\/www.ascef.com\/es\/la-ascef-inaugura-un-ciclo-de-charlas-sobre-economia-social\/#primaryimage"},"image":{"@id":"https:\/\/www.ascef.com\/es\/la-ascef-inaugura-un-ciclo-de-charlas-sobre-economia-social\/#primaryimage"},"thumbnailUrl":"https:\/\/www.ascef.com\/wp-content\/uploads\/2023\/09\/economia-social-sept.jpg","datePublished":"2023-09-27T14:35:37+00:00","author":{"@id":"https:\/\/www.ascef.com\/es\/#\/schema\/person\/818edf5b5f3a1179bca4deca82c739f5"},"breadcrumb":{"@id":"https:\/\/www.ascef.com\/es\/la-ascef-inaugura-un-ciclo-de-charlas-sobre-economia-social\/#breadcrumb"},"inLanguage":"es","potentialAction":[{"@type":"ReadAction","target":["https:\/\/www.ascef.com\/es\/la-ascef-inaugura-un-ciclo-de-charlas-sobre-economia-social\/"]}]},{"@type":"ImageObject","inLanguage":"es","@id":"https:\/\/www.ascef.com\/es\/la-ascef-inaugura-un-ciclo-de-charlas-sobre-economia-social\/#primaryimage","url":"https:\/\/www.ascef.com\/wp-content\/uploads\/2023\/09\/economia-social-sept.jpg","contentUrl":"https:\/\/www.ascef.com\/wp-content\/uploads\/2023\/09\/economia-social-sept.jpg","width":1600,"height":720},{"@type":"BreadcrumbList","@id":"https:\/\/www.ascef.com\/es\/la-ascef-inaugura-un-ciclo-de-charlas-sobre-economia-social\/#breadcrumb","itemListElement":[{"@type":"ListItem","position":1,"name":"Portada","item":"https:\/\/www.ascef.com\/es\/"},{"@type":"ListItem","position":2,"name":"La ASCEf inaugura un ciclo de charlas sobre economia social"}]},{"@type":"WebSite","@id":"https:\/\/www.ascef.com\/es\/#website","url":"https:\/\/www.ascef.com\/es\/","name":"ASCEF","description":"Associaci\u00f3 Catalana de l\u2019Empresa Familiar","potentialAction":[{"@type":"SearchAction","target":{"@type":"EntryPoint","urlTemplate":"https:\/\/www.ascef.com\/es\/?s={search_term_string}"},"query-input":{"@type":"PropertyValueSpecification","valueRequired":true,"valueName":"search_term_string"}}],"inLanguage":"es"},{"@type":"Person","@id":"https:\/\/www.ascef.com\/es\/#\/schema\/person\/818edf5b5f3a1179bca4deca82c739f5","name":"usuari_ascef_admin","url":"https:\/\/www.ascef.com\/es\/author\/usuari_ascef_admin\/"}]}},"_links":{"self":[{"href":"https:\/\/www.ascef.com\/es\/wp-json\/wp\/v2\/posts\/6875","targetHints":{"allow":["GET"]}}],"collection":[{"href":"https:\/\/www.ascef.com\/es\/wp-json\/wp\/v2\/posts"}],"about":[{"href":"https:\/\/www.ascef.com\/es\/wp-json\/wp\/v2\/types\/post"}],"author":[{"embeddable":true,"href":"https:\/\/www.ascef.com\/es\/wp-json\/wp\/v2\/users\/311"}],"replies":[{"embeddable":true,"href":"https:\/\/www.ascef.com\/es\/wp-json\/wp\/v2\/comments?post=6875"}],"version-history":[{"count":1,"href":"https:\/\/www.ascef.com\/es\/wp-json\/wp\/v2\/posts\/6875\/revisions"}],"predecessor-version":[{"id":6876,"href":"https:\/\/www.ascef.com\/es\/wp-json\/wp\/v2\/posts\/6875\/revisions\/6876"}],"wp:featuredmedia":[{"embeddable":true,"href":"https:\/\/www.ascef.com\/es\/wp-json\/wp\/v2\/media\/6873"}],"wp:attachment":[{"href":"https:\/\/www.ascef.com\/es\/wp-json\/wp\/v2\/media?parent=6875"}],"wp:term":[{"taxonomy":"category","embeddable":true,"href":"https:\/\/www.ascef.com\/es\/wp-json\/wp\/v2\/categories?post=6875"},{"taxonomy":"post_tag","embeddable":true,"href":"https:\/\/www.ascef.com\/es\/wp-json\/wp\/v2\/tags?post=6875"}],"curies":[{"name":"wp","href":"https:\/\/api.w.org\/{rel}","templated":true}]}}