{"id":6853,"date":"2023-09-21T11:15:57","date_gmt":"2023-09-21T11:15:57","guid":{"rendered":"https:\/\/www.ascef.com\/?p=6853"},"modified":"2023-09-21T11:15:57","modified_gmt":"2023-09-21T11:15:57","slug":"los-directores-generales-de-industria-e-innovacion-oriol-alcoba-y-lluis-junca-participan-en-un-acto-de-la-ascef","status":"publish","type":"post","link":"https:\/\/www.ascef.com\/es\/los-directores-generales-de-industria-e-innovacion-oriol-alcoba-y-lluis-junca-participan-en-un-acto-de-la-ascef\/","title":{"rendered":"Los directores generales de Industria e Innovaci\u00f3n, Oriol Alcoba y Llu\u00eds Junc\u00e0, participan en un acto de la ASCEF"},"content":{"rendered":"<p>Los se\u00f1ores Oriol Alcoba Malaspina, director general de Industria de la Generalitat de Catalunya, y Llu\u00eds Junc\u00e0, director general de Innovaci\u00f3n, Econom\u00eda Digital y Emprendimiento de la Generalitat de Catalunya, han participado durante el d\u00eda de hoy en un encuentro organizado por la Comisi\u00f3n de Innovaci\u00f3n de ASCEF (Associaci\u00f3 Catalana de l\u2019Empresa Familiar).<br \/>\nDurante el desayuno-coloquio, Oriol Alcoba Malaspina y Llu\u00eds Junc\u00e0 han explicado las diferentes estrategias pol\u00edticas e industriales que promueve la Generalitat para impulsar la competitividad de las empresas.<br \/>\nAsimismo, han detallado los distintos programas que tiene la administraci\u00f3n para apoyar las inversiones empresariales en Catalu\u00f1a y facilitar los proyectos de innovaci\u00f3n de centros de investigaci\u00f3n y universidades en colaboraci\u00f3n con empresas.<br \/>\nJornadas como esta nos ofrecen la oportunidad de aprovechar la sinergia entre empresas y administraci\u00f3n para alcanzar metas comunes, y permiten aportar un valor a\u00f1adido a la sociedad.<\/p>\n","protected":false},"excerpt":{"rendered":"<p>Los se\u00f1ores Oriol Alcoba Malaspina, director general de Industria de la Generalitat de Catalunya, y Llu\u00eds Junc\u00e0, director general de Innovaci\u00f3n, Econom\u00eda Digital y Emprendimiento de la Generalitat de Catalunya, han participado durante el d\u00eda de hoy en un encuentro organizado por la Comisi\u00f3n de Innovaci\u00f3n de ASCEF (Associaci\u00f3 Catalana de l\u2019Empresa Familiar). Durante el [&hellip;]<\/p>\n","protected":false},"author":311,"featured_media":6855,"comment_status":"open","ping_status":"closed","sticky":false,"template":"","format":"standard","meta":{"_acf_changed":false,"footnotes":""},"categories":[185],"tags":[],"class_list":["post-6853","post","type-post","status-publish","format-standard","has-post-thumbnail","hentry","category-general"],"acf":[],"yoast_head":"<!-- This site is optimized with the Yoast SEO plugin v27.5 - https:\/\/yoast.com\/product\/yoast-seo-wordpress\/ -->\n<title>Los directores generales de Industria e Innovaci\u00f3n, Oriol Alcoba y Llu\u00eds Junc\u00e0, participan en un acto de la ASCEF - ASCEF<\/title>\n<meta name=\"robots\" content=\"index, follow, max-snippet:-1, max-image-preview:large, max-video-preview:-1\" \/>\n<link rel=\"canonical\" href=\"https:\/\/www.ascef.com\/es\/los-directores-generales-de-industria-e-innovacion-oriol-alcoba-y-lluis-junca-participan-en-un-acto-de-la-ascef\/\" \/>\n<meta property=\"og:locale\" content=\"es_ES\" \/>\n<meta property=\"og:type\" content=\"article\" \/>\n<meta property=\"og:title\" content=\"Los directores generales de Industria e Innovaci\u00f3n, Oriol Alcoba y Llu\u00eds Junc\u00e0, participan en un acto de la ASCEF - ASCEF\" \/>\n<meta property=\"og:description\" content=\"Los se\u00f1ores Oriol Alcoba Malaspina, director general de Industria de la Generalitat de Catalunya, y Llu\u00eds Junc\u00e0, director general de Innovaci\u00f3n, Econom\u00eda Digital y Emprendimiento de la Generalitat de Catalunya, han participado durante el d\u00eda de hoy en un encuentro organizado por la Comisi\u00f3n de Innovaci\u00f3n de ASCEF (Associaci\u00f3 Catalana de l\u2019Empresa Familiar). Durante el [&hellip;]\" \/>\n<meta property=\"og:url\" content=\"https:\/\/www.ascef.com\/es\/los-directores-generales-de-industria-e-innovacion-oriol-alcoba-y-lluis-junca-participan-en-un-acto-de-la-ascef\/\" \/>\n<meta property=\"og:site_name\" content=\"ASCEF\" \/>\n<meta property=\"article:published_time\" content=\"2023-09-21T11:15:57+00:00\" \/>\n<meta property=\"og:image\" content=\"https:\/\/www.ascef.com\/wp-content\/uploads\/2023\/09\/Foto-Esmorzar-colloqui-Innovacio.jpg\" \/>\n\t<meta property=\"og:image:width\" content=\"2000\" \/>\n\t<meta property=\"og:image:height\" content=\"1500\" \/>\n\t<meta property=\"og:image:type\" content=\"image\/jpeg\" \/>\n<meta name=\"author\" content=\"usuari_ascef_admin\" \/>\n<meta name=\"twitter:card\" content=\"summary_large_image\" \/>\n<meta name=\"twitter:label1\" content=\"Escrito por\" \/>\n\t<meta name=\"twitter:data1\" content=\"usuari_ascef_admin\" \/>\n<script type=\"application\/ld+json\" class=\"yoast-schema-graph\">{\"@context\":\"https:\\\/\\\/schema.org\",\"@graph\":[{\"@type\":\"Article\",\"@id\":\"https:\\\/\\\/www.ascef.com\\\/es\\\/los-directores-generales-de-industria-e-innovacion-oriol-alcoba-y-lluis-junca-participan-en-un-acto-de-la-ascef\\\/#article\",\"isPartOf\":{\"@id\":\"https:\\\/\\\/www.ascef.com\\\/es\\\/los-directores-generales-de-industria-e-innovacion-oriol-alcoba-y-lluis-junca-participan-en-un-acto-de-la-ascef\\\/\"},\"author\":{\"name\":\"usuari_ascef_admin\",\"@id\":\"https:\\\/\\\/www.ascef.com\\\/es\\\/#\\\/schema\\\/person\\\/818edf5b5f3a1179bca4deca82c739f5\"},\"headline\":\"Los directores generales de Industria e Innovaci\u00f3n, Oriol Alcoba y Llu\u00eds Junc\u00e0, participan en un acto de la ASCEF\",\"datePublished\":\"2023-09-21T11:15:57+00:00\",\"mainEntityOfPage\":{\"@id\":\"https:\\\/\\\/www.ascef.com\\\/es\\\/los-directores-generales-de-industria-e-innovacion-oriol-alcoba-y-lluis-junca-participan-en-un-acto-de-la-ascef\\\/\"},\"wordCount\":180,\"commentCount\":0,\"image\":{\"@id\":\"https:\\\/\\\/www.ascef.com\\\/es\\\/los-directores-generales-de-industria-e-innovacion-oriol-alcoba-y-lluis-junca-participan-en-un-acto-de-la-ascef\\\/#primaryimage\"},\"thumbnailUrl\":\"https:\\\/\\\/www.ascef.com\\\/wp-content\\\/uploads\\\/2023\\\/09\\\/Foto-Esmorzar-colloqui-Innovacio.jpg\",\"articleSection\":[\"general\"],\"inLanguage\":\"es\"},{\"@type\":\"WebPage\",\"@id\":\"https:\\\/\\\/www.ascef.com\\\/es\\\/los-directores-generales-de-industria-e-innovacion-oriol-alcoba-y-lluis-junca-participan-en-un-acto-de-la-ascef\\\/\",\"url\":\"https:\\\/\\\/www.ascef.com\\\/es\\\/los-directores-generales-de-industria-e-innovacion-oriol-alcoba-y-lluis-junca-participan-en-un-acto-de-la-ascef\\\/\",\"name\":\"Los directores generales de Industria e Innovaci\u00f3n, Oriol Alcoba y Llu\u00eds Junc\u00e0, participan en un acto de la ASCEF - ASCEF\",\"isPartOf\":{\"@id\":\"https:\\\/\\\/www.ascef.com\\\/es\\\/#website\"},\"primaryImageOfPage\":{\"@id\":\"https:\\\/\\\/www.ascef.com\\\/es\\\/los-directores-generales-de-industria-e-innovacion-oriol-alcoba-y-lluis-junca-participan-en-un-acto-de-la-ascef\\\/#primaryimage\"},\"image\":{\"@id\":\"https:\\\/\\\/www.ascef.com\\\/es\\\/los-directores-generales-de-industria-e-innovacion-oriol-alcoba-y-lluis-junca-participan-en-un-acto-de-la-ascef\\\/#primaryimage\"},\"thumbnailUrl\":\"https:\\\/\\\/www.ascef.com\\\/wp-content\\\/uploads\\\/2023\\\/09\\\/Foto-Esmorzar-colloqui-Innovacio.jpg\",\"datePublished\":\"2023-09-21T11:15:57+00:00\",\"author\":{\"@id\":\"https:\\\/\\\/www.ascef.com\\\/es\\\/#\\\/schema\\\/person\\\/818edf5b5f3a1179bca4deca82c739f5\"},\"breadcrumb\":{\"@id\":\"https:\\\/\\\/www.ascef.com\\\/es\\\/los-directores-generales-de-industria-e-innovacion-oriol-alcoba-y-lluis-junca-participan-en-un-acto-de-la-ascef\\\/#breadcrumb\"},\"inLanguage\":\"es\",\"potentialAction\":[{\"@type\":\"ReadAction\",\"target\":[\"https:\\\/\\\/www.ascef.com\\\/es\\\/los-directores-generales-de-industria-e-innovacion-oriol-alcoba-y-lluis-junca-participan-en-un-acto-de-la-ascef\\\/\"]}]},{\"@type\":\"ImageObject\",\"inLanguage\":\"es\",\"@id\":\"https:\\\/\\\/www.ascef.com\\\/es\\\/los-directores-generales-de-industria-e-innovacion-oriol-alcoba-y-lluis-junca-participan-en-un-acto-de-la-ascef\\\/#primaryimage\",\"url\":\"https:\\\/\\\/www.ascef.com\\\/wp-content\\\/uploads\\\/2023\\\/09\\\/Foto-Esmorzar-colloqui-Innovacio.jpg\",\"contentUrl\":\"https:\\\/\\\/www.ascef.com\\\/wp-content\\\/uploads\\\/2023\\\/09\\\/Foto-Esmorzar-colloqui-Innovacio.jpg\",\"width\":2000,\"height\":1500},{\"@type\":\"BreadcrumbList\",\"@id\":\"https:\\\/\\\/www.ascef.com\\\/es\\\/los-directores-generales-de-industria-e-innovacion-oriol-alcoba-y-lluis-junca-participan-en-un-acto-de-la-ascef\\\/#breadcrumb\",\"itemListElement\":[{\"@type\":\"ListItem\",\"position\":1,\"name\":\"Portada\",\"item\":\"https:\\\/\\\/www.ascef.com\\\/es\\\/\"},{\"@type\":\"ListItem\",\"position\":2,\"name\":\"Los directores generales de Industria e Innovaci\u00f3n, Oriol Alcoba y Llu\u00eds Junc\u00e0, participan en un acto de la ASCEF\"}]},{\"@type\":\"WebSite\",\"@id\":\"https:\\\/\\\/www.ascef.com\\\/es\\\/#website\",\"url\":\"https:\\\/\\\/www.ascef.com\\\/es\\\/\",\"name\":\"ASCEF\",\"description\":\"Associaci\u00f3 Catalana de l\u2019Empresa Familiar\",\"potentialAction\":[{\"@type\":\"SearchAction\",\"target\":{\"@type\":\"EntryPoint\",\"urlTemplate\":\"https:\\\/\\\/www.ascef.com\\\/es\\\/?s={search_term_string}\"},\"query-input\":{\"@type\":\"PropertyValueSpecification\",\"valueRequired\":true,\"valueName\":\"search_term_string\"}}],\"inLanguage\":\"es\"},{\"@type\":\"Person\",\"@id\":\"https:\\\/\\\/www.ascef.com\\\/es\\\/#\\\/schema\\\/person\\\/818edf5b5f3a1179bca4deca82c739f5\",\"name\":\"usuari_ascef_admin\",\"url\":\"https:\\\/\\\/www.ascef.com\\\/es\\\/author\\\/usuari_ascef_admin\\\/\"}]}<\/script>\n<!-- \/ Yoast SEO plugin. -->","yoast_head_json":{"title":"Los directores generales de Industria e Innovaci\u00f3n, Oriol Alcoba y Llu\u00eds Junc\u00e0, participan en un acto de la ASCEF - ASCEF","robots":{"index":"index","follow":"follow","max-snippet":"max-snippet:-1","max-image-preview":"max-image-preview:large","max-video-preview":"max-video-preview:-1"},"canonical":"https:\/\/www.ascef.com\/es\/los-directores-generales-de-industria-e-innovacion-oriol-alcoba-y-lluis-junca-participan-en-un-acto-de-la-ascef\/","og_locale":"es_ES","og_type":"article","og_title":"Los directores generales de Industria e Innovaci\u00f3n, Oriol Alcoba y Llu\u00eds Junc\u00e0, participan en un acto de la ASCEF - ASCEF","og_description":"Los se\u00f1ores Oriol Alcoba Malaspina, director general de Industria de la Generalitat de Catalunya, y Llu\u00eds Junc\u00e0, director general de Innovaci\u00f3n, Econom\u00eda Digital y Emprendimiento de la Generalitat de Catalunya, han participado durante el d\u00eda de hoy en un encuentro organizado por la Comisi\u00f3n de Innovaci\u00f3n de ASCEF (Associaci\u00f3 Catalana de l\u2019Empresa Familiar). Durante el [&hellip;]","og_url":"https:\/\/www.ascef.com\/es\/los-directores-generales-de-industria-e-innovacion-oriol-alcoba-y-lluis-junca-participan-en-un-acto-de-la-ascef\/","og_site_name":"ASCEF","article_published_time":"2023-09-21T11:15:57+00:00","og_image":[{"width":2000,"height":1500,"url":"https:\/\/www.ascef.com\/wp-content\/uploads\/2023\/09\/Foto-Esmorzar-colloqui-Innovacio.jpg","type":"image\/jpeg"}],"author":"usuari_ascef_admin","twitter_card":"summary_large_image","twitter_misc":{"Escrito por":"usuari_ascef_admin"},"schema":{"@context":"https:\/\/schema.org","@graph":[{"@type":"Article","@id":"https:\/\/www.ascef.com\/es\/los-directores-generales-de-industria-e-innovacion-oriol-alcoba-y-lluis-junca-participan-en-un-acto-de-la-ascef\/#article","isPartOf":{"@id":"https:\/\/www.ascef.com\/es\/los-directores-generales-de-industria-e-innovacion-oriol-alcoba-y-lluis-junca-participan-en-un-acto-de-la-ascef\/"},"author":{"name":"usuari_ascef_admin","@id":"https:\/\/www.ascef.com\/es\/#\/schema\/person\/818edf5b5f3a1179bca4deca82c739f5"},"headline":"Los directores generales de Industria e Innovaci\u00f3n, Oriol Alcoba y Llu\u00eds Junc\u00e0, participan en un acto de la ASCEF","datePublished":"2023-09-21T11:15:57+00:00","mainEntityOfPage":{"@id":"https:\/\/www.ascef.com\/es\/los-directores-generales-de-industria-e-innovacion-oriol-alcoba-y-lluis-junca-participan-en-un-acto-de-la-ascef\/"},"wordCount":180,"commentCount":0,"image":{"@id":"https:\/\/www.ascef.com\/es\/los-directores-generales-de-industria-e-innovacion-oriol-alcoba-y-lluis-junca-participan-en-un-acto-de-la-ascef\/#primaryimage"},"thumbnailUrl":"https:\/\/www.ascef.com\/wp-content\/uploads\/2023\/09\/Foto-Esmorzar-colloqui-Innovacio.jpg","articleSection":["general"],"inLanguage":"es"},{"@type":"WebPage","@id":"https:\/\/www.ascef.com\/es\/los-directores-generales-de-industria-e-innovacion-oriol-alcoba-y-lluis-junca-participan-en-un-acto-de-la-ascef\/","url":"https:\/\/www.ascef.com\/es\/los-directores-generales-de-industria-e-innovacion-oriol-alcoba-y-lluis-junca-participan-en-un-acto-de-la-ascef\/","name":"Los directores generales de Industria e Innovaci\u00f3n, Oriol Alcoba y Llu\u00eds Junc\u00e0, participan en un acto de la ASCEF - ASCEF","isPartOf":{"@id":"https:\/\/www.ascef.com\/es\/#website"},"primaryImageOfPage":{"@id":"https:\/\/www.ascef.com\/es\/los-directores-generales-de-industria-e-innovacion-oriol-alcoba-y-lluis-junca-participan-en-un-acto-de-la-ascef\/#primaryimage"},"image":{"@id":"https:\/\/www.ascef.com\/es\/los-directores-generales-de-industria-e-innovacion-oriol-alcoba-y-lluis-junca-participan-en-un-acto-de-la-ascef\/#primaryimage"},"thumbnailUrl":"https:\/\/www.ascef.com\/wp-content\/uploads\/2023\/09\/Foto-Esmorzar-colloqui-Innovacio.jpg","datePublished":"2023-09-21T11:15:57+00:00","author":{"@id":"https:\/\/www.ascef.com\/es\/#\/schema\/person\/818edf5b5f3a1179bca4deca82c739f5"},"breadcrumb":{"@id":"https:\/\/www.ascef.com\/es\/los-directores-generales-de-industria-e-innovacion-oriol-alcoba-y-lluis-junca-participan-en-un-acto-de-la-ascef\/#breadcrumb"},"inLanguage":"es","potentialAction":[{"@type":"ReadAction","target":["https:\/\/www.ascef.com\/es\/los-directores-generales-de-industria-e-innovacion-oriol-alcoba-y-lluis-junca-participan-en-un-acto-de-la-ascef\/"]}]},{"@type":"ImageObject","inLanguage":"es","@id":"https:\/\/www.ascef.com\/es\/los-directores-generales-de-industria-e-innovacion-oriol-alcoba-y-lluis-junca-participan-en-un-acto-de-la-ascef\/#primaryimage","url":"https:\/\/www.ascef.com\/wp-content\/uploads\/2023\/09\/Foto-Esmorzar-colloqui-Innovacio.jpg","contentUrl":"https:\/\/www.ascef.com\/wp-content\/uploads\/2023\/09\/Foto-Esmorzar-colloqui-Innovacio.jpg","width":2000,"height":1500},{"@type":"BreadcrumbList","@id":"https:\/\/www.ascef.com\/es\/los-directores-generales-de-industria-e-innovacion-oriol-alcoba-y-lluis-junca-participan-en-un-acto-de-la-ascef\/#breadcrumb","itemListElement":[{"@type":"ListItem","position":1,"name":"Portada","item":"https:\/\/www.ascef.com\/es\/"},{"@type":"ListItem","position":2,"name":"Los directores generales de Industria e Innovaci\u00f3n, Oriol Alcoba y Llu\u00eds Junc\u00e0, participan en un acto de la ASCEF"}]},{"@type":"WebSite","@id":"https:\/\/www.ascef.com\/es\/#website","url":"https:\/\/www.ascef.com\/es\/","name":"ASCEF","description":"Associaci\u00f3 Catalana de l\u2019Empresa Familiar","potentialAction":[{"@type":"SearchAction","target":{"@type":"EntryPoint","urlTemplate":"https:\/\/www.ascef.com\/es\/?s={search_term_string}"},"query-input":{"@type":"PropertyValueSpecification","valueRequired":true,"valueName":"search_term_string"}}],"inLanguage":"es"},{"@type":"Person","@id":"https:\/\/www.ascef.com\/es\/#\/schema\/person\/818edf5b5f3a1179bca4deca82c739f5","name":"usuari_ascef_admin","url":"https:\/\/www.ascef.com\/es\/author\/usuari_ascef_admin\/"}]}},"_links":{"self":[{"href":"https:\/\/www.ascef.com\/es\/wp-json\/wp\/v2\/posts\/6853","targetHints":{"allow":["GET"]}}],"collection":[{"href":"https:\/\/www.ascef.com\/es\/wp-json\/wp\/v2\/posts"}],"about":[{"href":"https:\/\/www.ascef.com\/es\/wp-json\/wp\/v2\/types\/post"}],"author":[{"embeddable":true,"href":"https:\/\/www.ascef.com\/es\/wp-json\/wp\/v2\/users\/311"}],"replies":[{"embeddable":true,"href":"https:\/\/www.ascef.com\/es\/wp-json\/wp\/v2\/comments?post=6853"}],"version-history":[{"count":1,"href":"https:\/\/www.ascef.com\/es\/wp-json\/wp\/v2\/posts\/6853\/revisions"}],"predecessor-version":[{"id":6856,"href":"https:\/\/www.ascef.com\/es\/wp-json\/wp\/v2\/posts\/6853\/revisions\/6856"}],"wp:featuredmedia":[{"embeddable":true,"href":"https:\/\/www.ascef.com\/es\/wp-json\/wp\/v2\/media\/6855"}],"wp:attachment":[{"href":"https:\/\/www.ascef.com\/es\/wp-json\/wp\/v2\/media?parent=6853"}],"wp:term":[{"taxonomy":"category","embeddable":true,"href":"https:\/\/www.ascef.com\/es\/wp-json\/wp\/v2\/categories?post=6853"},{"taxonomy":"post_tag","embeddable":true,"href":"https:\/\/www.ascef.com\/es\/wp-json\/wp\/v2\/tags?post=6853"}],"curies":[{"name":"wp","href":"https:\/\/api.w.org\/{rel}","templated":true}]}}