{"id":6729,"date":"2023-07-13T08:05:30","date_gmt":"2023-07-13T08:05:30","guid":{"rendered":"https:\/\/www.ascef.com\/?p=6729"},"modified":"2023-07-13T08:05:30","modified_gmt":"2023-07-13T08:05:30","slug":"el-forum-de-jovenes-de-la-ascef-celebra-su-tradicional-cena-de-verano","status":"publish","type":"post","link":"https:\/\/www.ascef.com\/es\/el-forum-de-jovenes-de-la-ascef-celebra-su-tradicional-cena-de-verano\/","title":{"rendered":"El F\u00f3rum de J\u00f3venes de la ASCEF celebra su tradicional cena de verano"},"content":{"rendered":"<p>El F\u00f3rum de JOVENES formado por m\u00e1s de 280 miembros de las nuevas generaciones de las empresas familiares de la ASCEF,\u00a0 celebraron el pasado 6 de julio en el Restaurante Pez Vela su tradicional cena de verano.<\/p>\n<p>Esta cena ha sido el primer acto de Ariadna Sendra Garcia y Albert Borr\u00e0s Arnal despu\u00e9s de coger el relevo a Ricard Oller como copresidentes del F\u00f3rum. La cena estuvo amenizada por la actuaci\u00f3n del c\u00f3mico \u201cTili\u201d Alejandro Mart\u00ednez, quien contribuy\u00f3 a que la velada fiera una\u00a0 forma diferente e informal de establecer nuevas relaciones y complicidades entre los miembros del F\u00f3rum.<\/p>\n","protected":false},"excerpt":{"rendered":"<p>El F\u00f3rum de JOVENES formado por m\u00e1s de 280 miembros de las nuevas generaciones de las empresas familiares de la ASCEF,\u00a0 celebraron el pasado 6 de julio en el Restaurante Pez Vela su tradicional cena de verano. Esta cena ha sido el primer acto de Ariadna Sendra Garcia y Albert Borr\u00e0s Arnal despu\u00e9s de coger [&hellip;]<\/p>\n","protected":false},"author":311,"featured_media":6727,"comment_status":"open","ping_status":"closed","sticky":false,"template":"","format":"standard","meta":{"_acf_changed":false,"footnotes":""},"categories":[185],"tags":[],"class_list":["post-6729","post","type-post","status-publish","format-standard","has-post-thumbnail","hentry","category-general"],"acf":[],"yoast_head":"<!-- This site is optimized with the Yoast SEO plugin v27.5 - https:\/\/yoast.com\/product\/yoast-seo-wordpress\/ -->\n<title>El F\u00f3rum de J\u00f3venes de la ASCEF celebra su tradicional cena de verano - ASCEF<\/title>\n<meta name=\"robots\" content=\"index, follow, max-snippet:-1, max-image-preview:large, max-video-preview:-1\" \/>\n<link rel=\"canonical\" href=\"https:\/\/www.ascef.com\/es\/el-forum-de-jovenes-de-la-ascef-celebra-su-tradicional-cena-de-verano\/\" \/>\n<meta property=\"og:locale\" content=\"es_ES\" \/>\n<meta property=\"og:type\" content=\"article\" \/>\n<meta property=\"og:title\" content=\"El F\u00f3rum de J\u00f3venes de la ASCEF celebra su tradicional cena de verano - ASCEF\" \/>\n<meta property=\"og:description\" content=\"El F\u00f3rum de JOVENES formado por m\u00e1s de 280 miembros de las nuevas generaciones de las empresas familiares de la ASCEF,\u00a0 celebraron el pasado 6 de julio en el Restaurante Pez Vela su tradicional cena de verano. Esta cena ha sido el primer acto de Ariadna Sendra Garcia y Albert Borr\u00e0s Arnal despu\u00e9s de coger [&hellip;]\" \/>\n<meta property=\"og:url\" content=\"https:\/\/www.ascef.com\/es\/el-forum-de-jovenes-de-la-ascef-celebra-su-tradicional-cena-de-verano\/\" \/>\n<meta property=\"og:site_name\" content=\"ASCEF\" \/>\n<meta property=\"article:published_time\" content=\"2023-07-13T08:05:30+00:00\" \/>\n<meta property=\"og:image\" content=\"https:\/\/www.ascef.com\/wp-content\/uploads\/2023\/07\/spar-joves-2023.jpg\" \/>\n\t<meta property=\"og:image:width\" content=\"768\" \/>\n\t<meta property=\"og:image:height\" content=\"454\" \/>\n\t<meta property=\"og:image:type\" content=\"image\/jpeg\" \/>\n<meta name=\"author\" content=\"usuari_ascef_admin\" \/>\n<meta name=\"twitter:card\" content=\"summary_large_image\" \/>\n<meta name=\"twitter:label1\" content=\"Escrito por\" \/>\n\t<meta name=\"twitter:data1\" content=\"usuari_ascef_admin\" \/>\n\t<meta name=\"twitter:label2\" content=\"Tiempo de lectura\" \/>\n\t<meta name=\"twitter:data2\" content=\"1 minuto\" \/>\n<script type=\"application\/ld+json\" class=\"yoast-schema-graph\">{\"@context\":\"https:\\\/\\\/schema.org\",\"@graph\":[{\"@type\":\"Article\",\"@id\":\"https:\\\/\\\/www.ascef.com\\\/es\\\/el-forum-de-jovenes-de-la-ascef-celebra-su-tradicional-cena-de-verano\\\/#article\",\"isPartOf\":{\"@id\":\"https:\\\/\\\/www.ascef.com\\\/es\\\/el-forum-de-jovenes-de-la-ascef-celebra-su-tradicional-cena-de-verano\\\/\"},\"author\":{\"name\":\"usuari_ascef_admin\",\"@id\":\"https:\\\/\\\/www.ascef.com\\\/es\\\/#\\\/schema\\\/person\\\/818edf5b5f3a1179bca4deca82c739f5\"},\"headline\":\"El F\u00f3rum de J\u00f3venes de la ASCEF celebra su tradicional cena de verano\",\"datePublished\":\"2023-07-13T08:05:30+00:00\",\"mainEntityOfPage\":{\"@id\":\"https:\\\/\\\/www.ascef.com\\\/es\\\/el-forum-de-jovenes-de-la-ascef-celebra-su-tradicional-cena-de-verano\\\/\"},\"wordCount\":121,\"commentCount\":0,\"image\":{\"@id\":\"https:\\\/\\\/www.ascef.com\\\/es\\\/el-forum-de-jovenes-de-la-ascef-celebra-su-tradicional-cena-de-verano\\\/#primaryimage\"},\"thumbnailUrl\":\"https:\\\/\\\/www.ascef.com\\\/wp-content\\\/uploads\\\/2023\\\/07\\\/spar-joves-2023.jpg\",\"articleSection\":[\"general\"],\"inLanguage\":\"es\"},{\"@type\":\"WebPage\",\"@id\":\"https:\\\/\\\/www.ascef.com\\\/es\\\/el-forum-de-jovenes-de-la-ascef-celebra-su-tradicional-cena-de-verano\\\/\",\"url\":\"https:\\\/\\\/www.ascef.com\\\/es\\\/el-forum-de-jovenes-de-la-ascef-celebra-su-tradicional-cena-de-verano\\\/\",\"name\":\"El F\u00f3rum de J\u00f3venes de la ASCEF celebra su tradicional cena de verano - ASCEF\",\"isPartOf\":{\"@id\":\"https:\\\/\\\/www.ascef.com\\\/es\\\/#website\"},\"primaryImageOfPage\":{\"@id\":\"https:\\\/\\\/www.ascef.com\\\/es\\\/el-forum-de-jovenes-de-la-ascef-celebra-su-tradicional-cena-de-verano\\\/#primaryimage\"},\"image\":{\"@id\":\"https:\\\/\\\/www.ascef.com\\\/es\\\/el-forum-de-jovenes-de-la-ascef-celebra-su-tradicional-cena-de-verano\\\/#primaryimage\"},\"thumbnailUrl\":\"https:\\\/\\\/www.ascef.com\\\/wp-content\\\/uploads\\\/2023\\\/07\\\/spar-joves-2023.jpg\",\"datePublished\":\"2023-07-13T08:05:30+00:00\",\"author\":{\"@id\":\"https:\\\/\\\/www.ascef.com\\\/es\\\/#\\\/schema\\\/person\\\/818edf5b5f3a1179bca4deca82c739f5\"},\"breadcrumb\":{\"@id\":\"https:\\\/\\\/www.ascef.com\\\/es\\\/el-forum-de-jovenes-de-la-ascef-celebra-su-tradicional-cena-de-verano\\\/#breadcrumb\"},\"inLanguage\":\"es\",\"potentialAction\":[{\"@type\":\"ReadAction\",\"target\":[\"https:\\\/\\\/www.ascef.com\\\/es\\\/el-forum-de-jovenes-de-la-ascef-celebra-su-tradicional-cena-de-verano\\\/\"]}]},{\"@type\":\"ImageObject\",\"inLanguage\":\"es\",\"@id\":\"https:\\\/\\\/www.ascef.com\\\/es\\\/el-forum-de-jovenes-de-la-ascef-celebra-su-tradicional-cena-de-verano\\\/#primaryimage\",\"url\":\"https:\\\/\\\/www.ascef.com\\\/wp-content\\\/uploads\\\/2023\\\/07\\\/spar-joves-2023.jpg\",\"contentUrl\":\"https:\\\/\\\/www.ascef.com\\\/wp-content\\\/uploads\\\/2023\\\/07\\\/spar-joves-2023.jpg\",\"width\":768,\"height\":454},{\"@type\":\"BreadcrumbList\",\"@id\":\"https:\\\/\\\/www.ascef.com\\\/es\\\/el-forum-de-jovenes-de-la-ascef-celebra-su-tradicional-cena-de-verano\\\/#breadcrumb\",\"itemListElement\":[{\"@type\":\"ListItem\",\"position\":1,\"name\":\"Portada\",\"item\":\"https:\\\/\\\/www.ascef.com\\\/es\\\/\"},{\"@type\":\"ListItem\",\"position\":2,\"name\":\"El F\u00f3rum de J\u00f3venes de la ASCEF celebra su tradicional cena de verano\"}]},{\"@type\":\"WebSite\",\"@id\":\"https:\\\/\\\/www.ascef.com\\\/es\\\/#website\",\"url\":\"https:\\\/\\\/www.ascef.com\\\/es\\\/\",\"name\":\"ASCEF\",\"description\":\"Associaci\u00f3 Catalana de l\u2019Empresa Familiar\",\"potentialAction\":[{\"@type\":\"SearchAction\",\"target\":{\"@type\":\"EntryPoint\",\"urlTemplate\":\"https:\\\/\\\/www.ascef.com\\\/es\\\/?s={search_term_string}\"},\"query-input\":{\"@type\":\"PropertyValueSpecification\",\"valueRequired\":true,\"valueName\":\"search_term_string\"}}],\"inLanguage\":\"es\"},{\"@type\":\"Person\",\"@id\":\"https:\\\/\\\/www.ascef.com\\\/es\\\/#\\\/schema\\\/person\\\/818edf5b5f3a1179bca4deca82c739f5\",\"name\":\"usuari_ascef_admin\",\"url\":\"https:\\\/\\\/www.ascef.com\\\/es\\\/author\\\/usuari_ascef_admin\\\/\"}]}<\/script>\n<!-- \/ Yoast SEO plugin. -->","yoast_head_json":{"title":"El F\u00f3rum de J\u00f3venes de la ASCEF celebra su tradicional cena de verano - ASCEF","robots":{"index":"index","follow":"follow","max-snippet":"max-snippet:-1","max-image-preview":"max-image-preview:large","max-video-preview":"max-video-preview:-1"},"canonical":"https:\/\/www.ascef.com\/es\/el-forum-de-jovenes-de-la-ascef-celebra-su-tradicional-cena-de-verano\/","og_locale":"es_ES","og_type":"article","og_title":"El F\u00f3rum de J\u00f3venes de la ASCEF celebra su tradicional cena de verano - ASCEF","og_description":"El F\u00f3rum de JOVENES formado por m\u00e1s de 280 miembros de las nuevas generaciones de las empresas familiares de la ASCEF,\u00a0 celebraron el pasado 6 de julio en el Restaurante Pez Vela su tradicional cena de verano. Esta cena ha sido el primer acto de Ariadna Sendra Garcia y Albert Borr\u00e0s Arnal despu\u00e9s de coger [&hellip;]","og_url":"https:\/\/www.ascef.com\/es\/el-forum-de-jovenes-de-la-ascef-celebra-su-tradicional-cena-de-verano\/","og_site_name":"ASCEF","article_published_time":"2023-07-13T08:05:30+00:00","og_image":[{"width":768,"height":454,"url":"https:\/\/www.ascef.com\/wp-content\/uploads\/2023\/07\/spar-joves-2023.jpg","type":"image\/jpeg"}],"author":"usuari_ascef_admin","twitter_card":"summary_large_image","twitter_misc":{"Escrito por":"usuari_ascef_admin","Tiempo de lectura":"1 minuto"},"schema":{"@context":"https:\/\/schema.org","@graph":[{"@type":"Article","@id":"https:\/\/www.ascef.com\/es\/el-forum-de-jovenes-de-la-ascef-celebra-su-tradicional-cena-de-verano\/#article","isPartOf":{"@id":"https:\/\/www.ascef.com\/es\/el-forum-de-jovenes-de-la-ascef-celebra-su-tradicional-cena-de-verano\/"},"author":{"name":"usuari_ascef_admin","@id":"https:\/\/www.ascef.com\/es\/#\/schema\/person\/818edf5b5f3a1179bca4deca82c739f5"},"headline":"El F\u00f3rum de J\u00f3venes de la ASCEF celebra su tradicional cena de verano","datePublished":"2023-07-13T08:05:30+00:00","mainEntityOfPage":{"@id":"https:\/\/www.ascef.com\/es\/el-forum-de-jovenes-de-la-ascef-celebra-su-tradicional-cena-de-verano\/"},"wordCount":121,"commentCount":0,"image":{"@id":"https:\/\/www.ascef.com\/es\/el-forum-de-jovenes-de-la-ascef-celebra-su-tradicional-cena-de-verano\/#primaryimage"},"thumbnailUrl":"https:\/\/www.ascef.com\/wp-content\/uploads\/2023\/07\/spar-joves-2023.jpg","articleSection":["general"],"inLanguage":"es"},{"@type":"WebPage","@id":"https:\/\/www.ascef.com\/es\/el-forum-de-jovenes-de-la-ascef-celebra-su-tradicional-cena-de-verano\/","url":"https:\/\/www.ascef.com\/es\/el-forum-de-jovenes-de-la-ascef-celebra-su-tradicional-cena-de-verano\/","name":"El F\u00f3rum de J\u00f3venes de la ASCEF celebra su tradicional cena de verano - ASCEF","isPartOf":{"@id":"https:\/\/www.ascef.com\/es\/#website"},"primaryImageOfPage":{"@id":"https:\/\/www.ascef.com\/es\/el-forum-de-jovenes-de-la-ascef-celebra-su-tradicional-cena-de-verano\/#primaryimage"},"image":{"@id":"https:\/\/www.ascef.com\/es\/el-forum-de-jovenes-de-la-ascef-celebra-su-tradicional-cena-de-verano\/#primaryimage"},"thumbnailUrl":"https:\/\/www.ascef.com\/wp-content\/uploads\/2023\/07\/spar-joves-2023.jpg","datePublished":"2023-07-13T08:05:30+00:00","author":{"@id":"https:\/\/www.ascef.com\/es\/#\/schema\/person\/818edf5b5f3a1179bca4deca82c739f5"},"breadcrumb":{"@id":"https:\/\/www.ascef.com\/es\/el-forum-de-jovenes-de-la-ascef-celebra-su-tradicional-cena-de-verano\/#breadcrumb"},"inLanguage":"es","potentialAction":[{"@type":"ReadAction","target":["https:\/\/www.ascef.com\/es\/el-forum-de-jovenes-de-la-ascef-celebra-su-tradicional-cena-de-verano\/"]}]},{"@type":"ImageObject","inLanguage":"es","@id":"https:\/\/www.ascef.com\/es\/el-forum-de-jovenes-de-la-ascef-celebra-su-tradicional-cena-de-verano\/#primaryimage","url":"https:\/\/www.ascef.com\/wp-content\/uploads\/2023\/07\/spar-joves-2023.jpg","contentUrl":"https:\/\/www.ascef.com\/wp-content\/uploads\/2023\/07\/spar-joves-2023.jpg","width":768,"height":454},{"@type":"BreadcrumbList","@id":"https:\/\/www.ascef.com\/es\/el-forum-de-jovenes-de-la-ascef-celebra-su-tradicional-cena-de-verano\/#breadcrumb","itemListElement":[{"@type":"ListItem","position":1,"name":"Portada","item":"https:\/\/www.ascef.com\/es\/"},{"@type":"ListItem","position":2,"name":"El F\u00f3rum de J\u00f3venes de la ASCEF celebra su tradicional cena de verano"}]},{"@type":"WebSite","@id":"https:\/\/www.ascef.com\/es\/#website","url":"https:\/\/www.ascef.com\/es\/","name":"ASCEF","description":"Associaci\u00f3 Catalana de l\u2019Empresa Familiar","potentialAction":[{"@type":"SearchAction","target":{"@type":"EntryPoint","urlTemplate":"https:\/\/www.ascef.com\/es\/?s={search_term_string}"},"query-input":{"@type":"PropertyValueSpecification","valueRequired":true,"valueName":"search_term_string"}}],"inLanguage":"es"},{"@type":"Person","@id":"https:\/\/www.ascef.com\/es\/#\/schema\/person\/818edf5b5f3a1179bca4deca82c739f5","name":"usuari_ascef_admin","url":"https:\/\/www.ascef.com\/es\/author\/usuari_ascef_admin\/"}]}},"_links":{"self":[{"href":"https:\/\/www.ascef.com\/es\/wp-json\/wp\/v2\/posts\/6729","targetHints":{"allow":["GET"]}}],"collection":[{"href":"https:\/\/www.ascef.com\/es\/wp-json\/wp\/v2\/posts"}],"about":[{"href":"https:\/\/www.ascef.com\/es\/wp-json\/wp\/v2\/types\/post"}],"author":[{"embeddable":true,"href":"https:\/\/www.ascef.com\/es\/wp-json\/wp\/v2\/users\/311"}],"replies":[{"embeddable":true,"href":"https:\/\/www.ascef.com\/es\/wp-json\/wp\/v2\/comments?post=6729"}],"version-history":[{"count":1,"href":"https:\/\/www.ascef.com\/es\/wp-json\/wp\/v2\/posts\/6729\/revisions"}],"predecessor-version":[{"id":6730,"href":"https:\/\/www.ascef.com\/es\/wp-json\/wp\/v2\/posts\/6729\/revisions\/6730"}],"wp:featuredmedia":[{"embeddable":true,"href":"https:\/\/www.ascef.com\/es\/wp-json\/wp\/v2\/media\/6727"}],"wp:attachment":[{"href":"https:\/\/www.ascef.com\/es\/wp-json\/wp\/v2\/media?parent=6729"}],"wp:term":[{"taxonomy":"category","embeddable":true,"href":"https:\/\/www.ascef.com\/es\/wp-json\/wp\/v2\/categories?post=6729"},{"taxonomy":"post_tag","embeddable":true,"href":"https:\/\/www.ascef.com\/es\/wp-json\/wp\/v2\/tags?post=6729"}],"curies":[{"name":"wp","href":"https:\/\/api.w.org\/{rel}","templated":true}]}}