{"id":6657,"date":"2023-07-03T10:51:05","date_gmt":"2023-07-03T10:51:05","guid":{"rendered":"https:\/\/www.ascef.com\/?p=6657"},"modified":"2023-07-03T10:51:05","modified_gmt":"2023-07-03T10:51:05","slug":"la-ascef-nueva-entidad-adherida-al-programa-reempresa","status":"publish","type":"post","link":"https:\/\/www.ascef.com\/es\/la-ascef-nueva-entidad-adherida-al-programa-reempresa\/","title":{"rendered":"La ASCEF, nueva entidad adherida al programa Reempresa"},"content":{"rendered":"<p>Barcelona, \u200b\u200b29 de junio de 2023. La Asociaci\u00f3n Catalana de la Empresa Familiar (ASCEF) se ha adherido a la red de colaboradores del Centro de Reempresa de Catalu\u00f1a, el mercado de compraventa de peque\u00f1as y medianas empresas con el objetivo de trabajar juntos para fomentar la compraventa de negocios en nuestro pa\u00eds.<\/p>\n<p>As\u00ed pues, las empresas y las personas que ASCEF derive a Reempresa podr\u00e1n recibir atenci\u00f3n y acompa\u00f1amiento personalizado y sin coste alguno tanto por si lo que quieren es ceder su empresa como si lo que desean es adquirir una en funcionamiento.<\/p>\n<p>El objetivo de esta colaboraci\u00f3n es difundir los servicios, recursos y el mercado de Reempresa entre los miembros de la Asociaci\u00f3n y trabajar conjuntamente para mantener vivo el tejido empresarial.<\/p>\n<p>Al acto de firma, que ha tenido lugar en la sede de Reempresa en el 22@ de Barcelona, han asistido Jaume Alsina, presidente de ASCEF, Isabel del Sol, directora de ASCEF, Xavier Pan\u00e9s, presidente de la Cecot y del Centro de Reempresa de Catalu\u00f1a, Laura Sallent, directora de Reempresa y Carla Jambrina, coordinadora del servicio.<\/p>\n<p><span style=\"color: #008000;\">Favorecer la continuidad de las empresas familiares en Catalu\u00f1a, el objetivo de este convenio<\/span><\/p>\n<p>Tan importante como la creaci\u00f3n de empresas es favorecer la continuidad y crecimiento de las ya existentes. En este sentido, el programa Reempresa es un modelo de emprendimiento y crecimiento empresarial que consiste en un mecanismo seg\u00fan el cual una nueva persona emprendedora toma el testimonio en la gesti\u00f3n de una compa\u00f1\u00eda ya existente.<\/p>\n<p>Reempresa inici\u00f3 el servicio en 2011 y ha alcanzado m\u00e1s de 4.000 reempresas de \u00e9xito, que han generado m\u00e1s de 191 millones de euros de inversi\u00f3n inducida y han salvaguardado cerca de 11.200 puestos de trabajo en Catalu\u00f1a. Actualmente, en la web del Centro de Reempresa de Catalunya existen m\u00e1s de 1.300 negocios que buscan un relevo.<\/p>\n<p>El acuerdo firmado entre ambas entidades significa sumar esfuerzos, informaci\u00f3n y recursos para aumentar el rendimiento de un modelo de crecimiento empresarial que podr\u00eda evitar el cierre del m\u00e1ximo n\u00famero de empresas durante el tiempo de ejecuci\u00f3n del programa en el pa\u00eds y salvaguardar puestos de trabajo, tal y como se ha demostrado en estos a\u00f1os de funcionamiento del proyecto.<\/p>\n","protected":false},"excerpt":{"rendered":"<p>Barcelona, \u200b\u200b29 de junio de 2023. La Asociaci\u00f3n Catalana de la Empresa Familiar (ASCEF) se ha adherido a la red de colaboradores del Centro de Reempresa de Catalu\u00f1a, el mercado de compraventa de peque\u00f1as y medianas empresas con el objetivo de trabajar juntos para fomentar la compraventa de negocios en nuestro pa\u00eds. As\u00ed pues, las [&hellip;]<\/p>\n","protected":false},"author":311,"featured_media":6655,"comment_status":"open","ping_status":"closed","sticky":false,"template":"","format":"standard","meta":{"_acf_changed":false,"footnotes":""},"categories":[185],"tags":[],"class_list":["post-6657","post","type-post","status-publish","format-standard","has-post-thumbnail","hentry","category-general"],"acf":[],"yoast_head":"<!-- This site is optimized with the Yoast SEO plugin v27.5 - https:\/\/yoast.com\/product\/yoast-seo-wordpress\/ -->\n<title>La ASCEF, nueva entidad adherida al programa Reempresa - ASCEF<\/title>\n<meta name=\"robots\" content=\"index, follow, max-snippet:-1, max-image-preview:large, max-video-preview:-1\" \/>\n<link rel=\"canonical\" href=\"https:\/\/www.ascef.com\/es\/la-ascef-nueva-entidad-adherida-al-programa-reempresa\/\" \/>\n<meta property=\"og:locale\" content=\"es_ES\" \/>\n<meta property=\"og:type\" content=\"article\" \/>\n<meta property=\"og:title\" content=\"La ASCEF, nueva entidad adherida al programa Reempresa - ASCEF\" \/>\n<meta property=\"og:description\" content=\"Barcelona, \u200b\u200b29 de junio de 2023. La Asociaci\u00f3n Catalana de la Empresa Familiar (ASCEF) se ha adherido a la red de colaboradores del Centro de Reempresa de Catalu\u00f1a, el mercado de compraventa de peque\u00f1as y medianas empresas con el objetivo de trabajar juntos para fomentar la compraventa de negocios en nuestro pa\u00eds. As\u00ed pues, las [&hellip;]\" \/>\n<meta property=\"og:url\" content=\"https:\/\/www.ascef.com\/es\/la-ascef-nueva-entidad-adherida-al-programa-reempresa\/\" \/>\n<meta property=\"og:site_name\" content=\"ASCEF\" \/>\n<meta property=\"article:published_time\" content=\"2023-07-03T10:51:05+00:00\" \/>\n<meta property=\"og:image\" content=\"https:\/\/www.ascef.com\/wp-content\/uploads\/2023\/07\/signatura--scaled.jpg\" \/>\n\t<meta property=\"og:image:width\" content=\"2560\" \/>\n\t<meta property=\"og:image:height\" content=\"1920\" \/>\n\t<meta property=\"og:image:type\" content=\"image\/jpeg\" \/>\n<meta name=\"author\" content=\"usuari_ascef_admin\" \/>\n<meta name=\"twitter:card\" content=\"summary_large_image\" \/>\n<meta name=\"twitter:label1\" content=\"Escrito por\" \/>\n\t<meta name=\"twitter:data1\" content=\"usuari_ascef_admin\" \/>\n\t<meta name=\"twitter:label2\" content=\"Tiempo de lectura\" \/>\n\t<meta name=\"twitter:data2\" content=\"2 minutos\" \/>\n<script type=\"application\/ld+json\" class=\"yoast-schema-graph\">{\"@context\":\"https:\\\/\\\/schema.org\",\"@graph\":[{\"@type\":\"Article\",\"@id\":\"https:\\\/\\\/www.ascef.com\\\/es\\\/la-ascef-nueva-entidad-adherida-al-programa-reempresa\\\/#article\",\"isPartOf\":{\"@id\":\"https:\\\/\\\/www.ascef.com\\\/es\\\/la-ascef-nueva-entidad-adherida-al-programa-reempresa\\\/\"},\"author\":{\"name\":\"usuari_ascef_admin\",\"@id\":\"https:\\\/\\\/www.ascef.com\\\/es\\\/#\\\/schema\\\/person\\\/818edf5b5f3a1179bca4deca82c739f5\"},\"headline\":\"La ASCEF, nueva entidad adherida al programa Reempresa\",\"datePublished\":\"2023-07-03T10:51:05+00:00\",\"mainEntityOfPage\":{\"@id\":\"https:\\\/\\\/www.ascef.com\\\/es\\\/la-ascef-nueva-entidad-adherida-al-programa-reempresa\\\/\"},\"wordCount\":392,\"commentCount\":0,\"image\":{\"@id\":\"https:\\\/\\\/www.ascef.com\\\/es\\\/la-ascef-nueva-entidad-adherida-al-programa-reempresa\\\/#primaryimage\"},\"thumbnailUrl\":\"https:\\\/\\\/www.ascef.com\\\/wp-content\\\/uploads\\\/2023\\\/07\\\/signatura--scaled.jpg\",\"articleSection\":[\"general\"],\"inLanguage\":\"es\"},{\"@type\":\"WebPage\",\"@id\":\"https:\\\/\\\/www.ascef.com\\\/es\\\/la-ascef-nueva-entidad-adherida-al-programa-reempresa\\\/\",\"url\":\"https:\\\/\\\/www.ascef.com\\\/es\\\/la-ascef-nueva-entidad-adherida-al-programa-reempresa\\\/\",\"name\":\"La ASCEF, nueva entidad adherida al programa Reempresa - ASCEF\",\"isPartOf\":{\"@id\":\"https:\\\/\\\/www.ascef.com\\\/es\\\/#website\"},\"primaryImageOfPage\":{\"@id\":\"https:\\\/\\\/www.ascef.com\\\/es\\\/la-ascef-nueva-entidad-adherida-al-programa-reempresa\\\/#primaryimage\"},\"image\":{\"@id\":\"https:\\\/\\\/www.ascef.com\\\/es\\\/la-ascef-nueva-entidad-adherida-al-programa-reempresa\\\/#primaryimage\"},\"thumbnailUrl\":\"https:\\\/\\\/www.ascef.com\\\/wp-content\\\/uploads\\\/2023\\\/07\\\/signatura--scaled.jpg\",\"datePublished\":\"2023-07-03T10:51:05+00:00\",\"author\":{\"@id\":\"https:\\\/\\\/www.ascef.com\\\/es\\\/#\\\/schema\\\/person\\\/818edf5b5f3a1179bca4deca82c739f5\"},\"breadcrumb\":{\"@id\":\"https:\\\/\\\/www.ascef.com\\\/es\\\/la-ascef-nueva-entidad-adherida-al-programa-reempresa\\\/#breadcrumb\"},\"inLanguage\":\"es\",\"potentialAction\":[{\"@type\":\"ReadAction\",\"target\":[\"https:\\\/\\\/www.ascef.com\\\/es\\\/la-ascef-nueva-entidad-adherida-al-programa-reempresa\\\/\"]}]},{\"@type\":\"ImageObject\",\"inLanguage\":\"es\",\"@id\":\"https:\\\/\\\/www.ascef.com\\\/es\\\/la-ascef-nueva-entidad-adherida-al-programa-reempresa\\\/#primaryimage\",\"url\":\"https:\\\/\\\/www.ascef.com\\\/wp-content\\\/uploads\\\/2023\\\/07\\\/signatura--scaled.jpg\",\"contentUrl\":\"https:\\\/\\\/www.ascef.com\\\/wp-content\\\/uploads\\\/2023\\\/07\\\/signatura--scaled.jpg\",\"width\":2560,\"height\":1920},{\"@type\":\"BreadcrumbList\",\"@id\":\"https:\\\/\\\/www.ascef.com\\\/es\\\/la-ascef-nueva-entidad-adherida-al-programa-reempresa\\\/#breadcrumb\",\"itemListElement\":[{\"@type\":\"ListItem\",\"position\":1,\"name\":\"Portada\",\"item\":\"https:\\\/\\\/www.ascef.com\\\/es\\\/\"},{\"@type\":\"ListItem\",\"position\":2,\"name\":\"La ASCEF, nueva entidad adherida al programa Reempresa\"}]},{\"@type\":\"WebSite\",\"@id\":\"https:\\\/\\\/www.ascef.com\\\/es\\\/#website\",\"url\":\"https:\\\/\\\/www.ascef.com\\\/es\\\/\",\"name\":\"ASCEF\",\"description\":\"Associaci\u00f3 Catalana de l\u2019Empresa Familiar\",\"potentialAction\":[{\"@type\":\"SearchAction\",\"target\":{\"@type\":\"EntryPoint\",\"urlTemplate\":\"https:\\\/\\\/www.ascef.com\\\/es\\\/?s={search_term_string}\"},\"query-input\":{\"@type\":\"PropertyValueSpecification\",\"valueRequired\":true,\"valueName\":\"search_term_string\"}}],\"inLanguage\":\"es\"},{\"@type\":\"Person\",\"@id\":\"https:\\\/\\\/www.ascef.com\\\/es\\\/#\\\/schema\\\/person\\\/818edf5b5f3a1179bca4deca82c739f5\",\"name\":\"usuari_ascef_admin\",\"url\":\"https:\\\/\\\/www.ascef.com\\\/es\\\/author\\\/usuari_ascef_admin\\\/\"}]}<\/script>\n<!-- \/ Yoast SEO plugin. -->","yoast_head_json":{"title":"La ASCEF, nueva entidad adherida al programa Reempresa - ASCEF","robots":{"index":"index","follow":"follow","max-snippet":"max-snippet:-1","max-image-preview":"max-image-preview:large","max-video-preview":"max-video-preview:-1"},"canonical":"https:\/\/www.ascef.com\/es\/la-ascef-nueva-entidad-adherida-al-programa-reempresa\/","og_locale":"es_ES","og_type":"article","og_title":"La ASCEF, nueva entidad adherida al programa Reempresa - ASCEF","og_description":"Barcelona, \u200b\u200b29 de junio de 2023. La Asociaci\u00f3n Catalana de la Empresa Familiar (ASCEF) se ha adherido a la red de colaboradores del Centro de Reempresa de Catalu\u00f1a, el mercado de compraventa de peque\u00f1as y medianas empresas con el objetivo de trabajar juntos para fomentar la compraventa de negocios en nuestro pa\u00eds. As\u00ed pues, las [&hellip;]","og_url":"https:\/\/www.ascef.com\/es\/la-ascef-nueva-entidad-adherida-al-programa-reempresa\/","og_site_name":"ASCEF","article_published_time":"2023-07-03T10:51:05+00:00","og_image":[{"width":2560,"height":1920,"url":"https:\/\/www.ascef.com\/wp-content\/uploads\/2023\/07\/signatura--scaled.jpg","type":"image\/jpeg"}],"author":"usuari_ascef_admin","twitter_card":"summary_large_image","twitter_misc":{"Escrito por":"usuari_ascef_admin","Tiempo de lectura":"2 minutos"},"schema":{"@context":"https:\/\/schema.org","@graph":[{"@type":"Article","@id":"https:\/\/www.ascef.com\/es\/la-ascef-nueva-entidad-adherida-al-programa-reempresa\/#article","isPartOf":{"@id":"https:\/\/www.ascef.com\/es\/la-ascef-nueva-entidad-adherida-al-programa-reempresa\/"},"author":{"name":"usuari_ascef_admin","@id":"https:\/\/www.ascef.com\/es\/#\/schema\/person\/818edf5b5f3a1179bca4deca82c739f5"},"headline":"La ASCEF, nueva entidad adherida al programa Reempresa","datePublished":"2023-07-03T10:51:05+00:00","mainEntityOfPage":{"@id":"https:\/\/www.ascef.com\/es\/la-ascef-nueva-entidad-adherida-al-programa-reempresa\/"},"wordCount":392,"commentCount":0,"image":{"@id":"https:\/\/www.ascef.com\/es\/la-ascef-nueva-entidad-adherida-al-programa-reempresa\/#primaryimage"},"thumbnailUrl":"https:\/\/www.ascef.com\/wp-content\/uploads\/2023\/07\/signatura--scaled.jpg","articleSection":["general"],"inLanguage":"es"},{"@type":"WebPage","@id":"https:\/\/www.ascef.com\/es\/la-ascef-nueva-entidad-adherida-al-programa-reempresa\/","url":"https:\/\/www.ascef.com\/es\/la-ascef-nueva-entidad-adherida-al-programa-reempresa\/","name":"La ASCEF, nueva entidad adherida al programa Reempresa - ASCEF","isPartOf":{"@id":"https:\/\/www.ascef.com\/es\/#website"},"primaryImageOfPage":{"@id":"https:\/\/www.ascef.com\/es\/la-ascef-nueva-entidad-adherida-al-programa-reempresa\/#primaryimage"},"image":{"@id":"https:\/\/www.ascef.com\/es\/la-ascef-nueva-entidad-adherida-al-programa-reempresa\/#primaryimage"},"thumbnailUrl":"https:\/\/www.ascef.com\/wp-content\/uploads\/2023\/07\/signatura--scaled.jpg","datePublished":"2023-07-03T10:51:05+00:00","author":{"@id":"https:\/\/www.ascef.com\/es\/#\/schema\/person\/818edf5b5f3a1179bca4deca82c739f5"},"breadcrumb":{"@id":"https:\/\/www.ascef.com\/es\/la-ascef-nueva-entidad-adherida-al-programa-reempresa\/#breadcrumb"},"inLanguage":"es","potentialAction":[{"@type":"ReadAction","target":["https:\/\/www.ascef.com\/es\/la-ascef-nueva-entidad-adherida-al-programa-reempresa\/"]}]},{"@type":"ImageObject","inLanguage":"es","@id":"https:\/\/www.ascef.com\/es\/la-ascef-nueva-entidad-adherida-al-programa-reempresa\/#primaryimage","url":"https:\/\/www.ascef.com\/wp-content\/uploads\/2023\/07\/signatura--scaled.jpg","contentUrl":"https:\/\/www.ascef.com\/wp-content\/uploads\/2023\/07\/signatura--scaled.jpg","width":2560,"height":1920},{"@type":"BreadcrumbList","@id":"https:\/\/www.ascef.com\/es\/la-ascef-nueva-entidad-adherida-al-programa-reempresa\/#breadcrumb","itemListElement":[{"@type":"ListItem","position":1,"name":"Portada","item":"https:\/\/www.ascef.com\/es\/"},{"@type":"ListItem","position":2,"name":"La ASCEF, nueva entidad adherida al programa Reempresa"}]},{"@type":"WebSite","@id":"https:\/\/www.ascef.com\/es\/#website","url":"https:\/\/www.ascef.com\/es\/","name":"ASCEF","description":"Associaci\u00f3 Catalana de l\u2019Empresa Familiar","potentialAction":[{"@type":"SearchAction","target":{"@type":"EntryPoint","urlTemplate":"https:\/\/www.ascef.com\/es\/?s={search_term_string}"},"query-input":{"@type":"PropertyValueSpecification","valueRequired":true,"valueName":"search_term_string"}}],"inLanguage":"es"},{"@type":"Person","@id":"https:\/\/www.ascef.com\/es\/#\/schema\/person\/818edf5b5f3a1179bca4deca82c739f5","name":"usuari_ascef_admin","url":"https:\/\/www.ascef.com\/es\/author\/usuari_ascef_admin\/"}]}},"_links":{"self":[{"href":"https:\/\/www.ascef.com\/es\/wp-json\/wp\/v2\/posts\/6657","targetHints":{"allow":["GET"]}}],"collection":[{"href":"https:\/\/www.ascef.com\/es\/wp-json\/wp\/v2\/posts"}],"about":[{"href":"https:\/\/www.ascef.com\/es\/wp-json\/wp\/v2\/types\/post"}],"author":[{"embeddable":true,"href":"https:\/\/www.ascef.com\/es\/wp-json\/wp\/v2\/users\/311"}],"replies":[{"embeddable":true,"href":"https:\/\/www.ascef.com\/es\/wp-json\/wp\/v2\/comments?post=6657"}],"version-history":[{"count":1,"href":"https:\/\/www.ascef.com\/es\/wp-json\/wp\/v2\/posts\/6657\/revisions"}],"predecessor-version":[{"id":6658,"href":"https:\/\/www.ascef.com\/es\/wp-json\/wp\/v2\/posts\/6657\/revisions\/6658"}],"wp:featuredmedia":[{"embeddable":true,"href":"https:\/\/www.ascef.com\/es\/wp-json\/wp\/v2\/media\/6655"}],"wp:attachment":[{"href":"https:\/\/www.ascef.com\/es\/wp-json\/wp\/v2\/media?parent=6657"}],"wp:term":[{"taxonomy":"category","embeddable":true,"href":"https:\/\/www.ascef.com\/es\/wp-json\/wp\/v2\/categories?post=6657"},{"taxonomy":"post_tag","embeddable":true,"href":"https:\/\/www.ascef.com\/es\/wp-json\/wp\/v2\/tags?post=6657"}],"curies":[{"name":"wp","href":"https:\/\/api.w.org\/{rel}","templated":true}]}}