{"id":6463,"date":"2023-06-20T11:31:04","date_gmt":"2023-06-20T11:31:04","guid":{"rendered":"https:\/\/www.ascef.com\/?p=6463"},"modified":"2023-06-30T08:52:47","modified_gmt":"2023-06-30T08:52:47","slug":"colloqui-empreses-amb-historia-per-clausura-lassemblea-2023","status":"publish","type":"post","link":"https:\/\/www.ascef.com\/es\/colloqui-empreses-amb-historia-per-clausura-lassemblea-2023\/","title":{"rendered":"ASCEF celebra su Asamblea de socios: Hablamos de empresa familiar, el valor que suma"},"content":{"rendered":"<p>El 15 junio, la ASCEF celebr\u00f3 la Asamblea General de socios anual, uno de los actos m\u00e1s esperados del calendario de nuestra asociaci\u00f3n. Como siempre, el encuentro ha permitido disfrutar de momentos l\u00fadicos, momentos de reflexi\u00f3n y momentos de car\u00e1cter m\u00e1s institucional. Agradecemos la colaboraci\u00f3n y el apoyo de EY.<\/p>\n<p>El acto se celebr\u00f3 en un espacio tan privilegiado y especial como La Pedrera y, no desaprovechamos la oportunidad de empezar el encuentro con una visita privada a este edificio tan espectacular y m\u00e1gico.<\/p>\n<p>A continuaci\u00f3n, se celebr\u00f3 la Asamblea General de Socios, en la que, entre otros temas, se aprob\u00f3, tal y como se informa en este newsletter, el C\u00f3digo \u00c9tico de la ASCEF y el relevo en la presidencia del F\u00f3rum de J\u00f3venes. Ariadna Sendra y Albert Borr\u00e0s toman el relevo a Ricard Oller como copresidentes del F\u00f3rum. Aprovechamos para dar las gracias a Ricard Oller por su gran labor y dedicaci\u00f3n como presidente.<\/p>\n<p>Acabada la Asamblea, la parte abierta del encuentro, comenz\u00f3 con la intervenci\u00f3n de Jaume Alsina, presidente de la ASCEF, que dio la bienvenida a todos los asistentes presentando el v\u00eddeo corporativo de la Asociaci\u00f3n, un v\u00eddeo que quiere reflejar la raz\u00f3n de ser de las empresas familiares mediante dos palabras \u00abm\u00e1gicas\u00bb: compromiso y legado. En su discurso, Jaume Alsina hizo un repaso a la situaci\u00f3n de incertidumbre actual y, en consecuencia, la necesidad de redefinir el concepto de mercado global y c\u00f3mo, en este nuevo escenario, las empresas familiares deben ser una palanca de progreso y de impacto positivo: \u00abcomo familias emprendedoras queremos contribuir de manera responsable a construir un mundo mejor. Por eso debemos seguir so\u00f1ando, emprendiendo nuevos retos, con la firme voluntad de avanzar en la creaci\u00f3n de una sociedad m\u00e1s equitativa e igualitaria\u00bb.<\/p>\n<p>A continuaci\u00f3n, Joan Tubau, socio responsable de Assurance de EY Catalunya, dirigi\u00f3 unas palabras a los presentes destacando la fuerte tradici\u00f3n de la empresa familiar en\u00a0Catalu\u00f1a siendo un importante motor de emprendedor\u00eda y comparti\u00f3 la idea de que la empresa es mucho m\u00e1s que un negocio, es un legado por el futuro.<\/p>\n<p><strong>Coloquio \u201cEmpresas con historia: Pasado presente y futuro\u201d<\/strong><\/p>\n<p>La palabra y el concepto legado, muy presente en todo el encuentro, tambi\u00e9n fue el centro del coloquio <em>\u201cEmpresas con historia: Pasado presente y futuro\u201d <\/em>con la participaci\u00f3n de Rosa Tous, vicepresidenta de Tous, Joaquim Uriach, consejero de Grupo J. Uriach y presidente del Consejo de Familia, y excelentemente moderado por Jos\u00e9 Luis Blanco, director general ejecutivo del Instituto de la Empresa Familiar.<\/p>\n<p>Siguiendo el guion marcado por el t\u00edtulo del coloquio, ambos ponentes revisaron el origen de sus dos empresas. Grupo J. Uriach, que se encuentra en la quinta generaci\u00f3n, tiene su origen en 1838 cuando el tatarabuelo dej\u00f3 el molino familiar para trabajar en una droguer\u00eda en el Born de Barcelona. Con el tiempo compr\u00f3 aquella droguer\u00eda y 180 a\u00f1os despu\u00e9s, la empresa que cre\u00f3 sigue trabajando en el \u00e1mbito de la salud. Rosa Tous, tercera generaci\u00f3n, explic\u00f3 que la empresa nace con su abuelo como aprendiz de relojero en 1920 y m\u00e1s tarde, en 1930 funda un peque\u00f1o taller de relojer\u00eda en Manresa y la abuela empezar a vender algunas piezas de joyer\u00eda, la siguiente generaci\u00f3n ser\u00eda la responsable del gran salto del taller a la empresa que hoy conocemos.<\/p>\n<p>En ese sentido, Jos\u00e9 Luis Blanco record\u00f3 que las empresas familiares no nacen como multinacionales, sino que van paso a paso, creciendo y transform\u00e1ndose. \u00abLa continuidad es evoluci\u00f3n, es necesario redefinir siempre lo que hacemos\u00bb dijo. Joaquim Uriach explic\u00f3 que la clave de la evoluci\u00f3n de Grupo Uriach ha sido que cada generaci\u00f3n aporta una visi\u00f3n diferente a la anterior, aporta una idea, una innovaci\u00f3n que la otra generaci\u00f3n sabe respetar: \u00ablas empresas que sobreviven son las que tienen una mentalidad din\u00e1mica que adaptan sus l\u00edneas de negocio, como nosotros hemos hecho siempre en la salud\u00bb explic\u00f3. Y Rosa Tous explic\u00f3 que fueron sus padres, que viajaban e iban a ferias, quienes intuyeron un cambio de gustos en las mujeres que se acercan al taller -tienda, y que, si no pod\u00edan ofrecer lo que las clientas busc\u00e1bamos lo deber\u00edan dise\u00f1ar y fabricar ellos mismos. As\u00ed naci\u00f3 el osito y empez\u00f3 el recorrido de una joyer\u00eda tradicional y convencional en la empresa internacional que Tous es hoy.<\/p>\n<p>La mesa redonda tambi\u00e9n destac\u00f3 la importancia de la evoluci\u00f3n interna de las empresas familiares y de sus \u00f3rganos de gobierno. Se destac\u00f3 el papel de los consejos asesores que incorporan a la empresa el conocimiento y la profesionalidad de los consultores externos o, en el caso de Tous, incluso la entrada de un socio externo.<\/p>\n<p>Para concluir la mesa y mirando al futuro, los ponentes coincidieron en la voluntad de sus empresas de seguir creciendo atentos al mercado y al consumidor \u201ccon visi\u00f3n y ambici\u00f3n\u201d, tal y como destac\u00f3 Joaquim Uriach.<\/p>\n<p>El presidente de la ASCEF, Jaume Alsina, cerr\u00f3 el acto agradeciendo a todos los participantes su asistencia y recordando que, sin embargo, lo mejor est\u00e1 por llegar.<\/p>\n","protected":false},"excerpt":{"rendered":"<p>El 15 junio, la ASCEF celebr\u00f3 la Asamblea General de socios anual, uno de los actos m\u00e1s esperados del calendario de nuestra asociaci\u00f3n. Como siempre, el encuentro ha permitido disfrutar de momentos l\u00fadicos, momentos de reflexi\u00f3n y momentos de car\u00e1cter m\u00e1s institucional. Agradecemos la colaboraci\u00f3n y el apoyo de EY. El acto se celebr\u00f3 en [&hellip;]<\/p>\n","protected":false},"author":311,"featured_media":6464,"comment_status":"open","ping_status":"closed","sticky":false,"template":"","format":"standard","meta":{"_acf_changed":false,"footnotes":""},"categories":[185],"tags":[],"class_list":["post-6463","post","type-post","status-publish","format-standard","has-post-thumbnail","hentry","category-general"],"acf":[],"yoast_head":"<!-- This site is optimized with the Yoast SEO plugin v27.5 - https:\/\/yoast.com\/product\/yoast-seo-wordpress\/ -->\n<title>ASCEF celebra su Asamblea de socios: Hablamos de empresa familiar, el valor que suma - ASCEF<\/title>\n<meta name=\"robots\" content=\"index, follow, max-snippet:-1, max-image-preview:large, max-video-preview:-1\" \/>\n<link rel=\"canonical\" href=\"https:\/\/www.ascef.com\/es\/colloqui-empreses-amb-historia-per-clausura-lassemblea-2023\/\" \/>\n<meta property=\"og:locale\" content=\"es_ES\" \/>\n<meta property=\"og:type\" content=\"article\" \/>\n<meta property=\"og:title\" content=\"ASCEF celebra su Asamblea de socios: Hablamos de empresa familiar, el valor que suma - ASCEF\" \/>\n<meta property=\"og:description\" content=\"El 15 junio, la ASCEF celebr\u00f3 la Asamblea General de socios anual, uno de los actos m\u00e1s esperados del calendario de nuestra asociaci\u00f3n. Como siempre, el encuentro ha permitido disfrutar de momentos l\u00fadicos, momentos de reflexi\u00f3n y momentos de car\u00e1cter m\u00e1s institucional. Agradecemos la colaboraci\u00f3n y el apoyo de EY. El acto se celebr\u00f3 en [&hellip;]\" \/>\n<meta property=\"og:url\" content=\"https:\/\/www.ascef.com\/es\/colloqui-empreses-amb-historia-per-clausura-lassemblea-2023\/\" \/>\n<meta property=\"og:site_name\" content=\"ASCEF\" \/>\n<meta property=\"article:published_time\" content=\"2023-06-20T11:31:04+00:00\" \/>\n<meta property=\"article:modified_time\" content=\"2023-06-30T08:52:47+00:00\" \/>\n<meta property=\"og:image\" content=\"https:\/\/www.ascef.com\/wp-content\/uploads\/2023\/06\/Foto-mes-redonda.jpg\" \/>\n\t<meta property=\"og:image:width\" content=\"2200\" \/>\n\t<meta property=\"og:image:height\" content=\"1409\" \/>\n\t<meta property=\"og:image:type\" content=\"image\/jpeg\" \/>\n<meta name=\"author\" content=\"usuari_ascef_admin\" \/>\n<meta name=\"twitter:card\" content=\"summary_large_image\" \/>\n<meta name=\"twitter:label1\" content=\"Escrito por\" \/>\n\t<meta name=\"twitter:data1\" content=\"usuari_ascef_admin\" \/>\n\t<meta name=\"twitter:label2\" content=\"Tiempo de lectura\" \/>\n\t<meta name=\"twitter:data2\" content=\"5 minutos\" \/>\n<script type=\"application\/ld+json\" class=\"yoast-schema-graph\">{\"@context\":\"https:\\\/\\\/schema.org\",\"@graph\":[{\"@type\":\"Article\",\"@id\":\"https:\\\/\\\/www.ascef.com\\\/es\\\/colloqui-empreses-amb-historia-per-clausura-lassemblea-2023\\\/#article\",\"isPartOf\":{\"@id\":\"https:\\\/\\\/www.ascef.com\\\/es\\\/colloqui-empreses-amb-historia-per-clausura-lassemblea-2023\\\/\"},\"author\":{\"name\":\"usuari_ascef_admin\",\"@id\":\"https:\\\/\\\/www.ascef.com\\\/es\\\/#\\\/schema\\\/person\\\/818edf5b5f3a1179bca4deca82c739f5\"},\"headline\":\"ASCEF celebra su Asamblea de socios: Hablamos de empresa familiar, el valor que suma\",\"datePublished\":\"2023-06-20T11:31:04+00:00\",\"dateModified\":\"2023-06-30T08:52:47+00:00\",\"mainEntityOfPage\":{\"@id\":\"https:\\\/\\\/www.ascef.com\\\/es\\\/colloqui-empreses-amb-historia-per-clausura-lassemblea-2023\\\/\"},\"wordCount\":904,\"commentCount\":0,\"image\":{\"@id\":\"https:\\\/\\\/www.ascef.com\\\/es\\\/colloqui-empreses-amb-historia-per-clausura-lassemblea-2023\\\/#primaryimage\"},\"thumbnailUrl\":\"https:\\\/\\\/www.ascef.com\\\/wp-content\\\/uploads\\\/2023\\\/06\\\/Foto-mes-redonda.jpg\",\"articleSection\":[\"general\"],\"inLanguage\":\"es\"},{\"@type\":\"WebPage\",\"@id\":\"https:\\\/\\\/www.ascef.com\\\/es\\\/colloqui-empreses-amb-historia-per-clausura-lassemblea-2023\\\/\",\"url\":\"https:\\\/\\\/www.ascef.com\\\/es\\\/colloqui-empreses-amb-historia-per-clausura-lassemblea-2023\\\/\",\"name\":\"ASCEF celebra su Asamblea de socios: Hablamos de empresa familiar, el valor que suma - ASCEF\",\"isPartOf\":{\"@id\":\"https:\\\/\\\/www.ascef.com\\\/es\\\/#website\"},\"primaryImageOfPage\":{\"@id\":\"https:\\\/\\\/www.ascef.com\\\/es\\\/colloqui-empreses-amb-historia-per-clausura-lassemblea-2023\\\/#primaryimage\"},\"image\":{\"@id\":\"https:\\\/\\\/www.ascef.com\\\/es\\\/colloqui-empreses-amb-historia-per-clausura-lassemblea-2023\\\/#primaryimage\"},\"thumbnailUrl\":\"https:\\\/\\\/www.ascef.com\\\/wp-content\\\/uploads\\\/2023\\\/06\\\/Foto-mes-redonda.jpg\",\"datePublished\":\"2023-06-20T11:31:04+00:00\",\"dateModified\":\"2023-06-30T08:52:47+00:00\",\"author\":{\"@id\":\"https:\\\/\\\/www.ascef.com\\\/es\\\/#\\\/schema\\\/person\\\/818edf5b5f3a1179bca4deca82c739f5\"},\"breadcrumb\":{\"@id\":\"https:\\\/\\\/www.ascef.com\\\/es\\\/colloqui-empreses-amb-historia-per-clausura-lassemblea-2023\\\/#breadcrumb\"},\"inLanguage\":\"es\",\"potentialAction\":[{\"@type\":\"ReadAction\",\"target\":[\"https:\\\/\\\/www.ascef.com\\\/es\\\/colloqui-empreses-amb-historia-per-clausura-lassemblea-2023\\\/\"]}]},{\"@type\":\"ImageObject\",\"inLanguage\":\"es\",\"@id\":\"https:\\\/\\\/www.ascef.com\\\/es\\\/colloqui-empreses-amb-historia-per-clausura-lassemblea-2023\\\/#primaryimage\",\"url\":\"https:\\\/\\\/www.ascef.com\\\/wp-content\\\/uploads\\\/2023\\\/06\\\/Foto-mes-redonda.jpg\",\"contentUrl\":\"https:\\\/\\\/www.ascef.com\\\/wp-content\\\/uploads\\\/2023\\\/06\\\/Foto-mes-redonda.jpg\",\"width\":2200,\"height\":1409},{\"@type\":\"BreadcrumbList\",\"@id\":\"https:\\\/\\\/www.ascef.com\\\/es\\\/colloqui-empreses-amb-historia-per-clausura-lassemblea-2023\\\/#breadcrumb\",\"itemListElement\":[{\"@type\":\"ListItem\",\"position\":1,\"name\":\"Portada\",\"item\":\"https:\\\/\\\/www.ascef.com\\\/es\\\/\"},{\"@type\":\"ListItem\",\"position\":2,\"name\":\"ASCEF celebra su Asamblea de socios: Hablamos de empresa familiar, el valor que suma\"}]},{\"@type\":\"WebSite\",\"@id\":\"https:\\\/\\\/www.ascef.com\\\/es\\\/#website\",\"url\":\"https:\\\/\\\/www.ascef.com\\\/es\\\/\",\"name\":\"ASCEF\",\"description\":\"Associaci\u00f3 Catalana de l\u2019Empresa Familiar\",\"potentialAction\":[{\"@type\":\"SearchAction\",\"target\":{\"@type\":\"EntryPoint\",\"urlTemplate\":\"https:\\\/\\\/www.ascef.com\\\/es\\\/?s={search_term_string}\"},\"query-input\":{\"@type\":\"PropertyValueSpecification\",\"valueRequired\":true,\"valueName\":\"search_term_string\"}}],\"inLanguage\":\"es\"},{\"@type\":\"Person\",\"@id\":\"https:\\\/\\\/www.ascef.com\\\/es\\\/#\\\/schema\\\/person\\\/818edf5b5f3a1179bca4deca82c739f5\",\"name\":\"usuari_ascef_admin\",\"url\":\"https:\\\/\\\/www.ascef.com\\\/es\\\/author\\\/usuari_ascef_admin\\\/\"}]}<\/script>\n<!-- \/ Yoast SEO plugin. -->","yoast_head_json":{"title":"ASCEF celebra su Asamblea de socios: Hablamos de empresa familiar, el valor que suma - ASCEF","robots":{"index":"index","follow":"follow","max-snippet":"max-snippet:-1","max-image-preview":"max-image-preview:large","max-video-preview":"max-video-preview:-1"},"canonical":"https:\/\/www.ascef.com\/es\/colloqui-empreses-amb-historia-per-clausura-lassemblea-2023\/","og_locale":"es_ES","og_type":"article","og_title":"ASCEF celebra su Asamblea de socios: Hablamos de empresa familiar, el valor que suma - ASCEF","og_description":"El 15 junio, la ASCEF celebr\u00f3 la Asamblea General de socios anual, uno de los actos m\u00e1s esperados del calendario de nuestra asociaci\u00f3n. Como siempre, el encuentro ha permitido disfrutar de momentos l\u00fadicos, momentos de reflexi\u00f3n y momentos de car\u00e1cter m\u00e1s institucional. Agradecemos la colaboraci\u00f3n y el apoyo de EY. El acto se celebr\u00f3 en [&hellip;]","og_url":"https:\/\/www.ascef.com\/es\/colloqui-empreses-amb-historia-per-clausura-lassemblea-2023\/","og_site_name":"ASCEF","article_published_time":"2023-06-20T11:31:04+00:00","article_modified_time":"2023-06-30T08:52:47+00:00","og_image":[{"width":2200,"height":1409,"url":"https:\/\/www.ascef.com\/wp-content\/uploads\/2023\/06\/Foto-mes-redonda.jpg","type":"image\/jpeg"}],"author":"usuari_ascef_admin","twitter_card":"summary_large_image","twitter_misc":{"Escrito por":"usuari_ascef_admin","Tiempo de lectura":"5 minutos"},"schema":{"@context":"https:\/\/schema.org","@graph":[{"@type":"Article","@id":"https:\/\/www.ascef.com\/es\/colloqui-empreses-amb-historia-per-clausura-lassemblea-2023\/#article","isPartOf":{"@id":"https:\/\/www.ascef.com\/es\/colloqui-empreses-amb-historia-per-clausura-lassemblea-2023\/"},"author":{"name":"usuari_ascef_admin","@id":"https:\/\/www.ascef.com\/es\/#\/schema\/person\/818edf5b5f3a1179bca4deca82c739f5"},"headline":"ASCEF celebra su Asamblea de socios: Hablamos de empresa familiar, el valor que suma","datePublished":"2023-06-20T11:31:04+00:00","dateModified":"2023-06-30T08:52:47+00:00","mainEntityOfPage":{"@id":"https:\/\/www.ascef.com\/es\/colloqui-empreses-amb-historia-per-clausura-lassemblea-2023\/"},"wordCount":904,"commentCount":0,"image":{"@id":"https:\/\/www.ascef.com\/es\/colloqui-empreses-amb-historia-per-clausura-lassemblea-2023\/#primaryimage"},"thumbnailUrl":"https:\/\/www.ascef.com\/wp-content\/uploads\/2023\/06\/Foto-mes-redonda.jpg","articleSection":["general"],"inLanguage":"es"},{"@type":"WebPage","@id":"https:\/\/www.ascef.com\/es\/colloqui-empreses-amb-historia-per-clausura-lassemblea-2023\/","url":"https:\/\/www.ascef.com\/es\/colloqui-empreses-amb-historia-per-clausura-lassemblea-2023\/","name":"ASCEF celebra su Asamblea de socios: Hablamos de empresa familiar, el valor que suma - ASCEF","isPartOf":{"@id":"https:\/\/www.ascef.com\/es\/#website"},"primaryImageOfPage":{"@id":"https:\/\/www.ascef.com\/es\/colloqui-empreses-amb-historia-per-clausura-lassemblea-2023\/#primaryimage"},"image":{"@id":"https:\/\/www.ascef.com\/es\/colloqui-empreses-amb-historia-per-clausura-lassemblea-2023\/#primaryimage"},"thumbnailUrl":"https:\/\/www.ascef.com\/wp-content\/uploads\/2023\/06\/Foto-mes-redonda.jpg","datePublished":"2023-06-20T11:31:04+00:00","dateModified":"2023-06-30T08:52:47+00:00","author":{"@id":"https:\/\/www.ascef.com\/es\/#\/schema\/person\/818edf5b5f3a1179bca4deca82c739f5"},"breadcrumb":{"@id":"https:\/\/www.ascef.com\/es\/colloqui-empreses-amb-historia-per-clausura-lassemblea-2023\/#breadcrumb"},"inLanguage":"es","potentialAction":[{"@type":"ReadAction","target":["https:\/\/www.ascef.com\/es\/colloqui-empreses-amb-historia-per-clausura-lassemblea-2023\/"]}]},{"@type":"ImageObject","inLanguage":"es","@id":"https:\/\/www.ascef.com\/es\/colloqui-empreses-amb-historia-per-clausura-lassemblea-2023\/#primaryimage","url":"https:\/\/www.ascef.com\/wp-content\/uploads\/2023\/06\/Foto-mes-redonda.jpg","contentUrl":"https:\/\/www.ascef.com\/wp-content\/uploads\/2023\/06\/Foto-mes-redonda.jpg","width":2200,"height":1409},{"@type":"BreadcrumbList","@id":"https:\/\/www.ascef.com\/es\/colloqui-empreses-amb-historia-per-clausura-lassemblea-2023\/#breadcrumb","itemListElement":[{"@type":"ListItem","position":1,"name":"Portada","item":"https:\/\/www.ascef.com\/es\/"},{"@type":"ListItem","position":2,"name":"ASCEF celebra su Asamblea de socios: Hablamos de empresa familiar, el valor que suma"}]},{"@type":"WebSite","@id":"https:\/\/www.ascef.com\/es\/#website","url":"https:\/\/www.ascef.com\/es\/","name":"ASCEF","description":"Associaci\u00f3 Catalana de l\u2019Empresa Familiar","potentialAction":[{"@type":"SearchAction","target":{"@type":"EntryPoint","urlTemplate":"https:\/\/www.ascef.com\/es\/?s={search_term_string}"},"query-input":{"@type":"PropertyValueSpecification","valueRequired":true,"valueName":"search_term_string"}}],"inLanguage":"es"},{"@type":"Person","@id":"https:\/\/www.ascef.com\/es\/#\/schema\/person\/818edf5b5f3a1179bca4deca82c739f5","name":"usuari_ascef_admin","url":"https:\/\/www.ascef.com\/es\/author\/usuari_ascef_admin\/"}]}},"_links":{"self":[{"href":"https:\/\/www.ascef.com\/es\/wp-json\/wp\/v2\/posts\/6463","targetHints":{"allow":["GET"]}}],"collection":[{"href":"https:\/\/www.ascef.com\/es\/wp-json\/wp\/v2\/posts"}],"about":[{"href":"https:\/\/www.ascef.com\/es\/wp-json\/wp\/v2\/types\/post"}],"author":[{"embeddable":true,"href":"https:\/\/www.ascef.com\/es\/wp-json\/wp\/v2\/users\/311"}],"replies":[{"embeddable":true,"href":"https:\/\/www.ascef.com\/es\/wp-json\/wp\/v2\/comments?post=6463"}],"version-history":[{"count":5,"href":"https:\/\/www.ascef.com\/es\/wp-json\/wp\/v2\/posts\/6463\/revisions"}],"predecessor-version":[{"id":6617,"href":"https:\/\/www.ascef.com\/es\/wp-json\/wp\/v2\/posts\/6463\/revisions\/6617"}],"wp:featuredmedia":[{"embeddable":true,"href":"https:\/\/www.ascef.com\/es\/wp-json\/wp\/v2\/media\/6464"}],"wp:attachment":[{"href":"https:\/\/www.ascef.com\/es\/wp-json\/wp\/v2\/media?parent=6463"}],"wp:term":[{"taxonomy":"category","embeddable":true,"href":"https:\/\/www.ascef.com\/es\/wp-json\/wp\/v2\/categories?post=6463"},{"taxonomy":"post_tag","embeddable":true,"href":"https:\/\/www.ascef.com\/es\/wp-json\/wp\/v2\/tags?post=6463"}],"curies":[{"name":"wp","href":"https:\/\/api.w.org\/{rel}","templated":true}]}}