{"id":6461,"date":"2023-06-20T11:17:28","date_gmt":"2023-06-20T11:17:28","guid":{"rendered":"https:\/\/www.ascef.com\/?p=6461"},"modified":"2023-06-20T11:17:28","modified_gmt":"2023-06-20T11:17:28","slug":"relevo-en-la-presidencia-del-forum-de-jovenes-de-la-ascef","status":"publish","type":"post","link":"https:\/\/www.ascef.com\/es\/relevo-en-la-presidencia-del-forum-de-jovenes-de-la-ascef\/","title":{"rendered":"Relevo en la presidencia del F\u00f3rum de J\u00d3VENES  de la ASCEF"},"content":{"rendered":"<p>Tras la Asamblea de socios 2023 de la ASCEF, Ariadna Sendra Garcia y Albert Borr\u00e0s Arnal toman el relevo a Ricard Oller como copresidentes del Foro de J\u00d3VENES de la ASCEF (Asociaci\u00f3n Catalana de la Empresa Familiar). El Foro est\u00e1 formado por m\u00e1s de 280 miembros, entre 18 y 45 a\u00f1os, y trabaja para dinamizar la participaci\u00f3n del j\u00f3venes de familias empresarias a la Asociaci\u00f3n, as\u00ed como crear espacios de *\u00b4networking y colaboraci\u00f3n. Aprovechamos para dar las gracias a Ricard Oller por su gran tarea y dedicaci\u00f3n.<\/p>\n","protected":false},"excerpt":{"rendered":"<p>Tras la Asamblea de socios 2023 de la ASCEF, Ariadna Sendra Garcia y Albert Borr\u00e0s Arnal toman el relevo a Ricard Oller como copresidentes del Foro de J\u00d3VENES de la ASCEF (Asociaci\u00f3n Catalana de la Empresa Familiar). El Foro est\u00e1 formado por m\u00e1s de 280 miembros, entre 18 y 45 a\u00f1os, y trabaja para dinamizar [&hellip;]<\/p>\n","protected":false},"author":311,"featured_media":6459,"comment_status":"open","ping_status":"closed","sticky":false,"template":"","format":"standard","meta":{"_acf_changed":false,"footnotes":""},"categories":[185],"tags":[],"class_list":["post-6461","post","type-post","status-publish","format-standard","has-post-thumbnail","hentry","category-general"],"acf":[],"yoast_head":"<!-- This site is optimized with the Yoast SEO plugin v27.5 - https:\/\/yoast.com\/product\/yoast-seo-wordpress\/ -->\n<title>Relevo en la presidencia del F\u00f3rum de J\u00d3VENES de la ASCEF - ASCEF<\/title>\n<meta name=\"robots\" content=\"index, follow, max-snippet:-1, max-image-preview:large, max-video-preview:-1\" \/>\n<link rel=\"canonical\" href=\"https:\/\/www.ascef.com\/es\/relevo-en-la-presidencia-del-forum-de-jovenes-de-la-ascef\/\" \/>\n<meta property=\"og:locale\" content=\"es_ES\" \/>\n<meta property=\"og:type\" content=\"article\" \/>\n<meta property=\"og:title\" content=\"Relevo en la presidencia del F\u00f3rum de J\u00d3VENES de la ASCEF - ASCEF\" \/>\n<meta property=\"og:description\" content=\"Tras la Asamblea de socios 2023 de la ASCEF, Ariadna Sendra Garcia y Albert Borr\u00e0s Arnal toman el relevo a Ricard Oller como copresidentes del Foro de J\u00d3VENES de la ASCEF (Asociaci\u00f3n Catalana de la Empresa Familiar). El Foro est\u00e1 formado por m\u00e1s de 280 miembros, entre 18 y 45 a\u00f1os, y trabaja para dinamizar [&hellip;]\" \/>\n<meta property=\"og:url\" content=\"https:\/\/www.ascef.com\/es\/relevo-en-la-presidencia-del-forum-de-jovenes-de-la-ascef\/\" \/>\n<meta property=\"og:site_name\" content=\"ASCEF\" \/>\n<meta property=\"article:published_time\" content=\"2023-06-20T11:17:28+00:00\" \/>\n<meta property=\"og:image\" content=\"https:\/\/www.ascef.com\/wp-content\/uploads\/2023\/06\/Presidencia-Forum.jpeg\" \/>\n\t<meta property=\"og:image:width\" content=\"1024\" \/>\n\t<meta property=\"og:image:height\" content=\"683\" \/>\n\t<meta property=\"og:image:type\" content=\"image\/jpeg\" \/>\n<meta name=\"author\" content=\"usuari_ascef_admin\" \/>\n<meta name=\"twitter:card\" content=\"summary_large_image\" \/>\n<meta name=\"twitter:label1\" content=\"Escrito por\" \/>\n\t<meta name=\"twitter:data1\" content=\"usuari_ascef_admin\" \/>\n<script type=\"application\/ld+json\" class=\"yoast-schema-graph\">{\"@context\":\"https:\\\/\\\/schema.org\",\"@graph\":[{\"@type\":\"Article\",\"@id\":\"https:\\\/\\\/www.ascef.com\\\/es\\\/relevo-en-la-presidencia-del-forum-de-jovenes-de-la-ascef\\\/#article\",\"isPartOf\":{\"@id\":\"https:\\\/\\\/www.ascef.com\\\/es\\\/relevo-en-la-presidencia-del-forum-de-jovenes-de-la-ascef\\\/\"},\"author\":{\"name\":\"usuari_ascef_admin\",\"@id\":\"https:\\\/\\\/www.ascef.com\\\/es\\\/#\\\/schema\\\/person\\\/818edf5b5f3a1179bca4deca82c739f5\"},\"headline\":\"Relevo en la presidencia del F\u00f3rum de J\u00d3VENES de la ASCEF\",\"datePublished\":\"2023-06-20T11:17:28+00:00\",\"mainEntityOfPage\":{\"@id\":\"https:\\\/\\\/www.ascef.com\\\/es\\\/relevo-en-la-presidencia-del-forum-de-jovenes-de-la-ascef\\\/\"},\"wordCount\":106,\"commentCount\":0,\"image\":{\"@id\":\"https:\\\/\\\/www.ascef.com\\\/es\\\/relevo-en-la-presidencia-del-forum-de-jovenes-de-la-ascef\\\/#primaryimage\"},\"thumbnailUrl\":\"https:\\\/\\\/www.ascef.com\\\/wp-content\\\/uploads\\\/2023\\\/06\\\/Presidencia-Forum.jpeg\",\"articleSection\":[\"general\"],\"inLanguage\":\"es\"},{\"@type\":\"WebPage\",\"@id\":\"https:\\\/\\\/www.ascef.com\\\/es\\\/relevo-en-la-presidencia-del-forum-de-jovenes-de-la-ascef\\\/\",\"url\":\"https:\\\/\\\/www.ascef.com\\\/es\\\/relevo-en-la-presidencia-del-forum-de-jovenes-de-la-ascef\\\/\",\"name\":\"Relevo en la presidencia del F\u00f3rum de J\u00d3VENES de la ASCEF - ASCEF\",\"isPartOf\":{\"@id\":\"https:\\\/\\\/www.ascef.com\\\/es\\\/#website\"},\"primaryImageOfPage\":{\"@id\":\"https:\\\/\\\/www.ascef.com\\\/es\\\/relevo-en-la-presidencia-del-forum-de-jovenes-de-la-ascef\\\/#primaryimage\"},\"image\":{\"@id\":\"https:\\\/\\\/www.ascef.com\\\/es\\\/relevo-en-la-presidencia-del-forum-de-jovenes-de-la-ascef\\\/#primaryimage\"},\"thumbnailUrl\":\"https:\\\/\\\/www.ascef.com\\\/wp-content\\\/uploads\\\/2023\\\/06\\\/Presidencia-Forum.jpeg\",\"datePublished\":\"2023-06-20T11:17:28+00:00\",\"author\":{\"@id\":\"https:\\\/\\\/www.ascef.com\\\/es\\\/#\\\/schema\\\/person\\\/818edf5b5f3a1179bca4deca82c739f5\"},\"breadcrumb\":{\"@id\":\"https:\\\/\\\/www.ascef.com\\\/es\\\/relevo-en-la-presidencia-del-forum-de-jovenes-de-la-ascef\\\/#breadcrumb\"},\"inLanguage\":\"es\",\"potentialAction\":[{\"@type\":\"ReadAction\",\"target\":[\"https:\\\/\\\/www.ascef.com\\\/es\\\/relevo-en-la-presidencia-del-forum-de-jovenes-de-la-ascef\\\/\"]}]},{\"@type\":\"ImageObject\",\"inLanguage\":\"es\",\"@id\":\"https:\\\/\\\/www.ascef.com\\\/es\\\/relevo-en-la-presidencia-del-forum-de-jovenes-de-la-ascef\\\/#primaryimage\",\"url\":\"https:\\\/\\\/www.ascef.com\\\/wp-content\\\/uploads\\\/2023\\\/06\\\/Presidencia-Forum.jpeg\",\"contentUrl\":\"https:\\\/\\\/www.ascef.com\\\/wp-content\\\/uploads\\\/2023\\\/06\\\/Presidencia-Forum.jpeg\",\"width\":1024,\"height\":683},{\"@type\":\"BreadcrumbList\",\"@id\":\"https:\\\/\\\/www.ascef.com\\\/es\\\/relevo-en-la-presidencia-del-forum-de-jovenes-de-la-ascef\\\/#breadcrumb\",\"itemListElement\":[{\"@type\":\"ListItem\",\"position\":1,\"name\":\"Portada\",\"item\":\"https:\\\/\\\/www.ascef.com\\\/es\\\/\"},{\"@type\":\"ListItem\",\"position\":2,\"name\":\"Relevo en la presidencia del F\u00f3rum de J\u00d3VENES de la ASCEF\"}]},{\"@type\":\"WebSite\",\"@id\":\"https:\\\/\\\/www.ascef.com\\\/es\\\/#website\",\"url\":\"https:\\\/\\\/www.ascef.com\\\/es\\\/\",\"name\":\"ASCEF\",\"description\":\"Associaci\u00f3 Catalana de l\u2019Empresa Familiar\",\"potentialAction\":[{\"@type\":\"SearchAction\",\"target\":{\"@type\":\"EntryPoint\",\"urlTemplate\":\"https:\\\/\\\/www.ascef.com\\\/es\\\/?s={search_term_string}\"},\"query-input\":{\"@type\":\"PropertyValueSpecification\",\"valueRequired\":true,\"valueName\":\"search_term_string\"}}],\"inLanguage\":\"es\"},{\"@type\":\"Person\",\"@id\":\"https:\\\/\\\/www.ascef.com\\\/es\\\/#\\\/schema\\\/person\\\/818edf5b5f3a1179bca4deca82c739f5\",\"name\":\"usuari_ascef_admin\",\"url\":\"https:\\\/\\\/www.ascef.com\\\/es\\\/author\\\/usuari_ascef_admin\\\/\"}]}<\/script>\n<!-- \/ Yoast SEO plugin. -->","yoast_head_json":{"title":"Relevo en la presidencia del F\u00f3rum de J\u00d3VENES de la ASCEF - ASCEF","robots":{"index":"index","follow":"follow","max-snippet":"max-snippet:-1","max-image-preview":"max-image-preview:large","max-video-preview":"max-video-preview:-1"},"canonical":"https:\/\/www.ascef.com\/es\/relevo-en-la-presidencia-del-forum-de-jovenes-de-la-ascef\/","og_locale":"es_ES","og_type":"article","og_title":"Relevo en la presidencia del F\u00f3rum de J\u00d3VENES de la ASCEF - ASCEF","og_description":"Tras la Asamblea de socios 2023 de la ASCEF, Ariadna Sendra Garcia y Albert Borr\u00e0s Arnal toman el relevo a Ricard Oller como copresidentes del Foro de J\u00d3VENES de la ASCEF (Asociaci\u00f3n Catalana de la Empresa Familiar). El Foro est\u00e1 formado por m\u00e1s de 280 miembros, entre 18 y 45 a\u00f1os, y trabaja para dinamizar [&hellip;]","og_url":"https:\/\/www.ascef.com\/es\/relevo-en-la-presidencia-del-forum-de-jovenes-de-la-ascef\/","og_site_name":"ASCEF","article_published_time":"2023-06-20T11:17:28+00:00","og_image":[{"width":1024,"height":683,"url":"https:\/\/www.ascef.com\/wp-content\/uploads\/2023\/06\/Presidencia-Forum.jpeg","type":"image\/jpeg"}],"author":"usuari_ascef_admin","twitter_card":"summary_large_image","twitter_misc":{"Escrito por":"usuari_ascef_admin"},"schema":{"@context":"https:\/\/schema.org","@graph":[{"@type":"Article","@id":"https:\/\/www.ascef.com\/es\/relevo-en-la-presidencia-del-forum-de-jovenes-de-la-ascef\/#article","isPartOf":{"@id":"https:\/\/www.ascef.com\/es\/relevo-en-la-presidencia-del-forum-de-jovenes-de-la-ascef\/"},"author":{"name":"usuari_ascef_admin","@id":"https:\/\/www.ascef.com\/es\/#\/schema\/person\/818edf5b5f3a1179bca4deca82c739f5"},"headline":"Relevo en la presidencia del F\u00f3rum de J\u00d3VENES de la ASCEF","datePublished":"2023-06-20T11:17:28+00:00","mainEntityOfPage":{"@id":"https:\/\/www.ascef.com\/es\/relevo-en-la-presidencia-del-forum-de-jovenes-de-la-ascef\/"},"wordCount":106,"commentCount":0,"image":{"@id":"https:\/\/www.ascef.com\/es\/relevo-en-la-presidencia-del-forum-de-jovenes-de-la-ascef\/#primaryimage"},"thumbnailUrl":"https:\/\/www.ascef.com\/wp-content\/uploads\/2023\/06\/Presidencia-Forum.jpeg","articleSection":["general"],"inLanguage":"es"},{"@type":"WebPage","@id":"https:\/\/www.ascef.com\/es\/relevo-en-la-presidencia-del-forum-de-jovenes-de-la-ascef\/","url":"https:\/\/www.ascef.com\/es\/relevo-en-la-presidencia-del-forum-de-jovenes-de-la-ascef\/","name":"Relevo en la presidencia del F\u00f3rum de J\u00d3VENES de la ASCEF - ASCEF","isPartOf":{"@id":"https:\/\/www.ascef.com\/es\/#website"},"primaryImageOfPage":{"@id":"https:\/\/www.ascef.com\/es\/relevo-en-la-presidencia-del-forum-de-jovenes-de-la-ascef\/#primaryimage"},"image":{"@id":"https:\/\/www.ascef.com\/es\/relevo-en-la-presidencia-del-forum-de-jovenes-de-la-ascef\/#primaryimage"},"thumbnailUrl":"https:\/\/www.ascef.com\/wp-content\/uploads\/2023\/06\/Presidencia-Forum.jpeg","datePublished":"2023-06-20T11:17:28+00:00","author":{"@id":"https:\/\/www.ascef.com\/es\/#\/schema\/person\/818edf5b5f3a1179bca4deca82c739f5"},"breadcrumb":{"@id":"https:\/\/www.ascef.com\/es\/relevo-en-la-presidencia-del-forum-de-jovenes-de-la-ascef\/#breadcrumb"},"inLanguage":"es","potentialAction":[{"@type":"ReadAction","target":["https:\/\/www.ascef.com\/es\/relevo-en-la-presidencia-del-forum-de-jovenes-de-la-ascef\/"]}]},{"@type":"ImageObject","inLanguage":"es","@id":"https:\/\/www.ascef.com\/es\/relevo-en-la-presidencia-del-forum-de-jovenes-de-la-ascef\/#primaryimage","url":"https:\/\/www.ascef.com\/wp-content\/uploads\/2023\/06\/Presidencia-Forum.jpeg","contentUrl":"https:\/\/www.ascef.com\/wp-content\/uploads\/2023\/06\/Presidencia-Forum.jpeg","width":1024,"height":683},{"@type":"BreadcrumbList","@id":"https:\/\/www.ascef.com\/es\/relevo-en-la-presidencia-del-forum-de-jovenes-de-la-ascef\/#breadcrumb","itemListElement":[{"@type":"ListItem","position":1,"name":"Portada","item":"https:\/\/www.ascef.com\/es\/"},{"@type":"ListItem","position":2,"name":"Relevo en la presidencia del F\u00f3rum de J\u00d3VENES de la ASCEF"}]},{"@type":"WebSite","@id":"https:\/\/www.ascef.com\/es\/#website","url":"https:\/\/www.ascef.com\/es\/","name":"ASCEF","description":"Associaci\u00f3 Catalana de l\u2019Empresa Familiar","potentialAction":[{"@type":"SearchAction","target":{"@type":"EntryPoint","urlTemplate":"https:\/\/www.ascef.com\/es\/?s={search_term_string}"},"query-input":{"@type":"PropertyValueSpecification","valueRequired":true,"valueName":"search_term_string"}}],"inLanguage":"es"},{"@type":"Person","@id":"https:\/\/www.ascef.com\/es\/#\/schema\/person\/818edf5b5f3a1179bca4deca82c739f5","name":"usuari_ascef_admin","url":"https:\/\/www.ascef.com\/es\/author\/usuari_ascef_admin\/"}]}},"_links":{"self":[{"href":"https:\/\/www.ascef.com\/es\/wp-json\/wp\/v2\/posts\/6461","targetHints":{"allow":["GET"]}}],"collection":[{"href":"https:\/\/www.ascef.com\/es\/wp-json\/wp\/v2\/posts"}],"about":[{"href":"https:\/\/www.ascef.com\/es\/wp-json\/wp\/v2\/types\/post"}],"author":[{"embeddable":true,"href":"https:\/\/www.ascef.com\/es\/wp-json\/wp\/v2\/users\/311"}],"replies":[{"embeddable":true,"href":"https:\/\/www.ascef.com\/es\/wp-json\/wp\/v2\/comments?post=6461"}],"version-history":[{"count":1,"href":"https:\/\/www.ascef.com\/es\/wp-json\/wp\/v2\/posts\/6461\/revisions"}],"predecessor-version":[{"id":6462,"href":"https:\/\/www.ascef.com\/es\/wp-json\/wp\/v2\/posts\/6461\/revisions\/6462"}],"wp:featuredmedia":[{"embeddable":true,"href":"https:\/\/www.ascef.com\/es\/wp-json\/wp\/v2\/media\/6459"}],"wp:attachment":[{"href":"https:\/\/www.ascef.com\/es\/wp-json\/wp\/v2\/media?parent=6461"}],"wp:term":[{"taxonomy":"category","embeddable":true,"href":"https:\/\/www.ascef.com\/es\/wp-json\/wp\/v2\/categories?post=6461"},{"taxonomy":"post_tag","embeddable":true,"href":"https:\/\/www.ascef.com\/es\/wp-json\/wp\/v2\/tags?post=6461"}],"curies":[{"name":"wp","href":"https:\/\/api.w.org\/{rel}","templated":true}]}}