{"id":6335,"date":"2023-06-02T10:48:08","date_gmt":"2023-06-02T10:48:08","guid":{"rendered":"https:\/\/www.ascef.com\/?p=6335"},"modified":"2023-06-02T10:48:08","modified_gmt":"2023-06-02T10:48:08","slug":"exito-del-taller-intergeneracional-organizado-por-el-forum-de-la-ascef","status":"publish","type":"post","link":"https:\/\/www.ascef.com\/es\/exito-del-taller-intergeneracional-organizado-por-el-forum-de-la-ascef\/","title":{"rendered":"\u00c9xito del taller intergeneracional organizado por el F\u00f3rum de la ASCEF"},"content":{"rendered":"<p>El F\u00f3rum de la ASCEF ha presentado la sesi\u00f3n \u201cTaller intergeneracional sobre la empresa familiar\u201d impartida por expertos del despacho Cuatrecasas. Con un sistema interactivo, se plantearon diferentes preguntas sobre cuestiones tradicionalmente cr\u00edticas en la empresa familiar para que miembros de distintas generaciones dieran su opini\u00f3n. Pudimos detectar las opiniones divergentes o coincidentes sobre propiedad y control pol\u00edtico, planificaci\u00f3n de la sucesi\u00f3n y gesti\u00f3n patrimonial de la familia empresaria.<\/p>\n","protected":false},"excerpt":{"rendered":"<p>El F\u00f3rum de la ASCEF ha presentado la sesi\u00f3n \u201cTaller intergeneracional sobre la empresa familiar\u201d impartida por expertos del despacho Cuatrecasas. Con un sistema interactivo, se plantearon diferentes preguntas sobre cuestiones tradicionalmente cr\u00edticas en la empresa familiar para que miembros de distintas generaciones dieran su opini\u00f3n. Pudimos detectar las opiniones divergentes o coincidentes sobre propiedad [&hellip;]<\/p>\n","protected":false},"author":311,"featured_media":6333,"comment_status":"open","ping_status":"closed","sticky":false,"template":"","format":"standard","meta":{"_acf_changed":false,"footnotes":""},"categories":[185],"tags":[],"class_list":["post-6335","post","type-post","status-publish","format-standard","has-post-thumbnail","hentry","category-general"],"acf":[],"yoast_head":"<!-- This site is optimized with the Yoast SEO plugin v27.5 - https:\/\/yoast.com\/product\/yoast-seo-wordpress\/ -->\n<title>\u00c9xito del taller intergeneracional organizado por el F\u00f3rum de la ASCEF - ASCEF<\/title>\n<meta name=\"robots\" content=\"index, follow, max-snippet:-1, max-image-preview:large, max-video-preview:-1\" \/>\n<link rel=\"canonical\" href=\"https:\/\/www.ascef.com\/es\/exito-del-taller-intergeneracional-organizado-por-el-forum-de-la-ascef\/\" \/>\n<meta property=\"og:locale\" content=\"es_ES\" \/>\n<meta property=\"og:type\" content=\"article\" \/>\n<meta property=\"og:title\" content=\"\u00c9xito del taller intergeneracional organizado por el F\u00f3rum de la ASCEF - ASCEF\" \/>\n<meta property=\"og:description\" content=\"El F\u00f3rum de la ASCEF ha presentado la sesi\u00f3n \u201cTaller intergeneracional sobre la empresa familiar\u201d impartida por expertos del despacho Cuatrecasas. Con un sistema interactivo, se plantearon diferentes preguntas sobre cuestiones tradicionalmente cr\u00edticas en la empresa familiar para que miembros de distintas generaciones dieran su opini\u00f3n. Pudimos detectar las opiniones divergentes o coincidentes sobre propiedad [&hellip;]\" \/>\n<meta property=\"og:url\" content=\"https:\/\/www.ascef.com\/es\/exito-del-taller-intergeneracional-organizado-por-el-forum-de-la-ascef\/\" \/>\n<meta property=\"og:site_name\" content=\"ASCEF\" \/>\n<meta property=\"article:published_time\" content=\"2023-06-02T10:48:08+00:00\" \/>\n<meta property=\"og:image\" content=\"https:\/\/www.ascef.com\/wp-content\/uploads\/2023\/06\/Taller-Intergeneracional_-002-scaled.jpg\" \/>\n\t<meta property=\"og:image:width\" content=\"2560\" \/>\n\t<meta property=\"og:image:height\" content=\"1373\" \/>\n\t<meta property=\"og:image:type\" content=\"image\/jpeg\" \/>\n<meta name=\"author\" content=\"usuari_ascef_admin\" \/>\n<meta name=\"twitter:card\" content=\"summary_large_image\" \/>\n<meta name=\"twitter:label1\" content=\"Escrito por\" \/>\n\t<meta name=\"twitter:data1\" content=\"usuari_ascef_admin\" \/>\n\t<meta name=\"twitter:label2\" content=\"Tiempo de lectura\" \/>\n\t<meta name=\"twitter:data2\" content=\"1 minuto\" \/>\n<script type=\"application\/ld+json\" class=\"yoast-schema-graph\">{\"@context\":\"https:\\\/\\\/schema.org\",\"@graph\":[{\"@type\":\"Article\",\"@id\":\"https:\\\/\\\/www.ascef.com\\\/es\\\/exito-del-taller-intergeneracional-organizado-por-el-forum-de-la-ascef\\\/#article\",\"isPartOf\":{\"@id\":\"https:\\\/\\\/www.ascef.com\\\/es\\\/exito-del-taller-intergeneracional-organizado-por-el-forum-de-la-ascef\\\/\"},\"author\":{\"name\":\"usuari_ascef_admin\",\"@id\":\"https:\\\/\\\/www.ascef.com\\\/es\\\/#\\\/schema\\\/person\\\/818edf5b5f3a1179bca4deca82c739f5\"},\"headline\":\"\u00c9xito del taller intergeneracional organizado por el F\u00f3rum de la ASCEF\",\"datePublished\":\"2023-06-02T10:48:08+00:00\",\"mainEntityOfPage\":{\"@id\":\"https:\\\/\\\/www.ascef.com\\\/es\\\/exito-del-taller-intergeneracional-organizado-por-el-forum-de-la-ascef\\\/\"},\"wordCount\":89,\"commentCount\":0,\"image\":{\"@id\":\"https:\\\/\\\/www.ascef.com\\\/es\\\/exito-del-taller-intergeneracional-organizado-por-el-forum-de-la-ascef\\\/#primaryimage\"},\"thumbnailUrl\":\"https:\\\/\\\/www.ascef.com\\\/wp-content\\\/uploads\\\/2023\\\/06\\\/Taller-Intergeneracional_-002-scaled.jpg\",\"articleSection\":[\"general\"],\"inLanguage\":\"es\"},{\"@type\":\"WebPage\",\"@id\":\"https:\\\/\\\/www.ascef.com\\\/es\\\/exito-del-taller-intergeneracional-organizado-por-el-forum-de-la-ascef\\\/\",\"url\":\"https:\\\/\\\/www.ascef.com\\\/es\\\/exito-del-taller-intergeneracional-organizado-por-el-forum-de-la-ascef\\\/\",\"name\":\"\u00c9xito del taller intergeneracional organizado por el F\u00f3rum de la ASCEF - ASCEF\",\"isPartOf\":{\"@id\":\"https:\\\/\\\/www.ascef.com\\\/es\\\/#website\"},\"primaryImageOfPage\":{\"@id\":\"https:\\\/\\\/www.ascef.com\\\/es\\\/exito-del-taller-intergeneracional-organizado-por-el-forum-de-la-ascef\\\/#primaryimage\"},\"image\":{\"@id\":\"https:\\\/\\\/www.ascef.com\\\/es\\\/exito-del-taller-intergeneracional-organizado-por-el-forum-de-la-ascef\\\/#primaryimage\"},\"thumbnailUrl\":\"https:\\\/\\\/www.ascef.com\\\/wp-content\\\/uploads\\\/2023\\\/06\\\/Taller-Intergeneracional_-002-scaled.jpg\",\"datePublished\":\"2023-06-02T10:48:08+00:00\",\"author\":{\"@id\":\"https:\\\/\\\/www.ascef.com\\\/es\\\/#\\\/schema\\\/person\\\/818edf5b5f3a1179bca4deca82c739f5\"},\"breadcrumb\":{\"@id\":\"https:\\\/\\\/www.ascef.com\\\/es\\\/exito-del-taller-intergeneracional-organizado-por-el-forum-de-la-ascef\\\/#breadcrumb\"},\"inLanguage\":\"es\",\"potentialAction\":[{\"@type\":\"ReadAction\",\"target\":[\"https:\\\/\\\/www.ascef.com\\\/es\\\/exito-del-taller-intergeneracional-organizado-por-el-forum-de-la-ascef\\\/\"]}]},{\"@type\":\"ImageObject\",\"inLanguage\":\"es\",\"@id\":\"https:\\\/\\\/www.ascef.com\\\/es\\\/exito-del-taller-intergeneracional-organizado-por-el-forum-de-la-ascef\\\/#primaryimage\",\"url\":\"https:\\\/\\\/www.ascef.com\\\/wp-content\\\/uploads\\\/2023\\\/06\\\/Taller-Intergeneracional_-002-scaled.jpg\",\"contentUrl\":\"https:\\\/\\\/www.ascef.com\\\/wp-content\\\/uploads\\\/2023\\\/06\\\/Taller-Intergeneracional_-002-scaled.jpg\",\"width\":2560,\"height\":1373},{\"@type\":\"BreadcrumbList\",\"@id\":\"https:\\\/\\\/www.ascef.com\\\/es\\\/exito-del-taller-intergeneracional-organizado-por-el-forum-de-la-ascef\\\/#breadcrumb\",\"itemListElement\":[{\"@type\":\"ListItem\",\"position\":1,\"name\":\"Portada\",\"item\":\"https:\\\/\\\/www.ascef.com\\\/es\\\/\"},{\"@type\":\"ListItem\",\"position\":2,\"name\":\"\u00c9xito del taller intergeneracional organizado por el F\u00f3rum de la ASCEF\"}]},{\"@type\":\"WebSite\",\"@id\":\"https:\\\/\\\/www.ascef.com\\\/es\\\/#website\",\"url\":\"https:\\\/\\\/www.ascef.com\\\/es\\\/\",\"name\":\"ASCEF\",\"description\":\"Associaci\u00f3 Catalana de l\u2019Empresa Familiar\",\"potentialAction\":[{\"@type\":\"SearchAction\",\"target\":{\"@type\":\"EntryPoint\",\"urlTemplate\":\"https:\\\/\\\/www.ascef.com\\\/es\\\/?s={search_term_string}\"},\"query-input\":{\"@type\":\"PropertyValueSpecification\",\"valueRequired\":true,\"valueName\":\"search_term_string\"}}],\"inLanguage\":\"es\"},{\"@type\":\"Person\",\"@id\":\"https:\\\/\\\/www.ascef.com\\\/es\\\/#\\\/schema\\\/person\\\/818edf5b5f3a1179bca4deca82c739f5\",\"name\":\"usuari_ascef_admin\",\"url\":\"https:\\\/\\\/www.ascef.com\\\/es\\\/author\\\/usuari_ascef_admin\\\/\"}]}<\/script>\n<!-- \/ Yoast SEO plugin. -->","yoast_head_json":{"title":"\u00c9xito del taller intergeneracional organizado por el F\u00f3rum de la ASCEF - ASCEF","robots":{"index":"index","follow":"follow","max-snippet":"max-snippet:-1","max-image-preview":"max-image-preview:large","max-video-preview":"max-video-preview:-1"},"canonical":"https:\/\/www.ascef.com\/es\/exito-del-taller-intergeneracional-organizado-por-el-forum-de-la-ascef\/","og_locale":"es_ES","og_type":"article","og_title":"\u00c9xito del taller intergeneracional organizado por el F\u00f3rum de la ASCEF - ASCEF","og_description":"El F\u00f3rum de la ASCEF ha presentado la sesi\u00f3n \u201cTaller intergeneracional sobre la empresa familiar\u201d impartida por expertos del despacho Cuatrecasas. Con un sistema interactivo, se plantearon diferentes preguntas sobre cuestiones tradicionalmente cr\u00edticas en la empresa familiar para que miembros de distintas generaciones dieran su opini\u00f3n. Pudimos detectar las opiniones divergentes o coincidentes sobre propiedad [&hellip;]","og_url":"https:\/\/www.ascef.com\/es\/exito-del-taller-intergeneracional-organizado-por-el-forum-de-la-ascef\/","og_site_name":"ASCEF","article_published_time":"2023-06-02T10:48:08+00:00","og_image":[{"width":2560,"height":1373,"url":"https:\/\/www.ascef.com\/wp-content\/uploads\/2023\/06\/Taller-Intergeneracional_-002-scaled.jpg","type":"image\/jpeg"}],"author":"usuari_ascef_admin","twitter_card":"summary_large_image","twitter_misc":{"Escrito por":"usuari_ascef_admin","Tiempo de lectura":"1 minuto"},"schema":{"@context":"https:\/\/schema.org","@graph":[{"@type":"Article","@id":"https:\/\/www.ascef.com\/es\/exito-del-taller-intergeneracional-organizado-por-el-forum-de-la-ascef\/#article","isPartOf":{"@id":"https:\/\/www.ascef.com\/es\/exito-del-taller-intergeneracional-organizado-por-el-forum-de-la-ascef\/"},"author":{"name":"usuari_ascef_admin","@id":"https:\/\/www.ascef.com\/es\/#\/schema\/person\/818edf5b5f3a1179bca4deca82c739f5"},"headline":"\u00c9xito del taller intergeneracional organizado por el F\u00f3rum de la ASCEF","datePublished":"2023-06-02T10:48:08+00:00","mainEntityOfPage":{"@id":"https:\/\/www.ascef.com\/es\/exito-del-taller-intergeneracional-organizado-por-el-forum-de-la-ascef\/"},"wordCount":89,"commentCount":0,"image":{"@id":"https:\/\/www.ascef.com\/es\/exito-del-taller-intergeneracional-organizado-por-el-forum-de-la-ascef\/#primaryimage"},"thumbnailUrl":"https:\/\/www.ascef.com\/wp-content\/uploads\/2023\/06\/Taller-Intergeneracional_-002-scaled.jpg","articleSection":["general"],"inLanguage":"es"},{"@type":"WebPage","@id":"https:\/\/www.ascef.com\/es\/exito-del-taller-intergeneracional-organizado-por-el-forum-de-la-ascef\/","url":"https:\/\/www.ascef.com\/es\/exito-del-taller-intergeneracional-organizado-por-el-forum-de-la-ascef\/","name":"\u00c9xito del taller intergeneracional organizado por el F\u00f3rum de la ASCEF - ASCEF","isPartOf":{"@id":"https:\/\/www.ascef.com\/es\/#website"},"primaryImageOfPage":{"@id":"https:\/\/www.ascef.com\/es\/exito-del-taller-intergeneracional-organizado-por-el-forum-de-la-ascef\/#primaryimage"},"image":{"@id":"https:\/\/www.ascef.com\/es\/exito-del-taller-intergeneracional-organizado-por-el-forum-de-la-ascef\/#primaryimage"},"thumbnailUrl":"https:\/\/www.ascef.com\/wp-content\/uploads\/2023\/06\/Taller-Intergeneracional_-002-scaled.jpg","datePublished":"2023-06-02T10:48:08+00:00","author":{"@id":"https:\/\/www.ascef.com\/es\/#\/schema\/person\/818edf5b5f3a1179bca4deca82c739f5"},"breadcrumb":{"@id":"https:\/\/www.ascef.com\/es\/exito-del-taller-intergeneracional-organizado-por-el-forum-de-la-ascef\/#breadcrumb"},"inLanguage":"es","potentialAction":[{"@type":"ReadAction","target":["https:\/\/www.ascef.com\/es\/exito-del-taller-intergeneracional-organizado-por-el-forum-de-la-ascef\/"]}]},{"@type":"ImageObject","inLanguage":"es","@id":"https:\/\/www.ascef.com\/es\/exito-del-taller-intergeneracional-organizado-por-el-forum-de-la-ascef\/#primaryimage","url":"https:\/\/www.ascef.com\/wp-content\/uploads\/2023\/06\/Taller-Intergeneracional_-002-scaled.jpg","contentUrl":"https:\/\/www.ascef.com\/wp-content\/uploads\/2023\/06\/Taller-Intergeneracional_-002-scaled.jpg","width":2560,"height":1373},{"@type":"BreadcrumbList","@id":"https:\/\/www.ascef.com\/es\/exito-del-taller-intergeneracional-organizado-por-el-forum-de-la-ascef\/#breadcrumb","itemListElement":[{"@type":"ListItem","position":1,"name":"Portada","item":"https:\/\/www.ascef.com\/es\/"},{"@type":"ListItem","position":2,"name":"\u00c9xito del taller intergeneracional organizado por el F\u00f3rum de la ASCEF"}]},{"@type":"WebSite","@id":"https:\/\/www.ascef.com\/es\/#website","url":"https:\/\/www.ascef.com\/es\/","name":"ASCEF","description":"Associaci\u00f3 Catalana de l\u2019Empresa Familiar","potentialAction":[{"@type":"SearchAction","target":{"@type":"EntryPoint","urlTemplate":"https:\/\/www.ascef.com\/es\/?s={search_term_string}"},"query-input":{"@type":"PropertyValueSpecification","valueRequired":true,"valueName":"search_term_string"}}],"inLanguage":"es"},{"@type":"Person","@id":"https:\/\/www.ascef.com\/es\/#\/schema\/person\/818edf5b5f3a1179bca4deca82c739f5","name":"usuari_ascef_admin","url":"https:\/\/www.ascef.com\/es\/author\/usuari_ascef_admin\/"}]}},"_links":{"self":[{"href":"https:\/\/www.ascef.com\/es\/wp-json\/wp\/v2\/posts\/6335","targetHints":{"allow":["GET"]}}],"collection":[{"href":"https:\/\/www.ascef.com\/es\/wp-json\/wp\/v2\/posts"}],"about":[{"href":"https:\/\/www.ascef.com\/es\/wp-json\/wp\/v2\/types\/post"}],"author":[{"embeddable":true,"href":"https:\/\/www.ascef.com\/es\/wp-json\/wp\/v2\/users\/311"}],"replies":[{"embeddable":true,"href":"https:\/\/www.ascef.com\/es\/wp-json\/wp\/v2\/comments?post=6335"}],"version-history":[{"count":1,"href":"https:\/\/www.ascef.com\/es\/wp-json\/wp\/v2\/posts\/6335\/revisions"}],"predecessor-version":[{"id":6336,"href":"https:\/\/www.ascef.com\/es\/wp-json\/wp\/v2\/posts\/6335\/revisions\/6336"}],"wp:featuredmedia":[{"embeddable":true,"href":"https:\/\/www.ascef.com\/es\/wp-json\/wp\/v2\/media\/6333"}],"wp:attachment":[{"href":"https:\/\/www.ascef.com\/es\/wp-json\/wp\/v2\/media?parent=6335"}],"wp:term":[{"taxonomy":"category","embeddable":true,"href":"https:\/\/www.ascef.com\/es\/wp-json\/wp\/v2\/categories?post=6335"},{"taxonomy":"post_tag","embeddable":true,"href":"https:\/\/www.ascef.com\/es\/wp-json\/wp\/v2\/tags?post=6335"}],"curies":[{"name":"wp","href":"https:\/\/api.w.org\/{rel}","templated":true}]}}