{"id":6208,"date":"2023-05-08T12:36:05","date_gmt":"2023-05-08T12:36:05","guid":{"rendered":"https:\/\/www.ascef.com\/?p=6208"},"modified":"2023-05-08T13:01:49","modified_gmt":"2023-05-08T13:01:49","slug":"morawealth-abre-las-puertas-de-la-casa-vicens-a-la-associacio-catalana-de-lempresa-familiar-ascef","status":"publish","type":"post","link":"https:\/\/www.ascef.com\/es\/morawealth-abre-las-puertas-de-la-casa-vicens-a-la-associacio-catalana-de-lempresa-familiar-ascef\/","title":{"rendered":"MoraWealth abre las puertas de la Casa Vicens a la Associaci\u00f3 Catalana de l\u2019Empresa Familiar (ASCEF)"},"content":{"rendered":"<p>MoraWealth, la agencia de valores del Grupo MoraBanc en Barcelona, abri\u00f3 este jueves d\u00eda 4 de mayo las puertas de la <strong>Casa Vicens<\/strong>, el primer proyecto de importancia de <strong>Antoni Gaud\u00ed<\/strong>, a la <strong>Associaci\u00f3 Catalana de l\u2019Empresa Familiar<\/strong> para acoger un evento conjunto.<\/p>\n<p>Este encuentro se enmarca en la celebraci\u00f3n del <strong>25\u00ba aniversario<\/strong> de la entidad de empresarios familiares catalanes, cuyos integrantes, encabezados por <strong>Jaume Alsina<\/strong>, presidente de la entidad, tuvieron la oportunidad de disfrutar de una visita del interior del edificio modernista ubicado en la calle de las Carolines y propiedad del banco desde 2014.<\/p>\n<p>Una vez finalizado el recorrido, en el que se puso en valor la maestr\u00eda arquitect\u00f3nica de Gaud\u00ed en el edificio construido entre 1883 y 1885 y declarado Patrimonio Mundial por la UNESCO en 2005, el consejero director general del grupo MoraBanc y miembro de la cuarta generaci\u00f3n de la familia Mora, <strong>Llu\u00eds Alsina<\/strong>, llev\u00f3 a cabo la conferencia <strong>\u2018MoraBanc: las claves de la gesti\u00f3n familiar en un grupo referente\u2019<\/strong>.<\/p>\n<p>El CEO de la entidad remarc\u00f3 el importante v\u00ednculo de MoraBanc con Barcelona, no s\u00f3lo por ser una plaza natural, por su cercan\u00eda con Andorra, sino tambi\u00e9n por la presencia del grupo con la agencia de valores MoraWealth que abri\u00f3 sus puertas en 2020. Antes ya exist\u00eda una implicaci\u00f3n con la Ciudad Condal a nivel cultural con la compra en 2014 de la Casa Vicens que MoraBanc someti\u00f3 a un profundo y ambicioso proyecto de restauraci\u00f3n para convertirla en una casa museo.<\/p>\n<p>Rostros reconocidos del mundo empresarial estuvieron presentes en el acto que finaliz\u00f3 con una copa de cava y un aperitivo. El resultado de la visita del inmueble fue positivo y evidenci\u00f3 el compromiso de MoraBanc i MoraWealth con el empresariado catal\u00e1n y la voluntad de protecci\u00f3n del patrimonio hist\u00f3rico y cultural de la ciudad de Barcelona.<\/p>\n","protected":false},"excerpt":{"rendered":"<p>MoraWealth, la agencia de valores del Grupo MoraBanc en Barcelona, abri\u00f3 este jueves d\u00eda 4 de mayo las puertas de la Casa Vicens, el primer proyecto de importancia de Antoni Gaud\u00ed, a la Associaci\u00f3 Catalana de l\u2019Empresa Familiar para acoger un evento conjunto. Este encuentro se enmarca en la celebraci\u00f3n del 25\u00ba aniversario de la [&hellip;]<\/p>\n","protected":false},"author":311,"featured_media":6212,"comment_status":"open","ping_status":"closed","sticky":false,"template":"","format":"standard","meta":{"_acf_changed":false,"footnotes":""},"categories":[185],"tags":[],"class_list":["post-6208","post","type-post","status-publish","format-standard","has-post-thumbnail","hentry","category-general"],"acf":[],"yoast_head":"<!-- This site is optimized with the Yoast SEO plugin v27.5 - https:\/\/yoast.com\/product\/yoast-seo-wordpress\/ -->\n<title>MoraWealth abre las puertas de la Casa Vicens a la Associaci\u00f3 Catalana de l\u2019Empresa Familiar (ASCEF) - ASCEF<\/title>\n<meta name=\"robots\" content=\"index, follow, max-snippet:-1, max-image-preview:large, max-video-preview:-1\" \/>\n<link rel=\"canonical\" href=\"https:\/\/www.ascef.com\/es\/morawealth-abre-las-puertas-de-la-casa-vicens-a-la-associacio-catalana-de-lempresa-familiar-ascef\/\" \/>\n<meta property=\"og:locale\" content=\"es_ES\" \/>\n<meta property=\"og:type\" content=\"article\" \/>\n<meta property=\"og:title\" content=\"MoraWealth abre las puertas de la Casa Vicens a la Associaci\u00f3 Catalana de l\u2019Empresa Familiar (ASCEF) - ASCEF\" \/>\n<meta property=\"og:description\" content=\"MoraWealth, la agencia de valores del Grupo MoraBanc en Barcelona, abri\u00f3 este jueves d\u00eda 4 de mayo las puertas de la Casa Vicens, el primer proyecto de importancia de Antoni Gaud\u00ed, a la Associaci\u00f3 Catalana de l\u2019Empresa Familiar para acoger un evento conjunto. Este encuentro se enmarca en la celebraci\u00f3n del 25\u00ba aniversario de la [&hellip;]\" \/>\n<meta property=\"og:url\" content=\"https:\/\/www.ascef.com\/es\/morawealth-abre-las-puertas-de-la-casa-vicens-a-la-associacio-catalana-de-lempresa-familiar-ascef\/\" \/>\n<meta property=\"og:site_name\" content=\"ASCEF\" \/>\n<meta property=\"article:published_time\" content=\"2023-05-08T12:36:05+00:00\" \/>\n<meta property=\"article:modified_time\" content=\"2023-05-08T13:01:49+00:00\" \/>\n<meta property=\"og:image\" content=\"https:\/\/www.ascef.com\/wp-content\/uploads\/2023\/05\/Imagen_01-Evento-MoraBanc-y-ASCEF-scaled.jpeg\" \/>\n\t<meta property=\"og:image:width\" content=\"2560\" \/>\n\t<meta property=\"og:image:height\" content=\"1920\" \/>\n\t<meta property=\"og:image:type\" content=\"image\/jpeg\" \/>\n<meta name=\"author\" content=\"usuari_ascef_admin\" \/>\n<meta name=\"twitter:card\" content=\"summary_large_image\" \/>\n<meta name=\"twitter:label1\" content=\"Escrito por\" \/>\n\t<meta name=\"twitter:data1\" content=\"usuari_ascef_admin\" \/>\n\t<meta name=\"twitter:label2\" content=\"Tiempo de lectura\" \/>\n\t<meta name=\"twitter:data2\" content=\"2 minutos\" \/>\n<script type=\"application\/ld+json\" class=\"yoast-schema-graph\">{\"@context\":\"https:\\\/\\\/schema.org\",\"@graph\":[{\"@type\":\"Article\",\"@id\":\"https:\\\/\\\/www.ascef.com\\\/es\\\/morawealth-abre-las-puertas-de-la-casa-vicens-a-la-associacio-catalana-de-lempresa-familiar-ascef\\\/#article\",\"isPartOf\":{\"@id\":\"https:\\\/\\\/www.ascef.com\\\/es\\\/morawealth-abre-las-puertas-de-la-casa-vicens-a-la-associacio-catalana-de-lempresa-familiar-ascef\\\/\"},\"author\":{\"name\":\"usuari_ascef_admin\",\"@id\":\"https:\\\/\\\/www.ascef.com\\\/es\\\/#\\\/schema\\\/person\\\/818edf5b5f3a1179bca4deca82c739f5\"},\"headline\":\"MoraWealth abre las puertas de la Casa Vicens a la Associaci\u00f3 Catalana de l\u2019Empresa Familiar (ASCEF)\",\"datePublished\":\"2023-05-08T12:36:05+00:00\",\"dateModified\":\"2023-05-08T13:01:49+00:00\",\"mainEntityOfPage\":{\"@id\":\"https:\\\/\\\/www.ascef.com\\\/es\\\/morawealth-abre-las-puertas-de-la-casa-vicens-a-la-associacio-catalana-de-lempresa-familiar-ascef\\\/\"},\"wordCount\":330,\"commentCount\":0,\"image\":{\"@id\":\"https:\\\/\\\/www.ascef.com\\\/es\\\/morawealth-abre-las-puertas-de-la-casa-vicens-a-la-associacio-catalana-de-lempresa-familiar-ascef\\\/#primaryimage\"},\"thumbnailUrl\":\"https:\\\/\\\/www.ascef.com\\\/wp-content\\\/uploads\\\/2023\\\/05\\\/Imagen_01-Evento-MoraBanc-y-ASCEF-scaled.jpeg\",\"articleSection\":[\"general\"],\"inLanguage\":\"es\"},{\"@type\":\"WebPage\",\"@id\":\"https:\\\/\\\/www.ascef.com\\\/es\\\/morawealth-abre-las-puertas-de-la-casa-vicens-a-la-associacio-catalana-de-lempresa-familiar-ascef\\\/\",\"url\":\"https:\\\/\\\/www.ascef.com\\\/es\\\/morawealth-abre-las-puertas-de-la-casa-vicens-a-la-associacio-catalana-de-lempresa-familiar-ascef\\\/\",\"name\":\"MoraWealth abre las puertas de la Casa Vicens a la Associaci\u00f3 Catalana de l\u2019Empresa Familiar (ASCEF) - ASCEF\",\"isPartOf\":{\"@id\":\"https:\\\/\\\/www.ascef.com\\\/es\\\/#website\"},\"primaryImageOfPage\":{\"@id\":\"https:\\\/\\\/www.ascef.com\\\/es\\\/morawealth-abre-las-puertas-de-la-casa-vicens-a-la-associacio-catalana-de-lempresa-familiar-ascef\\\/#primaryimage\"},\"image\":{\"@id\":\"https:\\\/\\\/www.ascef.com\\\/es\\\/morawealth-abre-las-puertas-de-la-casa-vicens-a-la-associacio-catalana-de-lempresa-familiar-ascef\\\/#primaryimage\"},\"thumbnailUrl\":\"https:\\\/\\\/www.ascef.com\\\/wp-content\\\/uploads\\\/2023\\\/05\\\/Imagen_01-Evento-MoraBanc-y-ASCEF-scaled.jpeg\",\"datePublished\":\"2023-05-08T12:36:05+00:00\",\"dateModified\":\"2023-05-08T13:01:49+00:00\",\"author\":{\"@id\":\"https:\\\/\\\/www.ascef.com\\\/es\\\/#\\\/schema\\\/person\\\/818edf5b5f3a1179bca4deca82c739f5\"},\"breadcrumb\":{\"@id\":\"https:\\\/\\\/www.ascef.com\\\/es\\\/morawealth-abre-las-puertas-de-la-casa-vicens-a-la-associacio-catalana-de-lempresa-familiar-ascef\\\/#breadcrumb\"},\"inLanguage\":\"es\",\"potentialAction\":[{\"@type\":\"ReadAction\",\"target\":[\"https:\\\/\\\/www.ascef.com\\\/es\\\/morawealth-abre-las-puertas-de-la-casa-vicens-a-la-associacio-catalana-de-lempresa-familiar-ascef\\\/\"]}]},{\"@type\":\"ImageObject\",\"inLanguage\":\"es\",\"@id\":\"https:\\\/\\\/www.ascef.com\\\/es\\\/morawealth-abre-las-puertas-de-la-casa-vicens-a-la-associacio-catalana-de-lempresa-familiar-ascef\\\/#primaryimage\",\"url\":\"https:\\\/\\\/www.ascef.com\\\/wp-content\\\/uploads\\\/2023\\\/05\\\/Imagen_01-Evento-MoraBanc-y-ASCEF-scaled.jpeg\",\"contentUrl\":\"https:\\\/\\\/www.ascef.com\\\/wp-content\\\/uploads\\\/2023\\\/05\\\/Imagen_01-Evento-MoraBanc-y-ASCEF-scaled.jpeg\",\"width\":2560,\"height\":1920},{\"@type\":\"BreadcrumbList\",\"@id\":\"https:\\\/\\\/www.ascef.com\\\/es\\\/morawealth-abre-las-puertas-de-la-casa-vicens-a-la-associacio-catalana-de-lempresa-familiar-ascef\\\/#breadcrumb\",\"itemListElement\":[{\"@type\":\"ListItem\",\"position\":1,\"name\":\"Portada\",\"item\":\"https:\\\/\\\/www.ascef.com\\\/es\\\/\"},{\"@type\":\"ListItem\",\"position\":2,\"name\":\"MoraWealth abre las puertas de la Casa Vicens a la Associaci\u00f3 Catalana de l\u2019Empresa Familiar (ASCEF)\"}]},{\"@type\":\"WebSite\",\"@id\":\"https:\\\/\\\/www.ascef.com\\\/es\\\/#website\",\"url\":\"https:\\\/\\\/www.ascef.com\\\/es\\\/\",\"name\":\"ASCEF\",\"description\":\"Associaci\u00f3 Catalana de l\u2019Empresa Familiar\",\"potentialAction\":[{\"@type\":\"SearchAction\",\"target\":{\"@type\":\"EntryPoint\",\"urlTemplate\":\"https:\\\/\\\/www.ascef.com\\\/es\\\/?s={search_term_string}\"},\"query-input\":{\"@type\":\"PropertyValueSpecification\",\"valueRequired\":true,\"valueName\":\"search_term_string\"}}],\"inLanguage\":\"es\"},{\"@type\":\"Person\",\"@id\":\"https:\\\/\\\/www.ascef.com\\\/es\\\/#\\\/schema\\\/person\\\/818edf5b5f3a1179bca4deca82c739f5\",\"name\":\"usuari_ascef_admin\",\"url\":\"https:\\\/\\\/www.ascef.com\\\/es\\\/author\\\/usuari_ascef_admin\\\/\"}]}<\/script>\n<!-- \/ Yoast SEO plugin. -->","yoast_head_json":{"title":"MoraWealth abre las puertas de la Casa Vicens a la Associaci\u00f3 Catalana de l\u2019Empresa Familiar (ASCEF) - ASCEF","robots":{"index":"index","follow":"follow","max-snippet":"max-snippet:-1","max-image-preview":"max-image-preview:large","max-video-preview":"max-video-preview:-1"},"canonical":"https:\/\/www.ascef.com\/es\/morawealth-abre-las-puertas-de-la-casa-vicens-a-la-associacio-catalana-de-lempresa-familiar-ascef\/","og_locale":"es_ES","og_type":"article","og_title":"MoraWealth abre las puertas de la Casa Vicens a la Associaci\u00f3 Catalana de l\u2019Empresa Familiar (ASCEF) - ASCEF","og_description":"MoraWealth, la agencia de valores del Grupo MoraBanc en Barcelona, abri\u00f3 este jueves d\u00eda 4 de mayo las puertas de la Casa Vicens, el primer proyecto de importancia de Antoni Gaud\u00ed, a la Associaci\u00f3 Catalana de l\u2019Empresa Familiar para acoger un evento conjunto. Este encuentro se enmarca en la celebraci\u00f3n del 25\u00ba aniversario de la [&hellip;]","og_url":"https:\/\/www.ascef.com\/es\/morawealth-abre-las-puertas-de-la-casa-vicens-a-la-associacio-catalana-de-lempresa-familiar-ascef\/","og_site_name":"ASCEF","article_published_time":"2023-05-08T12:36:05+00:00","article_modified_time":"2023-05-08T13:01:49+00:00","og_image":[{"width":2560,"height":1920,"url":"https:\/\/www.ascef.com\/wp-content\/uploads\/2023\/05\/Imagen_01-Evento-MoraBanc-y-ASCEF-scaled.jpeg","type":"image\/jpeg"}],"author":"usuari_ascef_admin","twitter_card":"summary_large_image","twitter_misc":{"Escrito por":"usuari_ascef_admin","Tiempo de lectura":"2 minutos"},"schema":{"@context":"https:\/\/schema.org","@graph":[{"@type":"Article","@id":"https:\/\/www.ascef.com\/es\/morawealth-abre-las-puertas-de-la-casa-vicens-a-la-associacio-catalana-de-lempresa-familiar-ascef\/#article","isPartOf":{"@id":"https:\/\/www.ascef.com\/es\/morawealth-abre-las-puertas-de-la-casa-vicens-a-la-associacio-catalana-de-lempresa-familiar-ascef\/"},"author":{"name":"usuari_ascef_admin","@id":"https:\/\/www.ascef.com\/es\/#\/schema\/person\/818edf5b5f3a1179bca4deca82c739f5"},"headline":"MoraWealth abre las puertas de la Casa Vicens a la Associaci\u00f3 Catalana de l\u2019Empresa Familiar (ASCEF)","datePublished":"2023-05-08T12:36:05+00:00","dateModified":"2023-05-08T13:01:49+00:00","mainEntityOfPage":{"@id":"https:\/\/www.ascef.com\/es\/morawealth-abre-las-puertas-de-la-casa-vicens-a-la-associacio-catalana-de-lempresa-familiar-ascef\/"},"wordCount":330,"commentCount":0,"image":{"@id":"https:\/\/www.ascef.com\/es\/morawealth-abre-las-puertas-de-la-casa-vicens-a-la-associacio-catalana-de-lempresa-familiar-ascef\/#primaryimage"},"thumbnailUrl":"https:\/\/www.ascef.com\/wp-content\/uploads\/2023\/05\/Imagen_01-Evento-MoraBanc-y-ASCEF-scaled.jpeg","articleSection":["general"],"inLanguage":"es"},{"@type":"WebPage","@id":"https:\/\/www.ascef.com\/es\/morawealth-abre-las-puertas-de-la-casa-vicens-a-la-associacio-catalana-de-lempresa-familiar-ascef\/","url":"https:\/\/www.ascef.com\/es\/morawealth-abre-las-puertas-de-la-casa-vicens-a-la-associacio-catalana-de-lempresa-familiar-ascef\/","name":"MoraWealth abre las puertas de la Casa Vicens a la Associaci\u00f3 Catalana de l\u2019Empresa Familiar (ASCEF) - ASCEF","isPartOf":{"@id":"https:\/\/www.ascef.com\/es\/#website"},"primaryImageOfPage":{"@id":"https:\/\/www.ascef.com\/es\/morawealth-abre-las-puertas-de-la-casa-vicens-a-la-associacio-catalana-de-lempresa-familiar-ascef\/#primaryimage"},"image":{"@id":"https:\/\/www.ascef.com\/es\/morawealth-abre-las-puertas-de-la-casa-vicens-a-la-associacio-catalana-de-lempresa-familiar-ascef\/#primaryimage"},"thumbnailUrl":"https:\/\/www.ascef.com\/wp-content\/uploads\/2023\/05\/Imagen_01-Evento-MoraBanc-y-ASCEF-scaled.jpeg","datePublished":"2023-05-08T12:36:05+00:00","dateModified":"2023-05-08T13:01:49+00:00","author":{"@id":"https:\/\/www.ascef.com\/es\/#\/schema\/person\/818edf5b5f3a1179bca4deca82c739f5"},"breadcrumb":{"@id":"https:\/\/www.ascef.com\/es\/morawealth-abre-las-puertas-de-la-casa-vicens-a-la-associacio-catalana-de-lempresa-familiar-ascef\/#breadcrumb"},"inLanguage":"es","potentialAction":[{"@type":"ReadAction","target":["https:\/\/www.ascef.com\/es\/morawealth-abre-las-puertas-de-la-casa-vicens-a-la-associacio-catalana-de-lempresa-familiar-ascef\/"]}]},{"@type":"ImageObject","inLanguage":"es","@id":"https:\/\/www.ascef.com\/es\/morawealth-abre-las-puertas-de-la-casa-vicens-a-la-associacio-catalana-de-lempresa-familiar-ascef\/#primaryimage","url":"https:\/\/www.ascef.com\/wp-content\/uploads\/2023\/05\/Imagen_01-Evento-MoraBanc-y-ASCEF-scaled.jpeg","contentUrl":"https:\/\/www.ascef.com\/wp-content\/uploads\/2023\/05\/Imagen_01-Evento-MoraBanc-y-ASCEF-scaled.jpeg","width":2560,"height":1920},{"@type":"BreadcrumbList","@id":"https:\/\/www.ascef.com\/es\/morawealth-abre-las-puertas-de-la-casa-vicens-a-la-associacio-catalana-de-lempresa-familiar-ascef\/#breadcrumb","itemListElement":[{"@type":"ListItem","position":1,"name":"Portada","item":"https:\/\/www.ascef.com\/es\/"},{"@type":"ListItem","position":2,"name":"MoraWealth abre las puertas de la Casa Vicens a la Associaci\u00f3 Catalana de l\u2019Empresa Familiar (ASCEF)"}]},{"@type":"WebSite","@id":"https:\/\/www.ascef.com\/es\/#website","url":"https:\/\/www.ascef.com\/es\/","name":"ASCEF","description":"Associaci\u00f3 Catalana de l\u2019Empresa Familiar","potentialAction":[{"@type":"SearchAction","target":{"@type":"EntryPoint","urlTemplate":"https:\/\/www.ascef.com\/es\/?s={search_term_string}"},"query-input":{"@type":"PropertyValueSpecification","valueRequired":true,"valueName":"search_term_string"}}],"inLanguage":"es"},{"@type":"Person","@id":"https:\/\/www.ascef.com\/es\/#\/schema\/person\/818edf5b5f3a1179bca4deca82c739f5","name":"usuari_ascef_admin","url":"https:\/\/www.ascef.com\/es\/author\/usuari_ascef_admin\/"}]}},"_links":{"self":[{"href":"https:\/\/www.ascef.com\/es\/wp-json\/wp\/v2\/posts\/6208","targetHints":{"allow":["GET"]}}],"collection":[{"href":"https:\/\/www.ascef.com\/es\/wp-json\/wp\/v2\/posts"}],"about":[{"href":"https:\/\/www.ascef.com\/es\/wp-json\/wp\/v2\/types\/post"}],"author":[{"embeddable":true,"href":"https:\/\/www.ascef.com\/es\/wp-json\/wp\/v2\/users\/311"}],"replies":[{"embeddable":true,"href":"https:\/\/www.ascef.com\/es\/wp-json\/wp\/v2\/comments?post=6208"}],"version-history":[{"count":1,"href":"https:\/\/www.ascef.com\/es\/wp-json\/wp\/v2\/posts\/6208\/revisions"}],"predecessor-version":[{"id":6211,"href":"https:\/\/www.ascef.com\/es\/wp-json\/wp\/v2\/posts\/6208\/revisions\/6211"}],"wp:featuredmedia":[{"embeddable":true,"href":"https:\/\/www.ascef.com\/es\/wp-json\/wp\/v2\/media\/6212"}],"wp:attachment":[{"href":"https:\/\/www.ascef.com\/es\/wp-json\/wp\/v2\/media?parent=6208"}],"wp:term":[{"taxonomy":"category","embeddable":true,"href":"https:\/\/www.ascef.com\/es\/wp-json\/wp\/v2\/categories?post=6208"},{"taxonomy":"post_tag","embeddable":true,"href":"https:\/\/www.ascef.com\/es\/wp-json\/wp\/v2\/tags?post=6208"}],"curies":[{"name":"wp","href":"https:\/\/api.w.org\/{rel}","templated":true}]}}