{"id":6197,"date":"2023-05-05T09:34:58","date_gmt":"2023-05-05T09:34:58","guid":{"rendered":"https:\/\/www.ascef.com\/lassociacio-catalana-de-lempresa-familiar-i-el-collegi-deconomistes-de-catalunya-signen-un-conveni-de-collaboracio\/"},"modified":"2023-05-05T09:41:24","modified_gmt":"2023-05-05T09:41:24","slug":"lassociacio-catalana-de-lempresa-familiar-i-el-collegi-deconomistes-de-catalunya-signen-un-conveni-de-collaboracio","status":"publish","type":"post","link":"https:\/\/www.ascef.com\/es\/lassociacio-catalana-de-lempresa-familiar-i-el-collegi-deconomistes-de-catalunya-signen-un-conveni-de-collaboracio\/","title":{"rendered":"La Asociaci\u00f3n Catalana de la Empresa Familiar y el Colegio de Economistas de Catalunya firman un convenio de colaboraci\u00f3n"},"content":{"rendered":"<p>El 3 de mayo de 2023, la Asociaci\u00f3n Catalana de la Empresa Familiar (ASCEF) representada por su presidente Jaume Alsina, y el Colegio de Economistas de Catalunya (CEC), representado por su decano, Carles Puig de Travy, firmaron un convenio de colaboraci\u00f3n para establecer un marco de trabajo en temas de inter\u00e9s com\u00fan.<\/p>\n<p>Gracias a este convenio, las dos entidades, que comparten muchos objetivos e intereses, estudiar\u00e1n las posibilidades de colaborar en la organizaci\u00f3n de actividades, seminarios, cursos y actos de inter\u00e9s por las dos partes. Tambi\u00e9n se comprometen a hacer difusi\u00f3n y promover las actividades y formaciones organizadas por cada entidad y que puedan ser de inter\u00e9s para sus respectivos socios o colegiados.<\/p>\n","protected":false},"excerpt":{"rendered":"<p>El 3 de mayo de 2023, la Asociaci\u00f3n Catalana de la Empresa Familiar (ASCEF) representada por su presidente Jaume Alsina, y el Colegio de Economistas de Catalunya (CEC), representado por su decano, Carles Puig de Travy, firmaron un convenio de colaboraci\u00f3n para establecer un marco de trabajo en temas de inter\u00e9s com\u00fan. Gracias a este [&hellip;]<\/p>\n","protected":false},"author":311,"featured_media":6195,"comment_status":"open","ping_status":"closed","sticky":false,"template":"","format":"standard","meta":{"_acf_changed":false,"footnotes":""},"categories":[185],"tags":[288,289],"class_list":["post-6197","post","type-post","status-publish","format-standard","has-post-thumbnail","hentry","category-general","tag-ascef-es","tag-conveni-es"],"acf":[],"yoast_head":"<!-- This site is optimized with the Yoast SEO plugin v27.5 - https:\/\/yoast.com\/product\/yoast-seo-wordpress\/ -->\n<title>La Asociaci\u00f3n Catalana de la Empresa Familiar y el Colegio de Economistas de Catalunya firman un convenio de colaboraci\u00f3n - ASCEF<\/title>\n<meta name=\"robots\" content=\"index, follow, max-snippet:-1, max-image-preview:large, max-video-preview:-1\" \/>\n<link rel=\"canonical\" href=\"https:\/\/www.ascef.com\/es\/lassociacio-catalana-de-lempresa-familiar-i-el-collegi-deconomistes-de-catalunya-signen-un-conveni-de-collaboracio\/\" \/>\n<meta property=\"og:locale\" content=\"es_ES\" \/>\n<meta property=\"og:type\" content=\"article\" \/>\n<meta property=\"og:title\" content=\"La Asociaci\u00f3n Catalana de la Empresa Familiar y el Colegio de Economistas de Catalunya firman un convenio de colaboraci\u00f3n - ASCEF\" \/>\n<meta property=\"og:description\" content=\"El 3 de mayo de 2023, la Asociaci\u00f3n Catalana de la Empresa Familiar (ASCEF) representada por su presidente Jaume Alsina, y el Colegio de Economistas de Catalunya (CEC), representado por su decano, Carles Puig de Travy, firmaron un convenio de colaboraci\u00f3n para establecer un marco de trabajo en temas de inter\u00e9s com\u00fan. Gracias a este [&hellip;]\" \/>\n<meta property=\"og:url\" content=\"https:\/\/www.ascef.com\/es\/lassociacio-catalana-de-lempresa-familiar-i-el-collegi-deconomistes-de-catalunya-signen-un-conveni-de-collaboracio\/\" \/>\n<meta property=\"og:site_name\" content=\"ASCEF\" \/>\n<meta property=\"article:published_time\" content=\"2023-05-05T09:34:58+00:00\" \/>\n<meta property=\"article:modified_time\" content=\"2023-05-05T09:41:24+00:00\" \/>\n<meta property=\"og:image\" content=\"https:\/\/www.ascef.com\/wp-content\/uploads\/2023\/05\/1683108074340.jpg\" \/>\n\t<meta property=\"og:image:width\" content=\"2018\" \/>\n\t<meta property=\"og:image:height\" content=\"1421\" \/>\n\t<meta property=\"og:image:type\" content=\"image\/jpeg\" \/>\n<meta name=\"author\" content=\"usuari_ascef_admin\" \/>\n<meta name=\"twitter:card\" content=\"summary_large_image\" \/>\n<meta name=\"twitter:label1\" content=\"Escrito por\" \/>\n\t<meta name=\"twitter:data1\" content=\"usuari_ascef_admin\" \/>\n\t<meta name=\"twitter:label2\" content=\"Tiempo de lectura\" \/>\n\t<meta name=\"twitter:data2\" content=\"1 minuto\" \/>\n<script type=\"application\/ld+json\" class=\"yoast-schema-graph\">{\"@context\":\"https:\\\/\\\/schema.org\",\"@graph\":[{\"@type\":\"Article\",\"@id\":\"https:\\\/\\\/www.ascef.com\\\/es\\\/lassociacio-catalana-de-lempresa-familiar-i-el-collegi-deconomistes-de-catalunya-signen-un-conveni-de-collaboracio\\\/#article\",\"isPartOf\":{\"@id\":\"https:\\\/\\\/www.ascef.com\\\/es\\\/lassociacio-catalana-de-lempresa-familiar-i-el-collegi-deconomistes-de-catalunya-signen-un-conveni-de-collaboracio\\\/\"},\"author\":{\"name\":\"usuari_ascef_admin\",\"@id\":\"https:\\\/\\\/www.ascef.com\\\/es\\\/#\\\/schema\\\/person\\\/818edf5b5f3a1179bca4deca82c739f5\"},\"headline\":\"La Asociaci\u00f3n Catalana de la Empresa Familiar y el Colegio de Economistas de Catalunya firman un convenio de colaboraci\u00f3n\",\"datePublished\":\"2023-05-05T09:34:58+00:00\",\"dateModified\":\"2023-05-05T09:41:24+00:00\",\"mainEntityOfPage\":{\"@id\":\"https:\\\/\\\/www.ascef.com\\\/es\\\/lassociacio-catalana-de-lempresa-familiar-i-el-collegi-deconomistes-de-catalunya-signen-un-conveni-de-collaboracio\\\/\"},\"wordCount\":142,\"commentCount\":0,\"image\":{\"@id\":\"https:\\\/\\\/www.ascef.com\\\/es\\\/lassociacio-catalana-de-lempresa-familiar-i-el-collegi-deconomistes-de-catalunya-signen-un-conveni-de-collaboracio\\\/#primaryimage\"},\"thumbnailUrl\":\"https:\\\/\\\/www.ascef.com\\\/wp-content\\\/uploads\\\/2023\\\/05\\\/1683108074340.jpg\",\"keywords\":[\"ASCEF\",\"conveni\"],\"articleSection\":[\"general\"],\"inLanguage\":\"es\"},{\"@type\":\"WebPage\",\"@id\":\"https:\\\/\\\/www.ascef.com\\\/es\\\/lassociacio-catalana-de-lempresa-familiar-i-el-collegi-deconomistes-de-catalunya-signen-un-conveni-de-collaboracio\\\/\",\"url\":\"https:\\\/\\\/www.ascef.com\\\/es\\\/lassociacio-catalana-de-lempresa-familiar-i-el-collegi-deconomistes-de-catalunya-signen-un-conveni-de-collaboracio\\\/\",\"name\":\"La Asociaci\u00f3n Catalana de la Empresa Familiar y el Colegio de Economistas de Catalunya firman un convenio de colaboraci\u00f3n - ASCEF\",\"isPartOf\":{\"@id\":\"https:\\\/\\\/www.ascef.com\\\/es\\\/#website\"},\"primaryImageOfPage\":{\"@id\":\"https:\\\/\\\/www.ascef.com\\\/es\\\/lassociacio-catalana-de-lempresa-familiar-i-el-collegi-deconomistes-de-catalunya-signen-un-conveni-de-collaboracio\\\/#primaryimage\"},\"image\":{\"@id\":\"https:\\\/\\\/www.ascef.com\\\/es\\\/lassociacio-catalana-de-lempresa-familiar-i-el-collegi-deconomistes-de-catalunya-signen-un-conveni-de-collaboracio\\\/#primaryimage\"},\"thumbnailUrl\":\"https:\\\/\\\/www.ascef.com\\\/wp-content\\\/uploads\\\/2023\\\/05\\\/1683108074340.jpg\",\"datePublished\":\"2023-05-05T09:34:58+00:00\",\"dateModified\":\"2023-05-05T09:41:24+00:00\",\"author\":{\"@id\":\"https:\\\/\\\/www.ascef.com\\\/es\\\/#\\\/schema\\\/person\\\/818edf5b5f3a1179bca4deca82c739f5\"},\"breadcrumb\":{\"@id\":\"https:\\\/\\\/www.ascef.com\\\/es\\\/lassociacio-catalana-de-lempresa-familiar-i-el-collegi-deconomistes-de-catalunya-signen-un-conveni-de-collaboracio\\\/#breadcrumb\"},\"inLanguage\":\"es\",\"potentialAction\":[{\"@type\":\"ReadAction\",\"target\":[\"https:\\\/\\\/www.ascef.com\\\/es\\\/lassociacio-catalana-de-lempresa-familiar-i-el-collegi-deconomistes-de-catalunya-signen-un-conveni-de-collaboracio\\\/\"]}]},{\"@type\":\"ImageObject\",\"inLanguage\":\"es\",\"@id\":\"https:\\\/\\\/www.ascef.com\\\/es\\\/lassociacio-catalana-de-lempresa-familiar-i-el-collegi-deconomistes-de-catalunya-signen-un-conveni-de-collaboracio\\\/#primaryimage\",\"url\":\"https:\\\/\\\/www.ascef.com\\\/wp-content\\\/uploads\\\/2023\\\/05\\\/1683108074340.jpg\",\"contentUrl\":\"https:\\\/\\\/www.ascef.com\\\/wp-content\\\/uploads\\\/2023\\\/05\\\/1683108074340.jpg\",\"width\":2018,\"height\":1421},{\"@type\":\"BreadcrumbList\",\"@id\":\"https:\\\/\\\/www.ascef.com\\\/es\\\/lassociacio-catalana-de-lempresa-familiar-i-el-collegi-deconomistes-de-catalunya-signen-un-conveni-de-collaboracio\\\/#breadcrumb\",\"itemListElement\":[{\"@type\":\"ListItem\",\"position\":1,\"name\":\"Portada\",\"item\":\"https:\\\/\\\/www.ascef.com\\\/es\\\/\"},{\"@type\":\"ListItem\",\"position\":2,\"name\":\"La Asociaci\u00f3n Catalana de la Empresa Familiar y el Colegio de Economistas de Catalunya firman un convenio de colaboraci\u00f3n\"}]},{\"@type\":\"WebSite\",\"@id\":\"https:\\\/\\\/www.ascef.com\\\/es\\\/#website\",\"url\":\"https:\\\/\\\/www.ascef.com\\\/es\\\/\",\"name\":\"ASCEF\",\"description\":\"Associaci\u00f3 Catalana de l\u2019Empresa Familiar\",\"potentialAction\":[{\"@type\":\"SearchAction\",\"target\":{\"@type\":\"EntryPoint\",\"urlTemplate\":\"https:\\\/\\\/www.ascef.com\\\/es\\\/?s={search_term_string}\"},\"query-input\":{\"@type\":\"PropertyValueSpecification\",\"valueRequired\":true,\"valueName\":\"search_term_string\"}}],\"inLanguage\":\"es\"},{\"@type\":\"Person\",\"@id\":\"https:\\\/\\\/www.ascef.com\\\/es\\\/#\\\/schema\\\/person\\\/818edf5b5f3a1179bca4deca82c739f5\",\"name\":\"usuari_ascef_admin\",\"url\":\"https:\\\/\\\/www.ascef.com\\\/es\\\/author\\\/usuari_ascef_admin\\\/\"}]}<\/script>\n<!-- \/ Yoast SEO plugin. -->","yoast_head_json":{"title":"La Asociaci\u00f3n Catalana de la Empresa Familiar y el Colegio de Economistas de Catalunya firman un convenio de colaboraci\u00f3n - ASCEF","robots":{"index":"index","follow":"follow","max-snippet":"max-snippet:-1","max-image-preview":"max-image-preview:large","max-video-preview":"max-video-preview:-1"},"canonical":"https:\/\/www.ascef.com\/es\/lassociacio-catalana-de-lempresa-familiar-i-el-collegi-deconomistes-de-catalunya-signen-un-conveni-de-collaboracio\/","og_locale":"es_ES","og_type":"article","og_title":"La Asociaci\u00f3n Catalana de la Empresa Familiar y el Colegio de Economistas de Catalunya firman un convenio de colaboraci\u00f3n - ASCEF","og_description":"El 3 de mayo de 2023, la Asociaci\u00f3n Catalana de la Empresa Familiar (ASCEF) representada por su presidente Jaume Alsina, y el Colegio de Economistas de Catalunya (CEC), representado por su decano, Carles Puig de Travy, firmaron un convenio de colaboraci\u00f3n para establecer un marco de trabajo en temas de inter\u00e9s com\u00fan. Gracias a este [&hellip;]","og_url":"https:\/\/www.ascef.com\/es\/lassociacio-catalana-de-lempresa-familiar-i-el-collegi-deconomistes-de-catalunya-signen-un-conveni-de-collaboracio\/","og_site_name":"ASCEF","article_published_time":"2023-05-05T09:34:58+00:00","article_modified_time":"2023-05-05T09:41:24+00:00","og_image":[{"width":2018,"height":1421,"url":"https:\/\/www.ascef.com\/wp-content\/uploads\/2023\/05\/1683108074340.jpg","type":"image\/jpeg"}],"author":"usuari_ascef_admin","twitter_card":"summary_large_image","twitter_misc":{"Escrito por":"usuari_ascef_admin","Tiempo de lectura":"1 minuto"},"schema":{"@context":"https:\/\/schema.org","@graph":[{"@type":"Article","@id":"https:\/\/www.ascef.com\/es\/lassociacio-catalana-de-lempresa-familiar-i-el-collegi-deconomistes-de-catalunya-signen-un-conveni-de-collaboracio\/#article","isPartOf":{"@id":"https:\/\/www.ascef.com\/es\/lassociacio-catalana-de-lempresa-familiar-i-el-collegi-deconomistes-de-catalunya-signen-un-conveni-de-collaboracio\/"},"author":{"name":"usuari_ascef_admin","@id":"https:\/\/www.ascef.com\/es\/#\/schema\/person\/818edf5b5f3a1179bca4deca82c739f5"},"headline":"La Asociaci\u00f3n Catalana de la Empresa Familiar y el Colegio de Economistas de Catalunya firman un convenio de colaboraci\u00f3n","datePublished":"2023-05-05T09:34:58+00:00","dateModified":"2023-05-05T09:41:24+00:00","mainEntityOfPage":{"@id":"https:\/\/www.ascef.com\/es\/lassociacio-catalana-de-lempresa-familiar-i-el-collegi-deconomistes-de-catalunya-signen-un-conveni-de-collaboracio\/"},"wordCount":142,"commentCount":0,"image":{"@id":"https:\/\/www.ascef.com\/es\/lassociacio-catalana-de-lempresa-familiar-i-el-collegi-deconomistes-de-catalunya-signen-un-conveni-de-collaboracio\/#primaryimage"},"thumbnailUrl":"https:\/\/www.ascef.com\/wp-content\/uploads\/2023\/05\/1683108074340.jpg","keywords":["ASCEF","conveni"],"articleSection":["general"],"inLanguage":"es"},{"@type":"WebPage","@id":"https:\/\/www.ascef.com\/es\/lassociacio-catalana-de-lempresa-familiar-i-el-collegi-deconomistes-de-catalunya-signen-un-conveni-de-collaboracio\/","url":"https:\/\/www.ascef.com\/es\/lassociacio-catalana-de-lempresa-familiar-i-el-collegi-deconomistes-de-catalunya-signen-un-conveni-de-collaboracio\/","name":"La Asociaci\u00f3n Catalana de la Empresa Familiar y el Colegio de Economistas de Catalunya firman un convenio de colaboraci\u00f3n - ASCEF","isPartOf":{"@id":"https:\/\/www.ascef.com\/es\/#website"},"primaryImageOfPage":{"@id":"https:\/\/www.ascef.com\/es\/lassociacio-catalana-de-lempresa-familiar-i-el-collegi-deconomistes-de-catalunya-signen-un-conveni-de-collaboracio\/#primaryimage"},"image":{"@id":"https:\/\/www.ascef.com\/es\/lassociacio-catalana-de-lempresa-familiar-i-el-collegi-deconomistes-de-catalunya-signen-un-conveni-de-collaboracio\/#primaryimage"},"thumbnailUrl":"https:\/\/www.ascef.com\/wp-content\/uploads\/2023\/05\/1683108074340.jpg","datePublished":"2023-05-05T09:34:58+00:00","dateModified":"2023-05-05T09:41:24+00:00","author":{"@id":"https:\/\/www.ascef.com\/es\/#\/schema\/person\/818edf5b5f3a1179bca4deca82c739f5"},"breadcrumb":{"@id":"https:\/\/www.ascef.com\/es\/lassociacio-catalana-de-lempresa-familiar-i-el-collegi-deconomistes-de-catalunya-signen-un-conveni-de-collaboracio\/#breadcrumb"},"inLanguage":"es","potentialAction":[{"@type":"ReadAction","target":["https:\/\/www.ascef.com\/es\/lassociacio-catalana-de-lempresa-familiar-i-el-collegi-deconomistes-de-catalunya-signen-un-conveni-de-collaboracio\/"]}]},{"@type":"ImageObject","inLanguage":"es","@id":"https:\/\/www.ascef.com\/es\/lassociacio-catalana-de-lempresa-familiar-i-el-collegi-deconomistes-de-catalunya-signen-un-conveni-de-collaboracio\/#primaryimage","url":"https:\/\/www.ascef.com\/wp-content\/uploads\/2023\/05\/1683108074340.jpg","contentUrl":"https:\/\/www.ascef.com\/wp-content\/uploads\/2023\/05\/1683108074340.jpg","width":2018,"height":1421},{"@type":"BreadcrumbList","@id":"https:\/\/www.ascef.com\/es\/lassociacio-catalana-de-lempresa-familiar-i-el-collegi-deconomistes-de-catalunya-signen-un-conveni-de-collaboracio\/#breadcrumb","itemListElement":[{"@type":"ListItem","position":1,"name":"Portada","item":"https:\/\/www.ascef.com\/es\/"},{"@type":"ListItem","position":2,"name":"La Asociaci\u00f3n Catalana de la Empresa Familiar y el Colegio de Economistas de Catalunya firman un convenio de colaboraci\u00f3n"}]},{"@type":"WebSite","@id":"https:\/\/www.ascef.com\/es\/#website","url":"https:\/\/www.ascef.com\/es\/","name":"ASCEF","description":"Associaci\u00f3 Catalana de l\u2019Empresa Familiar","potentialAction":[{"@type":"SearchAction","target":{"@type":"EntryPoint","urlTemplate":"https:\/\/www.ascef.com\/es\/?s={search_term_string}"},"query-input":{"@type":"PropertyValueSpecification","valueRequired":true,"valueName":"search_term_string"}}],"inLanguage":"es"},{"@type":"Person","@id":"https:\/\/www.ascef.com\/es\/#\/schema\/person\/818edf5b5f3a1179bca4deca82c739f5","name":"usuari_ascef_admin","url":"https:\/\/www.ascef.com\/es\/author\/usuari_ascef_admin\/"}]}},"_links":{"self":[{"href":"https:\/\/www.ascef.com\/es\/wp-json\/wp\/v2\/posts\/6197","targetHints":{"allow":["GET"]}}],"collection":[{"href":"https:\/\/www.ascef.com\/es\/wp-json\/wp\/v2\/posts"}],"about":[{"href":"https:\/\/www.ascef.com\/es\/wp-json\/wp\/v2\/types\/post"}],"author":[{"embeddable":true,"href":"https:\/\/www.ascef.com\/es\/wp-json\/wp\/v2\/users\/311"}],"replies":[{"embeddable":true,"href":"https:\/\/www.ascef.com\/es\/wp-json\/wp\/v2\/comments?post=6197"}],"version-history":[{"count":2,"href":"https:\/\/www.ascef.com\/es\/wp-json\/wp\/v2\/posts\/6197\/revisions"}],"predecessor-version":[{"id":6200,"href":"https:\/\/www.ascef.com\/es\/wp-json\/wp\/v2\/posts\/6197\/revisions\/6200"}],"wp:featuredmedia":[{"embeddable":true,"href":"https:\/\/www.ascef.com\/es\/wp-json\/wp\/v2\/media\/6195"}],"wp:attachment":[{"href":"https:\/\/www.ascef.com\/es\/wp-json\/wp\/v2\/media?parent=6197"}],"wp:term":[{"taxonomy":"category","embeddable":true,"href":"https:\/\/www.ascef.com\/es\/wp-json\/wp\/v2\/categories?post=6197"},{"taxonomy":"post_tag","embeddable":true,"href":"https:\/\/www.ascef.com\/es\/wp-json\/wp\/v2\/tags?post=6197"}],"curies":[{"name":"wp","href":"https:\/\/api.w.org\/{rel}","templated":true}]}}