{"id":6050,"date":"2023-03-31T09:34:23","date_gmt":"2023-03-31T09:34:23","guid":{"rendered":"https:\/\/www.ascef.com\/?p=6050"},"modified":"2023-03-31T09:35:57","modified_gmt":"2023-03-31T09:35:57","slug":"el-forum-de-la-ascef-participa-en-la-cuatracasas-legal-week","status":"publish","type":"post","link":"https:\/\/www.ascef.com\/es\/el-forum-de-la-ascef-participa-en-la-cuatracasas-legal-week\/","title":{"rendered":"El Forum de la ASCEF participa en la \u00abCuatracasas Legal Week\u00bb"},"content":{"rendered":"<p>Ricard Oller , presidente del F\u00f3rum de la Asociaci\u00f3n Catalana de la Empresa Familiar y Albert Borr\u00e1s, miembro del comit\u00e9 del F\u00f3rum de la ASCEF han impartido una sesi\u00f3n que forma parte del programa \u201cCuatrecasas Legal Week\u201d para los alumnos de \u00faltimo curso de Derecho de la Universidad Panamericana de M\u00e9xico. Un programa innovador sobre derecho de los negocios que ha dedicado una parte importante a los retos y oportunidades de la Empresa Familiar.<\/p>\n","protected":false},"excerpt":{"rendered":"<p>Ricard Oller , presidente del F\u00f3rum de la Asociaci\u00f3n Catalana de la Empresa Familiar y Albert Borr\u00e1s, miembro del comit\u00e9 del F\u00f3rum de la ASCEF han impartido una sesi\u00f3n que forma parte del programa \u201cCuatrecasas Legal Week\u201d para los alumnos de \u00faltimo curso de Derecho de la Universidad Panamericana de M\u00e9xico. Un programa innovador sobre [&hellip;]<\/p>\n","protected":false},"author":311,"featured_media":6048,"comment_status":"open","ping_status":"closed","sticky":false,"template":"","format":"standard","meta":{"_acf_changed":false,"footnotes":""},"categories":[185],"tags":[],"class_list":["post-6050","post","type-post","status-publish","format-standard","has-post-thumbnail","hentry","category-general"],"acf":[],"yoast_head":"<!-- This site is optimized with the Yoast SEO plugin v27.5 - https:\/\/yoast.com\/product\/yoast-seo-wordpress\/ -->\n<title>El Forum de la ASCEF participa en la &quot;Cuatracasas Legal Week&quot; - ASCEF<\/title>\n<meta name=\"robots\" content=\"index, follow, max-snippet:-1, max-image-preview:large, max-video-preview:-1\" \/>\n<link rel=\"canonical\" href=\"https:\/\/www.ascef.com\/es\/el-forum-de-la-ascef-participa-en-la-cuatracasas-legal-week\/\" \/>\n<meta property=\"og:locale\" content=\"es_ES\" \/>\n<meta property=\"og:type\" content=\"article\" \/>\n<meta property=\"og:title\" content=\"El Forum de la ASCEF participa en la &quot;Cuatracasas Legal Week&quot; - ASCEF\" \/>\n<meta property=\"og:description\" content=\"Ricard Oller , presidente del F\u00f3rum de la Asociaci\u00f3n Catalana de la Empresa Familiar y Albert Borr\u00e1s, miembro del comit\u00e9 del F\u00f3rum de la ASCEF han impartido una sesi\u00f3n que forma parte del programa \u201cCuatrecasas Legal Week\u201d para los alumnos de \u00faltimo curso de Derecho de la Universidad Panamericana de M\u00e9xico. Un programa innovador sobre [&hellip;]\" \/>\n<meta property=\"og:url\" content=\"https:\/\/www.ascef.com\/es\/el-forum-de-la-ascef-participa-en-la-cuatracasas-legal-week\/\" \/>\n<meta property=\"og:site_name\" content=\"ASCEF\" \/>\n<meta property=\"article:published_time\" content=\"2023-03-31T09:34:23+00:00\" \/>\n<meta property=\"article:modified_time\" content=\"2023-03-31T09:35:57+00:00\" \/>\n<meta property=\"og:image\" content=\"https:\/\/www.ascef.com\/wp-content\/uploads\/2023\/03\/cuatrracasa-legal-week-scaled.jpg\" \/>\n\t<meta property=\"og:image:width\" content=\"2560\" \/>\n\t<meta property=\"og:image:height\" content=\"1920\" \/>\n\t<meta property=\"og:image:type\" content=\"image\/jpeg\" \/>\n<meta name=\"author\" content=\"usuari_ascef_admin\" \/>\n<meta name=\"twitter:card\" content=\"summary_large_image\" \/>\n<meta name=\"twitter:label1\" content=\"Escrito por\" \/>\n\t<meta name=\"twitter:data1\" content=\"usuari_ascef_admin\" \/>\n\t<meta name=\"twitter:label2\" content=\"Tiempo de lectura\" \/>\n\t<meta name=\"twitter:data2\" content=\"1 minuto\" \/>\n<script type=\"application\/ld+json\" class=\"yoast-schema-graph\">{\"@context\":\"https:\\\/\\\/schema.org\",\"@graph\":[{\"@type\":\"Article\",\"@id\":\"https:\\\/\\\/www.ascef.com\\\/es\\\/el-forum-de-la-ascef-participa-en-la-cuatracasas-legal-week\\\/#article\",\"isPartOf\":{\"@id\":\"https:\\\/\\\/www.ascef.com\\\/es\\\/el-forum-de-la-ascef-participa-en-la-cuatracasas-legal-week\\\/\"},\"author\":{\"name\":\"usuari_ascef_admin\",\"@id\":\"https:\\\/\\\/www.ascef.com\\\/es\\\/#\\\/schema\\\/person\\\/818edf5b5f3a1179bca4deca82c739f5\"},\"headline\":\"El Forum de la ASCEF participa en la \u00abCuatracasas Legal Week\u00bb\",\"datePublished\":\"2023-03-31T09:34:23+00:00\",\"dateModified\":\"2023-03-31T09:35:57+00:00\",\"mainEntityOfPage\":{\"@id\":\"https:\\\/\\\/www.ascef.com\\\/es\\\/el-forum-de-la-ascef-participa-en-la-cuatracasas-legal-week\\\/\"},\"wordCount\":90,\"commentCount\":0,\"image\":{\"@id\":\"https:\\\/\\\/www.ascef.com\\\/es\\\/el-forum-de-la-ascef-participa-en-la-cuatracasas-legal-week\\\/#primaryimage\"},\"thumbnailUrl\":\"https:\\\/\\\/www.ascef.com\\\/wp-content\\\/uploads\\\/2023\\\/03\\\/cuatrracasa-legal-week-scaled.jpg\",\"articleSection\":[\"general\"],\"inLanguage\":\"es\"},{\"@type\":\"WebPage\",\"@id\":\"https:\\\/\\\/www.ascef.com\\\/es\\\/el-forum-de-la-ascef-participa-en-la-cuatracasas-legal-week\\\/\",\"url\":\"https:\\\/\\\/www.ascef.com\\\/es\\\/el-forum-de-la-ascef-participa-en-la-cuatracasas-legal-week\\\/\",\"name\":\"El Forum de la ASCEF participa en la \\\"Cuatracasas Legal Week\\\" - ASCEF\",\"isPartOf\":{\"@id\":\"https:\\\/\\\/www.ascef.com\\\/es\\\/#website\"},\"primaryImageOfPage\":{\"@id\":\"https:\\\/\\\/www.ascef.com\\\/es\\\/el-forum-de-la-ascef-participa-en-la-cuatracasas-legal-week\\\/#primaryimage\"},\"image\":{\"@id\":\"https:\\\/\\\/www.ascef.com\\\/es\\\/el-forum-de-la-ascef-participa-en-la-cuatracasas-legal-week\\\/#primaryimage\"},\"thumbnailUrl\":\"https:\\\/\\\/www.ascef.com\\\/wp-content\\\/uploads\\\/2023\\\/03\\\/cuatrracasa-legal-week-scaled.jpg\",\"datePublished\":\"2023-03-31T09:34:23+00:00\",\"dateModified\":\"2023-03-31T09:35:57+00:00\",\"author\":{\"@id\":\"https:\\\/\\\/www.ascef.com\\\/es\\\/#\\\/schema\\\/person\\\/818edf5b5f3a1179bca4deca82c739f5\"},\"breadcrumb\":{\"@id\":\"https:\\\/\\\/www.ascef.com\\\/es\\\/el-forum-de-la-ascef-participa-en-la-cuatracasas-legal-week\\\/#breadcrumb\"},\"inLanguage\":\"es\",\"potentialAction\":[{\"@type\":\"ReadAction\",\"target\":[\"https:\\\/\\\/www.ascef.com\\\/es\\\/el-forum-de-la-ascef-participa-en-la-cuatracasas-legal-week\\\/\"]}]},{\"@type\":\"ImageObject\",\"inLanguage\":\"es\",\"@id\":\"https:\\\/\\\/www.ascef.com\\\/es\\\/el-forum-de-la-ascef-participa-en-la-cuatracasas-legal-week\\\/#primaryimage\",\"url\":\"https:\\\/\\\/www.ascef.com\\\/wp-content\\\/uploads\\\/2023\\\/03\\\/cuatrracasa-legal-week-scaled.jpg\",\"contentUrl\":\"https:\\\/\\\/www.ascef.com\\\/wp-content\\\/uploads\\\/2023\\\/03\\\/cuatrracasa-legal-week-scaled.jpg\",\"width\":2560,\"height\":1920},{\"@type\":\"BreadcrumbList\",\"@id\":\"https:\\\/\\\/www.ascef.com\\\/es\\\/el-forum-de-la-ascef-participa-en-la-cuatracasas-legal-week\\\/#breadcrumb\",\"itemListElement\":[{\"@type\":\"ListItem\",\"position\":1,\"name\":\"Portada\",\"item\":\"https:\\\/\\\/www.ascef.com\\\/es\\\/\"},{\"@type\":\"ListItem\",\"position\":2,\"name\":\"El Forum de la ASCEF participa en la &#8220;Cuatracasas Legal Week&#8221;\"}]},{\"@type\":\"WebSite\",\"@id\":\"https:\\\/\\\/www.ascef.com\\\/es\\\/#website\",\"url\":\"https:\\\/\\\/www.ascef.com\\\/es\\\/\",\"name\":\"ASCEF\",\"description\":\"Associaci\u00f3 Catalana de l\u2019Empresa Familiar\",\"potentialAction\":[{\"@type\":\"SearchAction\",\"target\":{\"@type\":\"EntryPoint\",\"urlTemplate\":\"https:\\\/\\\/www.ascef.com\\\/es\\\/?s={search_term_string}\"},\"query-input\":{\"@type\":\"PropertyValueSpecification\",\"valueRequired\":true,\"valueName\":\"search_term_string\"}}],\"inLanguage\":\"es\"},{\"@type\":\"Person\",\"@id\":\"https:\\\/\\\/www.ascef.com\\\/es\\\/#\\\/schema\\\/person\\\/818edf5b5f3a1179bca4deca82c739f5\",\"name\":\"usuari_ascef_admin\",\"url\":\"https:\\\/\\\/www.ascef.com\\\/es\\\/author\\\/usuari_ascef_admin\\\/\"}]}<\/script>\n<!-- \/ Yoast SEO plugin. -->","yoast_head_json":{"title":"El Forum de la ASCEF participa en la \"Cuatracasas Legal Week\" - ASCEF","robots":{"index":"index","follow":"follow","max-snippet":"max-snippet:-1","max-image-preview":"max-image-preview:large","max-video-preview":"max-video-preview:-1"},"canonical":"https:\/\/www.ascef.com\/es\/el-forum-de-la-ascef-participa-en-la-cuatracasas-legal-week\/","og_locale":"es_ES","og_type":"article","og_title":"El Forum de la ASCEF participa en la \"Cuatracasas Legal Week\" - ASCEF","og_description":"Ricard Oller , presidente del F\u00f3rum de la Asociaci\u00f3n Catalana de la Empresa Familiar y Albert Borr\u00e1s, miembro del comit\u00e9 del F\u00f3rum de la ASCEF han impartido una sesi\u00f3n que forma parte del programa \u201cCuatrecasas Legal Week\u201d para los alumnos de \u00faltimo curso de Derecho de la Universidad Panamericana de M\u00e9xico. Un programa innovador sobre [&hellip;]","og_url":"https:\/\/www.ascef.com\/es\/el-forum-de-la-ascef-participa-en-la-cuatracasas-legal-week\/","og_site_name":"ASCEF","article_published_time":"2023-03-31T09:34:23+00:00","article_modified_time":"2023-03-31T09:35:57+00:00","og_image":[{"width":2560,"height":1920,"url":"https:\/\/www.ascef.com\/wp-content\/uploads\/2023\/03\/cuatrracasa-legal-week-scaled.jpg","type":"image\/jpeg"}],"author":"usuari_ascef_admin","twitter_card":"summary_large_image","twitter_misc":{"Escrito por":"usuari_ascef_admin","Tiempo de lectura":"1 minuto"},"schema":{"@context":"https:\/\/schema.org","@graph":[{"@type":"Article","@id":"https:\/\/www.ascef.com\/es\/el-forum-de-la-ascef-participa-en-la-cuatracasas-legal-week\/#article","isPartOf":{"@id":"https:\/\/www.ascef.com\/es\/el-forum-de-la-ascef-participa-en-la-cuatracasas-legal-week\/"},"author":{"name":"usuari_ascef_admin","@id":"https:\/\/www.ascef.com\/es\/#\/schema\/person\/818edf5b5f3a1179bca4deca82c739f5"},"headline":"El Forum de la ASCEF participa en la \u00abCuatracasas Legal Week\u00bb","datePublished":"2023-03-31T09:34:23+00:00","dateModified":"2023-03-31T09:35:57+00:00","mainEntityOfPage":{"@id":"https:\/\/www.ascef.com\/es\/el-forum-de-la-ascef-participa-en-la-cuatracasas-legal-week\/"},"wordCount":90,"commentCount":0,"image":{"@id":"https:\/\/www.ascef.com\/es\/el-forum-de-la-ascef-participa-en-la-cuatracasas-legal-week\/#primaryimage"},"thumbnailUrl":"https:\/\/www.ascef.com\/wp-content\/uploads\/2023\/03\/cuatrracasa-legal-week-scaled.jpg","articleSection":["general"],"inLanguage":"es"},{"@type":"WebPage","@id":"https:\/\/www.ascef.com\/es\/el-forum-de-la-ascef-participa-en-la-cuatracasas-legal-week\/","url":"https:\/\/www.ascef.com\/es\/el-forum-de-la-ascef-participa-en-la-cuatracasas-legal-week\/","name":"El Forum de la ASCEF participa en la \"Cuatracasas Legal Week\" - ASCEF","isPartOf":{"@id":"https:\/\/www.ascef.com\/es\/#website"},"primaryImageOfPage":{"@id":"https:\/\/www.ascef.com\/es\/el-forum-de-la-ascef-participa-en-la-cuatracasas-legal-week\/#primaryimage"},"image":{"@id":"https:\/\/www.ascef.com\/es\/el-forum-de-la-ascef-participa-en-la-cuatracasas-legal-week\/#primaryimage"},"thumbnailUrl":"https:\/\/www.ascef.com\/wp-content\/uploads\/2023\/03\/cuatrracasa-legal-week-scaled.jpg","datePublished":"2023-03-31T09:34:23+00:00","dateModified":"2023-03-31T09:35:57+00:00","author":{"@id":"https:\/\/www.ascef.com\/es\/#\/schema\/person\/818edf5b5f3a1179bca4deca82c739f5"},"breadcrumb":{"@id":"https:\/\/www.ascef.com\/es\/el-forum-de-la-ascef-participa-en-la-cuatracasas-legal-week\/#breadcrumb"},"inLanguage":"es","potentialAction":[{"@type":"ReadAction","target":["https:\/\/www.ascef.com\/es\/el-forum-de-la-ascef-participa-en-la-cuatracasas-legal-week\/"]}]},{"@type":"ImageObject","inLanguage":"es","@id":"https:\/\/www.ascef.com\/es\/el-forum-de-la-ascef-participa-en-la-cuatracasas-legal-week\/#primaryimage","url":"https:\/\/www.ascef.com\/wp-content\/uploads\/2023\/03\/cuatrracasa-legal-week-scaled.jpg","contentUrl":"https:\/\/www.ascef.com\/wp-content\/uploads\/2023\/03\/cuatrracasa-legal-week-scaled.jpg","width":2560,"height":1920},{"@type":"BreadcrumbList","@id":"https:\/\/www.ascef.com\/es\/el-forum-de-la-ascef-participa-en-la-cuatracasas-legal-week\/#breadcrumb","itemListElement":[{"@type":"ListItem","position":1,"name":"Portada","item":"https:\/\/www.ascef.com\/es\/"},{"@type":"ListItem","position":2,"name":"El Forum de la ASCEF participa en la &#8220;Cuatracasas Legal Week&#8221;"}]},{"@type":"WebSite","@id":"https:\/\/www.ascef.com\/es\/#website","url":"https:\/\/www.ascef.com\/es\/","name":"ASCEF","description":"Associaci\u00f3 Catalana de l\u2019Empresa Familiar","potentialAction":[{"@type":"SearchAction","target":{"@type":"EntryPoint","urlTemplate":"https:\/\/www.ascef.com\/es\/?s={search_term_string}"},"query-input":{"@type":"PropertyValueSpecification","valueRequired":true,"valueName":"search_term_string"}}],"inLanguage":"es"},{"@type":"Person","@id":"https:\/\/www.ascef.com\/es\/#\/schema\/person\/818edf5b5f3a1179bca4deca82c739f5","name":"usuari_ascef_admin","url":"https:\/\/www.ascef.com\/es\/author\/usuari_ascef_admin\/"}]}},"_links":{"self":[{"href":"https:\/\/www.ascef.com\/es\/wp-json\/wp\/v2\/posts\/6050","targetHints":{"allow":["GET"]}}],"collection":[{"href":"https:\/\/www.ascef.com\/es\/wp-json\/wp\/v2\/posts"}],"about":[{"href":"https:\/\/www.ascef.com\/es\/wp-json\/wp\/v2\/types\/post"}],"author":[{"embeddable":true,"href":"https:\/\/www.ascef.com\/es\/wp-json\/wp\/v2\/users\/311"}],"replies":[{"embeddable":true,"href":"https:\/\/www.ascef.com\/es\/wp-json\/wp\/v2\/comments?post=6050"}],"version-history":[{"count":3,"href":"https:\/\/www.ascef.com\/es\/wp-json\/wp\/v2\/posts\/6050\/revisions"}],"predecessor-version":[{"id":6053,"href":"https:\/\/www.ascef.com\/es\/wp-json\/wp\/v2\/posts\/6050\/revisions\/6053"}],"wp:featuredmedia":[{"embeddable":true,"href":"https:\/\/www.ascef.com\/es\/wp-json\/wp\/v2\/media\/6048"}],"wp:attachment":[{"href":"https:\/\/www.ascef.com\/es\/wp-json\/wp\/v2\/media?parent=6050"}],"wp:term":[{"taxonomy":"category","embeddable":true,"href":"https:\/\/www.ascef.com\/es\/wp-json\/wp\/v2\/categories?post=6050"},{"taxonomy":"post_tag","embeddable":true,"href":"https:\/\/www.ascef.com\/es\/wp-json\/wp\/v2\/tags?post=6050"}],"curies":[{"name":"wp","href":"https:\/\/api.w.org\/{rel}","templated":true}]}}