{"id":6024,"date":"2023-03-31T07:49:43","date_gmt":"2023-03-31T07:49:43","guid":{"rendered":"https:\/\/www.ascef.com\/?p=6024"},"modified":"2023-03-31T08:15:00","modified_gmt":"2023-03-31T08:15:00","slug":"kpmg-nos-habla-de-la-evolucion-del-precio-de-la-energia-y-la-necesidad-de-optimizar-la-gestion-de-la-energia-en-la-empresa-familiar","status":"publish","type":"post","link":"https:\/\/www.ascef.com\/es\/kpmg-nos-habla-de-la-evolucion-del-precio-de-la-energia-y-la-necesidad-de-optimizar-la-gestion-de-la-energia-en-la-empresa-familiar\/","title":{"rendered":"KPMG nos habla de la evoluci\u00f3n del precio de la energ\u00eda y la necesidad de optimizar la gesti\u00f3n de la energ\u00eda en la empresa familiar"},"content":{"rendered":"<p>Nuestro colaborador KPMG con Carlos Sol\u00e9, socio responsable de Energ\u00eda, nos ampl\u00eda algunos aspectos sobre la coyuntura actual del precio de la energ\u00eda y las perspectivas para los pr\u00f3ximos meses, poniendo el foco en la necesidad de que las empresas familiares optimicen la su estrategia de gesti\u00f3n de la energ\u00eda y la eficiencia del consumo.<\/p>\n<p><strong>El aumento del coste de la energ\u00eda comenz\u00f3 antes de la guerra en Ucrania. M\u00e1s all\u00e1 de la guerra, \u00bfcu\u00e1les son las causas de este encarecimiento?<\/strong><\/p>\n<p>En el segundo semestre de 2021 comenz\u00f3 la escalada de precios del gas en los mercados internacionales, provocada por un desacoplamiento entre la producci\u00f3n y la demanda, que fue consecuencia de la recuperaci\u00f3n econ\u00f3mica tras la crisis de la COVID, principalmente en Asia-Pac\u00edfico , de forma que los precios del gas natural pasaron de los 20 \u20ac\/MWh en 2020 a m\u00e1s de 150 \u20ac\/MWh al cierre de 2021. Esta evoluci\u00f3n al alza de los precios del gas, que se traslada directamente a los precios del gas electricidad, reflej\u00f3 incrementos nunca vistos que se intensificaron a\u00fan m\u00e1s con las consecuencias derivadas de la invasi\u00f3n de Rusia a Ucrania. El consumo de gas de la Uni\u00f3n Europea antes del conflicto proced\u00eda en un 40% de Rusia y, tras las medidas adoptadas que buscan eliminar esa dependencia, actualmente se ha reducido al 8%. Esta reducci\u00f3n de uso de un gas barato es tambi\u00e9n un factor que influye en la escalada de los precios.<\/p>\n<p><strong>\u00bfCu\u00e1les son las perspectivas a corto y medio plazo?<\/strong><\/p>\n<p>A cierre de 2022, los mercados de futuros de gas marcaron precios para 2023 del orden de los 190 \u20ac\/MWh y de 130 \u20ac\/MWh para 2024. Las previsiones de la Agencia Internacional de la Energ\u00eda apuntaban tambi\u00e9n a escenarios de precios elevados para los pr\u00f3ximos dos\/tres a\u00f1os. La situaci\u00f3n de la demanda global influenciada por un menor crecimiento de China, el nivel de llenado de los almacenamientos de gas en Europa que logr\u00f3 el objetivo marcado por la Comisi\u00f3n Europea del 80% y una menor demanda global de la industria han provocado que en los primeros meses de 2023 los precios del gas en el MIBGAS hayan bajado frente a estas expectativas y se hayan situado en torno a los 50 \u20ac\/MWh.<\/p>\n<p><strong>\u00bfPor qu\u00e9 las empresas familiares deben iniciar el camino hacia la transformaci\u00f3n energ\u00e9tica?<\/strong><\/p>\n<p>Las empresas familiares, y los consumidores en general, se enfrentan a escenarios de precios del gas y la electricidad m\u00e1s elevados que los ocurridos antes de la crisis de la COVID y con una volatilidad creciente derivada de la situaci\u00f3n geopol\u00edtica y una mayor penetraci\u00f3n de energ\u00edas renovables. Los procesos de transformaci\u00f3n de la matriz energ\u00e9tica en la ruta hacia la descarbonizaci\u00f3n en 2050, y con ambiciosos objetivos tambi\u00e9n para 2030, est\u00e1n ofreciendo a los consumidores nuevas oportunidades para jugar un rol m\u00e1s activo en la contrataci\u00f3n de sus suministros energ\u00e9ticos. Tanto la normativa europea como las implementaciones nacionales sit\u00faan progresivamente al consumidor en el centro de las decisiones, ofreci\u00e9ndole opciones para que contrate sus suministros en diferentes horizontes temporales, junto con oportunidades de adaptar la matriz energ\u00e9tica mediante instrumentos como el autoconsumo o la optimizaci\u00f3n de su demanda atendiendo a las se\u00f1ales de precios que emitan los mercados del gas y la electricidad. Esto requiere trabajar en una revisi\u00f3n de las estrategias tradicionales para obtener los beneficios de estas tendencias de transformaci\u00f3n.<\/p>\n<p><strong>\u00bfCu\u00e1les son los elementos clave para alcanzar la eficiencia energ\u00e9tica?<\/strong><\/p>\n<p>Como punto de partida, es necesario conocer bien la situaci\u00f3n de sus consumos y las oportunidades particulares de mejora. Pero no de manera aislada, sino combinando las diferentes palancas y herramientas que tiene a su disposici\u00f3n para optimizarlos. As\u00ed, el entorno invita a analizar de forma conjunta e interrelacionada las decisiones sobre qu\u00e9 porcentaje de la energ\u00eda se quiere contratar en cada horizonte temporal, es decir, el mercado para el corto plazo o la firma de un contrato de suministro de p.e. 2, 5 10 o 12 a\u00f1os, de acuerdo con la gesti\u00f3n de riesgos que se quiera realizar; junto con las oportunidades que ofrecen otras palancas como la instalaci\u00f3n de un autoconsumo o la mejora y transformaci\u00f3n de una l\u00ednea de consumo que pueda desplazarse a horarios en los que la energ\u00eda es m\u00e1s barata. En definitiva, entender el nuevo ecosistema energ\u00e9tico y las oportunidades que nos ofrece en una aplicaci\u00f3n individualizada para cada caso particular.<\/p>\n<p>&nbsp;<\/p>\n<p><em>Carlos Sol\u00e9, socio responsable de Energ\u00eda de KPMG<\/em><\/p>\n<p><em>Carlos Sol\u00e9 es el socio responsable de Energ\u00eda y Recursos Naturales de KPMG en Espa\u00f1a. Carlos se incorpor\u00f3 a KPMG en 2010, procedente de la Comisi\u00f3n Nacional de Energ\u00eda. Desde entonces ha sido el responsable de la creaci\u00f3n y desarrollo del departamento de Economics &amp; Regulation de KPMG en Espa\u00f1a, habiendo construido un equipo de consultores altamente especializado y una pr\u00e1ctica l\u00edder en el sector que ha prestado en los \u00faltimos a\u00f1os, a agentes del sector energ\u00e9tico en toda la cadena de valor, servicios de alto valor a\u00f1adido tales como: dise\u00f1o de propuestas de regulaci\u00f3n, an\u00e1lisis de mercados, evaluaci\u00f3n de impactos econ\u00f3micos, cumplimiento regulador, informes de experto independiente y llevando diligencias reguladoras a los sectores el\u00e9ctrico y de hidrocarburos. Anteriormente, Carlos fue director de Energ\u00eda El\u00e9ctrica de la Comisi\u00f3n Nacional de Energ\u00eda, y Subdirector de Mercado El\u00e9ctrico y Subdirector de Transporte y Operaci\u00f3n del Sistema en esa instituci\u00f3n.<\/em><\/p>\n","protected":false},"excerpt":{"rendered":"<p>Nuestro colaborador KPMG con Carlos Sol\u00e9, socio responsable de Energ\u00eda, nos ampl\u00eda algunos aspectos sobre la coyuntura actual del precio de la energ\u00eda y las perspectivas para los pr\u00f3ximos meses, poniendo el foco en la necesidad de que las empresas familiares optimicen la su estrategia de gesti\u00f3n de la energ\u00eda y la eficiencia del consumo. [&hellip;]<\/p>\n","protected":false},"author":311,"featured_media":5728,"comment_status":"open","ping_status":"closed","sticky":false,"template":"","format":"standard","meta":{"_acf_changed":false,"footnotes":""},"categories":[185],"tags":[],"class_list":["post-6024","post","type-post","status-publish","format-standard","has-post-thumbnail","hentry","category-general"],"acf":[],"yoast_head":"<!-- This site is optimized with the Yoast SEO plugin v27.5 - https:\/\/yoast.com\/product\/yoast-seo-wordpress\/ -->\n<title>KPMG nos habla de la evoluci\u00f3n del precio de la energ\u00eda y la necesidad de optimizar la gesti\u00f3n de la energ\u00eda en la empresa familiar - ASCEF<\/title>\n<meta name=\"robots\" content=\"index, follow, max-snippet:-1, max-image-preview:large, max-video-preview:-1\" \/>\n<link rel=\"canonical\" href=\"https:\/\/www.ascef.com\/es\/kpmg-nos-habla-de-la-evolucion-del-precio-de-la-energia-y-la-necesidad-de-optimizar-la-gestion-de-la-energia-en-la-empresa-familiar\/\" \/>\n<meta property=\"og:locale\" content=\"es_ES\" \/>\n<meta property=\"og:type\" content=\"article\" \/>\n<meta property=\"og:title\" content=\"KPMG nos habla de la evoluci\u00f3n del precio de la energ\u00eda y la necesidad de optimizar la gesti\u00f3n de la energ\u00eda en la empresa familiar - ASCEF\" \/>\n<meta property=\"og:description\" content=\"Nuestro colaborador KPMG con Carlos Sol\u00e9, socio responsable de Energ\u00eda, nos ampl\u00eda algunos aspectos sobre la coyuntura actual del precio de la energ\u00eda y las perspectivas para los pr\u00f3ximos meses, poniendo el foco en la necesidad de que las empresas familiares optimicen la su estrategia de gesti\u00f3n de la energ\u00eda y la eficiencia del consumo. [&hellip;]\" \/>\n<meta property=\"og:url\" content=\"https:\/\/www.ascef.com\/es\/kpmg-nos-habla-de-la-evolucion-del-precio-de-la-energia-y-la-necesidad-de-optimizar-la-gestion-de-la-energia-en-la-empresa-familiar\/\" \/>\n<meta property=\"og:site_name\" content=\"ASCEF\" \/>\n<meta property=\"article:published_time\" content=\"2023-03-31T07:49:43+00:00\" \/>\n<meta property=\"article:modified_time\" content=\"2023-03-31T08:15:00+00:00\" \/>\n<meta property=\"og:image\" content=\"https:\/\/www.ascef.com\/wp-content\/uploads\/2023\/03\/wind-energy-g65f38fad8_640.jpg\" \/>\n\t<meta property=\"og:image:width\" content=\"640\" \/>\n\t<meta property=\"og:image:height\" content=\"422\" \/>\n\t<meta property=\"og:image:type\" content=\"image\/jpeg\" \/>\n<meta name=\"author\" content=\"usuari_ascef_admin\" \/>\n<meta name=\"twitter:card\" content=\"summary_large_image\" \/>\n<meta name=\"twitter:label1\" content=\"Escrito por\" \/>\n\t<meta name=\"twitter:data1\" content=\"usuari_ascef_admin\" \/>\n\t<meta name=\"twitter:label2\" content=\"Tiempo de lectura\" \/>\n\t<meta name=\"twitter:data2\" content=\"5 minutos\" \/>\n<script type=\"application\/ld+json\" class=\"yoast-schema-graph\">{\"@context\":\"https:\\\/\\\/schema.org\",\"@graph\":[{\"@type\":\"Article\",\"@id\":\"https:\\\/\\\/www.ascef.com\\\/es\\\/kpmg-nos-habla-de-la-evolucion-del-precio-de-la-energia-y-la-necesidad-de-optimizar-la-gestion-de-la-energia-en-la-empresa-familiar\\\/#article\",\"isPartOf\":{\"@id\":\"https:\\\/\\\/www.ascef.com\\\/es\\\/kpmg-nos-habla-de-la-evolucion-del-precio-de-la-energia-y-la-necesidad-de-optimizar-la-gestion-de-la-energia-en-la-empresa-familiar\\\/\"},\"author\":{\"name\":\"usuari_ascef_admin\",\"@id\":\"https:\\\/\\\/www.ascef.com\\\/es\\\/#\\\/schema\\\/person\\\/818edf5b5f3a1179bca4deca82c739f5\"},\"headline\":\"KPMG nos habla de la evoluci\u00f3n del precio de la energ\u00eda y la necesidad de optimizar la gesti\u00f3n de la energ\u00eda en la empresa familiar\",\"datePublished\":\"2023-03-31T07:49:43+00:00\",\"dateModified\":\"2023-03-31T08:15:00+00:00\",\"mainEntityOfPage\":{\"@id\":\"https:\\\/\\\/www.ascef.com\\\/es\\\/kpmg-nos-habla-de-la-evolucion-del-precio-de-la-energia-y-la-necesidad-de-optimizar-la-gestion-de-la-energia-en-la-empresa-familiar\\\/\"},\"wordCount\":980,\"commentCount\":0,\"image\":{\"@id\":\"https:\\\/\\\/www.ascef.com\\\/es\\\/kpmg-nos-habla-de-la-evolucion-del-precio-de-la-energia-y-la-necesidad-de-optimizar-la-gestion-de-la-energia-en-la-empresa-familiar\\\/#primaryimage\"},\"thumbnailUrl\":\"https:\\\/\\\/www.ascef.com\\\/wp-content\\\/uploads\\\/2023\\\/03\\\/wind-energy-g65f38fad8_640.jpg\",\"articleSection\":[\"general\"],\"inLanguage\":\"es\"},{\"@type\":\"WebPage\",\"@id\":\"https:\\\/\\\/www.ascef.com\\\/es\\\/kpmg-nos-habla-de-la-evolucion-del-precio-de-la-energia-y-la-necesidad-de-optimizar-la-gestion-de-la-energia-en-la-empresa-familiar\\\/\",\"url\":\"https:\\\/\\\/www.ascef.com\\\/es\\\/kpmg-nos-habla-de-la-evolucion-del-precio-de-la-energia-y-la-necesidad-de-optimizar-la-gestion-de-la-energia-en-la-empresa-familiar\\\/\",\"name\":\"KPMG nos habla de la evoluci\u00f3n del precio de la energ\u00eda y la necesidad de optimizar la gesti\u00f3n de la energ\u00eda en la empresa familiar - ASCEF\",\"isPartOf\":{\"@id\":\"https:\\\/\\\/www.ascef.com\\\/es\\\/#website\"},\"primaryImageOfPage\":{\"@id\":\"https:\\\/\\\/www.ascef.com\\\/es\\\/kpmg-nos-habla-de-la-evolucion-del-precio-de-la-energia-y-la-necesidad-de-optimizar-la-gestion-de-la-energia-en-la-empresa-familiar\\\/#primaryimage\"},\"image\":{\"@id\":\"https:\\\/\\\/www.ascef.com\\\/es\\\/kpmg-nos-habla-de-la-evolucion-del-precio-de-la-energia-y-la-necesidad-de-optimizar-la-gestion-de-la-energia-en-la-empresa-familiar\\\/#primaryimage\"},\"thumbnailUrl\":\"https:\\\/\\\/www.ascef.com\\\/wp-content\\\/uploads\\\/2023\\\/03\\\/wind-energy-g65f38fad8_640.jpg\",\"datePublished\":\"2023-03-31T07:49:43+00:00\",\"dateModified\":\"2023-03-31T08:15:00+00:00\",\"author\":{\"@id\":\"https:\\\/\\\/www.ascef.com\\\/es\\\/#\\\/schema\\\/person\\\/818edf5b5f3a1179bca4deca82c739f5\"},\"breadcrumb\":{\"@id\":\"https:\\\/\\\/www.ascef.com\\\/es\\\/kpmg-nos-habla-de-la-evolucion-del-precio-de-la-energia-y-la-necesidad-de-optimizar-la-gestion-de-la-energia-en-la-empresa-familiar\\\/#breadcrumb\"},\"inLanguage\":\"es\",\"potentialAction\":[{\"@type\":\"ReadAction\",\"target\":[\"https:\\\/\\\/www.ascef.com\\\/es\\\/kpmg-nos-habla-de-la-evolucion-del-precio-de-la-energia-y-la-necesidad-de-optimizar-la-gestion-de-la-energia-en-la-empresa-familiar\\\/\"]}]},{\"@type\":\"ImageObject\",\"inLanguage\":\"es\",\"@id\":\"https:\\\/\\\/www.ascef.com\\\/es\\\/kpmg-nos-habla-de-la-evolucion-del-precio-de-la-energia-y-la-necesidad-de-optimizar-la-gestion-de-la-energia-en-la-empresa-familiar\\\/#primaryimage\",\"url\":\"https:\\\/\\\/www.ascef.com\\\/wp-content\\\/uploads\\\/2023\\\/03\\\/wind-energy-g65f38fad8_640.jpg\",\"contentUrl\":\"https:\\\/\\\/www.ascef.com\\\/wp-content\\\/uploads\\\/2023\\\/03\\\/wind-energy-g65f38fad8_640.jpg\",\"width\":640,\"height\":422},{\"@type\":\"BreadcrumbList\",\"@id\":\"https:\\\/\\\/www.ascef.com\\\/es\\\/kpmg-nos-habla-de-la-evolucion-del-precio-de-la-energia-y-la-necesidad-de-optimizar-la-gestion-de-la-energia-en-la-empresa-familiar\\\/#breadcrumb\",\"itemListElement\":[{\"@type\":\"ListItem\",\"position\":1,\"name\":\"Portada\",\"item\":\"https:\\\/\\\/www.ascef.com\\\/es\\\/\"},{\"@type\":\"ListItem\",\"position\":2,\"name\":\"KPMG nos habla de la evoluci\u00f3n del precio de la energ\u00eda y la necesidad de optimizar la gesti\u00f3n de la energ\u00eda en la empresa familiar\"}]},{\"@type\":\"WebSite\",\"@id\":\"https:\\\/\\\/www.ascef.com\\\/es\\\/#website\",\"url\":\"https:\\\/\\\/www.ascef.com\\\/es\\\/\",\"name\":\"ASCEF\",\"description\":\"Associaci\u00f3 Catalana de l\u2019Empresa Familiar\",\"potentialAction\":[{\"@type\":\"SearchAction\",\"target\":{\"@type\":\"EntryPoint\",\"urlTemplate\":\"https:\\\/\\\/www.ascef.com\\\/es\\\/?s={search_term_string}\"},\"query-input\":{\"@type\":\"PropertyValueSpecification\",\"valueRequired\":true,\"valueName\":\"search_term_string\"}}],\"inLanguage\":\"es\"},{\"@type\":\"Person\",\"@id\":\"https:\\\/\\\/www.ascef.com\\\/es\\\/#\\\/schema\\\/person\\\/818edf5b5f3a1179bca4deca82c739f5\",\"name\":\"usuari_ascef_admin\",\"url\":\"https:\\\/\\\/www.ascef.com\\\/es\\\/author\\\/usuari_ascef_admin\\\/\"}]}<\/script>\n<!-- \/ Yoast SEO plugin. -->","yoast_head_json":{"title":"KPMG nos habla de la evoluci\u00f3n del precio de la energ\u00eda y la necesidad de optimizar la gesti\u00f3n de la energ\u00eda en la empresa familiar - ASCEF","robots":{"index":"index","follow":"follow","max-snippet":"max-snippet:-1","max-image-preview":"max-image-preview:large","max-video-preview":"max-video-preview:-1"},"canonical":"https:\/\/www.ascef.com\/es\/kpmg-nos-habla-de-la-evolucion-del-precio-de-la-energia-y-la-necesidad-de-optimizar-la-gestion-de-la-energia-en-la-empresa-familiar\/","og_locale":"es_ES","og_type":"article","og_title":"KPMG nos habla de la evoluci\u00f3n del precio de la energ\u00eda y la necesidad de optimizar la gesti\u00f3n de la energ\u00eda en la empresa familiar - ASCEF","og_description":"Nuestro colaborador KPMG con Carlos Sol\u00e9, socio responsable de Energ\u00eda, nos ampl\u00eda algunos aspectos sobre la coyuntura actual del precio de la energ\u00eda y las perspectivas para los pr\u00f3ximos meses, poniendo el foco en la necesidad de que las empresas familiares optimicen la su estrategia de gesti\u00f3n de la energ\u00eda y la eficiencia del consumo. [&hellip;]","og_url":"https:\/\/www.ascef.com\/es\/kpmg-nos-habla-de-la-evolucion-del-precio-de-la-energia-y-la-necesidad-de-optimizar-la-gestion-de-la-energia-en-la-empresa-familiar\/","og_site_name":"ASCEF","article_published_time":"2023-03-31T07:49:43+00:00","article_modified_time":"2023-03-31T08:15:00+00:00","og_image":[{"width":640,"height":422,"url":"https:\/\/www.ascef.com\/wp-content\/uploads\/2023\/03\/wind-energy-g65f38fad8_640.jpg","type":"image\/jpeg"}],"author":"usuari_ascef_admin","twitter_card":"summary_large_image","twitter_misc":{"Escrito por":"usuari_ascef_admin","Tiempo de lectura":"5 minutos"},"schema":{"@context":"https:\/\/schema.org","@graph":[{"@type":"Article","@id":"https:\/\/www.ascef.com\/es\/kpmg-nos-habla-de-la-evolucion-del-precio-de-la-energia-y-la-necesidad-de-optimizar-la-gestion-de-la-energia-en-la-empresa-familiar\/#article","isPartOf":{"@id":"https:\/\/www.ascef.com\/es\/kpmg-nos-habla-de-la-evolucion-del-precio-de-la-energia-y-la-necesidad-de-optimizar-la-gestion-de-la-energia-en-la-empresa-familiar\/"},"author":{"name":"usuari_ascef_admin","@id":"https:\/\/www.ascef.com\/es\/#\/schema\/person\/818edf5b5f3a1179bca4deca82c739f5"},"headline":"KPMG nos habla de la evoluci\u00f3n del precio de la energ\u00eda y la necesidad de optimizar la gesti\u00f3n de la energ\u00eda en la empresa familiar","datePublished":"2023-03-31T07:49:43+00:00","dateModified":"2023-03-31T08:15:00+00:00","mainEntityOfPage":{"@id":"https:\/\/www.ascef.com\/es\/kpmg-nos-habla-de-la-evolucion-del-precio-de-la-energia-y-la-necesidad-de-optimizar-la-gestion-de-la-energia-en-la-empresa-familiar\/"},"wordCount":980,"commentCount":0,"image":{"@id":"https:\/\/www.ascef.com\/es\/kpmg-nos-habla-de-la-evolucion-del-precio-de-la-energia-y-la-necesidad-de-optimizar-la-gestion-de-la-energia-en-la-empresa-familiar\/#primaryimage"},"thumbnailUrl":"https:\/\/www.ascef.com\/wp-content\/uploads\/2023\/03\/wind-energy-g65f38fad8_640.jpg","articleSection":["general"],"inLanguage":"es"},{"@type":"WebPage","@id":"https:\/\/www.ascef.com\/es\/kpmg-nos-habla-de-la-evolucion-del-precio-de-la-energia-y-la-necesidad-de-optimizar-la-gestion-de-la-energia-en-la-empresa-familiar\/","url":"https:\/\/www.ascef.com\/es\/kpmg-nos-habla-de-la-evolucion-del-precio-de-la-energia-y-la-necesidad-de-optimizar-la-gestion-de-la-energia-en-la-empresa-familiar\/","name":"KPMG nos habla de la evoluci\u00f3n del precio de la energ\u00eda y la necesidad de optimizar la gesti\u00f3n de la energ\u00eda en la empresa familiar - ASCEF","isPartOf":{"@id":"https:\/\/www.ascef.com\/es\/#website"},"primaryImageOfPage":{"@id":"https:\/\/www.ascef.com\/es\/kpmg-nos-habla-de-la-evolucion-del-precio-de-la-energia-y-la-necesidad-de-optimizar-la-gestion-de-la-energia-en-la-empresa-familiar\/#primaryimage"},"image":{"@id":"https:\/\/www.ascef.com\/es\/kpmg-nos-habla-de-la-evolucion-del-precio-de-la-energia-y-la-necesidad-de-optimizar-la-gestion-de-la-energia-en-la-empresa-familiar\/#primaryimage"},"thumbnailUrl":"https:\/\/www.ascef.com\/wp-content\/uploads\/2023\/03\/wind-energy-g65f38fad8_640.jpg","datePublished":"2023-03-31T07:49:43+00:00","dateModified":"2023-03-31T08:15:00+00:00","author":{"@id":"https:\/\/www.ascef.com\/es\/#\/schema\/person\/818edf5b5f3a1179bca4deca82c739f5"},"breadcrumb":{"@id":"https:\/\/www.ascef.com\/es\/kpmg-nos-habla-de-la-evolucion-del-precio-de-la-energia-y-la-necesidad-de-optimizar-la-gestion-de-la-energia-en-la-empresa-familiar\/#breadcrumb"},"inLanguage":"es","potentialAction":[{"@type":"ReadAction","target":["https:\/\/www.ascef.com\/es\/kpmg-nos-habla-de-la-evolucion-del-precio-de-la-energia-y-la-necesidad-de-optimizar-la-gestion-de-la-energia-en-la-empresa-familiar\/"]}]},{"@type":"ImageObject","inLanguage":"es","@id":"https:\/\/www.ascef.com\/es\/kpmg-nos-habla-de-la-evolucion-del-precio-de-la-energia-y-la-necesidad-de-optimizar-la-gestion-de-la-energia-en-la-empresa-familiar\/#primaryimage","url":"https:\/\/www.ascef.com\/wp-content\/uploads\/2023\/03\/wind-energy-g65f38fad8_640.jpg","contentUrl":"https:\/\/www.ascef.com\/wp-content\/uploads\/2023\/03\/wind-energy-g65f38fad8_640.jpg","width":640,"height":422},{"@type":"BreadcrumbList","@id":"https:\/\/www.ascef.com\/es\/kpmg-nos-habla-de-la-evolucion-del-precio-de-la-energia-y-la-necesidad-de-optimizar-la-gestion-de-la-energia-en-la-empresa-familiar\/#breadcrumb","itemListElement":[{"@type":"ListItem","position":1,"name":"Portada","item":"https:\/\/www.ascef.com\/es\/"},{"@type":"ListItem","position":2,"name":"KPMG nos habla de la evoluci\u00f3n del precio de la energ\u00eda y la necesidad de optimizar la gesti\u00f3n de la energ\u00eda en la empresa familiar"}]},{"@type":"WebSite","@id":"https:\/\/www.ascef.com\/es\/#website","url":"https:\/\/www.ascef.com\/es\/","name":"ASCEF","description":"Associaci\u00f3 Catalana de l\u2019Empresa Familiar","potentialAction":[{"@type":"SearchAction","target":{"@type":"EntryPoint","urlTemplate":"https:\/\/www.ascef.com\/es\/?s={search_term_string}"},"query-input":{"@type":"PropertyValueSpecification","valueRequired":true,"valueName":"search_term_string"}}],"inLanguage":"es"},{"@type":"Person","@id":"https:\/\/www.ascef.com\/es\/#\/schema\/person\/818edf5b5f3a1179bca4deca82c739f5","name":"usuari_ascef_admin","url":"https:\/\/www.ascef.com\/es\/author\/usuari_ascef_admin\/"}]}},"_links":{"self":[{"href":"https:\/\/www.ascef.com\/es\/wp-json\/wp\/v2\/posts\/6024","targetHints":{"allow":["GET"]}}],"collection":[{"href":"https:\/\/www.ascef.com\/es\/wp-json\/wp\/v2\/posts"}],"about":[{"href":"https:\/\/www.ascef.com\/es\/wp-json\/wp\/v2\/types\/post"}],"author":[{"embeddable":true,"href":"https:\/\/www.ascef.com\/es\/wp-json\/wp\/v2\/users\/311"}],"replies":[{"embeddable":true,"href":"https:\/\/www.ascef.com\/es\/wp-json\/wp\/v2\/comments?post=6024"}],"version-history":[{"count":1,"href":"https:\/\/www.ascef.com\/es\/wp-json\/wp\/v2\/posts\/6024\/revisions"}],"predecessor-version":[{"id":6025,"href":"https:\/\/www.ascef.com\/es\/wp-json\/wp\/v2\/posts\/6024\/revisions\/6025"}],"wp:featuredmedia":[{"embeddable":true,"href":"https:\/\/www.ascef.com\/es\/wp-json\/wp\/v2\/media\/5728"}],"wp:attachment":[{"href":"https:\/\/www.ascef.com\/es\/wp-json\/wp\/v2\/media?parent=6024"}],"wp:term":[{"taxonomy":"category","embeddable":true,"href":"https:\/\/www.ascef.com\/es\/wp-json\/wp\/v2\/categories?post=6024"},{"taxonomy":"post_tag","embeddable":true,"href":"https:\/\/www.ascef.com\/es\/wp-json\/wp\/v2\/tags?post=6024"}],"curies":[{"name":"wp","href":"https:\/\/api.w.org\/{rel}","templated":true}]}}