{"id":5528,"date":"2023-03-13T15:09:01","date_gmt":"2023-03-13T15:09:01","guid":{"rendered":"https:\/\/www.ascef.com\/?p=5528"},"modified":"2023-03-13T15:11:42","modified_gmt":"2023-03-13T15:11:42","slug":"sessio-ascef-i-kpmg-sobre-financament-de-lempresa-familiar","status":"publish","type":"post","link":"https:\/\/www.ascef.com\/es\/sessio-ascef-i-kpmg-sobre-financament-de-lempresa-familiar\/","title":{"rendered":"Sesi\u00f3n ASCEF y KPMG sobre financiaci\u00f3n de la empresa familiar"},"content":{"rendered":"<p>ASCEF y KPMG Espa\u00f1a hemos celebrado una sesi\u00f3n en la que Manel Blanco, socio responsable de Empresa Familiar de KPMG en Catalu\u00f1a nos ha presentado el informe <strong>Perspectivas 2023<\/strong>, y Jordi Casti\u00f1eira, socio responsable de Funding&#038;Tumaround Advisory de KPMG en Catalu\u00f1a, nos ha hablado sobre la estrategia de financiaci\u00f3n y las alternativas existentes al mercado en funci\u00f3n de aquello que la empresa familiar necesita.<\/p>\n","protected":false},"excerpt":{"rendered":"<p>ASCEF y KPMG Espa\u00f1a hemos celebrado una sesi\u00f3n en la que Manel Blanco, socio responsable de Empresa Familiar de KPMG en Catalu\u00f1a nos ha presentado el informe Perspectivas 2023, y Jordi Casti\u00f1eira, socio responsable de Funding&#038;Tumaround Advisory de KPMG en Catalu\u00f1a, nos ha hablado sobre la estrategia de financiaci\u00f3n y las alternativas existentes al mercado [&hellip;]<\/p>\n","protected":false},"author":311,"featured_media":5529,"comment_status":"open","ping_status":"closed","sticky":false,"template":"","format":"standard","meta":{"_acf_changed":false,"footnotes":""},"categories":[185],"tags":[],"class_list":["post-5528","post","type-post","status-publish","format-standard","has-post-thumbnail","hentry","category-general"],"acf":[],"yoast_head":"<!-- This site is optimized with the Yoast SEO plugin v27.5 - https:\/\/yoast.com\/product\/yoast-seo-wordpress\/ -->\n<title>Sesi\u00f3n ASCEF y KPMG sobre financiaci\u00f3n de la empresa familiar - ASCEF<\/title>\n<meta name=\"robots\" content=\"index, follow, max-snippet:-1, max-image-preview:large, max-video-preview:-1\" \/>\n<link rel=\"canonical\" href=\"https:\/\/www.ascef.com\/es\/sessio-ascef-i-kpmg-sobre-financament-de-lempresa-familiar\/\" \/>\n<meta property=\"og:locale\" content=\"es_ES\" \/>\n<meta property=\"og:type\" content=\"article\" \/>\n<meta property=\"og:title\" content=\"Sesi\u00f3n ASCEF y KPMG sobre financiaci\u00f3n de la empresa familiar - ASCEF\" \/>\n<meta property=\"og:description\" content=\"ASCEF y KPMG Espa\u00f1a hemos celebrado una sesi\u00f3n en la que Manel Blanco, socio responsable de Empresa Familiar de KPMG en Catalu\u00f1a nos ha presentado el informe Perspectivas 2023, y Jordi Casti\u00f1eira, socio responsable de Funding&#038;Tumaround Advisory de KPMG en Catalu\u00f1a, nos ha hablado sobre la estrategia de financiaci\u00f3n y las alternativas existentes al mercado [&hellip;]\" \/>\n<meta property=\"og:url\" content=\"https:\/\/www.ascef.com\/es\/sessio-ascef-i-kpmg-sobre-financament-de-lempresa-familiar\/\" \/>\n<meta property=\"og:site_name\" content=\"ASCEF\" \/>\n<meta property=\"article:published_time\" content=\"2023-03-13T15:09:01+00:00\" \/>\n<meta property=\"article:modified_time\" content=\"2023-03-13T15:11:42+00:00\" \/>\n<meta property=\"og:image\" content=\"https:\/\/www.ascef.com\/wp-content\/uploads\/2023\/03\/Jornada-KPMG-scaled.jpg\" \/>\n\t<meta property=\"og:image:width\" content=\"2560\" \/>\n\t<meta property=\"og:image:height\" content=\"1582\" \/>\n\t<meta property=\"og:image:type\" content=\"image\/jpeg\" \/>\n<meta name=\"author\" content=\"usuari_ascef_admin\" \/>\n<meta name=\"twitter:card\" content=\"summary_large_image\" \/>\n<meta name=\"twitter:label1\" content=\"Escrito por\" \/>\n\t<meta name=\"twitter:data1\" content=\"usuari_ascef_admin\" \/>\n\t<meta name=\"twitter:label2\" content=\"Tiempo de lectura\" \/>\n\t<meta name=\"twitter:data2\" content=\"1 minuto\" \/>\n<script type=\"application\/ld+json\" class=\"yoast-schema-graph\">{\"@context\":\"https:\\\/\\\/schema.org\",\"@graph\":[{\"@type\":\"Article\",\"@id\":\"https:\\\/\\\/www.ascef.com\\\/es\\\/sessio-ascef-i-kpmg-sobre-financament-de-lempresa-familiar\\\/#article\",\"isPartOf\":{\"@id\":\"https:\\\/\\\/www.ascef.com\\\/es\\\/sessio-ascef-i-kpmg-sobre-financament-de-lempresa-familiar\\\/\"},\"author\":{\"name\":\"usuari_ascef_admin\",\"@id\":\"https:\\\/\\\/www.ascef.com\\\/es\\\/#\\\/schema\\\/person\\\/818edf5b5f3a1179bca4deca82c739f5\"},\"headline\":\"Sesi\u00f3n ASCEF y KPMG sobre financiaci\u00f3n de la empresa familiar\",\"datePublished\":\"2023-03-13T15:09:01+00:00\",\"dateModified\":\"2023-03-13T15:11:42+00:00\",\"mainEntityOfPage\":{\"@id\":\"https:\\\/\\\/www.ascef.com\\\/es\\\/sessio-ascef-i-kpmg-sobre-financament-de-lempresa-familiar\\\/\"},\"wordCount\":83,\"commentCount\":0,\"image\":{\"@id\":\"https:\\\/\\\/www.ascef.com\\\/es\\\/sessio-ascef-i-kpmg-sobre-financament-de-lempresa-familiar\\\/#primaryimage\"},\"thumbnailUrl\":\"https:\\\/\\\/www.ascef.com\\\/wp-content\\\/uploads\\\/2023\\\/03\\\/Jornada-KPMG-scaled.jpg\",\"articleSection\":[\"general\"],\"inLanguage\":\"es\"},{\"@type\":\"WebPage\",\"@id\":\"https:\\\/\\\/www.ascef.com\\\/es\\\/sessio-ascef-i-kpmg-sobre-financament-de-lempresa-familiar\\\/\",\"url\":\"https:\\\/\\\/www.ascef.com\\\/es\\\/sessio-ascef-i-kpmg-sobre-financament-de-lempresa-familiar\\\/\",\"name\":\"Sesi\u00f3n ASCEF y KPMG sobre financiaci\u00f3n de la empresa familiar - ASCEF\",\"isPartOf\":{\"@id\":\"https:\\\/\\\/www.ascef.com\\\/es\\\/#website\"},\"primaryImageOfPage\":{\"@id\":\"https:\\\/\\\/www.ascef.com\\\/es\\\/sessio-ascef-i-kpmg-sobre-financament-de-lempresa-familiar\\\/#primaryimage\"},\"image\":{\"@id\":\"https:\\\/\\\/www.ascef.com\\\/es\\\/sessio-ascef-i-kpmg-sobre-financament-de-lempresa-familiar\\\/#primaryimage\"},\"thumbnailUrl\":\"https:\\\/\\\/www.ascef.com\\\/wp-content\\\/uploads\\\/2023\\\/03\\\/Jornada-KPMG-scaled.jpg\",\"datePublished\":\"2023-03-13T15:09:01+00:00\",\"dateModified\":\"2023-03-13T15:11:42+00:00\",\"author\":{\"@id\":\"https:\\\/\\\/www.ascef.com\\\/es\\\/#\\\/schema\\\/person\\\/818edf5b5f3a1179bca4deca82c739f5\"},\"breadcrumb\":{\"@id\":\"https:\\\/\\\/www.ascef.com\\\/es\\\/sessio-ascef-i-kpmg-sobre-financament-de-lempresa-familiar\\\/#breadcrumb\"},\"inLanguage\":\"es\",\"potentialAction\":[{\"@type\":\"ReadAction\",\"target\":[\"https:\\\/\\\/www.ascef.com\\\/es\\\/sessio-ascef-i-kpmg-sobre-financament-de-lempresa-familiar\\\/\"]}]},{\"@type\":\"ImageObject\",\"inLanguage\":\"es\",\"@id\":\"https:\\\/\\\/www.ascef.com\\\/es\\\/sessio-ascef-i-kpmg-sobre-financament-de-lempresa-familiar\\\/#primaryimage\",\"url\":\"https:\\\/\\\/www.ascef.com\\\/wp-content\\\/uploads\\\/2023\\\/03\\\/Jornada-KPMG-scaled.jpg\",\"contentUrl\":\"https:\\\/\\\/www.ascef.com\\\/wp-content\\\/uploads\\\/2023\\\/03\\\/Jornada-KPMG-scaled.jpg\",\"width\":2560,\"height\":1582},{\"@type\":\"BreadcrumbList\",\"@id\":\"https:\\\/\\\/www.ascef.com\\\/es\\\/sessio-ascef-i-kpmg-sobre-financament-de-lempresa-familiar\\\/#breadcrumb\",\"itemListElement\":[{\"@type\":\"ListItem\",\"position\":1,\"name\":\"Portada\",\"item\":\"https:\\\/\\\/www.ascef.com\\\/es\\\/\"},{\"@type\":\"ListItem\",\"position\":2,\"name\":\"Sesi\u00f3n ASCEF y KPMG sobre financiaci\u00f3n de la empresa familiar\"}]},{\"@type\":\"WebSite\",\"@id\":\"https:\\\/\\\/www.ascef.com\\\/es\\\/#website\",\"url\":\"https:\\\/\\\/www.ascef.com\\\/es\\\/\",\"name\":\"ASCEF\",\"description\":\"Associaci\u00f3 Catalana de l\u2019Empresa Familiar\",\"potentialAction\":[{\"@type\":\"SearchAction\",\"target\":{\"@type\":\"EntryPoint\",\"urlTemplate\":\"https:\\\/\\\/www.ascef.com\\\/es\\\/?s={search_term_string}\"},\"query-input\":{\"@type\":\"PropertyValueSpecification\",\"valueRequired\":true,\"valueName\":\"search_term_string\"}}],\"inLanguage\":\"es\"},{\"@type\":\"Person\",\"@id\":\"https:\\\/\\\/www.ascef.com\\\/es\\\/#\\\/schema\\\/person\\\/818edf5b5f3a1179bca4deca82c739f5\",\"name\":\"usuari_ascef_admin\",\"url\":\"https:\\\/\\\/www.ascef.com\\\/es\\\/author\\\/usuari_ascef_admin\\\/\"}]}<\/script>\n<!-- \/ Yoast SEO plugin. -->","yoast_head_json":{"title":"Sesi\u00f3n ASCEF y KPMG sobre financiaci\u00f3n de la empresa familiar - ASCEF","robots":{"index":"index","follow":"follow","max-snippet":"max-snippet:-1","max-image-preview":"max-image-preview:large","max-video-preview":"max-video-preview:-1"},"canonical":"https:\/\/www.ascef.com\/es\/sessio-ascef-i-kpmg-sobre-financament-de-lempresa-familiar\/","og_locale":"es_ES","og_type":"article","og_title":"Sesi\u00f3n ASCEF y KPMG sobre financiaci\u00f3n de la empresa familiar - ASCEF","og_description":"ASCEF y KPMG Espa\u00f1a hemos celebrado una sesi\u00f3n en la que Manel Blanco, socio responsable de Empresa Familiar de KPMG en Catalu\u00f1a nos ha presentado el informe Perspectivas 2023, y Jordi Casti\u00f1eira, socio responsable de Funding&#038;Tumaround Advisory de KPMG en Catalu\u00f1a, nos ha hablado sobre la estrategia de financiaci\u00f3n y las alternativas existentes al mercado [&hellip;]","og_url":"https:\/\/www.ascef.com\/es\/sessio-ascef-i-kpmg-sobre-financament-de-lempresa-familiar\/","og_site_name":"ASCEF","article_published_time":"2023-03-13T15:09:01+00:00","article_modified_time":"2023-03-13T15:11:42+00:00","og_image":[{"width":2560,"height":1582,"url":"https:\/\/www.ascef.com\/wp-content\/uploads\/2023\/03\/Jornada-KPMG-scaled.jpg","type":"image\/jpeg"}],"author":"usuari_ascef_admin","twitter_card":"summary_large_image","twitter_misc":{"Escrito por":"usuari_ascef_admin","Tiempo de lectura":"1 minuto"},"schema":{"@context":"https:\/\/schema.org","@graph":[{"@type":"Article","@id":"https:\/\/www.ascef.com\/es\/sessio-ascef-i-kpmg-sobre-financament-de-lempresa-familiar\/#article","isPartOf":{"@id":"https:\/\/www.ascef.com\/es\/sessio-ascef-i-kpmg-sobre-financament-de-lempresa-familiar\/"},"author":{"name":"usuari_ascef_admin","@id":"https:\/\/www.ascef.com\/es\/#\/schema\/person\/818edf5b5f3a1179bca4deca82c739f5"},"headline":"Sesi\u00f3n ASCEF y KPMG sobre financiaci\u00f3n de la empresa familiar","datePublished":"2023-03-13T15:09:01+00:00","dateModified":"2023-03-13T15:11:42+00:00","mainEntityOfPage":{"@id":"https:\/\/www.ascef.com\/es\/sessio-ascef-i-kpmg-sobre-financament-de-lempresa-familiar\/"},"wordCount":83,"commentCount":0,"image":{"@id":"https:\/\/www.ascef.com\/es\/sessio-ascef-i-kpmg-sobre-financament-de-lempresa-familiar\/#primaryimage"},"thumbnailUrl":"https:\/\/www.ascef.com\/wp-content\/uploads\/2023\/03\/Jornada-KPMG-scaled.jpg","articleSection":["general"],"inLanguage":"es"},{"@type":"WebPage","@id":"https:\/\/www.ascef.com\/es\/sessio-ascef-i-kpmg-sobre-financament-de-lempresa-familiar\/","url":"https:\/\/www.ascef.com\/es\/sessio-ascef-i-kpmg-sobre-financament-de-lempresa-familiar\/","name":"Sesi\u00f3n ASCEF y KPMG sobre financiaci\u00f3n de la empresa familiar - ASCEF","isPartOf":{"@id":"https:\/\/www.ascef.com\/es\/#website"},"primaryImageOfPage":{"@id":"https:\/\/www.ascef.com\/es\/sessio-ascef-i-kpmg-sobre-financament-de-lempresa-familiar\/#primaryimage"},"image":{"@id":"https:\/\/www.ascef.com\/es\/sessio-ascef-i-kpmg-sobre-financament-de-lempresa-familiar\/#primaryimage"},"thumbnailUrl":"https:\/\/www.ascef.com\/wp-content\/uploads\/2023\/03\/Jornada-KPMG-scaled.jpg","datePublished":"2023-03-13T15:09:01+00:00","dateModified":"2023-03-13T15:11:42+00:00","author":{"@id":"https:\/\/www.ascef.com\/es\/#\/schema\/person\/818edf5b5f3a1179bca4deca82c739f5"},"breadcrumb":{"@id":"https:\/\/www.ascef.com\/es\/sessio-ascef-i-kpmg-sobre-financament-de-lempresa-familiar\/#breadcrumb"},"inLanguage":"es","potentialAction":[{"@type":"ReadAction","target":["https:\/\/www.ascef.com\/es\/sessio-ascef-i-kpmg-sobre-financament-de-lempresa-familiar\/"]}]},{"@type":"ImageObject","inLanguage":"es","@id":"https:\/\/www.ascef.com\/es\/sessio-ascef-i-kpmg-sobre-financament-de-lempresa-familiar\/#primaryimage","url":"https:\/\/www.ascef.com\/wp-content\/uploads\/2023\/03\/Jornada-KPMG-scaled.jpg","contentUrl":"https:\/\/www.ascef.com\/wp-content\/uploads\/2023\/03\/Jornada-KPMG-scaled.jpg","width":2560,"height":1582},{"@type":"BreadcrumbList","@id":"https:\/\/www.ascef.com\/es\/sessio-ascef-i-kpmg-sobre-financament-de-lempresa-familiar\/#breadcrumb","itemListElement":[{"@type":"ListItem","position":1,"name":"Portada","item":"https:\/\/www.ascef.com\/es\/"},{"@type":"ListItem","position":2,"name":"Sesi\u00f3n ASCEF y KPMG sobre financiaci\u00f3n de la empresa familiar"}]},{"@type":"WebSite","@id":"https:\/\/www.ascef.com\/es\/#website","url":"https:\/\/www.ascef.com\/es\/","name":"ASCEF","description":"Associaci\u00f3 Catalana de l\u2019Empresa Familiar","potentialAction":[{"@type":"SearchAction","target":{"@type":"EntryPoint","urlTemplate":"https:\/\/www.ascef.com\/es\/?s={search_term_string}"},"query-input":{"@type":"PropertyValueSpecification","valueRequired":true,"valueName":"search_term_string"}}],"inLanguage":"es"},{"@type":"Person","@id":"https:\/\/www.ascef.com\/es\/#\/schema\/person\/818edf5b5f3a1179bca4deca82c739f5","name":"usuari_ascef_admin","url":"https:\/\/www.ascef.com\/es\/author\/usuari_ascef_admin\/"}]}},"_links":{"self":[{"href":"https:\/\/www.ascef.com\/es\/wp-json\/wp\/v2\/posts\/5528","targetHints":{"allow":["GET"]}}],"collection":[{"href":"https:\/\/www.ascef.com\/es\/wp-json\/wp\/v2\/posts"}],"about":[{"href":"https:\/\/www.ascef.com\/es\/wp-json\/wp\/v2\/types\/post"}],"author":[{"embeddable":true,"href":"https:\/\/www.ascef.com\/es\/wp-json\/wp\/v2\/users\/311"}],"replies":[{"embeddable":true,"href":"https:\/\/www.ascef.com\/es\/wp-json\/wp\/v2\/comments?post=5528"}],"version-history":[{"count":3,"href":"https:\/\/www.ascef.com\/es\/wp-json\/wp\/v2\/posts\/5528\/revisions"}],"predecessor-version":[{"id":5534,"href":"https:\/\/www.ascef.com\/es\/wp-json\/wp\/v2\/posts\/5528\/revisions\/5534"}],"wp:featuredmedia":[{"embeddable":true,"href":"https:\/\/www.ascef.com\/es\/wp-json\/wp\/v2\/media\/5529"}],"wp:attachment":[{"href":"https:\/\/www.ascef.com\/es\/wp-json\/wp\/v2\/media?parent=5528"}],"wp:term":[{"taxonomy":"category","embeddable":true,"href":"https:\/\/www.ascef.com\/es\/wp-json\/wp\/v2\/categories?post=5528"},{"taxonomy":"post_tag","embeddable":true,"href":"https:\/\/www.ascef.com\/es\/wp-json\/wp\/v2\/tags?post=5528"}],"curies":[{"name":"wp","href":"https:\/\/api.w.org\/{rel}","templated":true}]}}