{"id":5137,"date":"2022-12-15T11:55:11","date_gmt":"2022-12-15T11:55:11","guid":{"rendered":"https:\/\/www.ascef.com\/entrevista-la-responsabilitat-social-corporativa-permet-a-les-noves-generacions-tenir-un-sentit-de-pertinenca\/"},"modified":"2022-12-21T12:14:18","modified_gmt":"2022-12-21T12:14:18","slug":"entrevista-la-responsabilitat-social-corporativa-permet-a-les-noves-generacions-tenir-un-sentit-de-pertinenca","status":"publish","type":"post","link":"https:\/\/www.ascef.com\/es\/entrevista-la-responsabilitat-social-corporativa-permet-a-les-noves-generacions-tenir-un-sentit-de-pertinenca\/","title":{"rendered":"Entrevista: \u201cLa Responsabilidad Social Corporativa permite a las nuevas generaciones tener un sentimiento de pertenencia\u00bb"},"content":{"rendered":"<p>Dra. Pilar Salda\u00f1a Gonzalvo<br \/>\nDirectora del Aula UB de empresa familiar<\/p>\n<p><strong>\u00bfCu\u00e1les son las Claves de la Responsabilidad Social Corporativa hoy?<\/strong><\/p>\n<p>Podr\u00edamos definir 4 aspectos claves:<\/p>\n<p>La primera clave consiste en llevar a la pr\u00e1ctica el cumplimiento de los ODS desde una perspectiva global de todos los agentes para proteger al planeta del cambio clim\u00e1tico. Por supuesto, las ayudas Next Generation se espera que est\u00e9n alineadas con la responsabilidad social corporativa de las empresas que reciban las ayudas. Todo el mundo con esp\u00edritu cr\u00edtico, tendr\u00e1 que analizar su comportamiento en todos los \u00e1mbitos en los que participa.<\/p>\n<p>La segunda clave y teniendo en cuenta que la misi\u00f3n es inconmesurable, es saber organizarse enfoc\u00e1ndonos hacia objetivos m\u00e1s acotados y fruto del consenso como:<\/p>\n<ul>\n<li>validar si la visi\u00f3n y misi\u00f3n de la empresa incluye la RSC,<\/li>\n<li>comprobar que la cadena de valor est\u00e1 dise\u00f1ada seg\u00fan las 3 R\u2019s: reducir, reutilizar y reciclar,<\/li>\n<li>pero tambi\u00e9n, valorar positivamente que proveedores y clientes actuen de manera socialmente responsable.<\/li>\n<\/ul>\n<p>En tercer lugar, es necesario incrementar la colaboraci\u00f3n de empresas (en especial, las familiares) con el mundo universitario en cuanto a la formaci\u00f3n de futuros empresarios, asesores y directivos en un entorno de sostenibilidad y de relieve generacional.<\/p>\n<p>Y finalmente, es necesario trabajar la colaboraci\u00f3n p\u00fablico-privada con todas las pol\u00edticas que afectan a la RSC.<\/p>\n<p><strong>\u00bfLa responsabilidad social tiene m\u00e1s importancia en una empresa familiar que en otro tipo de empresa?<\/strong><\/p>\n<p>Rotundamente s\u00ed. A\u00f1ado que es m\u00e1s importante tambi\u00e9n en la familia empresaria. Las estructuras de gobierno, sus valores, sus caracter\u00edsticas diferenciales de las empresas del sector primario que arraigan la poblaci\u00f3n en el territorio y lo cuidan; del resto de empresas que crean puestos de trabajo que aportan seguridad a las familias.<\/p>\n<p>Las empresas familiares est\u00e1n ante una reflexi\u00f3n relativa a la comunicaci\u00f3n:<\/p>\n<p><strong>Objetivo<\/strong> <strong>1<\/strong>. La empresa familiar que realiza una labor por la sociedad como la empresa de alimentaci\u00f3n que reparte un huevo duro para paliar el hambre, el hotel que protege la calidad de una playa, la que organiza operaciones de o\u00eddo con aud\u00edfonos gratuitos en vacaciones, que contrata a personas con capacidades diferentes, adem\u00e1s de dedicar recursos a llevarlo a cabo, es necesario que haga la reflexi\u00f3n de si est\u00e1 obligada a difundirlo en una sociedad con presencia de las redes sociales.<\/p>\n<p>Algunas empresas familiares difunden sus buenas pr\u00e1cticas a los diferentes sectores econ\u00f3micos en Catalunya, Espa\u00f1a, Europa e internacionalmente.<\/p>\n<p><strong>Objetivo 2. <\/strong>Desarrollar un programa formativo para mejorar el conocmiento de los estudiantes sobre las peculiaridades y necesidades de la Empresa Familiar. Y aun m\u00e1s, desear\u00eda que las generaciones seniors y juniors participaran intensamente.<\/p>\n<p><strong>\u00bfC\u00f3mo se debe<\/strong><strong> implementar una pol\u00edtica de RSC en la empresa?<\/strong><\/p>\n<p>La pol\u00edtica necesita identificar y desarrollar proyectos. En su definici\u00f3n, tenemos el an\u00e1lisis del proceso de sucesi\u00f3n de la empresa familiar.<\/p>\n<p>La pol\u00edtica de RSC implica estudiar c\u00f3mo las empresas familiares incorporan los ODS 2030 a su estrategia empresarial, sobre todo trabajando el ODS 4\u00ba (Educaci\u00f3n de Calidad), el 5\u00ba (Igualdad de G\u00e9nero), el 9\u00ba (Industria, Innovaci\u00f3n e Infraestructuras) y el 12\u00ba (Producci\u00f3n y Consumo Responsable).<\/p>\n<p>Los recursos econ\u00f3micos que apoyan la aplicaci\u00f3n de esta pol\u00edtica deber\u00edan premiar a los mejores proyectos ejecutados de las empresas familiares.<\/p>\n<p>La pol\u00edtica de RSC con la colaboraci\u00f3n de los ministerios pertinentes y los agentes se configura como una herramienta de atracci\u00f3n de talento.<\/p>\n<p>Opino que reflexionar sobre el tipo de liderazgo de la empresa es fundamental si queremos que el modelo econ\u00f3mico establezca la sostenibilidad como eje de crecimiento.<\/p>\n<p>Preparaci\u00f3n y garant\u00eda de futuro. Una pol\u00edtica de RSC est\u00e1 en relaci\u00f3n con la visi\u00f3n a largo plazo y el buen servicio al cliente que resulta m\u00e1s exigente e informando sobre cu\u00e1les son sus necesidades y qu\u00e9 valores tienen las empresas que las proporcionan. La empresa familiar tiene, en su ADN, la RSC.<\/p>\n<p>Los testimonios de las nuevas generaciones de la Asociaci\u00f3n Catalana de la Empresa Familiar y del Instituto de la Empresa Familiar corroboran que la RSC les permite tener un sentido de pertenencia.<\/p>\n<p><strong>\u00bfRSC o ESG? \u00bfQu\u00e9 cambia?<\/strong><\/p>\n<p>El ESG es m\u00e1s inclusiva para toda la comunidad, de hecho el cambio implica tener una sociedad de gente que con sus talentos, emociones y pasiones, colaboran en la b\u00fasqueda de nuevas soluciones, en unas din\u00e1micas de grupos poco jer\u00e1rquicas.<\/p>\n<p>El ESG es una pol\u00edtica de largo plazo y consecuencias irreversibles donde las transformaciones no quieren dejar a nadie atr\u00e1s. Es una transformaci\u00f3n de c\u00f3mo se toman las decisiones.<\/p>\n<p>La RSC est\u00e1 en una empresa de coches mientras el ESG est\u00e1 en el cl\u00faster de la automoci\u00f3n.<\/p>\n<p>&nbsp;<\/p>\n","protected":false},"excerpt":{"rendered":"<p>Dra. Pilar Salda\u00f1a Gonzalvo Directora del Aula UB de empresa familiar \u00bfCu\u00e1les son las Claves de la Responsabilidad Social Corporativa hoy? Podr\u00edamos definir 4 aspectos claves: La primera clave consiste en llevar a la pr\u00e1ctica el cumplimiento de los ODS desde una perspectiva global de todos los agentes para proteger al planeta del cambio clim\u00e1tico. [&hellip;]<\/p>\n","protected":false},"author":311,"featured_media":5048,"comment_status":"open","ping_status":"open","sticky":false,"template":"","format":"standard","meta":{"_acf_changed":false,"footnotes":""},"categories":[185],"tags":[],"class_list":["post-5137","post","type-post","status-publish","format-standard","has-post-thumbnail","hentry","category-general"],"acf":[],"yoast_head":"<!-- This site is optimized with the Yoast SEO plugin v27.5 - https:\/\/yoast.com\/product\/yoast-seo-wordpress\/ -->\n<title>Entrevista: \u201cLa Responsabilidad Social Corporativa permite a las nuevas generaciones tener un sentimiento de pertenencia&quot; - ASCEF<\/title>\n<meta name=\"robots\" content=\"index, follow, max-snippet:-1, max-image-preview:large, max-video-preview:-1\" \/>\n<link rel=\"canonical\" href=\"https:\/\/www.ascef.com\/es\/entrevista-la-responsabilitat-social-corporativa-permet-a-les-noves-generacions-tenir-un-sentit-de-pertinenca\/\" \/>\n<meta property=\"og:locale\" content=\"es_ES\" \/>\n<meta property=\"og:type\" content=\"article\" \/>\n<meta property=\"og:title\" content=\"Entrevista: \u201cLa Responsabilidad Social Corporativa permite a las nuevas generaciones tener un sentimiento de pertenencia&quot; - ASCEF\" \/>\n<meta property=\"og:description\" content=\"Dra. Pilar Salda\u00f1a Gonzalvo Directora del Aula UB de empresa familiar \u00bfCu\u00e1les son las Claves de la Responsabilidad Social Corporativa hoy? Podr\u00edamos definir 4 aspectos claves: La primera clave consiste en llevar a la pr\u00e1ctica el cumplimiento de los ODS desde una perspectiva global de todos los agentes para proteger al planeta del cambio clim\u00e1tico. [&hellip;]\" \/>\n<meta property=\"og:url\" content=\"https:\/\/www.ascef.com\/es\/entrevista-la-responsabilitat-social-corporativa-permet-a-les-noves-generacions-tenir-un-sentit-de-pertinenca\/\" \/>\n<meta property=\"og:site_name\" content=\"ASCEF\" \/>\n<meta property=\"article:published_time\" content=\"2022-12-15T11:55:11+00:00\" \/>\n<meta property=\"article:modified_time\" content=\"2022-12-21T12:14:18+00:00\" \/>\n<meta property=\"og:image\" content=\"https:\/\/www.ascef.com\/wp-content\/uploads\/2022\/12\/hands-gf1c98dd7b_640.jpg\" \/>\n\t<meta property=\"og:image:width\" content=\"640\" \/>\n\t<meta property=\"og:image:height\" content=\"427\" \/>\n\t<meta property=\"og:image:type\" content=\"image\/jpeg\" \/>\n<meta name=\"author\" content=\"usuari_ascef_admin\" \/>\n<meta name=\"twitter:card\" content=\"summary_large_image\" \/>\n<meta name=\"twitter:label1\" content=\"Escrito por\" \/>\n\t<meta name=\"twitter:data1\" content=\"usuari_ascef_admin\" \/>\n\t<meta name=\"twitter:label2\" content=\"Tiempo de lectura\" \/>\n\t<meta name=\"twitter:data2\" content=\"5 minutos\" \/>\n<script type=\"application\/ld+json\" class=\"yoast-schema-graph\">{\"@context\":\"https:\\\/\\\/schema.org\",\"@graph\":[{\"@type\":\"Article\",\"@id\":\"https:\\\/\\\/www.ascef.com\\\/es\\\/entrevista-la-responsabilitat-social-corporativa-permet-a-les-noves-generacions-tenir-un-sentit-de-pertinenca\\\/#article\",\"isPartOf\":{\"@id\":\"https:\\\/\\\/www.ascef.com\\\/es\\\/entrevista-la-responsabilitat-social-corporativa-permet-a-les-noves-generacions-tenir-un-sentit-de-pertinenca\\\/\"},\"author\":{\"name\":\"usuari_ascef_admin\",\"@id\":\"https:\\\/\\\/www.ascef.com\\\/es\\\/#\\\/schema\\\/person\\\/818edf5b5f3a1179bca4deca82c739f5\"},\"headline\":\"Entrevista: \u201cLa Responsabilidad Social Corporativa permite a las nuevas generaciones tener un sentimiento de pertenencia\u00bb\",\"datePublished\":\"2022-12-15T11:55:11+00:00\",\"dateModified\":\"2022-12-21T12:14:18+00:00\",\"mainEntityOfPage\":{\"@id\":\"https:\\\/\\\/www.ascef.com\\\/es\\\/entrevista-la-responsabilitat-social-corporativa-permet-a-les-noves-generacions-tenir-un-sentit-de-pertinenca\\\/\"},\"wordCount\":841,\"commentCount\":0,\"image\":{\"@id\":\"https:\\\/\\\/www.ascef.com\\\/es\\\/entrevista-la-responsabilitat-social-corporativa-permet-a-les-noves-generacions-tenir-un-sentit-de-pertinenca\\\/#primaryimage\"},\"thumbnailUrl\":\"https:\\\/\\\/www.ascef.com\\\/wp-content\\\/uploads\\\/2022\\\/12\\\/hands-gf1c98dd7b_640.jpg\",\"articleSection\":[\"general\"],\"inLanguage\":\"es\"},{\"@type\":\"WebPage\",\"@id\":\"https:\\\/\\\/www.ascef.com\\\/es\\\/entrevista-la-responsabilitat-social-corporativa-permet-a-les-noves-generacions-tenir-un-sentit-de-pertinenca\\\/\",\"url\":\"https:\\\/\\\/www.ascef.com\\\/es\\\/entrevista-la-responsabilitat-social-corporativa-permet-a-les-noves-generacions-tenir-un-sentit-de-pertinenca\\\/\",\"name\":\"Entrevista: \u201cLa Responsabilidad Social Corporativa permite a las nuevas generaciones tener un sentimiento de pertenencia\\\" - ASCEF\",\"isPartOf\":{\"@id\":\"https:\\\/\\\/www.ascef.com\\\/es\\\/#website\"},\"primaryImageOfPage\":{\"@id\":\"https:\\\/\\\/www.ascef.com\\\/es\\\/entrevista-la-responsabilitat-social-corporativa-permet-a-les-noves-generacions-tenir-un-sentit-de-pertinenca\\\/#primaryimage\"},\"image\":{\"@id\":\"https:\\\/\\\/www.ascef.com\\\/es\\\/entrevista-la-responsabilitat-social-corporativa-permet-a-les-noves-generacions-tenir-un-sentit-de-pertinenca\\\/#primaryimage\"},\"thumbnailUrl\":\"https:\\\/\\\/www.ascef.com\\\/wp-content\\\/uploads\\\/2022\\\/12\\\/hands-gf1c98dd7b_640.jpg\",\"datePublished\":\"2022-12-15T11:55:11+00:00\",\"dateModified\":\"2022-12-21T12:14:18+00:00\",\"author\":{\"@id\":\"https:\\\/\\\/www.ascef.com\\\/es\\\/#\\\/schema\\\/person\\\/818edf5b5f3a1179bca4deca82c739f5\"},\"breadcrumb\":{\"@id\":\"https:\\\/\\\/www.ascef.com\\\/es\\\/entrevista-la-responsabilitat-social-corporativa-permet-a-les-noves-generacions-tenir-un-sentit-de-pertinenca\\\/#breadcrumb\"},\"inLanguage\":\"es\",\"potentialAction\":[{\"@type\":\"ReadAction\",\"target\":[\"https:\\\/\\\/www.ascef.com\\\/es\\\/entrevista-la-responsabilitat-social-corporativa-permet-a-les-noves-generacions-tenir-un-sentit-de-pertinenca\\\/\"]}]},{\"@type\":\"ImageObject\",\"inLanguage\":\"es\",\"@id\":\"https:\\\/\\\/www.ascef.com\\\/es\\\/entrevista-la-responsabilitat-social-corporativa-permet-a-les-noves-generacions-tenir-un-sentit-de-pertinenca\\\/#primaryimage\",\"url\":\"https:\\\/\\\/www.ascef.com\\\/wp-content\\\/uploads\\\/2022\\\/12\\\/hands-gf1c98dd7b_640.jpg\",\"contentUrl\":\"https:\\\/\\\/www.ascef.com\\\/wp-content\\\/uploads\\\/2022\\\/12\\\/hands-gf1c98dd7b_640.jpg\",\"width\":640,\"height\":427},{\"@type\":\"BreadcrumbList\",\"@id\":\"https:\\\/\\\/www.ascef.com\\\/es\\\/entrevista-la-responsabilitat-social-corporativa-permet-a-les-noves-generacions-tenir-un-sentit-de-pertinenca\\\/#breadcrumb\",\"itemListElement\":[{\"@type\":\"ListItem\",\"position\":1,\"name\":\"Portada\",\"item\":\"https:\\\/\\\/www.ascef.com\\\/es\\\/\"},{\"@type\":\"ListItem\",\"position\":2,\"name\":\"Entrevista: \u201cLa Responsabilidad Social Corporativa permite a las nuevas generaciones tener un sentimiento de pertenencia&#8221;\"}]},{\"@type\":\"WebSite\",\"@id\":\"https:\\\/\\\/www.ascef.com\\\/es\\\/#website\",\"url\":\"https:\\\/\\\/www.ascef.com\\\/es\\\/\",\"name\":\"ASCEF\",\"description\":\"Associaci\u00f3 Catalana de l\u2019Empresa Familiar\",\"potentialAction\":[{\"@type\":\"SearchAction\",\"target\":{\"@type\":\"EntryPoint\",\"urlTemplate\":\"https:\\\/\\\/www.ascef.com\\\/es\\\/?s={search_term_string}\"},\"query-input\":{\"@type\":\"PropertyValueSpecification\",\"valueRequired\":true,\"valueName\":\"search_term_string\"}}],\"inLanguage\":\"es\"},{\"@type\":\"Person\",\"@id\":\"https:\\\/\\\/www.ascef.com\\\/es\\\/#\\\/schema\\\/person\\\/818edf5b5f3a1179bca4deca82c739f5\",\"name\":\"usuari_ascef_admin\",\"url\":\"https:\\\/\\\/www.ascef.com\\\/es\\\/author\\\/usuari_ascef_admin\\\/\"}]}<\/script>\n<!-- \/ Yoast SEO plugin. -->","yoast_head_json":{"title":"Entrevista: \u201cLa Responsabilidad Social Corporativa permite a las nuevas generaciones tener un sentimiento de pertenencia\" - ASCEF","robots":{"index":"index","follow":"follow","max-snippet":"max-snippet:-1","max-image-preview":"max-image-preview:large","max-video-preview":"max-video-preview:-1"},"canonical":"https:\/\/www.ascef.com\/es\/entrevista-la-responsabilitat-social-corporativa-permet-a-les-noves-generacions-tenir-un-sentit-de-pertinenca\/","og_locale":"es_ES","og_type":"article","og_title":"Entrevista: \u201cLa Responsabilidad Social Corporativa permite a las nuevas generaciones tener un sentimiento de pertenencia\" - ASCEF","og_description":"Dra. Pilar Salda\u00f1a Gonzalvo Directora del Aula UB de empresa familiar \u00bfCu\u00e1les son las Claves de la Responsabilidad Social Corporativa hoy? Podr\u00edamos definir 4 aspectos claves: La primera clave consiste en llevar a la pr\u00e1ctica el cumplimiento de los ODS desde una perspectiva global de todos los agentes para proteger al planeta del cambio clim\u00e1tico. [&hellip;]","og_url":"https:\/\/www.ascef.com\/es\/entrevista-la-responsabilitat-social-corporativa-permet-a-les-noves-generacions-tenir-un-sentit-de-pertinenca\/","og_site_name":"ASCEF","article_published_time":"2022-12-15T11:55:11+00:00","article_modified_time":"2022-12-21T12:14:18+00:00","og_image":[{"width":640,"height":427,"url":"https:\/\/www.ascef.com\/wp-content\/uploads\/2022\/12\/hands-gf1c98dd7b_640.jpg","type":"image\/jpeg"}],"author":"usuari_ascef_admin","twitter_card":"summary_large_image","twitter_misc":{"Escrito por":"usuari_ascef_admin","Tiempo de lectura":"5 minutos"},"schema":{"@context":"https:\/\/schema.org","@graph":[{"@type":"Article","@id":"https:\/\/www.ascef.com\/es\/entrevista-la-responsabilitat-social-corporativa-permet-a-les-noves-generacions-tenir-un-sentit-de-pertinenca\/#article","isPartOf":{"@id":"https:\/\/www.ascef.com\/es\/entrevista-la-responsabilitat-social-corporativa-permet-a-les-noves-generacions-tenir-un-sentit-de-pertinenca\/"},"author":{"name":"usuari_ascef_admin","@id":"https:\/\/www.ascef.com\/es\/#\/schema\/person\/818edf5b5f3a1179bca4deca82c739f5"},"headline":"Entrevista: \u201cLa Responsabilidad Social Corporativa permite a las nuevas generaciones tener un sentimiento de pertenencia\u00bb","datePublished":"2022-12-15T11:55:11+00:00","dateModified":"2022-12-21T12:14:18+00:00","mainEntityOfPage":{"@id":"https:\/\/www.ascef.com\/es\/entrevista-la-responsabilitat-social-corporativa-permet-a-les-noves-generacions-tenir-un-sentit-de-pertinenca\/"},"wordCount":841,"commentCount":0,"image":{"@id":"https:\/\/www.ascef.com\/es\/entrevista-la-responsabilitat-social-corporativa-permet-a-les-noves-generacions-tenir-un-sentit-de-pertinenca\/#primaryimage"},"thumbnailUrl":"https:\/\/www.ascef.com\/wp-content\/uploads\/2022\/12\/hands-gf1c98dd7b_640.jpg","articleSection":["general"],"inLanguage":"es"},{"@type":"WebPage","@id":"https:\/\/www.ascef.com\/es\/entrevista-la-responsabilitat-social-corporativa-permet-a-les-noves-generacions-tenir-un-sentit-de-pertinenca\/","url":"https:\/\/www.ascef.com\/es\/entrevista-la-responsabilitat-social-corporativa-permet-a-les-noves-generacions-tenir-un-sentit-de-pertinenca\/","name":"Entrevista: \u201cLa Responsabilidad Social Corporativa permite a las nuevas generaciones tener un sentimiento de pertenencia\" - ASCEF","isPartOf":{"@id":"https:\/\/www.ascef.com\/es\/#website"},"primaryImageOfPage":{"@id":"https:\/\/www.ascef.com\/es\/entrevista-la-responsabilitat-social-corporativa-permet-a-les-noves-generacions-tenir-un-sentit-de-pertinenca\/#primaryimage"},"image":{"@id":"https:\/\/www.ascef.com\/es\/entrevista-la-responsabilitat-social-corporativa-permet-a-les-noves-generacions-tenir-un-sentit-de-pertinenca\/#primaryimage"},"thumbnailUrl":"https:\/\/www.ascef.com\/wp-content\/uploads\/2022\/12\/hands-gf1c98dd7b_640.jpg","datePublished":"2022-12-15T11:55:11+00:00","dateModified":"2022-12-21T12:14:18+00:00","author":{"@id":"https:\/\/www.ascef.com\/es\/#\/schema\/person\/818edf5b5f3a1179bca4deca82c739f5"},"breadcrumb":{"@id":"https:\/\/www.ascef.com\/es\/entrevista-la-responsabilitat-social-corporativa-permet-a-les-noves-generacions-tenir-un-sentit-de-pertinenca\/#breadcrumb"},"inLanguage":"es","potentialAction":[{"@type":"ReadAction","target":["https:\/\/www.ascef.com\/es\/entrevista-la-responsabilitat-social-corporativa-permet-a-les-noves-generacions-tenir-un-sentit-de-pertinenca\/"]}]},{"@type":"ImageObject","inLanguage":"es","@id":"https:\/\/www.ascef.com\/es\/entrevista-la-responsabilitat-social-corporativa-permet-a-les-noves-generacions-tenir-un-sentit-de-pertinenca\/#primaryimage","url":"https:\/\/www.ascef.com\/wp-content\/uploads\/2022\/12\/hands-gf1c98dd7b_640.jpg","contentUrl":"https:\/\/www.ascef.com\/wp-content\/uploads\/2022\/12\/hands-gf1c98dd7b_640.jpg","width":640,"height":427},{"@type":"BreadcrumbList","@id":"https:\/\/www.ascef.com\/es\/entrevista-la-responsabilitat-social-corporativa-permet-a-les-noves-generacions-tenir-un-sentit-de-pertinenca\/#breadcrumb","itemListElement":[{"@type":"ListItem","position":1,"name":"Portada","item":"https:\/\/www.ascef.com\/es\/"},{"@type":"ListItem","position":2,"name":"Entrevista: \u201cLa Responsabilidad Social Corporativa permite a las nuevas generaciones tener un sentimiento de pertenencia&#8221;"}]},{"@type":"WebSite","@id":"https:\/\/www.ascef.com\/es\/#website","url":"https:\/\/www.ascef.com\/es\/","name":"ASCEF","description":"Associaci\u00f3 Catalana de l\u2019Empresa Familiar","potentialAction":[{"@type":"SearchAction","target":{"@type":"EntryPoint","urlTemplate":"https:\/\/www.ascef.com\/es\/?s={search_term_string}"},"query-input":{"@type":"PropertyValueSpecification","valueRequired":true,"valueName":"search_term_string"}}],"inLanguage":"es"},{"@type":"Person","@id":"https:\/\/www.ascef.com\/es\/#\/schema\/person\/818edf5b5f3a1179bca4deca82c739f5","name":"usuari_ascef_admin","url":"https:\/\/www.ascef.com\/es\/author\/usuari_ascef_admin\/"}]}},"_links":{"self":[{"href":"https:\/\/www.ascef.com\/es\/wp-json\/wp\/v2\/posts\/5137","targetHints":{"allow":["GET"]}}],"collection":[{"href":"https:\/\/www.ascef.com\/es\/wp-json\/wp\/v2\/posts"}],"about":[{"href":"https:\/\/www.ascef.com\/es\/wp-json\/wp\/v2\/types\/post"}],"author":[{"embeddable":true,"href":"https:\/\/www.ascef.com\/es\/wp-json\/wp\/v2\/users\/311"}],"replies":[{"embeddable":true,"href":"https:\/\/www.ascef.com\/es\/wp-json\/wp\/v2\/comments?post=5137"}],"version-history":[{"count":5,"href":"https:\/\/www.ascef.com\/es\/wp-json\/wp\/v2\/posts\/5137\/revisions"}],"predecessor-version":[{"id":5186,"href":"https:\/\/www.ascef.com\/es\/wp-json\/wp\/v2\/posts\/5137\/revisions\/5186"}],"wp:featuredmedia":[{"embeddable":true,"href":"https:\/\/www.ascef.com\/es\/wp-json\/wp\/v2\/media\/5048"}],"wp:attachment":[{"href":"https:\/\/www.ascef.com\/es\/wp-json\/wp\/v2\/media?parent=5137"}],"wp:term":[{"taxonomy":"category","embeddable":true,"href":"https:\/\/www.ascef.com\/es\/wp-json\/wp\/v2\/categories?post=5137"},{"taxonomy":"post_tag","embeddable":true,"href":"https:\/\/www.ascef.com\/es\/wp-json\/wp\/v2\/tags?post=5137"}],"curies":[{"name":"wp","href":"https:\/\/api.w.org\/{rel}","templated":true}]}}