{"id":5134,"date":"2022-12-15T11:50:39","date_gmt":"2022-12-15T11:50:39","guid":{"rendered":"https:\/\/www.ascef.com\/trobada-anual-lascef-aquest-any-parla-en-clau-sostenible\/"},"modified":"2022-12-21T12:17:42","modified_gmt":"2022-12-21T12:17:42","slug":"trobada-anual-lascef-aquest-any-parla-en-clau-sostenible","status":"publish","type":"post","link":"https:\/\/www.ascef.com\/es\/trobada-anual-lascef-aquest-any-parla-en-clau-sostenible\/","title":{"rendered":"Encuentro anual: este a\u00f1o, la ASCEF habla en clave sostenible"},"content":{"rendered":"<p>El 24 de noviembre, la ASCEF organiz\u00f3, un a\u00f1o m\u00e1s, el Encuentro Anual de Socios, uno de los actos m\u00e1s relevantes de nuestra Asociaci\u00f3n, tanto por su contenido como porque nos permite reencontrarnos y compartir experiencias. Este, el tema central del Encuentro ha sido la sostenibilidad profundizando en por qu\u00e9 es o debe ser un aspecto clave para las empresas familiares y conocer ejemplos de c\u00f3mo las empresas han incorporado este aspecto dentro de su estrategia.<\/p>\n<p><img loading=\"lazy\" decoding=\"async\" class=\"size-medium wp-image-5035 aligncenter\" src=\"https:\/\/www.ascef.com\/wp-content\/uploads\/2022\/12\/Foto-Sonia-Colomar1-650x480.jpg\" alt=\"\" width=\"650\" height=\"480\" \/><\/p>\n<p>El acto celebrado, en el Hotel Condes de Barcelona, \u200b\u200bfue presentado por Isabel de Sol, directora de la ASCEF, quien explic\u00f3 que la empresa familiar siempre ha estado comprometida con la sostenibilidad tanto en el entorno social, como medioambiental y de gobernanza, y por Sonia Colomar, directora territorial de Banco Santander, que valor\u00f3 a las empresas familiares como motor econ\u00f3mico por su capacidad de emprender e innovar incluso en momentos de incertidumbre como el actual. Record\u00f3 que, en Catalu\u00f1a, la empresa familiar representa al 88% de las empresas privadas, el 66% de los puestos de trabajo privado y el 69% del PIB.<\/p>\n<p><img loading=\"lazy\" decoding=\"async\" class=\"size-medium wp-image-5038 aligncenter\" src=\"https:\/\/www.ascef.com\/wp-content\/uploads\/2022\/12\/Foto-Isabel-Puig4-copia-650x480.jpg\" alt=\"\" width=\"650\" height=\"480\" \/><\/p>\n<p>La ponencia del encuentro estuvo a cargo de Isabel Puig Ferrer, directora de coordinaci\u00f3n institucional del Banco Santander con el t\u00edtulo \u201cTendencias empresariales: sostenibilidad y digitalizaci\u00f3n\u201d. En su charla, reconociendo el entorno de incertidumbre actual, quiso destacar algunas certezas como por ejemplo, el alto nivel de confianza que tienen en este momento los empresarios por encima de pol\u00edticos, ONGs y medios de comunicaci\u00f3n seg\u00fan el Informe Edelmann, y que la digitalizaci\u00f3n y la sostenibilidad son el binomio indivisible que permitir\u00e1 a las empresas adaptarse al cambio y al futuro.<\/p>\n<p>Tambi\u00e9n argument\u00f3 que la sostenibilidad, hoy, ya es imprescindible para las empresas, porque lo piden los clientes y los stakeholders, porque forma parte de la reputaci\u00f3n de la empresa, por toda la normativa y legislaci\u00f3n que llega y llegar\u00e1, y porque tambi\u00e9n puede ser un nicho de negocio.<\/p>\n<p>Albert Campabadal, vicepresidente de Grupo SIFU y presidente de la Comisi\u00f3n de RSC de la ASCEF fue el encargado de presentar la Mesa redonda \u201cESG en el coraz\u00f3n de la empresa familiar\u201d. Antes, sin embargo, quiso recordar que la ASCEF y la Comisi\u00f3n de RSC, con sus jornadas y actividades, tienen como objetivo ayudar y acompa\u00f1ar a la empresa familiar en el camino hacia la sostenibilidad y dar a conocer y ser altavoz de casos y experiencias de \u00e9xito.<\/p>\n<p>En la mesa redonda \u201cESG en el coraz\u00f3n de la empresa familiar\u201d participaron Ram\u00f3n Agenjo, consejero y secretario de S.A. DAMM, Inka Guix\u00e0, directora general de La Farga YourCooperSolutions y vicepresidenta del Consejo de Administraci\u00f3n y Manel Xifra, presidente ejecutivo de Comexi Grup, con Xavier Carbonell, profesor y director de la C\u00e1tedra Mango de RSC en ESCI-UPF, como moderador.<\/p>\n<p>Como experto en RSC, Xavier Carbonell introdujo el tema haciendo una retrospectiva desde finales de los a\u00f1os noventa, cuando la RSC era un tema \u00e9tico y voluntario, hasta hoy en que es un enfoque de mercado estrat\u00e9gico para las empresas y que ha incorporado los conceptos social, econ\u00f3mico, medioambiental y de buena gobernanza.<\/p>\n<p>En el turno de palabras, los tres ponentes coincidieron en explicar que la ESG debe formar parte del ADN de la empresa y\u00a0 debe ser un prop\u00f3sito que vaya de la direcci\u00f3n hacia la base. Tambi\u00e9n coincidieron en que la sostenibilidad es un concepto totalmente alineado con la esencia de la empresa familiar que busca perdurar en el tiempo, dejar un impacto social de valor y estar arraigada al territorio.<\/p>\n<p>El presidente de la ASCEF, Jaume Alsina cerr\u00f3 el acto recordando que en 2023 se celebrar\u00e1 el 25 aniversario de la Asociaci\u00f3n, un a\u00f1o muy importante en el que \u201cla ASCEF continuar\u00e1 trabajando para dar visibilidad a la empresa familiar, tejiendo complicidades con otros actores relevantes y aportando valor a las personas y empresas que somos parte de la ASCEF\u201d.<\/p>\n<p>&nbsp;<\/p>\n","protected":false},"excerpt":{"rendered":"<p>El 24 de noviembre, la ASCEF organiz\u00f3, un a\u00f1o m\u00e1s, el Encuentro Anual de Socios, uno de los actos m\u00e1s relevantes de nuestra Asociaci\u00f3n, tanto por su contenido como porque nos permite reencontrarnos y compartir experiencias. Este, el tema central del Encuentro ha sido la sostenibilidad profundizando en por qu\u00e9 es o debe ser un [&hellip;]<\/p>\n","protected":false},"author":311,"featured_media":5043,"comment_status":"open","ping_status":"open","sticky":false,"template":"","format":"standard","meta":{"_acf_changed":false,"footnotes":""},"categories":[185],"tags":[],"class_list":["post-5134","post","type-post","status-publish","format-standard","has-post-thumbnail","hentry","category-general"],"acf":[],"yoast_head":"<!-- This site is optimized with the Yoast SEO plugin v27.5 - https:\/\/yoast.com\/product\/yoast-seo-wordpress\/ -->\n<title>Encuentro anual: este a\u00f1o, la ASCEF habla en clave sostenible - ASCEF<\/title>\n<meta name=\"robots\" content=\"index, follow, max-snippet:-1, max-image-preview:large, max-video-preview:-1\" \/>\n<link rel=\"canonical\" href=\"https:\/\/www.ascef.com\/es\/trobada-anual-lascef-aquest-any-parla-en-clau-sostenible\/\" \/>\n<meta property=\"og:locale\" content=\"es_ES\" \/>\n<meta property=\"og:type\" content=\"article\" \/>\n<meta property=\"og:title\" content=\"Encuentro anual: este a\u00f1o, la ASCEF habla en clave sostenible - ASCEF\" \/>\n<meta property=\"og:description\" content=\"El 24 de noviembre, la ASCEF organiz\u00f3, un a\u00f1o m\u00e1s, el Encuentro Anual de Socios, uno de los actos m\u00e1s relevantes de nuestra Asociaci\u00f3n, tanto por su contenido como porque nos permite reencontrarnos y compartir experiencias. Este, el tema central del Encuentro ha sido la sostenibilidad profundizando en por qu\u00e9 es o debe ser un [&hellip;]\" \/>\n<meta property=\"og:url\" content=\"https:\/\/www.ascef.com\/es\/trobada-anual-lascef-aquest-any-parla-en-clau-sostenible\/\" \/>\n<meta property=\"og:site_name\" content=\"ASCEF\" \/>\n<meta property=\"article:published_time\" content=\"2022-12-15T11:50:39+00:00\" \/>\n<meta property=\"article:modified_time\" content=\"2022-12-21T12:17:42+00:00\" \/>\n<meta property=\"og:image\" content=\"https:\/\/www.ascef.com\/wp-content\/uploads\/2022\/12\/DSC_3240-1024x598.jpg\" \/>\n\t<meta property=\"og:image:width\" content=\"1024\" \/>\n\t<meta property=\"og:image:height\" content=\"598\" \/>\n\t<meta property=\"og:image:type\" content=\"image\/jpeg\" \/>\n<meta name=\"author\" content=\"usuari_ascef_admin\" \/>\n<meta name=\"twitter:card\" content=\"summary_large_image\" \/>\n<meta name=\"twitter:label1\" content=\"Escrito por\" \/>\n\t<meta name=\"twitter:data1\" content=\"usuari_ascef_admin\" \/>\n\t<meta name=\"twitter:label2\" content=\"Tiempo de lectura\" \/>\n\t<meta name=\"twitter:data2\" content=\"4 minutos\" \/>\n<script type=\"application\/ld+json\" class=\"yoast-schema-graph\">{\"@context\":\"https:\\\/\\\/schema.org\",\"@graph\":[{\"@type\":\"Article\",\"@id\":\"https:\\\/\\\/www.ascef.com\\\/es\\\/trobada-anual-lascef-aquest-any-parla-en-clau-sostenible\\\/#article\",\"isPartOf\":{\"@id\":\"https:\\\/\\\/www.ascef.com\\\/es\\\/trobada-anual-lascef-aquest-any-parla-en-clau-sostenible\\\/\"},\"author\":{\"name\":\"usuari_ascef_admin\",\"@id\":\"https:\\\/\\\/www.ascef.com\\\/es\\\/#\\\/schema\\\/person\\\/818edf5b5f3a1179bca4deca82c739f5\"},\"headline\":\"Encuentro anual: este a\u00f1o, la ASCEF habla en clave sostenible\",\"datePublished\":\"2022-12-15T11:50:39+00:00\",\"dateModified\":\"2022-12-21T12:17:42+00:00\",\"mainEntityOfPage\":{\"@id\":\"https:\\\/\\\/www.ascef.com\\\/es\\\/trobada-anual-lascef-aquest-any-parla-en-clau-sostenible\\\/\"},\"wordCount\":677,\"commentCount\":0,\"image\":{\"@id\":\"https:\\\/\\\/www.ascef.com\\\/es\\\/trobada-anual-lascef-aquest-any-parla-en-clau-sostenible\\\/#primaryimage\"},\"thumbnailUrl\":\"https:\\\/\\\/www.ascef.com\\\/wp-content\\\/uploads\\\/2022\\\/12\\\/DSC_3240.jpg\",\"articleSection\":[\"general\"],\"inLanguage\":\"es\"},{\"@type\":\"WebPage\",\"@id\":\"https:\\\/\\\/www.ascef.com\\\/es\\\/trobada-anual-lascef-aquest-any-parla-en-clau-sostenible\\\/\",\"url\":\"https:\\\/\\\/www.ascef.com\\\/es\\\/trobada-anual-lascef-aquest-any-parla-en-clau-sostenible\\\/\",\"name\":\"Encuentro anual: este a\u00f1o, la ASCEF habla en clave sostenible - ASCEF\",\"isPartOf\":{\"@id\":\"https:\\\/\\\/www.ascef.com\\\/es\\\/#website\"},\"primaryImageOfPage\":{\"@id\":\"https:\\\/\\\/www.ascef.com\\\/es\\\/trobada-anual-lascef-aquest-any-parla-en-clau-sostenible\\\/#primaryimage\"},\"image\":{\"@id\":\"https:\\\/\\\/www.ascef.com\\\/es\\\/trobada-anual-lascef-aquest-any-parla-en-clau-sostenible\\\/#primaryimage\"},\"thumbnailUrl\":\"https:\\\/\\\/www.ascef.com\\\/wp-content\\\/uploads\\\/2022\\\/12\\\/DSC_3240.jpg\",\"datePublished\":\"2022-12-15T11:50:39+00:00\",\"dateModified\":\"2022-12-21T12:17:42+00:00\",\"author\":{\"@id\":\"https:\\\/\\\/www.ascef.com\\\/es\\\/#\\\/schema\\\/person\\\/818edf5b5f3a1179bca4deca82c739f5\"},\"breadcrumb\":{\"@id\":\"https:\\\/\\\/www.ascef.com\\\/es\\\/trobada-anual-lascef-aquest-any-parla-en-clau-sostenible\\\/#breadcrumb\"},\"inLanguage\":\"es\",\"potentialAction\":[{\"@type\":\"ReadAction\",\"target\":[\"https:\\\/\\\/www.ascef.com\\\/es\\\/trobada-anual-lascef-aquest-any-parla-en-clau-sostenible\\\/\"]}]},{\"@type\":\"ImageObject\",\"inLanguage\":\"es\",\"@id\":\"https:\\\/\\\/www.ascef.com\\\/es\\\/trobada-anual-lascef-aquest-any-parla-en-clau-sostenible\\\/#primaryimage\",\"url\":\"https:\\\/\\\/www.ascef.com\\\/wp-content\\\/uploads\\\/2022\\\/12\\\/DSC_3240.jpg\",\"contentUrl\":\"https:\\\/\\\/www.ascef.com\\\/wp-content\\\/uploads\\\/2022\\\/12\\\/DSC_3240.jpg\",\"width\":2500,\"height\":1461},{\"@type\":\"BreadcrumbList\",\"@id\":\"https:\\\/\\\/www.ascef.com\\\/es\\\/trobada-anual-lascef-aquest-any-parla-en-clau-sostenible\\\/#breadcrumb\",\"itemListElement\":[{\"@type\":\"ListItem\",\"position\":1,\"name\":\"Portada\",\"item\":\"https:\\\/\\\/www.ascef.com\\\/es\\\/\"},{\"@type\":\"ListItem\",\"position\":2,\"name\":\"Encuentro anual: este a\u00f1o, la ASCEF habla en clave sostenible\"}]},{\"@type\":\"WebSite\",\"@id\":\"https:\\\/\\\/www.ascef.com\\\/es\\\/#website\",\"url\":\"https:\\\/\\\/www.ascef.com\\\/es\\\/\",\"name\":\"ASCEF\",\"description\":\"Associaci\u00f3 Catalana de l\u2019Empresa Familiar\",\"potentialAction\":[{\"@type\":\"SearchAction\",\"target\":{\"@type\":\"EntryPoint\",\"urlTemplate\":\"https:\\\/\\\/www.ascef.com\\\/es\\\/?s={search_term_string}\"},\"query-input\":{\"@type\":\"PropertyValueSpecification\",\"valueRequired\":true,\"valueName\":\"search_term_string\"}}],\"inLanguage\":\"es\"},{\"@type\":\"Person\",\"@id\":\"https:\\\/\\\/www.ascef.com\\\/es\\\/#\\\/schema\\\/person\\\/818edf5b5f3a1179bca4deca82c739f5\",\"name\":\"usuari_ascef_admin\",\"url\":\"https:\\\/\\\/www.ascef.com\\\/es\\\/author\\\/usuari_ascef_admin\\\/\"}]}<\/script>\n<!-- \/ Yoast SEO plugin. -->","yoast_head_json":{"title":"Encuentro anual: este a\u00f1o, la ASCEF habla en clave sostenible - ASCEF","robots":{"index":"index","follow":"follow","max-snippet":"max-snippet:-1","max-image-preview":"max-image-preview:large","max-video-preview":"max-video-preview:-1"},"canonical":"https:\/\/www.ascef.com\/es\/trobada-anual-lascef-aquest-any-parla-en-clau-sostenible\/","og_locale":"es_ES","og_type":"article","og_title":"Encuentro anual: este a\u00f1o, la ASCEF habla en clave sostenible - ASCEF","og_description":"El 24 de noviembre, la ASCEF organiz\u00f3, un a\u00f1o m\u00e1s, el Encuentro Anual de Socios, uno de los actos m\u00e1s relevantes de nuestra Asociaci\u00f3n, tanto por su contenido como porque nos permite reencontrarnos y compartir experiencias. Este, el tema central del Encuentro ha sido la sostenibilidad profundizando en por qu\u00e9 es o debe ser un [&hellip;]","og_url":"https:\/\/www.ascef.com\/es\/trobada-anual-lascef-aquest-any-parla-en-clau-sostenible\/","og_site_name":"ASCEF","article_published_time":"2022-12-15T11:50:39+00:00","article_modified_time":"2022-12-21T12:17:42+00:00","og_image":[{"width":1024,"height":598,"url":"https:\/\/www.ascef.com\/wp-content\/uploads\/2022\/12\/DSC_3240-1024x598.jpg","type":"image\/jpeg"}],"author":"usuari_ascef_admin","twitter_card":"summary_large_image","twitter_misc":{"Escrito por":"usuari_ascef_admin","Tiempo de lectura":"4 minutos"},"schema":{"@context":"https:\/\/schema.org","@graph":[{"@type":"Article","@id":"https:\/\/www.ascef.com\/es\/trobada-anual-lascef-aquest-any-parla-en-clau-sostenible\/#article","isPartOf":{"@id":"https:\/\/www.ascef.com\/es\/trobada-anual-lascef-aquest-any-parla-en-clau-sostenible\/"},"author":{"name":"usuari_ascef_admin","@id":"https:\/\/www.ascef.com\/es\/#\/schema\/person\/818edf5b5f3a1179bca4deca82c739f5"},"headline":"Encuentro anual: este a\u00f1o, la ASCEF habla en clave sostenible","datePublished":"2022-12-15T11:50:39+00:00","dateModified":"2022-12-21T12:17:42+00:00","mainEntityOfPage":{"@id":"https:\/\/www.ascef.com\/es\/trobada-anual-lascef-aquest-any-parla-en-clau-sostenible\/"},"wordCount":677,"commentCount":0,"image":{"@id":"https:\/\/www.ascef.com\/es\/trobada-anual-lascef-aquest-any-parla-en-clau-sostenible\/#primaryimage"},"thumbnailUrl":"https:\/\/www.ascef.com\/wp-content\/uploads\/2022\/12\/DSC_3240.jpg","articleSection":["general"],"inLanguage":"es"},{"@type":"WebPage","@id":"https:\/\/www.ascef.com\/es\/trobada-anual-lascef-aquest-any-parla-en-clau-sostenible\/","url":"https:\/\/www.ascef.com\/es\/trobada-anual-lascef-aquest-any-parla-en-clau-sostenible\/","name":"Encuentro anual: este a\u00f1o, la ASCEF habla en clave sostenible - ASCEF","isPartOf":{"@id":"https:\/\/www.ascef.com\/es\/#website"},"primaryImageOfPage":{"@id":"https:\/\/www.ascef.com\/es\/trobada-anual-lascef-aquest-any-parla-en-clau-sostenible\/#primaryimage"},"image":{"@id":"https:\/\/www.ascef.com\/es\/trobada-anual-lascef-aquest-any-parla-en-clau-sostenible\/#primaryimage"},"thumbnailUrl":"https:\/\/www.ascef.com\/wp-content\/uploads\/2022\/12\/DSC_3240.jpg","datePublished":"2022-12-15T11:50:39+00:00","dateModified":"2022-12-21T12:17:42+00:00","author":{"@id":"https:\/\/www.ascef.com\/es\/#\/schema\/person\/818edf5b5f3a1179bca4deca82c739f5"},"breadcrumb":{"@id":"https:\/\/www.ascef.com\/es\/trobada-anual-lascef-aquest-any-parla-en-clau-sostenible\/#breadcrumb"},"inLanguage":"es","potentialAction":[{"@type":"ReadAction","target":["https:\/\/www.ascef.com\/es\/trobada-anual-lascef-aquest-any-parla-en-clau-sostenible\/"]}]},{"@type":"ImageObject","inLanguage":"es","@id":"https:\/\/www.ascef.com\/es\/trobada-anual-lascef-aquest-any-parla-en-clau-sostenible\/#primaryimage","url":"https:\/\/www.ascef.com\/wp-content\/uploads\/2022\/12\/DSC_3240.jpg","contentUrl":"https:\/\/www.ascef.com\/wp-content\/uploads\/2022\/12\/DSC_3240.jpg","width":2500,"height":1461},{"@type":"BreadcrumbList","@id":"https:\/\/www.ascef.com\/es\/trobada-anual-lascef-aquest-any-parla-en-clau-sostenible\/#breadcrumb","itemListElement":[{"@type":"ListItem","position":1,"name":"Portada","item":"https:\/\/www.ascef.com\/es\/"},{"@type":"ListItem","position":2,"name":"Encuentro anual: este a\u00f1o, la ASCEF habla en clave sostenible"}]},{"@type":"WebSite","@id":"https:\/\/www.ascef.com\/es\/#website","url":"https:\/\/www.ascef.com\/es\/","name":"ASCEF","description":"Associaci\u00f3 Catalana de l\u2019Empresa Familiar","potentialAction":[{"@type":"SearchAction","target":{"@type":"EntryPoint","urlTemplate":"https:\/\/www.ascef.com\/es\/?s={search_term_string}"},"query-input":{"@type":"PropertyValueSpecification","valueRequired":true,"valueName":"search_term_string"}}],"inLanguage":"es"},{"@type":"Person","@id":"https:\/\/www.ascef.com\/es\/#\/schema\/person\/818edf5b5f3a1179bca4deca82c739f5","name":"usuari_ascef_admin","url":"https:\/\/www.ascef.com\/es\/author\/usuari_ascef_admin\/"}]}},"_links":{"self":[{"href":"https:\/\/www.ascef.com\/es\/wp-json\/wp\/v2\/posts\/5134","targetHints":{"allow":["GET"]}}],"collection":[{"href":"https:\/\/www.ascef.com\/es\/wp-json\/wp\/v2\/posts"}],"about":[{"href":"https:\/\/www.ascef.com\/es\/wp-json\/wp\/v2\/types\/post"}],"author":[{"embeddable":true,"href":"https:\/\/www.ascef.com\/es\/wp-json\/wp\/v2\/users\/311"}],"replies":[{"embeddable":true,"href":"https:\/\/www.ascef.com\/es\/wp-json\/wp\/v2\/comments?post=5134"}],"version-history":[{"count":5,"href":"https:\/\/www.ascef.com\/es\/wp-json\/wp\/v2\/posts\/5134\/revisions"}],"predecessor-version":[{"id":5187,"href":"https:\/\/www.ascef.com\/es\/wp-json\/wp\/v2\/posts\/5134\/revisions\/5187"}],"wp:featuredmedia":[{"embeddable":true,"href":"https:\/\/www.ascef.com\/es\/wp-json\/wp\/v2\/media\/5043"}],"wp:attachment":[{"href":"https:\/\/www.ascef.com\/es\/wp-json\/wp\/v2\/media?parent=5134"}],"wp:term":[{"taxonomy":"category","embeddable":true,"href":"https:\/\/www.ascef.com\/es\/wp-json\/wp\/v2\/categories?post=5134"},{"taxonomy":"post_tag","embeddable":true,"href":"https:\/\/www.ascef.com\/es\/wp-json\/wp\/v2\/tags?post=5134"}],"curies":[{"name":"wp","href":"https:\/\/api.w.org\/{rel}","templated":true}]}}