{"id":5131,"date":"2022-12-20T09:24:49","date_gmt":"2022-12-20T09:24:49","guid":{"rendered":"https:\/\/www.ascef.com\/?p=5131"},"modified":"2022-12-21T12:19:36","modified_gmt":"2022-12-21T12:19:36","slug":"la-ascef-en-el-xxv-congreso-nacional-de-la-empresa-familiar-en-caceres","status":"publish","type":"post","link":"https:\/\/www.ascef.com\/es\/la-ascef-en-el-xxv-congreso-nacional-de-la-empresa-familiar-en-caceres\/","title":{"rendered":"La ASCEF en el XXV Congreso Nacional de la Empresa Familiar en C\u00e1ceres"},"content":{"rendered":"<p>Una numerosa representaci\u00f3n de miembros de la Asociaci\u00f3n Catalana de la Empresa Familiar (ASCEF) particip\u00f3 en las diferentes actividades y sesiones organizadas dentro del Congreso Nacional de la Empresa Familiar, organizado por el Instituto de la Empresa Familiar (IEF) en C\u00e1ceres con el objetivo de hacer valer la importancia de la empresa familiar.<\/p>\n<p style=\"text-align: left;\">El domingo 2 de octubre, en la Plaza de Santa Mar\u00eda, se dio la bienvenida a los asistentes al Congreso, en un acto con la intervenci\u00f3n del alcalde de C\u00e1ceres, Luis Salaya, y el presidente de la Asociaci\u00f3n Extreme\u00f1a de la Empresa Familiar, Miguel \u00c1ngel Leal. En este mismo acto, tuvo lugar la presentaci\u00f3n de Proyectos con compromiso, un trabajo que recoge una muestra de las iniciativas vinculadas a la sostenibilidad -medioambiental, social y empresarial- desarrolladas durante el \u00faltimo ejercicio por empresas familiares.<\/p>\n<p><img loading=\"lazy\" decoding=\"async\" class=\"size-medium wp-image-5082 aligncenter\" src=\"https:\/\/www.ascef.com\/wp-content\/uploads\/2022\/12\/Foto-Presidents-i-Rei-650x480.jpg\" alt=\"\" width=\"650\" height=\"480\" \/><\/p>\n<p>La jornada del lunes 3 de octubre comenz\u00f3 con la inauguraci\u00f3n oficial, presidida por Su Majestad el Rey Felipe VI, y en la que intervinieron tambi\u00e9n el presidente de la Junta de Extremadura, Guillermo Fern\u00e1ndez Vara, y el presidente del IEF, Andr\u00e9s Sendagorta.<\/p>\n<p>A continuaci\u00f3n, se celebr\u00f3 la primera mesa redonda de la jornada, titulada <em>Creando Futuro: Empresa y Educaci\u00f3n,<\/em> con la participaci\u00f3n de Pilar Alegr\u00eda, ministra de Educaci\u00f3n y Formaci\u00f3n Profesional; Juan Jos\u00e9 Cano, presidente de KPMG en Espa\u00f1a; Antonio Sim\u00f5es, consejero delegado del Banco Santander en Espa\u00f1a; Roc\u00edo Hervella, presidenta de la Fundaci\u00f3n Empresa Familiar de Castilla y Le\u00f3n; y Alfonso Ses\u00e9, presidente del Grupo Ses\u00e9, como moderador.<\/p>\n<p>Las sesiones de tarde se centraron en tres historias empresariales excepcionales: Gestamp, multinacional espa\u00f1ola especializada en el dise\u00f1o, desarrollo y fabricaci\u00f3n de componentes met\u00e1licos de ingenier\u00eda para los principales fabricantes de autom\u00f3viles, Ferrovial, uno de los principales operadores globales de infraestructuras de transporte, e Inditex, el gigante textil espa\u00f1ol que ha revolucionado el mundo de la moda.<\/p>\n<p>Las sesiones del martes 4 de octubre empezaron con la mesa redonda titulada <em>Innovaci\u00f3n y Transformaci\u00f3n en la Empresa Familiar<\/em>, con la participaci\u00f3n de Gabriel Torres Pascual, director de Innovaci\u00f3n de Pascual; Rosa Tous, vicepresidenta corporativa de Tous, y Patricia Riberas, directora de Transformaci\u00f3n y Organizaci\u00f3n de Gestamp.<\/p>\n<p>A continuaci\u00f3n se celebr\u00f3 un di\u00e1logo empresarial protagonizado por Saskia De Rothschild, presidenta de Domaines Barons de Rothschild, y Fernando Rod\u00e9s, presidente ejecutivo de ISP.<\/p>\n<p>Una de las novedades de este Congreso Nacional de la Empresa Familiar es la presencia de un pa\u00eds invitado, en este caso, Portugal. Un grupo de empresarios familiares del pa\u00eds vecino protagonizaron una interesante mesa redonda sobre las singularidades de las empresas familiares portuguesas. Participaron: Jos\u00e9 Luis Sim\u00f5es, presidente de Luis Sim\u00f5es; Jorge de Melo, CEO del Grupo Sovena, y Mar\u00eda In\u00e9s da Mota, miembro del Comit\u00e9 Estrat\u00e9gico de Sostenibilidad de Mota-Engil.<\/p>\n<p>La siguiente mesa redonda fue <em>El Gobierno Corporativo como soluci\u00f3n a los retos de la empresa familia<\/em>r con Javier Ormaz\u00e1bal, presidente de Velatia; Ignacio Rivera, presidente ejecutivo de Corporaci\u00f3n Hijos de Rivera; Mauricio Gonz\u00e1lez Gordon, presidente de Gonz\u00e1lez Byass, y Andr\u00e9s Lantero, presidente del Grupo Lantero.<\/p>\n<p><img loading=\"lazy\" decoding=\"async\" class=\"size-medium wp-image-5085 aligncenter\" src=\"https:\/\/www.ascef.com\/wp-content\/uploads\/2022\/12\/0LE_0639-650x480.jpg\" alt=\"\" width=\"650\" height=\"480\" \/><\/p>\n<p>La \u00faltima mesa redonda de la jornada trat\u00f3 el tema de la transici\u00f3n generacional en la empresa familiar, una cuesti\u00f3n especialmente importante en este tipo de compa\u00f1\u00edas y una de las razones que inspir\u00f3 la fundaci\u00f3n del IEF. La ponencia se centr\u00f3 en dos casos concretos, los de las compa\u00f1\u00edas Catalana Occidente y Pikol\u00edn, con la intervenci\u00f3n de Jos\u00e9 Mar\u00eda Serra, presidente del Grupo Catalana Occidente, y su hijo Hugo Serra, consejero delegado; y Alfonso Sol\u00e1ns, presidente del Grupo Pikol\u00edn, y su hijo \u00c1lvaro Sol\u00e1ns, vicepresidente. Miguel Abell\u00f3, presidente ejecutivo de Torreal, fue el moderador.<\/p>\n<p>El discurso del presidente del IEF, Andr\u00e9s Sendagorta, puso el punto y final al XXV Congreso Nacional.<\/p>\n","protected":false},"excerpt":{"rendered":"<p>Una numerosa representaci\u00f3n de miembros de la Asociaci\u00f3n Catalana de la Empresa Familiar (ASCEF) particip\u00f3 en las diferentes actividades y sesiones organizadas dentro del Congreso Nacional de la Empresa Familiar, organizado por el Instituto de la Empresa Familiar (IEF) en C\u00e1ceres con el objetivo de hacer valer la importancia de la empresa familiar. El domingo [&hellip;]<\/p>\n","protected":false},"author":311,"featured_media":4747,"comment_status":"open","ping_status":"open","sticky":false,"template":"","format":"standard","meta":{"_acf_changed":false,"footnotes":""},"categories":[185],"tags":[],"class_list":["post-5131","post","type-post","status-publish","format-standard","has-post-thumbnail","hentry","category-general"],"acf":[],"yoast_head":"<!-- This site is optimized with the Yoast SEO plugin v27.5 - https:\/\/yoast.com\/product\/yoast-seo-wordpress\/ -->\n<title>La ASCEF en el XXV Congreso Nacional de la Empresa Familiar en C\u00e1ceres - ASCEF<\/title>\n<meta name=\"robots\" content=\"index, follow, max-snippet:-1, max-image-preview:large, max-video-preview:-1\" \/>\n<link rel=\"canonical\" href=\"https:\/\/www.ascef.com\/es\/la-ascef-en-el-xxv-congreso-nacional-de-la-empresa-familiar-en-caceres\/\" \/>\n<meta property=\"og:locale\" content=\"es_ES\" \/>\n<meta property=\"og:type\" content=\"article\" \/>\n<meta property=\"og:title\" content=\"La ASCEF en el XXV Congreso Nacional de la Empresa Familiar en C\u00e1ceres - ASCEF\" \/>\n<meta property=\"og:description\" content=\"Una numerosa representaci\u00f3n de miembros de la Asociaci\u00f3n Catalana de la Empresa Familiar (ASCEF) particip\u00f3 en las diferentes actividades y sesiones organizadas dentro del Congreso Nacional de la Empresa Familiar, organizado por el Instituto de la Empresa Familiar (IEF) en C\u00e1ceres con el objetivo de hacer valer la importancia de la empresa familiar. El domingo [&hellip;]\" \/>\n<meta property=\"og:url\" content=\"https:\/\/www.ascef.com\/es\/la-ascef-en-el-xxv-congreso-nacional-de-la-empresa-familiar-en-caceres\/\" \/>\n<meta property=\"og:site_name\" content=\"ASCEF\" \/>\n<meta property=\"article:published_time\" content=\"2022-12-20T09:24:49+00:00\" \/>\n<meta property=\"article:modified_time\" content=\"2022-12-21T12:19:36+00:00\" \/>\n<meta property=\"og:image\" content=\"https:\/\/www.ascef.com\/wp-content\/uploads\/2022\/10\/LAscef-al-Congres-nacional-scaled.jpg\" \/>\n\t<meta property=\"og:image:width\" content=\"2560\" \/>\n\t<meta property=\"og:image:height\" content=\"1707\" \/>\n\t<meta property=\"og:image:type\" content=\"image\/jpeg\" \/>\n<meta name=\"author\" content=\"usuari_ascef_admin\" \/>\n<meta name=\"twitter:card\" content=\"summary_large_image\" \/>\n<meta name=\"twitter:label1\" content=\"Escrito por\" \/>\n\t<meta name=\"twitter:data1\" content=\"usuari_ascef_admin\" \/>\n\t<meta name=\"twitter:label2\" content=\"Tiempo de lectura\" \/>\n\t<meta name=\"twitter:data2\" content=\"4 minutos\" \/>\n<script type=\"application\/ld+json\" class=\"yoast-schema-graph\">{\"@context\":\"https:\\\/\\\/schema.org\",\"@graph\":[{\"@type\":\"Article\",\"@id\":\"https:\\\/\\\/www.ascef.com\\\/es\\\/la-ascef-en-el-xxv-congreso-nacional-de-la-empresa-familiar-en-caceres\\\/#article\",\"isPartOf\":{\"@id\":\"https:\\\/\\\/www.ascef.com\\\/es\\\/la-ascef-en-el-xxv-congreso-nacional-de-la-empresa-familiar-en-caceres\\\/\"},\"author\":{\"name\":\"usuari_ascef_admin\",\"@id\":\"https:\\\/\\\/www.ascef.com\\\/es\\\/#\\\/schema\\\/person\\\/818edf5b5f3a1179bca4deca82c739f5\"},\"headline\":\"La ASCEF en el XXV Congreso Nacional de la Empresa Familiar en C\u00e1ceres\",\"datePublished\":\"2022-12-20T09:24:49+00:00\",\"dateModified\":\"2022-12-21T12:19:36+00:00\",\"mainEntityOfPage\":{\"@id\":\"https:\\\/\\\/www.ascef.com\\\/es\\\/la-ascef-en-el-xxv-congreso-nacional-de-la-empresa-familiar-en-caceres\\\/\"},\"wordCount\":683,\"commentCount\":0,\"image\":{\"@id\":\"https:\\\/\\\/www.ascef.com\\\/es\\\/la-ascef-en-el-xxv-congreso-nacional-de-la-empresa-familiar-en-caceres\\\/#primaryimage\"},\"thumbnailUrl\":\"https:\\\/\\\/www.ascef.com\\\/wp-content\\\/uploads\\\/2022\\\/10\\\/LAscef-al-Congres-nacional-scaled.jpg\",\"articleSection\":[\"general\"],\"inLanguage\":\"es\"},{\"@type\":\"WebPage\",\"@id\":\"https:\\\/\\\/www.ascef.com\\\/es\\\/la-ascef-en-el-xxv-congreso-nacional-de-la-empresa-familiar-en-caceres\\\/\",\"url\":\"https:\\\/\\\/www.ascef.com\\\/es\\\/la-ascef-en-el-xxv-congreso-nacional-de-la-empresa-familiar-en-caceres\\\/\",\"name\":\"La ASCEF en el XXV Congreso Nacional de la Empresa Familiar en C\u00e1ceres - ASCEF\",\"isPartOf\":{\"@id\":\"https:\\\/\\\/www.ascef.com\\\/es\\\/#website\"},\"primaryImageOfPage\":{\"@id\":\"https:\\\/\\\/www.ascef.com\\\/es\\\/la-ascef-en-el-xxv-congreso-nacional-de-la-empresa-familiar-en-caceres\\\/#primaryimage\"},\"image\":{\"@id\":\"https:\\\/\\\/www.ascef.com\\\/es\\\/la-ascef-en-el-xxv-congreso-nacional-de-la-empresa-familiar-en-caceres\\\/#primaryimage\"},\"thumbnailUrl\":\"https:\\\/\\\/www.ascef.com\\\/wp-content\\\/uploads\\\/2022\\\/10\\\/LAscef-al-Congres-nacional-scaled.jpg\",\"datePublished\":\"2022-12-20T09:24:49+00:00\",\"dateModified\":\"2022-12-21T12:19:36+00:00\",\"author\":{\"@id\":\"https:\\\/\\\/www.ascef.com\\\/es\\\/#\\\/schema\\\/person\\\/818edf5b5f3a1179bca4deca82c739f5\"},\"breadcrumb\":{\"@id\":\"https:\\\/\\\/www.ascef.com\\\/es\\\/la-ascef-en-el-xxv-congreso-nacional-de-la-empresa-familiar-en-caceres\\\/#breadcrumb\"},\"inLanguage\":\"es\",\"potentialAction\":[{\"@type\":\"ReadAction\",\"target\":[\"https:\\\/\\\/www.ascef.com\\\/es\\\/la-ascef-en-el-xxv-congreso-nacional-de-la-empresa-familiar-en-caceres\\\/\"]}]},{\"@type\":\"ImageObject\",\"inLanguage\":\"es\",\"@id\":\"https:\\\/\\\/www.ascef.com\\\/es\\\/la-ascef-en-el-xxv-congreso-nacional-de-la-empresa-familiar-en-caceres\\\/#primaryimage\",\"url\":\"https:\\\/\\\/www.ascef.com\\\/wp-content\\\/uploads\\\/2022\\\/10\\\/LAscef-al-Congres-nacional-scaled.jpg\",\"contentUrl\":\"https:\\\/\\\/www.ascef.com\\\/wp-content\\\/uploads\\\/2022\\\/10\\\/LAscef-al-Congres-nacional-scaled.jpg\",\"width\":2560,\"height\":1707},{\"@type\":\"BreadcrumbList\",\"@id\":\"https:\\\/\\\/www.ascef.com\\\/es\\\/la-ascef-en-el-xxv-congreso-nacional-de-la-empresa-familiar-en-caceres\\\/#breadcrumb\",\"itemListElement\":[{\"@type\":\"ListItem\",\"position\":1,\"name\":\"Portada\",\"item\":\"https:\\\/\\\/www.ascef.com\\\/es\\\/\"},{\"@type\":\"ListItem\",\"position\":2,\"name\":\"La ASCEF en el XXV Congreso Nacional de la Empresa Familiar en C\u00e1ceres\"}]},{\"@type\":\"WebSite\",\"@id\":\"https:\\\/\\\/www.ascef.com\\\/es\\\/#website\",\"url\":\"https:\\\/\\\/www.ascef.com\\\/es\\\/\",\"name\":\"ASCEF\",\"description\":\"Associaci\u00f3 Catalana de l\u2019Empresa Familiar\",\"potentialAction\":[{\"@type\":\"SearchAction\",\"target\":{\"@type\":\"EntryPoint\",\"urlTemplate\":\"https:\\\/\\\/www.ascef.com\\\/es\\\/?s={search_term_string}\"},\"query-input\":{\"@type\":\"PropertyValueSpecification\",\"valueRequired\":true,\"valueName\":\"search_term_string\"}}],\"inLanguage\":\"es\"},{\"@type\":\"Person\",\"@id\":\"https:\\\/\\\/www.ascef.com\\\/es\\\/#\\\/schema\\\/person\\\/818edf5b5f3a1179bca4deca82c739f5\",\"name\":\"usuari_ascef_admin\",\"url\":\"https:\\\/\\\/www.ascef.com\\\/es\\\/author\\\/usuari_ascef_admin\\\/\"}]}<\/script>\n<!-- \/ Yoast SEO plugin. -->","yoast_head_json":{"title":"La ASCEF en el XXV Congreso Nacional de la Empresa Familiar en C\u00e1ceres - ASCEF","robots":{"index":"index","follow":"follow","max-snippet":"max-snippet:-1","max-image-preview":"max-image-preview:large","max-video-preview":"max-video-preview:-1"},"canonical":"https:\/\/www.ascef.com\/es\/la-ascef-en-el-xxv-congreso-nacional-de-la-empresa-familiar-en-caceres\/","og_locale":"es_ES","og_type":"article","og_title":"La ASCEF en el XXV Congreso Nacional de la Empresa Familiar en C\u00e1ceres - ASCEF","og_description":"Una numerosa representaci\u00f3n de miembros de la Asociaci\u00f3n Catalana de la Empresa Familiar (ASCEF) particip\u00f3 en las diferentes actividades y sesiones organizadas dentro del Congreso Nacional de la Empresa Familiar, organizado por el Instituto de la Empresa Familiar (IEF) en C\u00e1ceres con el objetivo de hacer valer la importancia de la empresa familiar. El domingo [&hellip;]","og_url":"https:\/\/www.ascef.com\/es\/la-ascef-en-el-xxv-congreso-nacional-de-la-empresa-familiar-en-caceres\/","og_site_name":"ASCEF","article_published_time":"2022-12-20T09:24:49+00:00","article_modified_time":"2022-12-21T12:19:36+00:00","og_image":[{"width":2560,"height":1707,"url":"https:\/\/www.ascef.com\/wp-content\/uploads\/2022\/10\/LAscef-al-Congres-nacional-scaled.jpg","type":"image\/jpeg"}],"author":"usuari_ascef_admin","twitter_card":"summary_large_image","twitter_misc":{"Escrito por":"usuari_ascef_admin","Tiempo de lectura":"4 minutos"},"schema":{"@context":"https:\/\/schema.org","@graph":[{"@type":"Article","@id":"https:\/\/www.ascef.com\/es\/la-ascef-en-el-xxv-congreso-nacional-de-la-empresa-familiar-en-caceres\/#article","isPartOf":{"@id":"https:\/\/www.ascef.com\/es\/la-ascef-en-el-xxv-congreso-nacional-de-la-empresa-familiar-en-caceres\/"},"author":{"name":"usuari_ascef_admin","@id":"https:\/\/www.ascef.com\/es\/#\/schema\/person\/818edf5b5f3a1179bca4deca82c739f5"},"headline":"La ASCEF en el XXV Congreso Nacional de la Empresa Familiar en C\u00e1ceres","datePublished":"2022-12-20T09:24:49+00:00","dateModified":"2022-12-21T12:19:36+00:00","mainEntityOfPage":{"@id":"https:\/\/www.ascef.com\/es\/la-ascef-en-el-xxv-congreso-nacional-de-la-empresa-familiar-en-caceres\/"},"wordCount":683,"commentCount":0,"image":{"@id":"https:\/\/www.ascef.com\/es\/la-ascef-en-el-xxv-congreso-nacional-de-la-empresa-familiar-en-caceres\/#primaryimage"},"thumbnailUrl":"https:\/\/www.ascef.com\/wp-content\/uploads\/2022\/10\/LAscef-al-Congres-nacional-scaled.jpg","articleSection":["general"],"inLanguage":"es"},{"@type":"WebPage","@id":"https:\/\/www.ascef.com\/es\/la-ascef-en-el-xxv-congreso-nacional-de-la-empresa-familiar-en-caceres\/","url":"https:\/\/www.ascef.com\/es\/la-ascef-en-el-xxv-congreso-nacional-de-la-empresa-familiar-en-caceres\/","name":"La ASCEF en el XXV Congreso Nacional de la Empresa Familiar en C\u00e1ceres - ASCEF","isPartOf":{"@id":"https:\/\/www.ascef.com\/es\/#website"},"primaryImageOfPage":{"@id":"https:\/\/www.ascef.com\/es\/la-ascef-en-el-xxv-congreso-nacional-de-la-empresa-familiar-en-caceres\/#primaryimage"},"image":{"@id":"https:\/\/www.ascef.com\/es\/la-ascef-en-el-xxv-congreso-nacional-de-la-empresa-familiar-en-caceres\/#primaryimage"},"thumbnailUrl":"https:\/\/www.ascef.com\/wp-content\/uploads\/2022\/10\/LAscef-al-Congres-nacional-scaled.jpg","datePublished":"2022-12-20T09:24:49+00:00","dateModified":"2022-12-21T12:19:36+00:00","author":{"@id":"https:\/\/www.ascef.com\/es\/#\/schema\/person\/818edf5b5f3a1179bca4deca82c739f5"},"breadcrumb":{"@id":"https:\/\/www.ascef.com\/es\/la-ascef-en-el-xxv-congreso-nacional-de-la-empresa-familiar-en-caceres\/#breadcrumb"},"inLanguage":"es","potentialAction":[{"@type":"ReadAction","target":["https:\/\/www.ascef.com\/es\/la-ascef-en-el-xxv-congreso-nacional-de-la-empresa-familiar-en-caceres\/"]}]},{"@type":"ImageObject","inLanguage":"es","@id":"https:\/\/www.ascef.com\/es\/la-ascef-en-el-xxv-congreso-nacional-de-la-empresa-familiar-en-caceres\/#primaryimage","url":"https:\/\/www.ascef.com\/wp-content\/uploads\/2022\/10\/LAscef-al-Congres-nacional-scaled.jpg","contentUrl":"https:\/\/www.ascef.com\/wp-content\/uploads\/2022\/10\/LAscef-al-Congres-nacional-scaled.jpg","width":2560,"height":1707},{"@type":"BreadcrumbList","@id":"https:\/\/www.ascef.com\/es\/la-ascef-en-el-xxv-congreso-nacional-de-la-empresa-familiar-en-caceres\/#breadcrumb","itemListElement":[{"@type":"ListItem","position":1,"name":"Portada","item":"https:\/\/www.ascef.com\/es\/"},{"@type":"ListItem","position":2,"name":"La ASCEF en el XXV Congreso Nacional de la Empresa Familiar en C\u00e1ceres"}]},{"@type":"WebSite","@id":"https:\/\/www.ascef.com\/es\/#website","url":"https:\/\/www.ascef.com\/es\/","name":"ASCEF","description":"Associaci\u00f3 Catalana de l\u2019Empresa Familiar","potentialAction":[{"@type":"SearchAction","target":{"@type":"EntryPoint","urlTemplate":"https:\/\/www.ascef.com\/es\/?s={search_term_string}"},"query-input":{"@type":"PropertyValueSpecification","valueRequired":true,"valueName":"search_term_string"}}],"inLanguage":"es"},{"@type":"Person","@id":"https:\/\/www.ascef.com\/es\/#\/schema\/person\/818edf5b5f3a1179bca4deca82c739f5","name":"usuari_ascef_admin","url":"https:\/\/www.ascef.com\/es\/author\/usuari_ascef_admin\/"}]}},"_links":{"self":[{"href":"https:\/\/www.ascef.com\/es\/wp-json\/wp\/v2\/posts\/5131","targetHints":{"allow":["GET"]}}],"collection":[{"href":"https:\/\/www.ascef.com\/es\/wp-json\/wp\/v2\/posts"}],"about":[{"href":"https:\/\/www.ascef.com\/es\/wp-json\/wp\/v2\/types\/post"}],"author":[{"embeddable":true,"href":"https:\/\/www.ascef.com\/es\/wp-json\/wp\/v2\/users\/311"}],"replies":[{"embeddable":true,"href":"https:\/\/www.ascef.com\/es\/wp-json\/wp\/v2\/comments?post=5131"}],"version-history":[{"count":3,"href":"https:\/\/www.ascef.com\/es\/wp-json\/wp\/v2\/posts\/5131\/revisions"}],"predecessor-version":[{"id":5188,"href":"https:\/\/www.ascef.com\/es\/wp-json\/wp\/v2\/posts\/5131\/revisions\/5188"}],"wp:featuredmedia":[{"embeddable":true,"href":"https:\/\/www.ascef.com\/es\/wp-json\/wp\/v2\/media\/4747"}],"wp:attachment":[{"href":"https:\/\/www.ascef.com\/es\/wp-json\/wp\/v2\/media?parent=5131"}],"wp:term":[{"taxonomy":"category","embeddable":true,"href":"https:\/\/www.ascef.com\/es\/wp-json\/wp\/v2\/categories?post=5131"},{"taxonomy":"post_tag","embeddable":true,"href":"https:\/\/www.ascef.com\/es\/wp-json\/wp\/v2\/tags?post=5131"}],"curies":[{"name":"wp","href":"https:\/\/api.w.org\/{rel}","templated":true}]}}