{"id":5115,"date":"2022-12-15T11:33:26","date_gmt":"2022-12-15T11:33:26","guid":{"rendered":"https:\/\/www.ascef.com\/activitats-de-lascef-com-afrontar-els-reptes-fiscals-juridics-i-energetics-avui\/"},"modified":"2022-12-21T12:21:42","modified_gmt":"2022-12-21T12:21:42","slug":"activitats-de-lascef-com-afrontar-els-reptes-fiscals-juridics-i-energetics-avui","status":"publish","type":"post","link":"https:\/\/www.ascef.com\/es\/activitats-de-lascef-com-afrontar-els-reptes-fiscals-juridics-i-energetics-avui\/","title":{"rendered":"Actividades de la ASCEF: c\u00f3mo afrontar los retos fiscales, jur\u00eddicos y energ\u00e9ticos hoy"},"content":{"rendered":"<p><strong>Este trimestre, la ASCEF ha organizado diferentes actividades encaminadas a analizar, con la ayuda de los mejores expertos, diferentes aspectos fiscales, jur\u00eddicos y energ\u00e9ticos de inter\u00e9s para las empresas familiares.<\/strong><\/p>\n<p>En la jornada sobre novedades fiscales, con la colaboraci\u00f3n\u00a0 de Andbank y Cuatrecasas, los asistentes pudieron conocer con la ayuda de \u00c0lex Fuster, economista de Andbank, las claves del dif\u00edcil entorno econ\u00f3mico y financiero actual, marcado por la guerra de Ucrania y la transici\u00f3n energ\u00e9tica. Mientras que por parte de Cuatrecasas, Carlos Onandia, Javier Ragu\u00e9 y Xavier Xivill\u00e9, explicaron los aspectos m\u00e1s importantes a tener en cuenta antes del cierre del ejercicio seg\u00fan las novedades fiscales previstas para 2023.<\/p>\n<p>Tambi\u00e9n Cuatrecases, en el taller \u201cSoluciones para la correcta aplicaci\u00f3n de los beneficios fiscales en la EF\u201d, nos aclararon cuestiones problem\u00e1ticas entorno a la aplicaci\u00f3n del r\u00e9gimen fiscal de la empresa familiar tanto en el Impuesto de Patrimonio como en el Impuesto de Sucesiones y Donaciones.<\/p>\n<p>El encuentro formativo organizado por la ASCEF y Ur\u00eda-Men\u00e9ndez sobre los retos jur\u00eddicos actuales de la empresa familiar, trat\u00f3 diferentes aspectos controvertidos jur\u00eddicos en el contexto actual y aspectos mercantiles, laborales y fiscales del relevo generacional en las empresas familiares.<\/p>\n<p>Por otro lado, la sesi\u00f3n \u201cTransici\u00f3n energ\u00e9tica y tendencias de los precios de la energ\u00eda\u201d a cargo de Carlos Sol\u00e9, socio responsable de energ\u00eda de KPMG, nos ayud\u00f3 a analizar la coyuntura actual y las perspectivas para los pr\u00f3ximos meses, poniendo el foco en la necesidad de que las empresas familiares optimicen su estrategia de gesti\u00f3n de la energ\u00eda y eficiencia en el consumo.<\/p>\n<p>Para acabar el trimestre de oto\u00f1o, la ASCEF ha visitado Tech Barcelona, una asociaci\u00f3n privada independiente y sin \u00e1nimo de lucro que trabaja para reforzar la ciudad de Barcelona como referente en el panorama digital y tecnol\u00f3gico internacional.<\/p>\n","protected":false},"excerpt":{"rendered":"<p>Este trimestre, la ASCEF ha organizado diferentes actividades encaminadas a analizar, con la ayuda de los mejores expertos, diferentes aspectos fiscales, jur\u00eddicos y energ\u00e9ticos de inter\u00e9s para las empresas familiares. En la jornada sobre novedades fiscales, con la colaboraci\u00f3n\u00a0 de Andbank y Cuatrecasas, los asistentes pudieron conocer con la ayuda de \u00c0lex Fuster, economista de [&hellip;]<\/p>\n","protected":false},"author":311,"featured_media":5101,"comment_status":"open","ping_status":"open","sticky":false,"template":"","format":"standard","meta":{"_acf_changed":false,"footnotes":""},"categories":[185],"tags":[],"class_list":["post-5115","post","type-post","status-publish","format-standard","has-post-thumbnail","hentry","category-general"],"acf":[],"yoast_head":"<!-- This site is optimized with the Yoast SEO plugin v27.5 - https:\/\/yoast.com\/product\/yoast-seo-wordpress\/ -->\n<title>Actividades de la ASCEF: c\u00f3mo afrontar los retos fiscales, jur\u00eddicos y energ\u00e9ticos hoy - ASCEF<\/title>\n<meta name=\"robots\" content=\"index, follow, max-snippet:-1, max-image-preview:large, max-video-preview:-1\" \/>\n<link rel=\"canonical\" href=\"https:\/\/www.ascef.com\/es\/activitats-de-lascef-com-afrontar-els-reptes-fiscals-juridics-i-energetics-avui\/\" \/>\n<meta property=\"og:locale\" content=\"es_ES\" \/>\n<meta property=\"og:type\" content=\"article\" \/>\n<meta property=\"og:title\" content=\"Actividades de la ASCEF: c\u00f3mo afrontar los retos fiscales, jur\u00eddicos y energ\u00e9ticos hoy - ASCEF\" \/>\n<meta property=\"og:description\" content=\"Este trimestre, la ASCEF ha organizado diferentes actividades encaminadas a analizar, con la ayuda de los mejores expertos, diferentes aspectos fiscales, jur\u00eddicos y energ\u00e9ticos de inter\u00e9s para las empresas familiares. En la jornada sobre novedades fiscales, con la colaboraci\u00f3n\u00a0 de Andbank y Cuatrecasas, los asistentes pudieron conocer con la ayuda de \u00c0lex Fuster, economista de [&hellip;]\" \/>\n<meta property=\"og:url\" content=\"https:\/\/www.ascef.com\/es\/activitats-de-lascef-com-afrontar-els-reptes-fiscals-juridics-i-energetics-avui\/\" \/>\n<meta property=\"og:site_name\" content=\"ASCEF\" \/>\n<meta property=\"article:published_time\" content=\"2022-12-15T11:33:26+00:00\" \/>\n<meta property=\"article:modified_time\" content=\"2022-12-21T12:21:42+00:00\" \/>\n<meta property=\"og:image\" content=\"https:\/\/www.ascef.com\/wp-content\/uploads\/2022\/12\/joranda-fiscalitat-2.jpg\" \/>\n\t<meta property=\"og:image:width\" content=\"1600\" \/>\n\t<meta property=\"og:image:height\" content=\"720\" \/>\n\t<meta property=\"og:image:type\" content=\"image\/jpeg\" \/>\n<meta name=\"author\" content=\"usuari_ascef_admin\" \/>\n<meta name=\"twitter:card\" content=\"summary_large_image\" \/>\n<meta name=\"twitter:label1\" content=\"Escrito por\" \/>\n\t<meta name=\"twitter:data1\" content=\"usuari_ascef_admin\" \/>\n\t<meta name=\"twitter:label2\" content=\"Tiempo de lectura\" \/>\n\t<meta name=\"twitter:data2\" content=\"2 minutos\" \/>\n<script type=\"application\/ld+json\" class=\"yoast-schema-graph\">{\"@context\":\"https:\\\/\\\/schema.org\",\"@graph\":[{\"@type\":\"Article\",\"@id\":\"https:\\\/\\\/www.ascef.com\\\/es\\\/activitats-de-lascef-com-afrontar-els-reptes-fiscals-juridics-i-energetics-avui\\\/#article\",\"isPartOf\":{\"@id\":\"https:\\\/\\\/www.ascef.com\\\/es\\\/activitats-de-lascef-com-afrontar-els-reptes-fiscals-juridics-i-energetics-avui\\\/\"},\"author\":{\"name\":\"usuari_ascef_admin\",\"@id\":\"https:\\\/\\\/www.ascef.com\\\/es\\\/#\\\/schema\\\/person\\\/818edf5b5f3a1179bca4deca82c739f5\"},\"headline\":\"Actividades de la ASCEF: c\u00f3mo afrontar los retos fiscales, jur\u00eddicos y energ\u00e9ticos hoy\",\"datePublished\":\"2022-12-15T11:33:26+00:00\",\"dateModified\":\"2022-12-21T12:21:42+00:00\",\"mainEntityOfPage\":{\"@id\":\"https:\\\/\\\/www.ascef.com\\\/es\\\/activitats-de-lascef-com-afrontar-els-reptes-fiscals-juridics-i-energetics-avui\\\/\"},\"wordCount\":342,\"commentCount\":0,\"image\":{\"@id\":\"https:\\\/\\\/www.ascef.com\\\/es\\\/activitats-de-lascef-com-afrontar-els-reptes-fiscals-juridics-i-energetics-avui\\\/#primaryimage\"},\"thumbnailUrl\":\"https:\\\/\\\/www.ascef.com\\\/wp-content\\\/uploads\\\/2022\\\/12\\\/joranda-fiscalitat-2.jpg\",\"articleSection\":[\"general\"],\"inLanguage\":\"es\"},{\"@type\":\"WebPage\",\"@id\":\"https:\\\/\\\/www.ascef.com\\\/es\\\/activitats-de-lascef-com-afrontar-els-reptes-fiscals-juridics-i-energetics-avui\\\/\",\"url\":\"https:\\\/\\\/www.ascef.com\\\/es\\\/activitats-de-lascef-com-afrontar-els-reptes-fiscals-juridics-i-energetics-avui\\\/\",\"name\":\"Actividades de la ASCEF: c\u00f3mo afrontar los retos fiscales, jur\u00eddicos y energ\u00e9ticos hoy - ASCEF\",\"isPartOf\":{\"@id\":\"https:\\\/\\\/www.ascef.com\\\/es\\\/#website\"},\"primaryImageOfPage\":{\"@id\":\"https:\\\/\\\/www.ascef.com\\\/es\\\/activitats-de-lascef-com-afrontar-els-reptes-fiscals-juridics-i-energetics-avui\\\/#primaryimage\"},\"image\":{\"@id\":\"https:\\\/\\\/www.ascef.com\\\/es\\\/activitats-de-lascef-com-afrontar-els-reptes-fiscals-juridics-i-energetics-avui\\\/#primaryimage\"},\"thumbnailUrl\":\"https:\\\/\\\/www.ascef.com\\\/wp-content\\\/uploads\\\/2022\\\/12\\\/joranda-fiscalitat-2.jpg\",\"datePublished\":\"2022-12-15T11:33:26+00:00\",\"dateModified\":\"2022-12-21T12:21:42+00:00\",\"author\":{\"@id\":\"https:\\\/\\\/www.ascef.com\\\/es\\\/#\\\/schema\\\/person\\\/818edf5b5f3a1179bca4deca82c739f5\"},\"breadcrumb\":{\"@id\":\"https:\\\/\\\/www.ascef.com\\\/es\\\/activitats-de-lascef-com-afrontar-els-reptes-fiscals-juridics-i-energetics-avui\\\/#breadcrumb\"},\"inLanguage\":\"es\",\"potentialAction\":[{\"@type\":\"ReadAction\",\"target\":[\"https:\\\/\\\/www.ascef.com\\\/es\\\/activitats-de-lascef-com-afrontar-els-reptes-fiscals-juridics-i-energetics-avui\\\/\"]}]},{\"@type\":\"ImageObject\",\"inLanguage\":\"es\",\"@id\":\"https:\\\/\\\/www.ascef.com\\\/es\\\/activitats-de-lascef-com-afrontar-els-reptes-fiscals-juridics-i-energetics-avui\\\/#primaryimage\",\"url\":\"https:\\\/\\\/www.ascef.com\\\/wp-content\\\/uploads\\\/2022\\\/12\\\/joranda-fiscalitat-2.jpg\",\"contentUrl\":\"https:\\\/\\\/www.ascef.com\\\/wp-content\\\/uploads\\\/2022\\\/12\\\/joranda-fiscalitat-2.jpg\",\"width\":1600,\"height\":720},{\"@type\":\"BreadcrumbList\",\"@id\":\"https:\\\/\\\/www.ascef.com\\\/es\\\/activitats-de-lascef-com-afrontar-els-reptes-fiscals-juridics-i-energetics-avui\\\/#breadcrumb\",\"itemListElement\":[{\"@type\":\"ListItem\",\"position\":1,\"name\":\"Portada\",\"item\":\"https:\\\/\\\/www.ascef.com\\\/es\\\/\"},{\"@type\":\"ListItem\",\"position\":2,\"name\":\"Actividades de la ASCEF: c\u00f3mo afrontar los retos fiscales, jur\u00eddicos y energ\u00e9ticos hoy\"}]},{\"@type\":\"WebSite\",\"@id\":\"https:\\\/\\\/www.ascef.com\\\/es\\\/#website\",\"url\":\"https:\\\/\\\/www.ascef.com\\\/es\\\/\",\"name\":\"ASCEF\",\"description\":\"Associaci\u00f3 Catalana de l\u2019Empresa Familiar\",\"potentialAction\":[{\"@type\":\"SearchAction\",\"target\":{\"@type\":\"EntryPoint\",\"urlTemplate\":\"https:\\\/\\\/www.ascef.com\\\/es\\\/?s={search_term_string}\"},\"query-input\":{\"@type\":\"PropertyValueSpecification\",\"valueRequired\":true,\"valueName\":\"search_term_string\"}}],\"inLanguage\":\"es\"},{\"@type\":\"Person\",\"@id\":\"https:\\\/\\\/www.ascef.com\\\/es\\\/#\\\/schema\\\/person\\\/818edf5b5f3a1179bca4deca82c739f5\",\"name\":\"usuari_ascef_admin\",\"url\":\"https:\\\/\\\/www.ascef.com\\\/es\\\/author\\\/usuari_ascef_admin\\\/\"}]}<\/script>\n<!-- \/ Yoast SEO plugin. -->","yoast_head_json":{"title":"Actividades de la ASCEF: c\u00f3mo afrontar los retos fiscales, jur\u00eddicos y energ\u00e9ticos hoy - ASCEF","robots":{"index":"index","follow":"follow","max-snippet":"max-snippet:-1","max-image-preview":"max-image-preview:large","max-video-preview":"max-video-preview:-1"},"canonical":"https:\/\/www.ascef.com\/es\/activitats-de-lascef-com-afrontar-els-reptes-fiscals-juridics-i-energetics-avui\/","og_locale":"es_ES","og_type":"article","og_title":"Actividades de la ASCEF: c\u00f3mo afrontar los retos fiscales, jur\u00eddicos y energ\u00e9ticos hoy - ASCEF","og_description":"Este trimestre, la ASCEF ha organizado diferentes actividades encaminadas a analizar, con la ayuda de los mejores expertos, diferentes aspectos fiscales, jur\u00eddicos y energ\u00e9ticos de inter\u00e9s para las empresas familiares. En la jornada sobre novedades fiscales, con la colaboraci\u00f3n\u00a0 de Andbank y Cuatrecasas, los asistentes pudieron conocer con la ayuda de \u00c0lex Fuster, economista de [&hellip;]","og_url":"https:\/\/www.ascef.com\/es\/activitats-de-lascef-com-afrontar-els-reptes-fiscals-juridics-i-energetics-avui\/","og_site_name":"ASCEF","article_published_time":"2022-12-15T11:33:26+00:00","article_modified_time":"2022-12-21T12:21:42+00:00","og_image":[{"width":1600,"height":720,"url":"https:\/\/www.ascef.com\/wp-content\/uploads\/2022\/12\/joranda-fiscalitat-2.jpg","type":"image\/jpeg"}],"author":"usuari_ascef_admin","twitter_card":"summary_large_image","twitter_misc":{"Escrito por":"usuari_ascef_admin","Tiempo de lectura":"2 minutos"},"schema":{"@context":"https:\/\/schema.org","@graph":[{"@type":"Article","@id":"https:\/\/www.ascef.com\/es\/activitats-de-lascef-com-afrontar-els-reptes-fiscals-juridics-i-energetics-avui\/#article","isPartOf":{"@id":"https:\/\/www.ascef.com\/es\/activitats-de-lascef-com-afrontar-els-reptes-fiscals-juridics-i-energetics-avui\/"},"author":{"name":"usuari_ascef_admin","@id":"https:\/\/www.ascef.com\/es\/#\/schema\/person\/818edf5b5f3a1179bca4deca82c739f5"},"headline":"Actividades de la ASCEF: c\u00f3mo afrontar los retos fiscales, jur\u00eddicos y energ\u00e9ticos hoy","datePublished":"2022-12-15T11:33:26+00:00","dateModified":"2022-12-21T12:21:42+00:00","mainEntityOfPage":{"@id":"https:\/\/www.ascef.com\/es\/activitats-de-lascef-com-afrontar-els-reptes-fiscals-juridics-i-energetics-avui\/"},"wordCount":342,"commentCount":0,"image":{"@id":"https:\/\/www.ascef.com\/es\/activitats-de-lascef-com-afrontar-els-reptes-fiscals-juridics-i-energetics-avui\/#primaryimage"},"thumbnailUrl":"https:\/\/www.ascef.com\/wp-content\/uploads\/2022\/12\/joranda-fiscalitat-2.jpg","articleSection":["general"],"inLanguage":"es"},{"@type":"WebPage","@id":"https:\/\/www.ascef.com\/es\/activitats-de-lascef-com-afrontar-els-reptes-fiscals-juridics-i-energetics-avui\/","url":"https:\/\/www.ascef.com\/es\/activitats-de-lascef-com-afrontar-els-reptes-fiscals-juridics-i-energetics-avui\/","name":"Actividades de la ASCEF: c\u00f3mo afrontar los retos fiscales, jur\u00eddicos y energ\u00e9ticos hoy - ASCEF","isPartOf":{"@id":"https:\/\/www.ascef.com\/es\/#website"},"primaryImageOfPage":{"@id":"https:\/\/www.ascef.com\/es\/activitats-de-lascef-com-afrontar-els-reptes-fiscals-juridics-i-energetics-avui\/#primaryimage"},"image":{"@id":"https:\/\/www.ascef.com\/es\/activitats-de-lascef-com-afrontar-els-reptes-fiscals-juridics-i-energetics-avui\/#primaryimage"},"thumbnailUrl":"https:\/\/www.ascef.com\/wp-content\/uploads\/2022\/12\/joranda-fiscalitat-2.jpg","datePublished":"2022-12-15T11:33:26+00:00","dateModified":"2022-12-21T12:21:42+00:00","author":{"@id":"https:\/\/www.ascef.com\/es\/#\/schema\/person\/818edf5b5f3a1179bca4deca82c739f5"},"breadcrumb":{"@id":"https:\/\/www.ascef.com\/es\/activitats-de-lascef-com-afrontar-els-reptes-fiscals-juridics-i-energetics-avui\/#breadcrumb"},"inLanguage":"es","potentialAction":[{"@type":"ReadAction","target":["https:\/\/www.ascef.com\/es\/activitats-de-lascef-com-afrontar-els-reptes-fiscals-juridics-i-energetics-avui\/"]}]},{"@type":"ImageObject","inLanguage":"es","@id":"https:\/\/www.ascef.com\/es\/activitats-de-lascef-com-afrontar-els-reptes-fiscals-juridics-i-energetics-avui\/#primaryimage","url":"https:\/\/www.ascef.com\/wp-content\/uploads\/2022\/12\/joranda-fiscalitat-2.jpg","contentUrl":"https:\/\/www.ascef.com\/wp-content\/uploads\/2022\/12\/joranda-fiscalitat-2.jpg","width":1600,"height":720},{"@type":"BreadcrumbList","@id":"https:\/\/www.ascef.com\/es\/activitats-de-lascef-com-afrontar-els-reptes-fiscals-juridics-i-energetics-avui\/#breadcrumb","itemListElement":[{"@type":"ListItem","position":1,"name":"Portada","item":"https:\/\/www.ascef.com\/es\/"},{"@type":"ListItem","position":2,"name":"Actividades de la ASCEF: c\u00f3mo afrontar los retos fiscales, jur\u00eddicos y energ\u00e9ticos hoy"}]},{"@type":"WebSite","@id":"https:\/\/www.ascef.com\/es\/#website","url":"https:\/\/www.ascef.com\/es\/","name":"ASCEF","description":"Associaci\u00f3 Catalana de l\u2019Empresa Familiar","potentialAction":[{"@type":"SearchAction","target":{"@type":"EntryPoint","urlTemplate":"https:\/\/www.ascef.com\/es\/?s={search_term_string}"},"query-input":{"@type":"PropertyValueSpecification","valueRequired":true,"valueName":"search_term_string"}}],"inLanguage":"es"},{"@type":"Person","@id":"https:\/\/www.ascef.com\/es\/#\/schema\/person\/818edf5b5f3a1179bca4deca82c739f5","name":"usuari_ascef_admin","url":"https:\/\/www.ascef.com\/es\/author\/usuari_ascef_admin\/"}]}},"_links":{"self":[{"href":"https:\/\/www.ascef.com\/es\/wp-json\/wp\/v2\/posts\/5115","targetHints":{"allow":["GET"]}}],"collection":[{"href":"https:\/\/www.ascef.com\/es\/wp-json\/wp\/v2\/posts"}],"about":[{"href":"https:\/\/www.ascef.com\/es\/wp-json\/wp\/v2\/types\/post"}],"author":[{"embeddable":true,"href":"https:\/\/www.ascef.com\/es\/wp-json\/wp\/v2\/users\/311"}],"replies":[{"embeddable":true,"href":"https:\/\/www.ascef.com\/es\/wp-json\/wp\/v2\/comments?post=5115"}],"version-history":[{"count":4,"href":"https:\/\/www.ascef.com\/es\/wp-json\/wp\/v2\/posts\/5115\/revisions"}],"predecessor-version":[{"id":5190,"href":"https:\/\/www.ascef.com\/es\/wp-json\/wp\/v2\/posts\/5115\/revisions\/5190"}],"wp:featuredmedia":[{"embeddable":true,"href":"https:\/\/www.ascef.com\/es\/wp-json\/wp\/v2\/media\/5101"}],"wp:attachment":[{"href":"https:\/\/www.ascef.com\/es\/wp-json\/wp\/v2\/media?parent=5115"}],"wp:term":[{"taxonomy":"category","embeddable":true,"href":"https:\/\/www.ascef.com\/es\/wp-json\/wp\/v2\/categories?post=5115"},{"taxonomy":"post_tag","embeddable":true,"href":"https:\/\/www.ascef.com\/es\/wp-json\/wp\/v2\/tags?post=5115"}],"curies":[{"name":"wp","href":"https:\/\/api.w.org\/{rel}","templated":true}]}}