{"id":4907,"date":"2022-11-14T13:14:51","date_gmt":"2022-11-14T13:14:51","guid":{"rendered":"https:\/\/www.ascef.com\/?p=4907"},"modified":"2022-11-14T13:14:51","modified_gmt":"2022-11-14T13:14:51","slug":"130-jovenes-miembros-de-familias-empresarias-se-reunen-en-valencia-en-la-3a-edicion-de-conectando-forums","status":"publish","type":"post","link":"https:\/\/www.ascef.com\/es\/130-jovenes-miembros-de-familias-empresarias-se-reunen-en-valencia-en-la-3a-edicion-de-conectando-forums\/","title":{"rendered":"130 j\u00f3venes miembros de familias empresarias, se re\u00fanen en Valencia en la 3\u00aa edici\u00f3n de \u201cConectando Forums\u201d"},"content":{"rendered":"<p>El III Encuentro Conectando Forums, reuni\u00f3 los d\u00edas 11 y 12 en Valencia a 130 miembros de las siguientes generaciones de empresas familiares pertenecientes a los Forums de la Asociaci\u00f3n Valenciana de Empresarios (AVE), la Asociaci\u00f3n de la Empresa Familiar de Alicante (AEFA), la Asociaci\u00f3n de Empresa Familiar de Arag\u00f3n (AEFA), la Asociaci\u00f3n Balear de Empresa Familiar (ABEF), la Asociaci\u00f3n de Empresa Familiar de Canarias (EFCA), la Asociaci\u00f3n C\u00e1ntabra de Empresa Familiar, La Asociaci\u00f3n de la Empresa Familiar de Castilla \u2013 La Mancha (AEFCLM), la Asociaci\u00f3n de Empresa Familiar de Castilla y Le\u00f3n (EFCL), la Asociaci\u00f3n Catalana de la Empresa Familiar (ASCEF), la Asociaci\u00f3n Extreme\u00f1a de la Empresa Familiar (AEEF), la Asociaci\u00f3n Gallega de la Empresa Familiar (AGEF), la Asociaci\u00f3n de la Empresa Familiar de Madrid (ADEFAM),   Asociaci\u00f3n Murciana de la Empresa Familiar (Amefmur), la Asociaci\u00f3n para el desarrollo de la Empresa Familiar Navarra (ADEFAN) y la Asociaci\u00f3n de la Empresa Familiar de Euskadi (AEFAME). <\/p>\n<p>Conectando F\u00f3rums es un espacio de formaci\u00f3n y networking en el que los j\u00f3venes pertenecientes a familias empresarias conviven durante dos d\u00edas y comparten inquietudes y valores en torno a la empresa familiar. En este encuentro han podido aprender, obtener claves sobre liderazgo y conocer historias de empresas familiares de la mano de distintos empresarios. <\/p>\n","protected":false},"excerpt":{"rendered":"<p>El III Encuentro Conectando Forums, reuni\u00f3 los d\u00edas 11 y 12 en Valencia a 130 miembros de las siguientes generaciones de empresas familiares pertenecientes a los Forums de la Asociaci\u00f3n Valenciana de Empresarios (AVE), la Asociaci\u00f3n de la Empresa Familiar de Alicante (AEFA), la Asociaci\u00f3n de Empresa Familiar de Arag\u00f3n (AEFA), la Asociaci\u00f3n Balear de [&hellip;]<\/p>\n","protected":false},"author":311,"featured_media":4905,"comment_status":"open","ping_status":"open","sticky":false,"template":"","format":"standard","meta":{"_acf_changed":false,"footnotes":""},"categories":[185],"tags":[],"class_list":["post-4907","post","type-post","status-publish","format-standard","has-post-thumbnail","hentry","category-general"],"acf":[],"yoast_head":"<!-- This site is optimized with the Yoast SEO plugin v27.5 - https:\/\/yoast.com\/product\/yoast-seo-wordpress\/ -->\n<title>130 j\u00f3venes miembros de familias empresarias, se re\u00fanen en Valencia en la 3\u00aa edici\u00f3n de \u201cConectando Forums\u201d - ASCEF<\/title>\n<meta name=\"robots\" content=\"index, follow, max-snippet:-1, max-image-preview:large, max-video-preview:-1\" \/>\n<link rel=\"canonical\" href=\"https:\/\/www.ascef.com\/es\/130-jovenes-miembros-de-familias-empresarias-se-reunen-en-valencia-en-la-3a-edicion-de-conectando-forums\/\" \/>\n<meta property=\"og:locale\" content=\"es_ES\" \/>\n<meta property=\"og:type\" content=\"article\" \/>\n<meta property=\"og:title\" content=\"130 j\u00f3venes miembros de familias empresarias, se re\u00fanen en Valencia en la 3\u00aa edici\u00f3n de \u201cConectando Forums\u201d - ASCEF\" \/>\n<meta property=\"og:description\" content=\"El III Encuentro Conectando Forums, reuni\u00f3 los d\u00edas 11 y 12 en Valencia a 130 miembros de las siguientes generaciones de empresas familiares pertenecientes a los Forums de la Asociaci\u00f3n Valenciana de Empresarios (AVE), la Asociaci\u00f3n de la Empresa Familiar de Alicante (AEFA), la Asociaci\u00f3n de Empresa Familiar de Arag\u00f3n (AEFA), la Asociaci\u00f3n Balear de [&hellip;]\" \/>\n<meta property=\"og:url\" content=\"https:\/\/www.ascef.com\/es\/130-jovenes-miembros-de-familias-empresarias-se-reunen-en-valencia-en-la-3a-edicion-de-conectando-forums\/\" \/>\n<meta property=\"og:site_name\" content=\"ASCEF\" \/>\n<meta property=\"article:published_time\" content=\"2022-11-14T13:14:51+00:00\" \/>\n<meta property=\"og:image\" content=\"https:\/\/www.ascef.com\/wp-content\/uploads\/2022\/11\/Foto_CForums.jpeg\" \/>\n\t<meta property=\"og:image:width\" content=\"640\" \/>\n\t<meta property=\"og:image:height\" content=\"427\" \/>\n\t<meta property=\"og:image:type\" content=\"image\/jpeg\" \/>\n<meta name=\"author\" content=\"usuari_ascef_admin\" \/>\n<meta name=\"twitter:card\" content=\"summary_large_image\" \/>\n<meta name=\"twitter:label1\" content=\"Escrito por\" \/>\n\t<meta name=\"twitter:data1\" content=\"usuari_ascef_admin\" \/>\n<script type=\"application\/ld+json\" class=\"yoast-schema-graph\">{\"@context\":\"https:\\\/\\\/schema.org\",\"@graph\":[{\"@type\":\"Article\",\"@id\":\"https:\\\/\\\/www.ascef.com\\\/es\\\/130-jovenes-miembros-de-familias-empresarias-se-reunen-en-valencia-en-la-3a-edicion-de-conectando-forums\\\/#article\",\"isPartOf\":{\"@id\":\"https:\\\/\\\/www.ascef.com\\\/es\\\/130-jovenes-miembros-de-familias-empresarias-se-reunen-en-valencia-en-la-3a-edicion-de-conectando-forums\\\/\"},\"author\":{\"name\":\"usuari_ascef_admin\",\"@id\":\"https:\\\/\\\/www.ascef.com\\\/es\\\/#\\\/schema\\\/person\\\/818edf5b5f3a1179bca4deca82c739f5\"},\"headline\":\"130 j\u00f3venes miembros de familias empresarias, se re\u00fanen en Valencia en la 3\u00aa edici\u00f3n de \u201cConectando Forums\u201d\",\"datePublished\":\"2022-11-14T13:14:51+00:00\",\"mainEntityOfPage\":{\"@id\":\"https:\\\/\\\/www.ascef.com\\\/es\\\/130-jovenes-miembros-de-familias-empresarias-se-reunen-en-valencia-en-la-3a-edicion-de-conectando-forums\\\/\"},\"wordCount\":248,\"commentCount\":0,\"image\":{\"@id\":\"https:\\\/\\\/www.ascef.com\\\/es\\\/130-jovenes-miembros-de-familias-empresarias-se-reunen-en-valencia-en-la-3a-edicion-de-conectando-forums\\\/#primaryimage\"},\"thumbnailUrl\":\"https:\\\/\\\/www.ascef.com\\\/wp-content\\\/uploads\\\/2022\\\/11\\\/Foto_CForums.jpeg\",\"articleSection\":[\"general\"],\"inLanguage\":\"es\"},{\"@type\":\"WebPage\",\"@id\":\"https:\\\/\\\/www.ascef.com\\\/es\\\/130-jovenes-miembros-de-familias-empresarias-se-reunen-en-valencia-en-la-3a-edicion-de-conectando-forums\\\/\",\"url\":\"https:\\\/\\\/www.ascef.com\\\/es\\\/130-jovenes-miembros-de-familias-empresarias-se-reunen-en-valencia-en-la-3a-edicion-de-conectando-forums\\\/\",\"name\":\"130 j\u00f3venes miembros de familias empresarias, se re\u00fanen en Valencia en la 3\u00aa edici\u00f3n de \u201cConectando Forums\u201d - ASCEF\",\"isPartOf\":{\"@id\":\"https:\\\/\\\/www.ascef.com\\\/es\\\/#website\"},\"primaryImageOfPage\":{\"@id\":\"https:\\\/\\\/www.ascef.com\\\/es\\\/130-jovenes-miembros-de-familias-empresarias-se-reunen-en-valencia-en-la-3a-edicion-de-conectando-forums\\\/#primaryimage\"},\"image\":{\"@id\":\"https:\\\/\\\/www.ascef.com\\\/es\\\/130-jovenes-miembros-de-familias-empresarias-se-reunen-en-valencia-en-la-3a-edicion-de-conectando-forums\\\/#primaryimage\"},\"thumbnailUrl\":\"https:\\\/\\\/www.ascef.com\\\/wp-content\\\/uploads\\\/2022\\\/11\\\/Foto_CForums.jpeg\",\"datePublished\":\"2022-11-14T13:14:51+00:00\",\"author\":{\"@id\":\"https:\\\/\\\/www.ascef.com\\\/es\\\/#\\\/schema\\\/person\\\/818edf5b5f3a1179bca4deca82c739f5\"},\"breadcrumb\":{\"@id\":\"https:\\\/\\\/www.ascef.com\\\/es\\\/130-jovenes-miembros-de-familias-empresarias-se-reunen-en-valencia-en-la-3a-edicion-de-conectando-forums\\\/#breadcrumb\"},\"inLanguage\":\"es\",\"potentialAction\":[{\"@type\":\"ReadAction\",\"target\":[\"https:\\\/\\\/www.ascef.com\\\/es\\\/130-jovenes-miembros-de-familias-empresarias-se-reunen-en-valencia-en-la-3a-edicion-de-conectando-forums\\\/\"]}]},{\"@type\":\"ImageObject\",\"inLanguage\":\"es\",\"@id\":\"https:\\\/\\\/www.ascef.com\\\/es\\\/130-jovenes-miembros-de-familias-empresarias-se-reunen-en-valencia-en-la-3a-edicion-de-conectando-forums\\\/#primaryimage\",\"url\":\"https:\\\/\\\/www.ascef.com\\\/wp-content\\\/uploads\\\/2022\\\/11\\\/Foto_CForums.jpeg\",\"contentUrl\":\"https:\\\/\\\/www.ascef.com\\\/wp-content\\\/uploads\\\/2022\\\/11\\\/Foto_CForums.jpeg\",\"width\":640,\"height\":427},{\"@type\":\"BreadcrumbList\",\"@id\":\"https:\\\/\\\/www.ascef.com\\\/es\\\/130-jovenes-miembros-de-familias-empresarias-se-reunen-en-valencia-en-la-3a-edicion-de-conectando-forums\\\/#breadcrumb\",\"itemListElement\":[{\"@type\":\"ListItem\",\"position\":1,\"name\":\"Portada\",\"item\":\"https:\\\/\\\/www.ascef.com\\\/es\\\/\"},{\"@type\":\"ListItem\",\"position\":2,\"name\":\"130 j\u00f3venes miembros de familias empresarias, se re\u00fanen en Valencia en la 3\u00aa edici\u00f3n de \u201cConectando Forums\u201d\"}]},{\"@type\":\"WebSite\",\"@id\":\"https:\\\/\\\/www.ascef.com\\\/es\\\/#website\",\"url\":\"https:\\\/\\\/www.ascef.com\\\/es\\\/\",\"name\":\"ASCEF\",\"description\":\"Associaci\u00f3 Catalana de l\u2019Empresa Familiar\",\"potentialAction\":[{\"@type\":\"SearchAction\",\"target\":{\"@type\":\"EntryPoint\",\"urlTemplate\":\"https:\\\/\\\/www.ascef.com\\\/es\\\/?s={search_term_string}\"},\"query-input\":{\"@type\":\"PropertyValueSpecification\",\"valueRequired\":true,\"valueName\":\"search_term_string\"}}],\"inLanguage\":\"es\"},{\"@type\":\"Person\",\"@id\":\"https:\\\/\\\/www.ascef.com\\\/es\\\/#\\\/schema\\\/person\\\/818edf5b5f3a1179bca4deca82c739f5\",\"name\":\"usuari_ascef_admin\",\"url\":\"https:\\\/\\\/www.ascef.com\\\/es\\\/author\\\/usuari_ascef_admin\\\/\"}]}<\/script>\n<!-- \/ Yoast SEO plugin. -->","yoast_head_json":{"title":"130 j\u00f3venes miembros de familias empresarias, se re\u00fanen en Valencia en la 3\u00aa edici\u00f3n de \u201cConectando Forums\u201d - ASCEF","robots":{"index":"index","follow":"follow","max-snippet":"max-snippet:-1","max-image-preview":"max-image-preview:large","max-video-preview":"max-video-preview:-1"},"canonical":"https:\/\/www.ascef.com\/es\/130-jovenes-miembros-de-familias-empresarias-se-reunen-en-valencia-en-la-3a-edicion-de-conectando-forums\/","og_locale":"es_ES","og_type":"article","og_title":"130 j\u00f3venes miembros de familias empresarias, se re\u00fanen en Valencia en la 3\u00aa edici\u00f3n de \u201cConectando Forums\u201d - ASCEF","og_description":"El III Encuentro Conectando Forums, reuni\u00f3 los d\u00edas 11 y 12 en Valencia a 130 miembros de las siguientes generaciones de empresas familiares pertenecientes a los Forums de la Asociaci\u00f3n Valenciana de Empresarios (AVE), la Asociaci\u00f3n de la Empresa Familiar de Alicante (AEFA), la Asociaci\u00f3n de Empresa Familiar de Arag\u00f3n (AEFA), la Asociaci\u00f3n Balear de [&hellip;]","og_url":"https:\/\/www.ascef.com\/es\/130-jovenes-miembros-de-familias-empresarias-se-reunen-en-valencia-en-la-3a-edicion-de-conectando-forums\/","og_site_name":"ASCEF","article_published_time":"2022-11-14T13:14:51+00:00","og_image":[{"width":640,"height":427,"url":"https:\/\/www.ascef.com\/wp-content\/uploads\/2022\/11\/Foto_CForums.jpeg","type":"image\/jpeg"}],"author":"usuari_ascef_admin","twitter_card":"summary_large_image","twitter_misc":{"Escrito por":"usuari_ascef_admin"},"schema":{"@context":"https:\/\/schema.org","@graph":[{"@type":"Article","@id":"https:\/\/www.ascef.com\/es\/130-jovenes-miembros-de-familias-empresarias-se-reunen-en-valencia-en-la-3a-edicion-de-conectando-forums\/#article","isPartOf":{"@id":"https:\/\/www.ascef.com\/es\/130-jovenes-miembros-de-familias-empresarias-se-reunen-en-valencia-en-la-3a-edicion-de-conectando-forums\/"},"author":{"name":"usuari_ascef_admin","@id":"https:\/\/www.ascef.com\/es\/#\/schema\/person\/818edf5b5f3a1179bca4deca82c739f5"},"headline":"130 j\u00f3venes miembros de familias empresarias, se re\u00fanen en Valencia en la 3\u00aa edici\u00f3n de \u201cConectando Forums\u201d","datePublished":"2022-11-14T13:14:51+00:00","mainEntityOfPage":{"@id":"https:\/\/www.ascef.com\/es\/130-jovenes-miembros-de-familias-empresarias-se-reunen-en-valencia-en-la-3a-edicion-de-conectando-forums\/"},"wordCount":248,"commentCount":0,"image":{"@id":"https:\/\/www.ascef.com\/es\/130-jovenes-miembros-de-familias-empresarias-se-reunen-en-valencia-en-la-3a-edicion-de-conectando-forums\/#primaryimage"},"thumbnailUrl":"https:\/\/www.ascef.com\/wp-content\/uploads\/2022\/11\/Foto_CForums.jpeg","articleSection":["general"],"inLanguage":"es"},{"@type":"WebPage","@id":"https:\/\/www.ascef.com\/es\/130-jovenes-miembros-de-familias-empresarias-se-reunen-en-valencia-en-la-3a-edicion-de-conectando-forums\/","url":"https:\/\/www.ascef.com\/es\/130-jovenes-miembros-de-familias-empresarias-se-reunen-en-valencia-en-la-3a-edicion-de-conectando-forums\/","name":"130 j\u00f3venes miembros de familias empresarias, se re\u00fanen en Valencia en la 3\u00aa edici\u00f3n de \u201cConectando Forums\u201d - ASCEF","isPartOf":{"@id":"https:\/\/www.ascef.com\/es\/#website"},"primaryImageOfPage":{"@id":"https:\/\/www.ascef.com\/es\/130-jovenes-miembros-de-familias-empresarias-se-reunen-en-valencia-en-la-3a-edicion-de-conectando-forums\/#primaryimage"},"image":{"@id":"https:\/\/www.ascef.com\/es\/130-jovenes-miembros-de-familias-empresarias-se-reunen-en-valencia-en-la-3a-edicion-de-conectando-forums\/#primaryimage"},"thumbnailUrl":"https:\/\/www.ascef.com\/wp-content\/uploads\/2022\/11\/Foto_CForums.jpeg","datePublished":"2022-11-14T13:14:51+00:00","author":{"@id":"https:\/\/www.ascef.com\/es\/#\/schema\/person\/818edf5b5f3a1179bca4deca82c739f5"},"breadcrumb":{"@id":"https:\/\/www.ascef.com\/es\/130-jovenes-miembros-de-familias-empresarias-se-reunen-en-valencia-en-la-3a-edicion-de-conectando-forums\/#breadcrumb"},"inLanguage":"es","potentialAction":[{"@type":"ReadAction","target":["https:\/\/www.ascef.com\/es\/130-jovenes-miembros-de-familias-empresarias-se-reunen-en-valencia-en-la-3a-edicion-de-conectando-forums\/"]}]},{"@type":"ImageObject","inLanguage":"es","@id":"https:\/\/www.ascef.com\/es\/130-jovenes-miembros-de-familias-empresarias-se-reunen-en-valencia-en-la-3a-edicion-de-conectando-forums\/#primaryimage","url":"https:\/\/www.ascef.com\/wp-content\/uploads\/2022\/11\/Foto_CForums.jpeg","contentUrl":"https:\/\/www.ascef.com\/wp-content\/uploads\/2022\/11\/Foto_CForums.jpeg","width":640,"height":427},{"@type":"BreadcrumbList","@id":"https:\/\/www.ascef.com\/es\/130-jovenes-miembros-de-familias-empresarias-se-reunen-en-valencia-en-la-3a-edicion-de-conectando-forums\/#breadcrumb","itemListElement":[{"@type":"ListItem","position":1,"name":"Portada","item":"https:\/\/www.ascef.com\/es\/"},{"@type":"ListItem","position":2,"name":"130 j\u00f3venes miembros de familias empresarias, se re\u00fanen en Valencia en la 3\u00aa edici\u00f3n de \u201cConectando Forums\u201d"}]},{"@type":"WebSite","@id":"https:\/\/www.ascef.com\/es\/#website","url":"https:\/\/www.ascef.com\/es\/","name":"ASCEF","description":"Associaci\u00f3 Catalana de l\u2019Empresa Familiar","potentialAction":[{"@type":"SearchAction","target":{"@type":"EntryPoint","urlTemplate":"https:\/\/www.ascef.com\/es\/?s={search_term_string}"},"query-input":{"@type":"PropertyValueSpecification","valueRequired":true,"valueName":"search_term_string"}}],"inLanguage":"es"},{"@type":"Person","@id":"https:\/\/www.ascef.com\/es\/#\/schema\/person\/818edf5b5f3a1179bca4deca82c739f5","name":"usuari_ascef_admin","url":"https:\/\/www.ascef.com\/es\/author\/usuari_ascef_admin\/"}]}},"_links":{"self":[{"href":"https:\/\/www.ascef.com\/es\/wp-json\/wp\/v2\/posts\/4907","targetHints":{"allow":["GET"]}}],"collection":[{"href":"https:\/\/www.ascef.com\/es\/wp-json\/wp\/v2\/posts"}],"about":[{"href":"https:\/\/www.ascef.com\/es\/wp-json\/wp\/v2\/types\/post"}],"author":[{"embeddable":true,"href":"https:\/\/www.ascef.com\/es\/wp-json\/wp\/v2\/users\/311"}],"replies":[{"embeddable":true,"href":"https:\/\/www.ascef.com\/es\/wp-json\/wp\/v2\/comments?post=4907"}],"version-history":[{"count":1,"href":"https:\/\/www.ascef.com\/es\/wp-json\/wp\/v2\/posts\/4907\/revisions"}],"predecessor-version":[{"id":4908,"href":"https:\/\/www.ascef.com\/es\/wp-json\/wp\/v2\/posts\/4907\/revisions\/4908"}],"wp:featuredmedia":[{"embeddable":true,"href":"https:\/\/www.ascef.com\/es\/wp-json\/wp\/v2\/media\/4905"}],"wp:attachment":[{"href":"https:\/\/www.ascef.com\/es\/wp-json\/wp\/v2\/media?parent=4907"}],"wp:term":[{"taxonomy":"category","embeddable":true,"href":"https:\/\/www.ascef.com\/es\/wp-json\/wp\/v2\/categories?post=4907"},{"taxonomy":"post_tag","embeddable":true,"href":"https:\/\/www.ascef.com\/es\/wp-json\/wp\/v2\/tags?post=4907"}],"curies":[{"name":"wp","href":"https:\/\/api.w.org\/{rel}","templated":true}]}}