{"id":4881,"date":"2022-11-08T09:16:33","date_gmt":"2022-11-08T09:16:33","guid":{"rendered":"https:\/\/www.ascef.com\/?p=4881"},"modified":"2022-11-08T09:35:02","modified_gmt":"2022-11-08T09:35:02","slug":"jornada-ascef-i-kpmg-per-analitzar-lestrategia-de-gestio-energetica-de-lempresa-familiar-en-la-conjuntura-actual","status":"publish","type":"post","link":"https:\/\/www.ascef.com\/es\/jornada-ascef-i-kpmg-per-analitzar-lestrategia-de-gestio-energetica-de-lempresa-familiar-en-la-conjuntura-actual\/","title":{"rendered":"Jornada ASCEF i KPMG per analitzar l\u2019estrat\u00e8gia de gesti\u00f3 energ\u00e8tica de l\u2019empresa familiar en la conjuntura actual"},"content":{"rendered":"<p>El pasado viernes 4 de noviembre, la Asociaci\u00f3n Catalana de la Empresa Familiar (ASCEF) y KPMG organizaron la sesi\u00f3n \u00abTransici\u00f3n energ\u00e9tica y tendencias de los precios de la energ\u00eda\u00bb a cargo de Carlos Sol\u00e9, socio responsable de Energ\u00eda de KPMG, que previamente a su incorporaci\u00f3n a KPMG fue director de Energ\u00eda El\u00e9ctrica en la Comisi\u00f3n Nacional de Energ\u00eda.<\/p>\n<p>Desde 2021, con la recuperaci\u00f3n econ\u00f3mica de la crisis de la COVID-19, el precio del gas se ha multiplicado progresivamente hasta alcanzar niveles r\u00e9cord, lo que tambi\u00e9n se ha trasladado al precio de la electricidad. Este escenario ha empeorado significativamente con el conflicto de Ucrania, todo ello en un contexto de transici\u00f3n energ\u00e9tica con la descarbonizaci\u00f3n de la econom\u00eda. Por eso, en esta sesi\u00f3n se ha analizado la coyuntura actual y las perspectivas para los pr\u00f3ximos meses, poniendo el foco en la necesidad de que las empresas familiares optimicen su estrategia de gesti\u00f3n de la energ\u00eda y la eficiencia del consumo.<\/p>\n<p>Abrieron la sesi\u00f3n el sr. Jaume Alsina, presidente de la Asociaci\u00f3n Catalana de la Empresa Familiar, y el sr. Manel Blanco, socio responsable de Empresa Familiar de KPMG en Catalu\u00f1a<\/p>\n","protected":false},"excerpt":{"rendered":"<p>El pasado viernes 4 de noviembre, la Asociaci\u00f3n Catalana de la Empresa Familiar (ASCEF) y KPMG organizaron la sesi\u00f3n \u00abTransici\u00f3n energ\u00e9tica y tendencias de los precios de la energ\u00eda\u00bb a cargo de Carlos Sol\u00e9, socio responsable de Energ\u00eda de KPMG, que previamente a su incorporaci\u00f3n a KPMG fue director de Energ\u00eda El\u00e9ctrica en la Comisi\u00f3n [&hellip;]<\/p>\n","protected":false},"author":311,"featured_media":4879,"comment_status":"open","ping_status":"open","sticky":false,"template":"","format":"standard","meta":{"_acf_changed":false,"footnotes":""},"categories":[185],"tags":[],"class_list":["post-4881","post","type-post","status-publish","format-standard","has-post-thumbnail","hentry","category-general"],"acf":[],"yoast_head":"<!-- This site is optimized with the Yoast SEO plugin v27.5 - https:\/\/yoast.com\/product\/yoast-seo-wordpress\/ -->\n<title>Jornada ASCEF i KPMG per analitzar l\u2019estrat\u00e8gia de gesti\u00f3 energ\u00e8tica de l\u2019empresa familiar en la conjuntura actual - ASCEF<\/title>\n<meta name=\"robots\" content=\"index, follow, max-snippet:-1, max-image-preview:large, max-video-preview:-1\" \/>\n<link rel=\"canonical\" href=\"https:\/\/www.ascef.com\/es\/jornada-ascef-i-kpmg-per-analitzar-lestrategia-de-gestio-energetica-de-lempresa-familiar-en-la-conjuntura-actual\/\" \/>\n<meta property=\"og:locale\" content=\"es_ES\" \/>\n<meta property=\"og:type\" content=\"article\" \/>\n<meta property=\"og:title\" content=\"Jornada ASCEF i KPMG per analitzar l\u2019estrat\u00e8gia de gesti\u00f3 energ\u00e8tica de l\u2019empresa familiar en la conjuntura actual - ASCEF\" \/>\n<meta property=\"og:description\" content=\"El pasado viernes 4 de noviembre, la Asociaci\u00f3n Catalana de la Empresa Familiar (ASCEF) y KPMG organizaron la sesi\u00f3n \u00abTransici\u00f3n energ\u00e9tica y tendencias de los precios de la energ\u00eda\u00bb a cargo de Carlos Sol\u00e9, socio responsable de Energ\u00eda de KPMG, que previamente a su incorporaci\u00f3n a KPMG fue director de Energ\u00eda El\u00e9ctrica en la Comisi\u00f3n [&hellip;]\" \/>\n<meta property=\"og:url\" content=\"https:\/\/www.ascef.com\/es\/jornada-ascef-i-kpmg-per-analitzar-lestrategia-de-gestio-energetica-de-lempresa-familiar-en-la-conjuntura-actual\/\" \/>\n<meta property=\"og:site_name\" content=\"ASCEF\" \/>\n<meta property=\"article:published_time\" content=\"2022-11-08T09:16:33+00:00\" \/>\n<meta property=\"article:modified_time\" content=\"2022-11-08T09:35:02+00:00\" \/>\n<meta property=\"og:image\" content=\"https:\/\/www.ascef.com\/wp-content\/uploads\/2022\/11\/acto-KPmg.jpg\" \/>\n\t<meta property=\"og:image:width\" content=\"1600\" \/>\n\t<meta property=\"og:image:height\" content=\"916\" \/>\n\t<meta property=\"og:image:type\" content=\"image\/jpeg\" \/>\n<meta name=\"author\" content=\"usuari_ascef_admin\" \/>\n<meta name=\"twitter:card\" content=\"summary_large_image\" \/>\n<meta name=\"twitter:label1\" content=\"Escrito por\" \/>\n\t<meta name=\"twitter:data1\" content=\"usuari_ascef_admin\" \/>\n\t<meta name=\"twitter:label2\" content=\"Tiempo de lectura\" \/>\n\t<meta name=\"twitter:data2\" content=\"2 minutos\" \/>\n<script type=\"application\/ld+json\" class=\"yoast-schema-graph\">{\"@context\":\"https:\\\/\\\/schema.org\",\"@graph\":[{\"@type\":\"Article\",\"@id\":\"https:\\\/\\\/www.ascef.com\\\/es\\\/jornada-ascef-i-kpmg-per-analitzar-lestrategia-de-gestio-energetica-de-lempresa-familiar-en-la-conjuntura-actual\\\/#article\",\"isPartOf\":{\"@id\":\"https:\\\/\\\/www.ascef.com\\\/es\\\/jornada-ascef-i-kpmg-per-analitzar-lestrategia-de-gestio-energetica-de-lempresa-familiar-en-la-conjuntura-actual\\\/\"},\"author\":{\"name\":\"usuari_ascef_admin\",\"@id\":\"https:\\\/\\\/www.ascef.com\\\/es\\\/#\\\/schema\\\/person\\\/818edf5b5f3a1179bca4deca82c739f5\"},\"headline\":\"Jornada ASCEF i KPMG per analitzar l\u2019estrat\u00e8gia de gesti\u00f3 energ\u00e8tica de l\u2019empresa familiar en la conjuntura actual\",\"datePublished\":\"2022-11-08T09:16:33+00:00\",\"dateModified\":\"2022-11-08T09:35:02+00:00\",\"mainEntityOfPage\":{\"@id\":\"https:\\\/\\\/www.ascef.com\\\/es\\\/jornada-ascef-i-kpmg-per-analitzar-lestrategia-de-gestio-energetica-de-lempresa-familiar-en-la-conjuntura-actual\\\/\"},\"wordCount\":234,\"commentCount\":0,\"image\":{\"@id\":\"https:\\\/\\\/www.ascef.com\\\/es\\\/jornada-ascef-i-kpmg-per-analitzar-lestrategia-de-gestio-energetica-de-lempresa-familiar-en-la-conjuntura-actual\\\/#primaryimage\"},\"thumbnailUrl\":\"https:\\\/\\\/www.ascef.com\\\/wp-content\\\/uploads\\\/2022\\\/11\\\/acto-KPmg.jpg\",\"articleSection\":[\"general\"],\"inLanguage\":\"es\"},{\"@type\":\"WebPage\",\"@id\":\"https:\\\/\\\/www.ascef.com\\\/es\\\/jornada-ascef-i-kpmg-per-analitzar-lestrategia-de-gestio-energetica-de-lempresa-familiar-en-la-conjuntura-actual\\\/\",\"url\":\"https:\\\/\\\/www.ascef.com\\\/es\\\/jornada-ascef-i-kpmg-per-analitzar-lestrategia-de-gestio-energetica-de-lempresa-familiar-en-la-conjuntura-actual\\\/\",\"name\":\"Jornada ASCEF i KPMG per analitzar l\u2019estrat\u00e8gia de gesti\u00f3 energ\u00e8tica de l\u2019empresa familiar en la conjuntura actual - ASCEF\",\"isPartOf\":{\"@id\":\"https:\\\/\\\/www.ascef.com\\\/es\\\/#website\"},\"primaryImageOfPage\":{\"@id\":\"https:\\\/\\\/www.ascef.com\\\/es\\\/jornada-ascef-i-kpmg-per-analitzar-lestrategia-de-gestio-energetica-de-lempresa-familiar-en-la-conjuntura-actual\\\/#primaryimage\"},\"image\":{\"@id\":\"https:\\\/\\\/www.ascef.com\\\/es\\\/jornada-ascef-i-kpmg-per-analitzar-lestrategia-de-gestio-energetica-de-lempresa-familiar-en-la-conjuntura-actual\\\/#primaryimage\"},\"thumbnailUrl\":\"https:\\\/\\\/www.ascef.com\\\/wp-content\\\/uploads\\\/2022\\\/11\\\/acto-KPmg.jpg\",\"datePublished\":\"2022-11-08T09:16:33+00:00\",\"dateModified\":\"2022-11-08T09:35:02+00:00\",\"author\":{\"@id\":\"https:\\\/\\\/www.ascef.com\\\/es\\\/#\\\/schema\\\/person\\\/818edf5b5f3a1179bca4deca82c739f5\"},\"breadcrumb\":{\"@id\":\"https:\\\/\\\/www.ascef.com\\\/es\\\/jornada-ascef-i-kpmg-per-analitzar-lestrategia-de-gestio-energetica-de-lempresa-familiar-en-la-conjuntura-actual\\\/#breadcrumb\"},\"inLanguage\":\"es\",\"potentialAction\":[{\"@type\":\"ReadAction\",\"target\":[\"https:\\\/\\\/www.ascef.com\\\/es\\\/jornada-ascef-i-kpmg-per-analitzar-lestrategia-de-gestio-energetica-de-lempresa-familiar-en-la-conjuntura-actual\\\/\"]}]},{\"@type\":\"ImageObject\",\"inLanguage\":\"es\",\"@id\":\"https:\\\/\\\/www.ascef.com\\\/es\\\/jornada-ascef-i-kpmg-per-analitzar-lestrategia-de-gestio-energetica-de-lempresa-familiar-en-la-conjuntura-actual\\\/#primaryimage\",\"url\":\"https:\\\/\\\/www.ascef.com\\\/wp-content\\\/uploads\\\/2022\\\/11\\\/acto-KPmg.jpg\",\"contentUrl\":\"https:\\\/\\\/www.ascef.com\\\/wp-content\\\/uploads\\\/2022\\\/11\\\/acto-KPmg.jpg\",\"width\":1600,\"height\":916},{\"@type\":\"BreadcrumbList\",\"@id\":\"https:\\\/\\\/www.ascef.com\\\/es\\\/jornada-ascef-i-kpmg-per-analitzar-lestrategia-de-gestio-energetica-de-lempresa-familiar-en-la-conjuntura-actual\\\/#breadcrumb\",\"itemListElement\":[{\"@type\":\"ListItem\",\"position\":1,\"name\":\"Portada\",\"item\":\"https:\\\/\\\/www.ascef.com\\\/es\\\/\"},{\"@type\":\"ListItem\",\"position\":2,\"name\":\"Jornada ASCEF i KPMG per analitzar l\u2019estrat\u00e8gia de gesti\u00f3 energ\u00e8tica de l\u2019empresa familiar en la conjuntura actual\"}]},{\"@type\":\"WebSite\",\"@id\":\"https:\\\/\\\/www.ascef.com\\\/es\\\/#website\",\"url\":\"https:\\\/\\\/www.ascef.com\\\/es\\\/\",\"name\":\"ASCEF\",\"description\":\"Associaci\u00f3 Catalana de l\u2019Empresa Familiar\",\"potentialAction\":[{\"@type\":\"SearchAction\",\"target\":{\"@type\":\"EntryPoint\",\"urlTemplate\":\"https:\\\/\\\/www.ascef.com\\\/es\\\/?s={search_term_string}\"},\"query-input\":{\"@type\":\"PropertyValueSpecification\",\"valueRequired\":true,\"valueName\":\"search_term_string\"}}],\"inLanguage\":\"es\"},{\"@type\":\"Person\",\"@id\":\"https:\\\/\\\/www.ascef.com\\\/es\\\/#\\\/schema\\\/person\\\/818edf5b5f3a1179bca4deca82c739f5\",\"name\":\"usuari_ascef_admin\",\"url\":\"https:\\\/\\\/www.ascef.com\\\/es\\\/author\\\/usuari_ascef_admin\\\/\"}]}<\/script>\n<!-- \/ Yoast SEO plugin. -->","yoast_head_json":{"title":"Jornada ASCEF i KPMG per analitzar l\u2019estrat\u00e8gia de gesti\u00f3 energ\u00e8tica de l\u2019empresa familiar en la conjuntura actual - ASCEF","robots":{"index":"index","follow":"follow","max-snippet":"max-snippet:-1","max-image-preview":"max-image-preview:large","max-video-preview":"max-video-preview:-1"},"canonical":"https:\/\/www.ascef.com\/es\/jornada-ascef-i-kpmg-per-analitzar-lestrategia-de-gestio-energetica-de-lempresa-familiar-en-la-conjuntura-actual\/","og_locale":"es_ES","og_type":"article","og_title":"Jornada ASCEF i KPMG per analitzar l\u2019estrat\u00e8gia de gesti\u00f3 energ\u00e8tica de l\u2019empresa familiar en la conjuntura actual - ASCEF","og_description":"El pasado viernes 4 de noviembre, la Asociaci\u00f3n Catalana de la Empresa Familiar (ASCEF) y KPMG organizaron la sesi\u00f3n \u00abTransici\u00f3n energ\u00e9tica y tendencias de los precios de la energ\u00eda\u00bb a cargo de Carlos Sol\u00e9, socio responsable de Energ\u00eda de KPMG, que previamente a su incorporaci\u00f3n a KPMG fue director de Energ\u00eda El\u00e9ctrica en la Comisi\u00f3n [&hellip;]","og_url":"https:\/\/www.ascef.com\/es\/jornada-ascef-i-kpmg-per-analitzar-lestrategia-de-gestio-energetica-de-lempresa-familiar-en-la-conjuntura-actual\/","og_site_name":"ASCEF","article_published_time":"2022-11-08T09:16:33+00:00","article_modified_time":"2022-11-08T09:35:02+00:00","og_image":[{"width":1600,"height":916,"url":"https:\/\/www.ascef.com\/wp-content\/uploads\/2022\/11\/acto-KPmg.jpg","type":"image\/jpeg"}],"author":"usuari_ascef_admin","twitter_card":"summary_large_image","twitter_misc":{"Escrito por":"usuari_ascef_admin","Tiempo de lectura":"2 minutos"},"schema":{"@context":"https:\/\/schema.org","@graph":[{"@type":"Article","@id":"https:\/\/www.ascef.com\/es\/jornada-ascef-i-kpmg-per-analitzar-lestrategia-de-gestio-energetica-de-lempresa-familiar-en-la-conjuntura-actual\/#article","isPartOf":{"@id":"https:\/\/www.ascef.com\/es\/jornada-ascef-i-kpmg-per-analitzar-lestrategia-de-gestio-energetica-de-lempresa-familiar-en-la-conjuntura-actual\/"},"author":{"name":"usuari_ascef_admin","@id":"https:\/\/www.ascef.com\/es\/#\/schema\/person\/818edf5b5f3a1179bca4deca82c739f5"},"headline":"Jornada ASCEF i KPMG per analitzar l\u2019estrat\u00e8gia de gesti\u00f3 energ\u00e8tica de l\u2019empresa familiar en la conjuntura actual","datePublished":"2022-11-08T09:16:33+00:00","dateModified":"2022-11-08T09:35:02+00:00","mainEntityOfPage":{"@id":"https:\/\/www.ascef.com\/es\/jornada-ascef-i-kpmg-per-analitzar-lestrategia-de-gestio-energetica-de-lempresa-familiar-en-la-conjuntura-actual\/"},"wordCount":234,"commentCount":0,"image":{"@id":"https:\/\/www.ascef.com\/es\/jornada-ascef-i-kpmg-per-analitzar-lestrategia-de-gestio-energetica-de-lempresa-familiar-en-la-conjuntura-actual\/#primaryimage"},"thumbnailUrl":"https:\/\/www.ascef.com\/wp-content\/uploads\/2022\/11\/acto-KPmg.jpg","articleSection":["general"],"inLanguage":"es"},{"@type":"WebPage","@id":"https:\/\/www.ascef.com\/es\/jornada-ascef-i-kpmg-per-analitzar-lestrategia-de-gestio-energetica-de-lempresa-familiar-en-la-conjuntura-actual\/","url":"https:\/\/www.ascef.com\/es\/jornada-ascef-i-kpmg-per-analitzar-lestrategia-de-gestio-energetica-de-lempresa-familiar-en-la-conjuntura-actual\/","name":"Jornada ASCEF i KPMG per analitzar l\u2019estrat\u00e8gia de gesti\u00f3 energ\u00e8tica de l\u2019empresa familiar en la conjuntura actual - ASCEF","isPartOf":{"@id":"https:\/\/www.ascef.com\/es\/#website"},"primaryImageOfPage":{"@id":"https:\/\/www.ascef.com\/es\/jornada-ascef-i-kpmg-per-analitzar-lestrategia-de-gestio-energetica-de-lempresa-familiar-en-la-conjuntura-actual\/#primaryimage"},"image":{"@id":"https:\/\/www.ascef.com\/es\/jornada-ascef-i-kpmg-per-analitzar-lestrategia-de-gestio-energetica-de-lempresa-familiar-en-la-conjuntura-actual\/#primaryimage"},"thumbnailUrl":"https:\/\/www.ascef.com\/wp-content\/uploads\/2022\/11\/acto-KPmg.jpg","datePublished":"2022-11-08T09:16:33+00:00","dateModified":"2022-11-08T09:35:02+00:00","author":{"@id":"https:\/\/www.ascef.com\/es\/#\/schema\/person\/818edf5b5f3a1179bca4deca82c739f5"},"breadcrumb":{"@id":"https:\/\/www.ascef.com\/es\/jornada-ascef-i-kpmg-per-analitzar-lestrategia-de-gestio-energetica-de-lempresa-familiar-en-la-conjuntura-actual\/#breadcrumb"},"inLanguage":"es","potentialAction":[{"@type":"ReadAction","target":["https:\/\/www.ascef.com\/es\/jornada-ascef-i-kpmg-per-analitzar-lestrategia-de-gestio-energetica-de-lempresa-familiar-en-la-conjuntura-actual\/"]}]},{"@type":"ImageObject","inLanguage":"es","@id":"https:\/\/www.ascef.com\/es\/jornada-ascef-i-kpmg-per-analitzar-lestrategia-de-gestio-energetica-de-lempresa-familiar-en-la-conjuntura-actual\/#primaryimage","url":"https:\/\/www.ascef.com\/wp-content\/uploads\/2022\/11\/acto-KPmg.jpg","contentUrl":"https:\/\/www.ascef.com\/wp-content\/uploads\/2022\/11\/acto-KPmg.jpg","width":1600,"height":916},{"@type":"BreadcrumbList","@id":"https:\/\/www.ascef.com\/es\/jornada-ascef-i-kpmg-per-analitzar-lestrategia-de-gestio-energetica-de-lempresa-familiar-en-la-conjuntura-actual\/#breadcrumb","itemListElement":[{"@type":"ListItem","position":1,"name":"Portada","item":"https:\/\/www.ascef.com\/es\/"},{"@type":"ListItem","position":2,"name":"Jornada ASCEF i KPMG per analitzar l\u2019estrat\u00e8gia de gesti\u00f3 energ\u00e8tica de l\u2019empresa familiar en la conjuntura actual"}]},{"@type":"WebSite","@id":"https:\/\/www.ascef.com\/es\/#website","url":"https:\/\/www.ascef.com\/es\/","name":"ASCEF","description":"Associaci\u00f3 Catalana de l\u2019Empresa Familiar","potentialAction":[{"@type":"SearchAction","target":{"@type":"EntryPoint","urlTemplate":"https:\/\/www.ascef.com\/es\/?s={search_term_string}"},"query-input":{"@type":"PropertyValueSpecification","valueRequired":true,"valueName":"search_term_string"}}],"inLanguage":"es"},{"@type":"Person","@id":"https:\/\/www.ascef.com\/es\/#\/schema\/person\/818edf5b5f3a1179bca4deca82c739f5","name":"usuari_ascef_admin","url":"https:\/\/www.ascef.com\/es\/author\/usuari_ascef_admin\/"}]}},"_links":{"self":[{"href":"https:\/\/www.ascef.com\/es\/wp-json\/wp\/v2\/posts\/4881","targetHints":{"allow":["GET"]}}],"collection":[{"href":"https:\/\/www.ascef.com\/es\/wp-json\/wp\/v2\/posts"}],"about":[{"href":"https:\/\/www.ascef.com\/es\/wp-json\/wp\/v2\/types\/post"}],"author":[{"embeddable":true,"href":"https:\/\/www.ascef.com\/es\/wp-json\/wp\/v2\/users\/311"}],"replies":[{"embeddable":true,"href":"https:\/\/www.ascef.com\/es\/wp-json\/wp\/v2\/comments?post=4881"}],"version-history":[{"count":1,"href":"https:\/\/www.ascef.com\/es\/wp-json\/wp\/v2\/posts\/4881\/revisions"}],"predecessor-version":[{"id":4882,"href":"https:\/\/www.ascef.com\/es\/wp-json\/wp\/v2\/posts\/4881\/revisions\/4882"}],"wp:featuredmedia":[{"embeddable":true,"href":"https:\/\/www.ascef.com\/es\/wp-json\/wp\/v2\/media\/4879"}],"wp:attachment":[{"href":"https:\/\/www.ascef.com\/es\/wp-json\/wp\/v2\/media?parent=4881"}],"wp:term":[{"taxonomy":"category","embeddable":true,"href":"https:\/\/www.ascef.com\/es\/wp-json\/wp\/v2\/categories?post=4881"},{"taxonomy":"post_tag","embeddable":true,"href":"https:\/\/www.ascef.com\/es\/wp-json\/wp\/v2\/tags?post=4881"}],"curies":[{"name":"wp","href":"https:\/\/api.w.org\/{rel}","templated":true}]}}