{"id":4850,"date":"2022-10-20T16:10:18","date_gmt":"2022-10-20T16:10:18","guid":{"rendered":"https:\/\/www.ascef.com\/?p=4850"},"modified":"2022-10-24T16:12:15","modified_gmt":"2022-10-24T16:12:15","slug":"practicas-en-la-empresa-familiar-una-experiencia-enriquecedora-a-dos-bandas","status":"publish","type":"post","link":"https:\/\/www.ascef.com\/es\/practicas-en-la-empresa-familiar-una-experiencia-enriquecedora-a-dos-bandas\/","title":{"rendered":"Pr\u00e1cticas en la empresa familiar: una experiencia enriquecedora a dos bandas"},"content":{"rendered":"<p>La empresa Lluch Essence y Marta Vidal ha sido otro binomio de \u00e9xito dentro del Programa de pr\u00e1cticas en la empresa familiar que impulsa la ASCEF. Este programa tiene por objetivo poner en contacto a j\u00f3venes integrantes de una familia empresaria y que forman parte del F\u00f3rum de Joves de la ASCEF con una compa\u00f1\u00eda, tambi\u00e9n familiar, pero que no es la suya.<br \/>\nEn este caso, Marta Vidal (estudiante de segundo de carrera de Relaciones y Organizaciones Internacionales en la Universidad de Leiden y que pertenece a Metalogenia ) ha hecho sus pr\u00e1cticas dentro del departamento de comunicaci\u00f3n de Lluch Essence.<br \/>\nUna vez terminada la experiencia, Lluch Essence ha valorado muy positivamente esta iniciativa \u201cha sido un placer poder participar en el programa de pr\u00e1cticas de  la ASCEF y creemos que es una muy buena oportunidad para dar a conocer nuestro sector a los estudiantes\u201d y a\u00f1aden que \u00abcomo compa\u00f1\u00eda apostamos por el desarrollo de j\u00f3venes talentos que quieran tener una primera experiencia profesional, formarse y vivir de cerca el mundo empresarial\u00bb.<br \/>\nPor su parte, Marta Vidal hace una doble valoraci\u00f3n positiva de su estancia. Por un lado, conocer a un departamento de comunicaci\u00f3n le ha permitido aprender muchas cosas: \u201cel campo de la comunicaci\u00f3n en una empresa era desconocido para m\u00ed y he podido vivir en primera persona lo esencial y transversal que este departamento es para una empresa: desde la comunicaci\u00f3n interna, externa hasta su presencia en diferentes \u00e1mbitos en la empresa como en la preparaci\u00f3n de ferias y eventos, junta de direcci\u00f3n, comit\u00e9 de sostenibilidad y otros. He tenido la oportunidad de conocer la din\u00e1mica y los valores que mueven a Lluch, y c\u00f3mo contribuyen al buen ambiente de trabajo que hay, esencial para que una empresa prospere y crezca.<br \/>\nPor otra parte, ha podido vivir en primera persona la realidad de una empresa familiar muy distinta a la suya. \u201cConocer empresas que operen en una industria totalmente diferente a tu empresa familiar, te abre los ojos a lo multidimensional que son las empresas familiares. Es interesante ver c\u00f3mo los valores de una empresa familiar se transmiten de generaci\u00f3n en generaci\u00f3n. Me ha conectado m\u00e1s con la ilusi\u00f3n de formar parte de un proyecto com\u00fan familiar\u201d.<br \/>\nLa iniciativa del Programa de pr\u00e1cticas en la empresa familiar sigue abierta. Si quieres participar tanto como empresa o como becario puedes contactar con ascef@ascef.com<\/p>\n","protected":false},"excerpt":{"rendered":"<p>La empresa Lluch Essence y Marta Vidal ha sido otro binomio de \u00e9xito dentro del Programa de pr\u00e1cticas en la empresa familiar que impulsa la ASCEF. Este programa tiene por objetivo poner en contacto a j\u00f3venes integrantes de una familia empresaria y que forman parte del F\u00f3rum de Joves de la ASCEF con una compa\u00f1\u00eda, [&hellip;]<\/p>\n","protected":false},"author":311,"featured_media":4703,"comment_status":"open","ping_status":"open","sticky":false,"template":"","format":"standard","meta":{"_acf_changed":false,"footnotes":""},"categories":[185],"tags":[],"class_list":["post-4850","post","type-post","status-publish","format-standard","has-post-thumbnail","hentry","category-general"],"acf":[],"yoast_head":"<!-- This site is optimized with the Yoast SEO plugin v27.5 - https:\/\/yoast.com\/product\/yoast-seo-wordpress\/ -->\n<title>Pr\u00e1cticas en la empresa familiar: una experiencia enriquecedora a dos bandas - ASCEF<\/title>\n<meta name=\"robots\" content=\"index, follow, max-snippet:-1, max-image-preview:large, max-video-preview:-1\" \/>\n<link rel=\"canonical\" href=\"https:\/\/www.ascef.com\/es\/practicas-en-la-empresa-familiar-una-experiencia-enriquecedora-a-dos-bandas\/\" \/>\n<meta property=\"og:locale\" content=\"es_ES\" \/>\n<meta property=\"og:type\" content=\"article\" \/>\n<meta property=\"og:title\" content=\"Pr\u00e1cticas en la empresa familiar: una experiencia enriquecedora a dos bandas - ASCEF\" \/>\n<meta property=\"og:description\" content=\"La empresa Lluch Essence y Marta Vidal ha sido otro binomio de \u00e9xito dentro del Programa de pr\u00e1cticas en la empresa familiar que impulsa la ASCEF. Este programa tiene por objetivo poner en contacto a j\u00f3venes integrantes de una familia empresaria y que forman parte del F\u00f3rum de Joves de la ASCEF con una compa\u00f1\u00eda, [&hellip;]\" \/>\n<meta property=\"og:url\" content=\"https:\/\/www.ascef.com\/es\/practicas-en-la-empresa-familiar-una-experiencia-enriquecedora-a-dos-bandas\/\" \/>\n<meta property=\"og:site_name\" content=\"ASCEF\" \/>\n<meta property=\"article:published_time\" content=\"2022-10-20T16:10:18+00:00\" \/>\n<meta property=\"article:modified_time\" content=\"2022-10-24T16:12:15+00:00\" \/>\n<meta property=\"og:image\" content=\"https:\/\/www.ascef.com\/wp-content\/uploads\/2022\/09\/Marta-vidal-e1664364936380.jpg\" \/>\n\t<meta property=\"og:image:width\" content=\"1728\" \/>\n\t<meta property=\"og:image:height\" content=\"1728\" \/>\n\t<meta property=\"og:image:type\" content=\"image\/jpeg\" \/>\n<meta name=\"author\" content=\"usuari_ascef_admin\" \/>\n<meta name=\"twitter:card\" content=\"summary_large_image\" \/>\n<meta name=\"twitter:label1\" content=\"Escrito por\" \/>\n\t<meta name=\"twitter:data1\" content=\"usuari_ascef_admin\" \/>\n\t<meta name=\"twitter:label2\" content=\"Tiempo de lectura\" \/>\n\t<meta name=\"twitter:data2\" content=\"3 minutos\" \/>\n<script type=\"application\/ld+json\" class=\"yoast-schema-graph\">{\"@context\":\"https:\\\/\\\/schema.org\",\"@graph\":[{\"@type\":\"Article\",\"@id\":\"https:\\\/\\\/www.ascef.com\\\/es\\\/practicas-en-la-empresa-familiar-una-experiencia-enriquecedora-a-dos-bandas\\\/#article\",\"isPartOf\":{\"@id\":\"https:\\\/\\\/www.ascef.com\\\/es\\\/practicas-en-la-empresa-familiar-una-experiencia-enriquecedora-a-dos-bandas\\\/\"},\"author\":{\"name\":\"usuari_ascef_admin\",\"@id\":\"https:\\\/\\\/www.ascef.com\\\/es\\\/#\\\/schema\\\/person\\\/818edf5b5f3a1179bca4deca82c739f5\"},\"headline\":\"Pr\u00e1cticas en la empresa familiar: una experiencia enriquecedora a dos bandas\",\"datePublished\":\"2022-10-20T16:10:18+00:00\",\"dateModified\":\"2022-10-24T16:12:15+00:00\",\"mainEntityOfPage\":{\"@id\":\"https:\\\/\\\/www.ascef.com\\\/es\\\/practicas-en-la-empresa-familiar-una-experiencia-enriquecedora-a-dos-bandas\\\/\"},\"wordCount\":433,\"commentCount\":0,\"image\":{\"@id\":\"https:\\\/\\\/www.ascef.com\\\/es\\\/practicas-en-la-empresa-familiar-una-experiencia-enriquecedora-a-dos-bandas\\\/#primaryimage\"},\"thumbnailUrl\":\"https:\\\/\\\/www.ascef.com\\\/wp-content\\\/uploads\\\/2022\\\/09\\\/Marta-vidal-e1664364936380.jpg\",\"articleSection\":[\"general\"],\"inLanguage\":\"es\"},{\"@type\":\"WebPage\",\"@id\":\"https:\\\/\\\/www.ascef.com\\\/es\\\/practicas-en-la-empresa-familiar-una-experiencia-enriquecedora-a-dos-bandas\\\/\",\"url\":\"https:\\\/\\\/www.ascef.com\\\/es\\\/practicas-en-la-empresa-familiar-una-experiencia-enriquecedora-a-dos-bandas\\\/\",\"name\":\"Pr\u00e1cticas en la empresa familiar: una experiencia enriquecedora a dos bandas - ASCEF\",\"isPartOf\":{\"@id\":\"https:\\\/\\\/www.ascef.com\\\/es\\\/#website\"},\"primaryImageOfPage\":{\"@id\":\"https:\\\/\\\/www.ascef.com\\\/es\\\/practicas-en-la-empresa-familiar-una-experiencia-enriquecedora-a-dos-bandas\\\/#primaryimage\"},\"image\":{\"@id\":\"https:\\\/\\\/www.ascef.com\\\/es\\\/practicas-en-la-empresa-familiar-una-experiencia-enriquecedora-a-dos-bandas\\\/#primaryimage\"},\"thumbnailUrl\":\"https:\\\/\\\/www.ascef.com\\\/wp-content\\\/uploads\\\/2022\\\/09\\\/Marta-vidal-e1664364936380.jpg\",\"datePublished\":\"2022-10-20T16:10:18+00:00\",\"dateModified\":\"2022-10-24T16:12:15+00:00\",\"author\":{\"@id\":\"https:\\\/\\\/www.ascef.com\\\/es\\\/#\\\/schema\\\/person\\\/818edf5b5f3a1179bca4deca82c739f5\"},\"breadcrumb\":{\"@id\":\"https:\\\/\\\/www.ascef.com\\\/es\\\/practicas-en-la-empresa-familiar-una-experiencia-enriquecedora-a-dos-bandas\\\/#breadcrumb\"},\"inLanguage\":\"es\",\"potentialAction\":[{\"@type\":\"ReadAction\",\"target\":[\"https:\\\/\\\/www.ascef.com\\\/es\\\/practicas-en-la-empresa-familiar-una-experiencia-enriquecedora-a-dos-bandas\\\/\"]}]},{\"@type\":\"ImageObject\",\"inLanguage\":\"es\",\"@id\":\"https:\\\/\\\/www.ascef.com\\\/es\\\/practicas-en-la-empresa-familiar-una-experiencia-enriquecedora-a-dos-bandas\\\/#primaryimage\",\"url\":\"https:\\\/\\\/www.ascef.com\\\/wp-content\\\/uploads\\\/2022\\\/09\\\/Marta-vidal-e1664364936380.jpg\",\"contentUrl\":\"https:\\\/\\\/www.ascef.com\\\/wp-content\\\/uploads\\\/2022\\\/09\\\/Marta-vidal-e1664364936380.jpg\",\"width\":1728,\"height\":1728},{\"@type\":\"BreadcrumbList\",\"@id\":\"https:\\\/\\\/www.ascef.com\\\/es\\\/practicas-en-la-empresa-familiar-una-experiencia-enriquecedora-a-dos-bandas\\\/#breadcrumb\",\"itemListElement\":[{\"@type\":\"ListItem\",\"position\":1,\"name\":\"Portada\",\"item\":\"https:\\\/\\\/www.ascef.com\\\/es\\\/\"},{\"@type\":\"ListItem\",\"position\":2,\"name\":\"Pr\u00e1cticas en la empresa familiar: una experiencia enriquecedora a dos bandas\"}]},{\"@type\":\"WebSite\",\"@id\":\"https:\\\/\\\/www.ascef.com\\\/es\\\/#website\",\"url\":\"https:\\\/\\\/www.ascef.com\\\/es\\\/\",\"name\":\"ASCEF\",\"description\":\"Associaci\u00f3 Catalana de l\u2019Empresa Familiar\",\"potentialAction\":[{\"@type\":\"SearchAction\",\"target\":{\"@type\":\"EntryPoint\",\"urlTemplate\":\"https:\\\/\\\/www.ascef.com\\\/es\\\/?s={search_term_string}\"},\"query-input\":{\"@type\":\"PropertyValueSpecification\",\"valueRequired\":true,\"valueName\":\"search_term_string\"}}],\"inLanguage\":\"es\"},{\"@type\":\"Person\",\"@id\":\"https:\\\/\\\/www.ascef.com\\\/es\\\/#\\\/schema\\\/person\\\/818edf5b5f3a1179bca4deca82c739f5\",\"name\":\"usuari_ascef_admin\",\"url\":\"https:\\\/\\\/www.ascef.com\\\/es\\\/author\\\/usuari_ascef_admin\\\/\"}]}<\/script>\n<!-- \/ Yoast SEO plugin. -->","yoast_head_json":{"title":"Pr\u00e1cticas en la empresa familiar: una experiencia enriquecedora a dos bandas - ASCEF","robots":{"index":"index","follow":"follow","max-snippet":"max-snippet:-1","max-image-preview":"max-image-preview:large","max-video-preview":"max-video-preview:-1"},"canonical":"https:\/\/www.ascef.com\/es\/practicas-en-la-empresa-familiar-una-experiencia-enriquecedora-a-dos-bandas\/","og_locale":"es_ES","og_type":"article","og_title":"Pr\u00e1cticas en la empresa familiar: una experiencia enriquecedora a dos bandas - ASCEF","og_description":"La empresa Lluch Essence y Marta Vidal ha sido otro binomio de \u00e9xito dentro del Programa de pr\u00e1cticas en la empresa familiar que impulsa la ASCEF. Este programa tiene por objetivo poner en contacto a j\u00f3venes integrantes de una familia empresaria y que forman parte del F\u00f3rum de Joves de la ASCEF con una compa\u00f1\u00eda, [&hellip;]","og_url":"https:\/\/www.ascef.com\/es\/practicas-en-la-empresa-familiar-una-experiencia-enriquecedora-a-dos-bandas\/","og_site_name":"ASCEF","article_published_time":"2022-10-20T16:10:18+00:00","article_modified_time":"2022-10-24T16:12:15+00:00","og_image":[{"width":1728,"height":1728,"url":"https:\/\/www.ascef.com\/wp-content\/uploads\/2022\/09\/Marta-vidal-e1664364936380.jpg","type":"image\/jpeg"}],"author":"usuari_ascef_admin","twitter_card":"summary_large_image","twitter_misc":{"Escrito por":"usuari_ascef_admin","Tiempo de lectura":"3 minutos"},"schema":{"@context":"https:\/\/schema.org","@graph":[{"@type":"Article","@id":"https:\/\/www.ascef.com\/es\/practicas-en-la-empresa-familiar-una-experiencia-enriquecedora-a-dos-bandas\/#article","isPartOf":{"@id":"https:\/\/www.ascef.com\/es\/practicas-en-la-empresa-familiar-una-experiencia-enriquecedora-a-dos-bandas\/"},"author":{"name":"usuari_ascef_admin","@id":"https:\/\/www.ascef.com\/es\/#\/schema\/person\/818edf5b5f3a1179bca4deca82c739f5"},"headline":"Pr\u00e1cticas en la empresa familiar: una experiencia enriquecedora a dos bandas","datePublished":"2022-10-20T16:10:18+00:00","dateModified":"2022-10-24T16:12:15+00:00","mainEntityOfPage":{"@id":"https:\/\/www.ascef.com\/es\/practicas-en-la-empresa-familiar-una-experiencia-enriquecedora-a-dos-bandas\/"},"wordCount":433,"commentCount":0,"image":{"@id":"https:\/\/www.ascef.com\/es\/practicas-en-la-empresa-familiar-una-experiencia-enriquecedora-a-dos-bandas\/#primaryimage"},"thumbnailUrl":"https:\/\/www.ascef.com\/wp-content\/uploads\/2022\/09\/Marta-vidal-e1664364936380.jpg","articleSection":["general"],"inLanguage":"es"},{"@type":"WebPage","@id":"https:\/\/www.ascef.com\/es\/practicas-en-la-empresa-familiar-una-experiencia-enriquecedora-a-dos-bandas\/","url":"https:\/\/www.ascef.com\/es\/practicas-en-la-empresa-familiar-una-experiencia-enriquecedora-a-dos-bandas\/","name":"Pr\u00e1cticas en la empresa familiar: una experiencia enriquecedora a dos bandas - ASCEF","isPartOf":{"@id":"https:\/\/www.ascef.com\/es\/#website"},"primaryImageOfPage":{"@id":"https:\/\/www.ascef.com\/es\/practicas-en-la-empresa-familiar-una-experiencia-enriquecedora-a-dos-bandas\/#primaryimage"},"image":{"@id":"https:\/\/www.ascef.com\/es\/practicas-en-la-empresa-familiar-una-experiencia-enriquecedora-a-dos-bandas\/#primaryimage"},"thumbnailUrl":"https:\/\/www.ascef.com\/wp-content\/uploads\/2022\/09\/Marta-vidal-e1664364936380.jpg","datePublished":"2022-10-20T16:10:18+00:00","dateModified":"2022-10-24T16:12:15+00:00","author":{"@id":"https:\/\/www.ascef.com\/es\/#\/schema\/person\/818edf5b5f3a1179bca4deca82c739f5"},"breadcrumb":{"@id":"https:\/\/www.ascef.com\/es\/practicas-en-la-empresa-familiar-una-experiencia-enriquecedora-a-dos-bandas\/#breadcrumb"},"inLanguage":"es","potentialAction":[{"@type":"ReadAction","target":["https:\/\/www.ascef.com\/es\/practicas-en-la-empresa-familiar-una-experiencia-enriquecedora-a-dos-bandas\/"]}]},{"@type":"ImageObject","inLanguage":"es","@id":"https:\/\/www.ascef.com\/es\/practicas-en-la-empresa-familiar-una-experiencia-enriquecedora-a-dos-bandas\/#primaryimage","url":"https:\/\/www.ascef.com\/wp-content\/uploads\/2022\/09\/Marta-vidal-e1664364936380.jpg","contentUrl":"https:\/\/www.ascef.com\/wp-content\/uploads\/2022\/09\/Marta-vidal-e1664364936380.jpg","width":1728,"height":1728},{"@type":"BreadcrumbList","@id":"https:\/\/www.ascef.com\/es\/practicas-en-la-empresa-familiar-una-experiencia-enriquecedora-a-dos-bandas\/#breadcrumb","itemListElement":[{"@type":"ListItem","position":1,"name":"Portada","item":"https:\/\/www.ascef.com\/es\/"},{"@type":"ListItem","position":2,"name":"Pr\u00e1cticas en la empresa familiar: una experiencia enriquecedora a dos bandas"}]},{"@type":"WebSite","@id":"https:\/\/www.ascef.com\/es\/#website","url":"https:\/\/www.ascef.com\/es\/","name":"ASCEF","description":"Associaci\u00f3 Catalana de l\u2019Empresa Familiar","potentialAction":[{"@type":"SearchAction","target":{"@type":"EntryPoint","urlTemplate":"https:\/\/www.ascef.com\/es\/?s={search_term_string}"},"query-input":{"@type":"PropertyValueSpecification","valueRequired":true,"valueName":"search_term_string"}}],"inLanguage":"es"},{"@type":"Person","@id":"https:\/\/www.ascef.com\/es\/#\/schema\/person\/818edf5b5f3a1179bca4deca82c739f5","name":"usuari_ascef_admin","url":"https:\/\/www.ascef.com\/es\/author\/usuari_ascef_admin\/"}]}},"_links":{"self":[{"href":"https:\/\/www.ascef.com\/es\/wp-json\/wp\/v2\/posts\/4850","targetHints":{"allow":["GET"]}}],"collection":[{"href":"https:\/\/www.ascef.com\/es\/wp-json\/wp\/v2\/posts"}],"about":[{"href":"https:\/\/www.ascef.com\/es\/wp-json\/wp\/v2\/types\/post"}],"author":[{"embeddable":true,"href":"https:\/\/www.ascef.com\/es\/wp-json\/wp\/v2\/users\/311"}],"replies":[{"embeddable":true,"href":"https:\/\/www.ascef.com\/es\/wp-json\/wp\/v2\/comments?post=4850"}],"version-history":[{"count":2,"href":"https:\/\/www.ascef.com\/es\/wp-json\/wp\/v2\/posts\/4850\/revisions"}],"predecessor-version":[{"id":4852,"href":"https:\/\/www.ascef.com\/es\/wp-json\/wp\/v2\/posts\/4850\/revisions\/4852"}],"wp:featuredmedia":[{"embeddable":true,"href":"https:\/\/www.ascef.com\/es\/wp-json\/wp\/v2\/media\/4703"}],"wp:attachment":[{"href":"https:\/\/www.ascef.com\/es\/wp-json\/wp\/v2\/media?parent=4850"}],"wp:term":[{"taxonomy":"category","embeddable":true,"href":"https:\/\/www.ascef.com\/es\/wp-json\/wp\/v2\/categories?post=4850"},{"taxonomy":"post_tag","embeddable":true,"href":"https:\/\/www.ascef.com\/es\/wp-json\/wp\/v2\/tags?post=4850"}],"curies":[{"name":"wp","href":"https:\/\/api.w.org\/{rel}","templated":true}]}}