{"id":4842,"date":"2022-10-03T16:01:03","date_gmt":"2022-10-03T16:01:03","guid":{"rendered":"https:\/\/www.ascef.com\/?p=4842"},"modified":"2022-10-24T16:03:35","modified_gmt":"2022-10-24T16:03:35","slug":"comida-coloquio-con-valenti-pich","status":"publish","type":"post","link":"https:\/\/www.ascef.com\/es\/comida-coloquio-con-valenti-pich\/","title":{"rendered":"Comida coloquio con Valent\u00ed Pich"},"content":{"rendered":"<p>Los participantes en el almuerzo coloquio organizado por la ASCEF el pasado 20 de septiembre con el sr. Valent\u00ed Pich, presidente del Consejo de Colegios de Economistas de Espa\u00f1a, tuvieron la oportunidad de compartir interesantes y enriquecedoras reflexiones sobre la coyuntura econ\u00f3mica actual.<\/p>\n","protected":false},"excerpt":{"rendered":"<p>Los participantes en el almuerzo coloquio organizado por la ASCEF el pasado 20 de septiembre con el sr. Valent\u00ed Pich, presidente del Consejo de Colegios de Economistas de Espa\u00f1a, tuvieron la oportunidad de compartir interesantes y enriquecedoras reflexiones sobre la coyuntura econ\u00f3mica actual.<\/p>\n","protected":false},"author":311,"featured_media":4840,"comment_status":"open","ping_status":"open","sticky":false,"template":"","format":"standard","meta":{"_acf_changed":false,"footnotes":""},"categories":[185],"tags":[],"class_list":["post-4842","post","type-post","status-publish","format-standard","has-post-thumbnail","hentry","category-general"],"acf":[],"yoast_head":"<!-- This site is optimized with the Yoast SEO plugin v27.5 - https:\/\/yoast.com\/product\/yoast-seo-wordpress\/ -->\n<title>Comida coloquio con Valent\u00ed Pich - ASCEF<\/title>\n<meta name=\"robots\" content=\"index, follow, max-snippet:-1, max-image-preview:large, max-video-preview:-1\" \/>\n<link rel=\"canonical\" href=\"https:\/\/www.ascef.com\/es\/comida-coloquio-con-valenti-pich\/\" \/>\n<meta property=\"og:locale\" content=\"es_ES\" \/>\n<meta property=\"og:type\" content=\"article\" \/>\n<meta property=\"og:title\" content=\"Comida coloquio con Valent\u00ed Pich - ASCEF\" \/>\n<meta property=\"og:description\" content=\"Los participantes en el almuerzo coloquio organizado por la ASCEF el pasado 20 de septiembre con el sr. Valent\u00ed Pich, presidente del Consejo de Colegios de Economistas de Espa\u00f1a, tuvieron la oportunidad de compartir interesantes y enriquecedoras reflexiones sobre la coyuntura econ\u00f3mica actual.\" \/>\n<meta property=\"og:url\" content=\"https:\/\/www.ascef.com\/es\/comida-coloquio-con-valenti-pich\/\" \/>\n<meta property=\"og:site_name\" content=\"ASCEF\" \/>\n<meta property=\"article:published_time\" content=\"2022-10-03T16:01:03+00:00\" \/>\n<meta property=\"article:modified_time\" content=\"2022-10-24T16:03:35+00:00\" \/>\n<meta property=\"og:image\" content=\"https:\/\/www.ascef.com\/wp-content\/uploads\/2022\/10\/ascef-amb-valenti-pich-20-set.jpg\" \/>\n\t<meta property=\"og:image:width\" content=\"441\" \/>\n\t<meta property=\"og:image:height\" content=\"235\" \/>\n\t<meta property=\"og:image:type\" content=\"image\/jpeg\" \/>\n<meta name=\"author\" content=\"usuari_ascef_admin\" \/>\n<meta name=\"twitter:card\" content=\"summary_large_image\" \/>\n<meta name=\"twitter:label1\" content=\"Escrito por\" \/>\n\t<meta name=\"twitter:data1\" content=\"usuari_ascef_admin\" \/>\n<script type=\"application\/ld+json\" class=\"yoast-schema-graph\">{\"@context\":\"https:\\\/\\\/schema.org\",\"@graph\":[{\"@type\":\"Article\",\"@id\":\"https:\\\/\\\/www.ascef.com\\\/es\\\/comida-coloquio-con-valenti-pich\\\/#article\",\"isPartOf\":{\"@id\":\"https:\\\/\\\/www.ascef.com\\\/es\\\/comida-coloquio-con-valenti-pich\\\/\"},\"author\":{\"name\":\"usuari_ascef_admin\",\"@id\":\"https:\\\/\\\/www.ascef.com\\\/es\\\/#\\\/schema\\\/person\\\/818edf5b5f3a1179bca4deca82c739f5\"},\"headline\":\"Comida coloquio con Valent\u00ed Pich\",\"datePublished\":\"2022-10-03T16:01:03+00:00\",\"dateModified\":\"2022-10-24T16:03:35+00:00\",\"mainEntityOfPage\":{\"@id\":\"https:\\\/\\\/www.ascef.com\\\/es\\\/comida-coloquio-con-valenti-pich\\\/\"},\"wordCount\":49,\"commentCount\":0,\"image\":{\"@id\":\"https:\\\/\\\/www.ascef.com\\\/es\\\/comida-coloquio-con-valenti-pich\\\/#primaryimage\"},\"thumbnailUrl\":\"https:\\\/\\\/www.ascef.com\\\/wp-content\\\/uploads\\\/2022\\\/10\\\/ascef-amb-valenti-pich-20-set.jpg\",\"articleSection\":[\"general\"],\"inLanguage\":\"es\"},{\"@type\":\"WebPage\",\"@id\":\"https:\\\/\\\/www.ascef.com\\\/es\\\/comida-coloquio-con-valenti-pich\\\/\",\"url\":\"https:\\\/\\\/www.ascef.com\\\/es\\\/comida-coloquio-con-valenti-pich\\\/\",\"name\":\"Comida coloquio con Valent\u00ed Pich - ASCEF\",\"isPartOf\":{\"@id\":\"https:\\\/\\\/www.ascef.com\\\/es\\\/#website\"},\"primaryImageOfPage\":{\"@id\":\"https:\\\/\\\/www.ascef.com\\\/es\\\/comida-coloquio-con-valenti-pich\\\/#primaryimage\"},\"image\":{\"@id\":\"https:\\\/\\\/www.ascef.com\\\/es\\\/comida-coloquio-con-valenti-pich\\\/#primaryimage\"},\"thumbnailUrl\":\"https:\\\/\\\/www.ascef.com\\\/wp-content\\\/uploads\\\/2022\\\/10\\\/ascef-amb-valenti-pich-20-set.jpg\",\"datePublished\":\"2022-10-03T16:01:03+00:00\",\"dateModified\":\"2022-10-24T16:03:35+00:00\",\"author\":{\"@id\":\"https:\\\/\\\/www.ascef.com\\\/es\\\/#\\\/schema\\\/person\\\/818edf5b5f3a1179bca4deca82c739f5\"},\"breadcrumb\":{\"@id\":\"https:\\\/\\\/www.ascef.com\\\/es\\\/comida-coloquio-con-valenti-pich\\\/#breadcrumb\"},\"inLanguage\":\"es\",\"potentialAction\":[{\"@type\":\"ReadAction\",\"target\":[\"https:\\\/\\\/www.ascef.com\\\/es\\\/comida-coloquio-con-valenti-pich\\\/\"]}]},{\"@type\":\"ImageObject\",\"inLanguage\":\"es\",\"@id\":\"https:\\\/\\\/www.ascef.com\\\/es\\\/comida-coloquio-con-valenti-pich\\\/#primaryimage\",\"url\":\"https:\\\/\\\/www.ascef.com\\\/wp-content\\\/uploads\\\/2022\\\/10\\\/ascef-amb-valenti-pich-20-set.jpg\",\"contentUrl\":\"https:\\\/\\\/www.ascef.com\\\/wp-content\\\/uploads\\\/2022\\\/10\\\/ascef-amb-valenti-pich-20-set.jpg\",\"width\":441,\"height\":235},{\"@type\":\"BreadcrumbList\",\"@id\":\"https:\\\/\\\/www.ascef.com\\\/es\\\/comida-coloquio-con-valenti-pich\\\/#breadcrumb\",\"itemListElement\":[{\"@type\":\"ListItem\",\"position\":1,\"name\":\"Portada\",\"item\":\"https:\\\/\\\/www.ascef.com\\\/es\\\/\"},{\"@type\":\"ListItem\",\"position\":2,\"name\":\"Comida coloquio con Valent\u00ed Pich\"}]},{\"@type\":\"WebSite\",\"@id\":\"https:\\\/\\\/www.ascef.com\\\/es\\\/#website\",\"url\":\"https:\\\/\\\/www.ascef.com\\\/es\\\/\",\"name\":\"ASCEF\",\"description\":\"Associaci\u00f3 Catalana de l\u2019Empresa Familiar\",\"potentialAction\":[{\"@type\":\"SearchAction\",\"target\":{\"@type\":\"EntryPoint\",\"urlTemplate\":\"https:\\\/\\\/www.ascef.com\\\/es\\\/?s={search_term_string}\"},\"query-input\":{\"@type\":\"PropertyValueSpecification\",\"valueRequired\":true,\"valueName\":\"search_term_string\"}}],\"inLanguage\":\"es\"},{\"@type\":\"Person\",\"@id\":\"https:\\\/\\\/www.ascef.com\\\/es\\\/#\\\/schema\\\/person\\\/818edf5b5f3a1179bca4deca82c739f5\",\"name\":\"usuari_ascef_admin\",\"url\":\"https:\\\/\\\/www.ascef.com\\\/es\\\/author\\\/usuari_ascef_admin\\\/\"}]}<\/script>\n<!-- \/ Yoast SEO plugin. -->","yoast_head_json":{"title":"Comida coloquio con Valent\u00ed Pich - ASCEF","robots":{"index":"index","follow":"follow","max-snippet":"max-snippet:-1","max-image-preview":"max-image-preview:large","max-video-preview":"max-video-preview:-1"},"canonical":"https:\/\/www.ascef.com\/es\/comida-coloquio-con-valenti-pich\/","og_locale":"es_ES","og_type":"article","og_title":"Comida coloquio con Valent\u00ed Pich - ASCEF","og_description":"Los participantes en el almuerzo coloquio organizado por la ASCEF el pasado 20 de septiembre con el sr. Valent\u00ed Pich, presidente del Consejo de Colegios de Economistas de Espa\u00f1a, tuvieron la oportunidad de compartir interesantes y enriquecedoras reflexiones sobre la coyuntura econ\u00f3mica actual.","og_url":"https:\/\/www.ascef.com\/es\/comida-coloquio-con-valenti-pich\/","og_site_name":"ASCEF","article_published_time":"2022-10-03T16:01:03+00:00","article_modified_time":"2022-10-24T16:03:35+00:00","og_image":[{"width":441,"height":235,"url":"https:\/\/www.ascef.com\/wp-content\/uploads\/2022\/10\/ascef-amb-valenti-pich-20-set.jpg","type":"image\/jpeg"}],"author":"usuari_ascef_admin","twitter_card":"summary_large_image","twitter_misc":{"Escrito por":"usuari_ascef_admin"},"schema":{"@context":"https:\/\/schema.org","@graph":[{"@type":"Article","@id":"https:\/\/www.ascef.com\/es\/comida-coloquio-con-valenti-pich\/#article","isPartOf":{"@id":"https:\/\/www.ascef.com\/es\/comida-coloquio-con-valenti-pich\/"},"author":{"name":"usuari_ascef_admin","@id":"https:\/\/www.ascef.com\/es\/#\/schema\/person\/818edf5b5f3a1179bca4deca82c739f5"},"headline":"Comida coloquio con Valent\u00ed Pich","datePublished":"2022-10-03T16:01:03+00:00","dateModified":"2022-10-24T16:03:35+00:00","mainEntityOfPage":{"@id":"https:\/\/www.ascef.com\/es\/comida-coloquio-con-valenti-pich\/"},"wordCount":49,"commentCount":0,"image":{"@id":"https:\/\/www.ascef.com\/es\/comida-coloquio-con-valenti-pich\/#primaryimage"},"thumbnailUrl":"https:\/\/www.ascef.com\/wp-content\/uploads\/2022\/10\/ascef-amb-valenti-pich-20-set.jpg","articleSection":["general"],"inLanguage":"es"},{"@type":"WebPage","@id":"https:\/\/www.ascef.com\/es\/comida-coloquio-con-valenti-pich\/","url":"https:\/\/www.ascef.com\/es\/comida-coloquio-con-valenti-pich\/","name":"Comida coloquio con Valent\u00ed Pich - ASCEF","isPartOf":{"@id":"https:\/\/www.ascef.com\/es\/#website"},"primaryImageOfPage":{"@id":"https:\/\/www.ascef.com\/es\/comida-coloquio-con-valenti-pich\/#primaryimage"},"image":{"@id":"https:\/\/www.ascef.com\/es\/comida-coloquio-con-valenti-pich\/#primaryimage"},"thumbnailUrl":"https:\/\/www.ascef.com\/wp-content\/uploads\/2022\/10\/ascef-amb-valenti-pich-20-set.jpg","datePublished":"2022-10-03T16:01:03+00:00","dateModified":"2022-10-24T16:03:35+00:00","author":{"@id":"https:\/\/www.ascef.com\/es\/#\/schema\/person\/818edf5b5f3a1179bca4deca82c739f5"},"breadcrumb":{"@id":"https:\/\/www.ascef.com\/es\/comida-coloquio-con-valenti-pich\/#breadcrumb"},"inLanguage":"es","potentialAction":[{"@type":"ReadAction","target":["https:\/\/www.ascef.com\/es\/comida-coloquio-con-valenti-pich\/"]}]},{"@type":"ImageObject","inLanguage":"es","@id":"https:\/\/www.ascef.com\/es\/comida-coloquio-con-valenti-pich\/#primaryimage","url":"https:\/\/www.ascef.com\/wp-content\/uploads\/2022\/10\/ascef-amb-valenti-pich-20-set.jpg","contentUrl":"https:\/\/www.ascef.com\/wp-content\/uploads\/2022\/10\/ascef-amb-valenti-pich-20-set.jpg","width":441,"height":235},{"@type":"BreadcrumbList","@id":"https:\/\/www.ascef.com\/es\/comida-coloquio-con-valenti-pich\/#breadcrumb","itemListElement":[{"@type":"ListItem","position":1,"name":"Portada","item":"https:\/\/www.ascef.com\/es\/"},{"@type":"ListItem","position":2,"name":"Comida coloquio con Valent\u00ed Pich"}]},{"@type":"WebSite","@id":"https:\/\/www.ascef.com\/es\/#website","url":"https:\/\/www.ascef.com\/es\/","name":"ASCEF","description":"Associaci\u00f3 Catalana de l\u2019Empresa Familiar","potentialAction":[{"@type":"SearchAction","target":{"@type":"EntryPoint","urlTemplate":"https:\/\/www.ascef.com\/es\/?s={search_term_string}"},"query-input":{"@type":"PropertyValueSpecification","valueRequired":true,"valueName":"search_term_string"}}],"inLanguage":"es"},{"@type":"Person","@id":"https:\/\/www.ascef.com\/es\/#\/schema\/person\/818edf5b5f3a1179bca4deca82c739f5","name":"usuari_ascef_admin","url":"https:\/\/www.ascef.com\/es\/author\/usuari_ascef_admin\/"}]}},"_links":{"self":[{"href":"https:\/\/www.ascef.com\/es\/wp-json\/wp\/v2\/posts\/4842","targetHints":{"allow":["GET"]}}],"collection":[{"href":"https:\/\/www.ascef.com\/es\/wp-json\/wp\/v2\/posts"}],"about":[{"href":"https:\/\/www.ascef.com\/es\/wp-json\/wp\/v2\/types\/post"}],"author":[{"embeddable":true,"href":"https:\/\/www.ascef.com\/es\/wp-json\/wp\/v2\/users\/311"}],"replies":[{"embeddable":true,"href":"https:\/\/www.ascef.com\/es\/wp-json\/wp\/v2\/comments?post=4842"}],"version-history":[{"count":1,"href":"https:\/\/www.ascef.com\/es\/wp-json\/wp\/v2\/posts\/4842\/revisions"}],"predecessor-version":[{"id":4843,"href":"https:\/\/www.ascef.com\/es\/wp-json\/wp\/v2\/posts\/4842\/revisions\/4843"}],"wp:featuredmedia":[{"embeddable":true,"href":"https:\/\/www.ascef.com\/es\/wp-json\/wp\/v2\/media\/4840"}],"wp:attachment":[{"href":"https:\/\/www.ascef.com\/es\/wp-json\/wp\/v2\/media?parent=4842"}],"wp:term":[{"taxonomy":"category","embeddable":true,"href":"https:\/\/www.ascef.com\/es\/wp-json\/wp\/v2\/categories?post=4842"},{"taxonomy":"post_tag","embeddable":true,"href":"https:\/\/www.ascef.com\/es\/wp-json\/wp\/v2\/tags?post=4842"}],"curies":[{"name":"wp","href":"https:\/\/api.w.org\/{rel}","templated":true}]}}