{"id":4760,"date":"2022-10-04T11:35:53","date_gmt":"2022-10-04T11:35:53","guid":{"rendered":"https:\/\/www.ascef.com\/?p=4760"},"modified":"2022-10-05T08:43:25","modified_gmt":"2022-10-05T08:43:25","slug":"la-ascef-en-el-xxv-congreso-nacional-de-la-empresa-familiar-actividades-destacadas-de-la-primera-jornada","status":"publish","type":"post","link":"https:\/\/www.ascef.com\/es\/la-ascef-en-el-xxv-congreso-nacional-de-la-empresa-familiar-actividades-destacadas-de-la-primera-jornada\/","title":{"rendered":"La ASCEF en el XXV Congreso Nacional de la Empresa Familiar: Actividades destacadas de la primera jornada"},"content":{"rendered":"<p>Una numerosa representaci\u00f3n de miembros de la Asociaci\u00f3n Catalana de la Empresa Familiar (ASCEF) participa estos d\u00edas en las diferentes actividades y sesiones del Congreso Nacional de la Empresa Familiar, organizado por el Instituto de la Empresa Familiar (IEF) en C\u00e1ceres con el objetivo de poner en valor la importancia de la empresa familiar en el tejido empresarial catal\u00e1n y espa\u00f1ol.<\/p>\n<p><img loading=\"lazy\" decoding=\"async\" class=\"wp-image-4750 alignleft\" src=\"https:\/\/www.ascef.com\/wp-content\/uploads\/2022\/10\/0LE_8034-650x480.jpg\" alt=\"\" width=\"283\" height=\"209\" \/> <img loading=\"lazy\" decoding=\"async\" class=\"wp-image-4753 alignleft\" src=\"https:\/\/www.ascef.com\/wp-content\/uploads\/2022\/10\/0LE_7889-650x480.jpg\" alt=\"\" width=\"287\" height=\"212\" \/>La jornada del lunes 3 de octubre comenz\u00f3 con la inauguraci\u00f3n oficial, presidida por Su Majestad el Rey, y en la que intervinieron tambi\u00e9n el presidente de la Junta de Extremadura, Guillermo Fern\u00e1ndez Vara, y el presidente del IEF, Andr\u00e9s Sendagorta.<\/p>\n<p>A continuaci\u00f3n, se celebr\u00f3 la primera mesa redonda de la jornada, titulada \u201cCreando Futuro: Empresa y Educaci\u00f3n\u201d, con la participaci\u00f3n de Pilar Alegr\u00eda, ministra de Educaci\u00f3n y Formaci\u00f3n Profesional; Juan Jos\u00e9 Cano, presidente de KPMG en Espa\u00f1a; Antonio Sim\u00f5es, consejero delegado de Banco Santander en Espa\u00f1a; Roc\u00edo Hervella, presidenta de la Fundaci\u00f3n Empresa Familiar de Castilla y Le\u00f3n; y Alfonso Ses\u00e9, presidente del Grupo Ses\u00e9, como moderador.<\/p>\n<p>A continuaci\u00f3n, se realiz\u00f3 entre los empresarios asistentes al encuentro una encuesta interactiva sobre su percepci\u00f3n de la situaci\u00f3n econ\u00f3mica, en la que se plasman adem\u00e1s sus previsiones, entre otras cosas, de negocio, crecimiento y creaci\u00f3n de empleo. Esta encuesta cuenta ya con una serie hist\u00f3rica de 16 a\u00f1os y se ha convertido en una referencia imprescindible para analistas y servicios de estudios.<\/p>\n<p>La jornada continu\u00f3 con la intervenci\u00f3n del presidente del Partido Popular, Alberto N\u00fa\u00f1ez Feij\u00f3o.<\/p>\n<p>La sesi\u00f3n de tarde se centr\u00f3 en tres historias empresariales excepcionales: Gestamp, multinacional espa\u00f1ola especializada en el dise\u00f1o, desarrollo y fabricaci\u00f3n de componentes met\u00e1licos de ingenier\u00eda para los principales fabricantes de autom\u00f3viles, Ferrovial, uno de los principales operadores globales de infraestructuras de transporte, e Inditex, el gigante textil espa\u00f1ol que ha revolucionado el mundo de la moda.<\/p>\n<p>&nbsp;<\/p>\n","protected":false},"excerpt":{"rendered":"<p>Una numerosa representaci\u00f3n de miembros de la Asociaci\u00f3n Catalana de la Empresa Familiar (ASCEF) participa estos d\u00edas en las diferentes actividades y sesiones del Congreso Nacional de la Empresa Familiar, organizado por el Instituto de la Empresa Familiar (IEF) en C\u00e1ceres con el objetivo de poner en valor la importancia de la empresa familiar en [&hellip;]<\/p>\n","protected":false},"author":311,"featured_media":4747,"comment_status":"open","ping_status":"open","sticky":false,"template":"","format":"standard","meta":{"_acf_changed":false,"footnotes":""},"categories":[185],"tags":[],"class_list":["post-4760","post","type-post","status-publish","format-standard","has-post-thumbnail","hentry","category-general"],"acf":[],"yoast_head":"<!-- This site is optimized with the Yoast SEO plugin v27.5 - https:\/\/yoast.com\/product\/yoast-seo-wordpress\/ -->\n<title>La ASCEF en el XXV Congreso Nacional de la Empresa Familiar: Actividades destacadas de la primera jornada - ASCEF<\/title>\n<meta name=\"robots\" content=\"index, follow, max-snippet:-1, max-image-preview:large, max-video-preview:-1\" \/>\n<link rel=\"canonical\" href=\"https:\/\/www.ascef.com\/es\/la-ascef-en-el-xxv-congreso-nacional-de-la-empresa-familiar-actividades-destacadas-de-la-primera-jornada\/\" \/>\n<meta property=\"og:locale\" content=\"es_ES\" \/>\n<meta property=\"og:type\" content=\"article\" \/>\n<meta property=\"og:title\" content=\"La ASCEF en el XXV Congreso Nacional de la Empresa Familiar: Actividades destacadas de la primera jornada - ASCEF\" \/>\n<meta property=\"og:description\" content=\"Una numerosa representaci\u00f3n de miembros de la Asociaci\u00f3n Catalana de la Empresa Familiar (ASCEF) participa estos d\u00edas en las diferentes actividades y sesiones del Congreso Nacional de la Empresa Familiar, organizado por el Instituto de la Empresa Familiar (IEF) en C\u00e1ceres con el objetivo de poner en valor la importancia de la empresa familiar en [&hellip;]\" \/>\n<meta property=\"og:url\" content=\"https:\/\/www.ascef.com\/es\/la-ascef-en-el-xxv-congreso-nacional-de-la-empresa-familiar-actividades-destacadas-de-la-primera-jornada\/\" \/>\n<meta property=\"og:site_name\" content=\"ASCEF\" \/>\n<meta property=\"article:published_time\" content=\"2022-10-04T11:35:53+00:00\" \/>\n<meta property=\"article:modified_time\" content=\"2022-10-05T08:43:25+00:00\" \/>\n<meta property=\"og:image\" content=\"https:\/\/www.ascef.com\/wp-content\/uploads\/2022\/10\/LAscef-al-Congres-nacional-scaled.jpg\" \/>\n\t<meta property=\"og:image:width\" content=\"2560\" \/>\n\t<meta property=\"og:image:height\" content=\"1707\" \/>\n\t<meta property=\"og:image:type\" content=\"image\/jpeg\" \/>\n<meta name=\"author\" content=\"usuari_ascef_admin\" \/>\n<meta name=\"twitter:card\" content=\"summary_large_image\" \/>\n<meta name=\"twitter:label1\" content=\"Escrito por\" \/>\n\t<meta name=\"twitter:data1\" content=\"usuari_ascef_admin\" \/>\n\t<meta name=\"twitter:label2\" content=\"Tiempo de lectura\" \/>\n\t<meta name=\"twitter:data2\" content=\"3 minutos\" \/>\n<script type=\"application\/ld+json\" class=\"yoast-schema-graph\">{\"@context\":\"https:\\\/\\\/schema.org\",\"@graph\":[{\"@type\":\"Article\",\"@id\":\"https:\\\/\\\/www.ascef.com\\\/es\\\/la-ascef-en-el-xxv-congreso-nacional-de-la-empresa-familiar-actividades-destacadas-de-la-primera-jornada\\\/#article\",\"isPartOf\":{\"@id\":\"https:\\\/\\\/www.ascef.com\\\/es\\\/la-ascef-en-el-xxv-congreso-nacional-de-la-empresa-familiar-actividades-destacadas-de-la-primera-jornada\\\/\"},\"author\":{\"name\":\"usuari_ascef_admin\",\"@id\":\"https:\\\/\\\/www.ascef.com\\\/es\\\/#\\\/schema\\\/person\\\/818edf5b5f3a1179bca4deca82c739f5\"},\"headline\":\"La ASCEF en el XXV Congreso Nacional de la Empresa Familiar: Actividades destacadas de la primera jornada\",\"datePublished\":\"2022-10-04T11:35:53+00:00\",\"dateModified\":\"2022-10-05T08:43:25+00:00\",\"mainEntityOfPage\":{\"@id\":\"https:\\\/\\\/www.ascef.com\\\/es\\\/la-ascef-en-el-xxv-congreso-nacional-de-la-empresa-familiar-actividades-destacadas-de-la-primera-jornada\\\/\"},\"wordCount\":360,\"commentCount\":0,\"image\":{\"@id\":\"https:\\\/\\\/www.ascef.com\\\/es\\\/la-ascef-en-el-xxv-congreso-nacional-de-la-empresa-familiar-actividades-destacadas-de-la-primera-jornada\\\/#primaryimage\"},\"thumbnailUrl\":\"https:\\\/\\\/www.ascef.com\\\/wp-content\\\/uploads\\\/2022\\\/10\\\/LAscef-al-Congres-nacional-scaled.jpg\",\"articleSection\":[\"general\"],\"inLanguage\":\"es\"},{\"@type\":\"WebPage\",\"@id\":\"https:\\\/\\\/www.ascef.com\\\/es\\\/la-ascef-en-el-xxv-congreso-nacional-de-la-empresa-familiar-actividades-destacadas-de-la-primera-jornada\\\/\",\"url\":\"https:\\\/\\\/www.ascef.com\\\/es\\\/la-ascef-en-el-xxv-congreso-nacional-de-la-empresa-familiar-actividades-destacadas-de-la-primera-jornada\\\/\",\"name\":\"La ASCEF en el XXV Congreso Nacional de la Empresa Familiar: Actividades destacadas de la primera jornada - ASCEF\",\"isPartOf\":{\"@id\":\"https:\\\/\\\/www.ascef.com\\\/es\\\/#website\"},\"primaryImageOfPage\":{\"@id\":\"https:\\\/\\\/www.ascef.com\\\/es\\\/la-ascef-en-el-xxv-congreso-nacional-de-la-empresa-familiar-actividades-destacadas-de-la-primera-jornada\\\/#primaryimage\"},\"image\":{\"@id\":\"https:\\\/\\\/www.ascef.com\\\/es\\\/la-ascef-en-el-xxv-congreso-nacional-de-la-empresa-familiar-actividades-destacadas-de-la-primera-jornada\\\/#primaryimage\"},\"thumbnailUrl\":\"https:\\\/\\\/www.ascef.com\\\/wp-content\\\/uploads\\\/2022\\\/10\\\/LAscef-al-Congres-nacional-scaled.jpg\",\"datePublished\":\"2022-10-04T11:35:53+00:00\",\"dateModified\":\"2022-10-05T08:43:25+00:00\",\"author\":{\"@id\":\"https:\\\/\\\/www.ascef.com\\\/es\\\/#\\\/schema\\\/person\\\/818edf5b5f3a1179bca4deca82c739f5\"},\"breadcrumb\":{\"@id\":\"https:\\\/\\\/www.ascef.com\\\/es\\\/la-ascef-en-el-xxv-congreso-nacional-de-la-empresa-familiar-actividades-destacadas-de-la-primera-jornada\\\/#breadcrumb\"},\"inLanguage\":\"es\",\"potentialAction\":[{\"@type\":\"ReadAction\",\"target\":[\"https:\\\/\\\/www.ascef.com\\\/es\\\/la-ascef-en-el-xxv-congreso-nacional-de-la-empresa-familiar-actividades-destacadas-de-la-primera-jornada\\\/\"]}]},{\"@type\":\"ImageObject\",\"inLanguage\":\"es\",\"@id\":\"https:\\\/\\\/www.ascef.com\\\/es\\\/la-ascef-en-el-xxv-congreso-nacional-de-la-empresa-familiar-actividades-destacadas-de-la-primera-jornada\\\/#primaryimage\",\"url\":\"https:\\\/\\\/www.ascef.com\\\/wp-content\\\/uploads\\\/2022\\\/10\\\/LAscef-al-Congres-nacional-scaled.jpg\",\"contentUrl\":\"https:\\\/\\\/www.ascef.com\\\/wp-content\\\/uploads\\\/2022\\\/10\\\/LAscef-al-Congres-nacional-scaled.jpg\",\"width\":2560,\"height\":1707},{\"@type\":\"BreadcrumbList\",\"@id\":\"https:\\\/\\\/www.ascef.com\\\/es\\\/la-ascef-en-el-xxv-congreso-nacional-de-la-empresa-familiar-actividades-destacadas-de-la-primera-jornada\\\/#breadcrumb\",\"itemListElement\":[{\"@type\":\"ListItem\",\"position\":1,\"name\":\"Portada\",\"item\":\"https:\\\/\\\/www.ascef.com\\\/es\\\/\"},{\"@type\":\"ListItem\",\"position\":2,\"name\":\"La ASCEF en el XXV Congreso Nacional de la Empresa Familiar: Actividades destacadas de la primera jornada\"}]},{\"@type\":\"WebSite\",\"@id\":\"https:\\\/\\\/www.ascef.com\\\/es\\\/#website\",\"url\":\"https:\\\/\\\/www.ascef.com\\\/es\\\/\",\"name\":\"ASCEF\",\"description\":\"Associaci\u00f3 Catalana de l\u2019Empresa Familiar\",\"potentialAction\":[{\"@type\":\"SearchAction\",\"target\":{\"@type\":\"EntryPoint\",\"urlTemplate\":\"https:\\\/\\\/www.ascef.com\\\/es\\\/?s={search_term_string}\"},\"query-input\":{\"@type\":\"PropertyValueSpecification\",\"valueRequired\":true,\"valueName\":\"search_term_string\"}}],\"inLanguage\":\"es\"},{\"@type\":\"Person\",\"@id\":\"https:\\\/\\\/www.ascef.com\\\/es\\\/#\\\/schema\\\/person\\\/818edf5b5f3a1179bca4deca82c739f5\",\"name\":\"usuari_ascef_admin\",\"url\":\"https:\\\/\\\/www.ascef.com\\\/es\\\/author\\\/usuari_ascef_admin\\\/\"}]}<\/script>\n<!-- \/ Yoast SEO plugin. -->","yoast_head_json":{"title":"La ASCEF en el XXV Congreso Nacional de la Empresa Familiar: Actividades destacadas de la primera jornada - ASCEF","robots":{"index":"index","follow":"follow","max-snippet":"max-snippet:-1","max-image-preview":"max-image-preview:large","max-video-preview":"max-video-preview:-1"},"canonical":"https:\/\/www.ascef.com\/es\/la-ascef-en-el-xxv-congreso-nacional-de-la-empresa-familiar-actividades-destacadas-de-la-primera-jornada\/","og_locale":"es_ES","og_type":"article","og_title":"La ASCEF en el XXV Congreso Nacional de la Empresa Familiar: Actividades destacadas de la primera jornada - ASCEF","og_description":"Una numerosa representaci\u00f3n de miembros de la Asociaci\u00f3n Catalana de la Empresa Familiar (ASCEF) participa estos d\u00edas en las diferentes actividades y sesiones del Congreso Nacional de la Empresa Familiar, organizado por el Instituto de la Empresa Familiar (IEF) en C\u00e1ceres con el objetivo de poner en valor la importancia de la empresa familiar en [&hellip;]","og_url":"https:\/\/www.ascef.com\/es\/la-ascef-en-el-xxv-congreso-nacional-de-la-empresa-familiar-actividades-destacadas-de-la-primera-jornada\/","og_site_name":"ASCEF","article_published_time":"2022-10-04T11:35:53+00:00","article_modified_time":"2022-10-05T08:43:25+00:00","og_image":[{"width":2560,"height":1707,"url":"https:\/\/www.ascef.com\/wp-content\/uploads\/2022\/10\/LAscef-al-Congres-nacional-scaled.jpg","type":"image\/jpeg"}],"author":"usuari_ascef_admin","twitter_card":"summary_large_image","twitter_misc":{"Escrito por":"usuari_ascef_admin","Tiempo de lectura":"3 minutos"},"schema":{"@context":"https:\/\/schema.org","@graph":[{"@type":"Article","@id":"https:\/\/www.ascef.com\/es\/la-ascef-en-el-xxv-congreso-nacional-de-la-empresa-familiar-actividades-destacadas-de-la-primera-jornada\/#article","isPartOf":{"@id":"https:\/\/www.ascef.com\/es\/la-ascef-en-el-xxv-congreso-nacional-de-la-empresa-familiar-actividades-destacadas-de-la-primera-jornada\/"},"author":{"name":"usuari_ascef_admin","@id":"https:\/\/www.ascef.com\/es\/#\/schema\/person\/818edf5b5f3a1179bca4deca82c739f5"},"headline":"La ASCEF en el XXV Congreso Nacional de la Empresa Familiar: Actividades destacadas de la primera jornada","datePublished":"2022-10-04T11:35:53+00:00","dateModified":"2022-10-05T08:43:25+00:00","mainEntityOfPage":{"@id":"https:\/\/www.ascef.com\/es\/la-ascef-en-el-xxv-congreso-nacional-de-la-empresa-familiar-actividades-destacadas-de-la-primera-jornada\/"},"wordCount":360,"commentCount":0,"image":{"@id":"https:\/\/www.ascef.com\/es\/la-ascef-en-el-xxv-congreso-nacional-de-la-empresa-familiar-actividades-destacadas-de-la-primera-jornada\/#primaryimage"},"thumbnailUrl":"https:\/\/www.ascef.com\/wp-content\/uploads\/2022\/10\/LAscef-al-Congres-nacional-scaled.jpg","articleSection":["general"],"inLanguage":"es"},{"@type":"WebPage","@id":"https:\/\/www.ascef.com\/es\/la-ascef-en-el-xxv-congreso-nacional-de-la-empresa-familiar-actividades-destacadas-de-la-primera-jornada\/","url":"https:\/\/www.ascef.com\/es\/la-ascef-en-el-xxv-congreso-nacional-de-la-empresa-familiar-actividades-destacadas-de-la-primera-jornada\/","name":"La ASCEF en el XXV Congreso Nacional de la Empresa Familiar: Actividades destacadas de la primera jornada - ASCEF","isPartOf":{"@id":"https:\/\/www.ascef.com\/es\/#website"},"primaryImageOfPage":{"@id":"https:\/\/www.ascef.com\/es\/la-ascef-en-el-xxv-congreso-nacional-de-la-empresa-familiar-actividades-destacadas-de-la-primera-jornada\/#primaryimage"},"image":{"@id":"https:\/\/www.ascef.com\/es\/la-ascef-en-el-xxv-congreso-nacional-de-la-empresa-familiar-actividades-destacadas-de-la-primera-jornada\/#primaryimage"},"thumbnailUrl":"https:\/\/www.ascef.com\/wp-content\/uploads\/2022\/10\/LAscef-al-Congres-nacional-scaled.jpg","datePublished":"2022-10-04T11:35:53+00:00","dateModified":"2022-10-05T08:43:25+00:00","author":{"@id":"https:\/\/www.ascef.com\/es\/#\/schema\/person\/818edf5b5f3a1179bca4deca82c739f5"},"breadcrumb":{"@id":"https:\/\/www.ascef.com\/es\/la-ascef-en-el-xxv-congreso-nacional-de-la-empresa-familiar-actividades-destacadas-de-la-primera-jornada\/#breadcrumb"},"inLanguage":"es","potentialAction":[{"@type":"ReadAction","target":["https:\/\/www.ascef.com\/es\/la-ascef-en-el-xxv-congreso-nacional-de-la-empresa-familiar-actividades-destacadas-de-la-primera-jornada\/"]}]},{"@type":"ImageObject","inLanguage":"es","@id":"https:\/\/www.ascef.com\/es\/la-ascef-en-el-xxv-congreso-nacional-de-la-empresa-familiar-actividades-destacadas-de-la-primera-jornada\/#primaryimage","url":"https:\/\/www.ascef.com\/wp-content\/uploads\/2022\/10\/LAscef-al-Congres-nacional-scaled.jpg","contentUrl":"https:\/\/www.ascef.com\/wp-content\/uploads\/2022\/10\/LAscef-al-Congres-nacional-scaled.jpg","width":2560,"height":1707},{"@type":"BreadcrumbList","@id":"https:\/\/www.ascef.com\/es\/la-ascef-en-el-xxv-congreso-nacional-de-la-empresa-familiar-actividades-destacadas-de-la-primera-jornada\/#breadcrumb","itemListElement":[{"@type":"ListItem","position":1,"name":"Portada","item":"https:\/\/www.ascef.com\/es\/"},{"@type":"ListItem","position":2,"name":"La ASCEF en el XXV Congreso Nacional de la Empresa Familiar: Actividades destacadas de la primera jornada"}]},{"@type":"WebSite","@id":"https:\/\/www.ascef.com\/es\/#website","url":"https:\/\/www.ascef.com\/es\/","name":"ASCEF","description":"Associaci\u00f3 Catalana de l\u2019Empresa Familiar","potentialAction":[{"@type":"SearchAction","target":{"@type":"EntryPoint","urlTemplate":"https:\/\/www.ascef.com\/es\/?s={search_term_string}"},"query-input":{"@type":"PropertyValueSpecification","valueRequired":true,"valueName":"search_term_string"}}],"inLanguage":"es"},{"@type":"Person","@id":"https:\/\/www.ascef.com\/es\/#\/schema\/person\/818edf5b5f3a1179bca4deca82c739f5","name":"usuari_ascef_admin","url":"https:\/\/www.ascef.com\/es\/author\/usuari_ascef_admin\/"}]}},"_links":{"self":[{"href":"https:\/\/www.ascef.com\/es\/wp-json\/wp\/v2\/posts\/4760","targetHints":{"allow":["GET"]}}],"collection":[{"href":"https:\/\/www.ascef.com\/es\/wp-json\/wp\/v2\/posts"}],"about":[{"href":"https:\/\/www.ascef.com\/es\/wp-json\/wp\/v2\/types\/post"}],"author":[{"embeddable":true,"href":"https:\/\/www.ascef.com\/es\/wp-json\/wp\/v2\/users\/311"}],"replies":[{"embeddable":true,"href":"https:\/\/www.ascef.com\/es\/wp-json\/wp\/v2\/comments?post=4760"}],"version-history":[{"count":3,"href":"https:\/\/www.ascef.com\/es\/wp-json\/wp\/v2\/posts\/4760\/revisions"}],"predecessor-version":[{"id":4789,"href":"https:\/\/www.ascef.com\/es\/wp-json\/wp\/v2\/posts\/4760\/revisions\/4789"}],"wp:featuredmedia":[{"embeddable":true,"href":"https:\/\/www.ascef.com\/es\/wp-json\/wp\/v2\/media\/4747"}],"wp:attachment":[{"href":"https:\/\/www.ascef.com\/es\/wp-json\/wp\/v2\/media?parent=4760"}],"wp:term":[{"taxonomy":"category","embeddable":true,"href":"https:\/\/www.ascef.com\/es\/wp-json\/wp\/v2\/categories?post=4760"},{"taxonomy":"post_tag","embeddable":true,"href":"https:\/\/www.ascef.com\/es\/wp-json\/wp\/v2\/tags?post=4760"}],"curies":[{"name":"wp","href":"https:\/\/api.w.org\/{rel}","templated":true}]}}