{"id":4726,"date":"2022-10-03T12:15:21","date_gmt":"2022-10-03T12:15:21","guid":{"rendered":"https:\/\/www.ascef.com\/?p=4726"},"modified":"2022-10-03T12:26:12","modified_gmt":"2022-10-03T12:26:12","slug":"la-empresa-familiar-comienza-su-xxv-congreso-nacional-en-caceres-bajo-el-lema-el-latido-de-espana","status":"publish","type":"post","link":"https:\/\/www.ascef.com\/es\/la-empresa-familiar-comienza-su-xxv-congreso-nacional-en-caceres-bajo-el-lema-el-latido-de-espana\/","title":{"rendered":"La empresa familiar comienza su XXV Congreso Nacional en C\u00e1ceres bajo el lema \u201cel latido de Espa\u00f1a\u201d"},"content":{"rendered":"<p>Organizado por el Instituto de la Empresa Familiar, con la colaboraci\u00f3n de Aeef y el patrocinio de Santander y KPMG, el Congreso Nacional contar\u00e1 con la intervenci\u00f3n, entre otros, de N\u00fa\u00f1ez Feij\u00f3o, la ministra de Educaci\u00f3n, el presidente de la Junta de Extremadura y destacados ponentes empresariales nacionales e internacionales.<\/p>\n<p>El Congreso de la Empresa Familiar se ha convertido en el foro empresarial m\u00e1s importante de Espa\u00f1a. El lema elegido este a\u00f1o es \u201cEl Latido de Espa\u00f1a\u201d, y quiere expresar la idea de que m\u00e1s all\u00e1 de los debates a los que asistimos, el pa\u00eds se mueve y progresa gracias a la contribuci\u00f3n de la sociedad civil y de las m\u00e1s de un mill\u00f3n de empresas familiares que cada d\u00eda levantan la persiana con la ilusi\u00f3n de hacer algo por su comunidad.<\/p>\n<p>Las empresas familiares son la base del tejido empresarial europeo. En Espa\u00f1a representan el 70% del empleo y el 60% del PIB, magnitudes que dan idea de la importancia que tienen en el sostenimiento y desarrollo del estado del bienestar. Una contribuci\u00f3n constante en el tiempo, ya que las empresas familiares son m\u00e1s longevas que las no familiares. Algunos de los socios del IEF son empresas centenarias y llevan siglos contribuyendo a la prosperidad de nuestro pa\u00eds.<\/p>\n<p>El domingo en la Plaza de Santa Mar\u00eda, se di\u00f3 la bienvenida a los asistentes al Congreso, en un acto en el que intervinieron el alcalde de C\u00e1ceres, Luis Salaya, y el presidente de la Asociaci\u00f3n Extreme\u00f1a de la Empresa Familiar, Miguel \u00c1ngel Leal.En ese mismo acto tuvo lugar la presentaci\u00f3n de \u201cProyectos con compromiso\u201d, un trabajo que recoge una muestra de las iniciativas vinculadas con la sostenibilidad -medioambiental, social y empresarial- desarrolladas durante el \u00faltimo ejercicio por empresas familiares pertenecientes a las diferentes Asociaciones Territoriales de Empresa Familiar vinculadas al IEF y que dan continuidad a la declaraci\u00f3n institucional que los presidentes de las Asociaciones firmaron hace un a\u00f1o en el Congreso celebrado en Pamplona.<\/p>\n<p>Entre los proyectos seleccionados est\u00e1n los de empresas como Estrella Galicia, Grupo Ses\u00e9, Velatia, Artiem, Textil Santanderina, Grupo Juste, Enhol, Incarlopsa,Instituto Espa\u00f1ol, Inquiba, Grupo Erum, Hijos de Luis Rodr\u00edguez, Primafrio, Sagal\u00e9s, Importaco, Hiperdino, Garnica o Castilla Termal.<\/p>\n","protected":false},"excerpt":{"rendered":"<p>Organizado por el Instituto de la Empresa Familiar, con la colaboraci\u00f3n de Aeef y el patrocinio de Santander y KPMG, el Congreso Nacional contar\u00e1 con la intervenci\u00f3n, entre otros, de N\u00fa\u00f1ez Feij\u00f3o, la ministra de Educaci\u00f3n, el presidente de la Junta de Extremadura y destacados ponentes empresariales nacionales e internacionales. El Congreso de la Empresa [&hellip;]<\/p>\n","protected":false},"author":311,"featured_media":4727,"comment_status":"open","ping_status":"open","sticky":false,"template":"","format":"standard","meta":{"_acf_changed":false,"footnotes":""},"categories":[185],"tags":[],"class_list":["post-4726","post","type-post","status-publish","format-standard","has-post-thumbnail","hentry","category-general"],"acf":[],"yoast_head":"<!-- This site is optimized with the Yoast SEO plugin v27.5 - https:\/\/yoast.com\/product\/yoast-seo-wordpress\/ -->\n<title>La empresa familiar comienza su XXV Congreso Nacional en C\u00e1ceres bajo el lema \u201cel latido de Espa\u00f1a\u201d - ASCEF<\/title>\n<meta name=\"robots\" content=\"index, follow, max-snippet:-1, max-image-preview:large, max-video-preview:-1\" \/>\n<link rel=\"canonical\" href=\"https:\/\/www.ascef.com\/es\/la-empresa-familiar-comienza-su-xxv-congreso-nacional-en-caceres-bajo-el-lema-el-latido-de-espana\/\" \/>\n<meta property=\"og:locale\" content=\"es_ES\" \/>\n<meta property=\"og:type\" content=\"article\" \/>\n<meta property=\"og:title\" content=\"La empresa familiar comienza su XXV Congreso Nacional en C\u00e1ceres bajo el lema \u201cel latido de Espa\u00f1a\u201d - ASCEF\" \/>\n<meta property=\"og:description\" content=\"Organizado por el Instituto de la Empresa Familiar, con la colaboraci\u00f3n de Aeef y el patrocinio de Santander y KPMG, el Congreso Nacional contar\u00e1 con la intervenci\u00f3n, entre otros, de N\u00fa\u00f1ez Feij\u00f3o, la ministra de Educaci\u00f3n, el presidente de la Junta de Extremadura y destacados ponentes empresariales nacionales e internacionales. El Congreso de la Empresa [&hellip;]\" \/>\n<meta property=\"og:url\" content=\"https:\/\/www.ascef.com\/es\/la-empresa-familiar-comienza-su-xxv-congreso-nacional-en-caceres-bajo-el-lema-el-latido-de-espana\/\" \/>\n<meta property=\"og:site_name\" content=\"ASCEF\" \/>\n<meta property=\"article:published_time\" content=\"2022-10-03T12:15:21+00:00\" \/>\n<meta property=\"article:modified_time\" content=\"2022-10-03T12:26:12+00:00\" \/>\n<meta property=\"og:image\" content=\"https:\/\/www.ascef.com\/wp-content\/uploads\/2022\/10\/Foto-Presidentes-Caceres-2022-scaled.jpg\" \/>\n\t<meta property=\"og:image:width\" content=\"2560\" \/>\n\t<meta property=\"og:image:height\" content=\"1817\" \/>\n\t<meta property=\"og:image:type\" content=\"image\/jpeg\" \/>\n<meta name=\"author\" content=\"usuari_ascef_admin\" \/>\n<meta name=\"twitter:card\" content=\"summary_large_image\" \/>\n<meta name=\"twitter:label1\" content=\"Escrito por\" \/>\n\t<meta name=\"twitter:data1\" content=\"usuari_ascef_admin\" \/>\n\t<meta name=\"twitter:label2\" content=\"Tiempo de lectura\" \/>\n\t<meta name=\"twitter:data2\" content=\"2 minutos\" \/>\n<script type=\"application\/ld+json\" class=\"yoast-schema-graph\">{\"@context\":\"https:\\\/\\\/schema.org\",\"@graph\":[{\"@type\":\"Article\",\"@id\":\"https:\\\/\\\/www.ascef.com\\\/es\\\/la-empresa-familiar-comienza-su-xxv-congreso-nacional-en-caceres-bajo-el-lema-el-latido-de-espana\\\/#article\",\"isPartOf\":{\"@id\":\"https:\\\/\\\/www.ascef.com\\\/es\\\/la-empresa-familiar-comienza-su-xxv-congreso-nacional-en-caceres-bajo-el-lema-el-latido-de-espana\\\/\"},\"author\":{\"name\":\"usuari_ascef_admin\",\"@id\":\"https:\\\/\\\/www.ascef.com\\\/es\\\/#\\\/schema\\\/person\\\/818edf5b5f3a1179bca4deca82c739f5\"},\"headline\":\"La empresa familiar comienza su XXV Congreso Nacional en C\u00e1ceres bajo el lema \u201cel latido de Espa\u00f1a\u201d\",\"datePublished\":\"2022-10-03T12:15:21+00:00\",\"dateModified\":\"2022-10-03T12:26:12+00:00\",\"mainEntityOfPage\":{\"@id\":\"https:\\\/\\\/www.ascef.com\\\/es\\\/la-empresa-familiar-comienza-su-xxv-congreso-nacional-en-caceres-bajo-el-lema-el-latido-de-espana\\\/\"},\"wordCount\":412,\"commentCount\":0,\"image\":{\"@id\":\"https:\\\/\\\/www.ascef.com\\\/es\\\/la-empresa-familiar-comienza-su-xxv-congreso-nacional-en-caceres-bajo-el-lema-el-latido-de-espana\\\/#primaryimage\"},\"thumbnailUrl\":\"https:\\\/\\\/www.ascef.com\\\/wp-content\\\/uploads\\\/2022\\\/10\\\/Foto-Presidentes-Caceres-2022-scaled.jpg\",\"articleSection\":[\"general\"],\"inLanguage\":\"es\"},{\"@type\":\"WebPage\",\"@id\":\"https:\\\/\\\/www.ascef.com\\\/es\\\/la-empresa-familiar-comienza-su-xxv-congreso-nacional-en-caceres-bajo-el-lema-el-latido-de-espana\\\/\",\"url\":\"https:\\\/\\\/www.ascef.com\\\/es\\\/la-empresa-familiar-comienza-su-xxv-congreso-nacional-en-caceres-bajo-el-lema-el-latido-de-espana\\\/\",\"name\":\"La empresa familiar comienza su XXV Congreso Nacional en C\u00e1ceres bajo el lema \u201cel latido de Espa\u00f1a\u201d - ASCEF\",\"isPartOf\":{\"@id\":\"https:\\\/\\\/www.ascef.com\\\/es\\\/#website\"},\"primaryImageOfPage\":{\"@id\":\"https:\\\/\\\/www.ascef.com\\\/es\\\/la-empresa-familiar-comienza-su-xxv-congreso-nacional-en-caceres-bajo-el-lema-el-latido-de-espana\\\/#primaryimage\"},\"image\":{\"@id\":\"https:\\\/\\\/www.ascef.com\\\/es\\\/la-empresa-familiar-comienza-su-xxv-congreso-nacional-en-caceres-bajo-el-lema-el-latido-de-espana\\\/#primaryimage\"},\"thumbnailUrl\":\"https:\\\/\\\/www.ascef.com\\\/wp-content\\\/uploads\\\/2022\\\/10\\\/Foto-Presidentes-Caceres-2022-scaled.jpg\",\"datePublished\":\"2022-10-03T12:15:21+00:00\",\"dateModified\":\"2022-10-03T12:26:12+00:00\",\"author\":{\"@id\":\"https:\\\/\\\/www.ascef.com\\\/es\\\/#\\\/schema\\\/person\\\/818edf5b5f3a1179bca4deca82c739f5\"},\"breadcrumb\":{\"@id\":\"https:\\\/\\\/www.ascef.com\\\/es\\\/la-empresa-familiar-comienza-su-xxv-congreso-nacional-en-caceres-bajo-el-lema-el-latido-de-espana\\\/#breadcrumb\"},\"inLanguage\":\"es\",\"potentialAction\":[{\"@type\":\"ReadAction\",\"target\":[\"https:\\\/\\\/www.ascef.com\\\/es\\\/la-empresa-familiar-comienza-su-xxv-congreso-nacional-en-caceres-bajo-el-lema-el-latido-de-espana\\\/\"]}]},{\"@type\":\"ImageObject\",\"inLanguage\":\"es\",\"@id\":\"https:\\\/\\\/www.ascef.com\\\/es\\\/la-empresa-familiar-comienza-su-xxv-congreso-nacional-en-caceres-bajo-el-lema-el-latido-de-espana\\\/#primaryimage\",\"url\":\"https:\\\/\\\/www.ascef.com\\\/wp-content\\\/uploads\\\/2022\\\/10\\\/Foto-Presidentes-Caceres-2022-scaled.jpg\",\"contentUrl\":\"https:\\\/\\\/www.ascef.com\\\/wp-content\\\/uploads\\\/2022\\\/10\\\/Foto-Presidentes-Caceres-2022-scaled.jpg\",\"width\":2560,\"height\":1817},{\"@type\":\"BreadcrumbList\",\"@id\":\"https:\\\/\\\/www.ascef.com\\\/es\\\/la-empresa-familiar-comienza-su-xxv-congreso-nacional-en-caceres-bajo-el-lema-el-latido-de-espana\\\/#breadcrumb\",\"itemListElement\":[{\"@type\":\"ListItem\",\"position\":1,\"name\":\"Portada\",\"item\":\"https:\\\/\\\/www.ascef.com\\\/es\\\/\"},{\"@type\":\"ListItem\",\"position\":2,\"name\":\"La empresa familiar comienza su XXV Congreso Nacional en C\u00e1ceres bajo el lema \u201cel latido de Espa\u00f1a\u201d\"}]},{\"@type\":\"WebSite\",\"@id\":\"https:\\\/\\\/www.ascef.com\\\/es\\\/#website\",\"url\":\"https:\\\/\\\/www.ascef.com\\\/es\\\/\",\"name\":\"ASCEF\",\"description\":\"Associaci\u00f3 Catalana de l\u2019Empresa Familiar\",\"potentialAction\":[{\"@type\":\"SearchAction\",\"target\":{\"@type\":\"EntryPoint\",\"urlTemplate\":\"https:\\\/\\\/www.ascef.com\\\/es\\\/?s={search_term_string}\"},\"query-input\":{\"@type\":\"PropertyValueSpecification\",\"valueRequired\":true,\"valueName\":\"search_term_string\"}}],\"inLanguage\":\"es\"},{\"@type\":\"Person\",\"@id\":\"https:\\\/\\\/www.ascef.com\\\/es\\\/#\\\/schema\\\/person\\\/818edf5b5f3a1179bca4deca82c739f5\",\"name\":\"usuari_ascef_admin\",\"url\":\"https:\\\/\\\/www.ascef.com\\\/es\\\/author\\\/usuari_ascef_admin\\\/\"}]}<\/script>\n<!-- \/ Yoast SEO plugin. -->","yoast_head_json":{"title":"La empresa familiar comienza su XXV Congreso Nacional en C\u00e1ceres bajo el lema \u201cel latido de Espa\u00f1a\u201d - ASCEF","robots":{"index":"index","follow":"follow","max-snippet":"max-snippet:-1","max-image-preview":"max-image-preview:large","max-video-preview":"max-video-preview:-1"},"canonical":"https:\/\/www.ascef.com\/es\/la-empresa-familiar-comienza-su-xxv-congreso-nacional-en-caceres-bajo-el-lema-el-latido-de-espana\/","og_locale":"es_ES","og_type":"article","og_title":"La empresa familiar comienza su XXV Congreso Nacional en C\u00e1ceres bajo el lema \u201cel latido de Espa\u00f1a\u201d - ASCEF","og_description":"Organizado por el Instituto de la Empresa Familiar, con la colaboraci\u00f3n de Aeef y el patrocinio de Santander y KPMG, el Congreso Nacional contar\u00e1 con la intervenci\u00f3n, entre otros, de N\u00fa\u00f1ez Feij\u00f3o, la ministra de Educaci\u00f3n, el presidente de la Junta de Extremadura y destacados ponentes empresariales nacionales e internacionales. El Congreso de la Empresa [&hellip;]","og_url":"https:\/\/www.ascef.com\/es\/la-empresa-familiar-comienza-su-xxv-congreso-nacional-en-caceres-bajo-el-lema-el-latido-de-espana\/","og_site_name":"ASCEF","article_published_time":"2022-10-03T12:15:21+00:00","article_modified_time":"2022-10-03T12:26:12+00:00","og_image":[{"width":2560,"height":1817,"url":"https:\/\/www.ascef.com\/wp-content\/uploads\/2022\/10\/Foto-Presidentes-Caceres-2022-scaled.jpg","type":"image\/jpeg"}],"author":"usuari_ascef_admin","twitter_card":"summary_large_image","twitter_misc":{"Escrito por":"usuari_ascef_admin","Tiempo de lectura":"2 minutos"},"schema":{"@context":"https:\/\/schema.org","@graph":[{"@type":"Article","@id":"https:\/\/www.ascef.com\/es\/la-empresa-familiar-comienza-su-xxv-congreso-nacional-en-caceres-bajo-el-lema-el-latido-de-espana\/#article","isPartOf":{"@id":"https:\/\/www.ascef.com\/es\/la-empresa-familiar-comienza-su-xxv-congreso-nacional-en-caceres-bajo-el-lema-el-latido-de-espana\/"},"author":{"name":"usuari_ascef_admin","@id":"https:\/\/www.ascef.com\/es\/#\/schema\/person\/818edf5b5f3a1179bca4deca82c739f5"},"headline":"La empresa familiar comienza su XXV Congreso Nacional en C\u00e1ceres bajo el lema \u201cel latido de Espa\u00f1a\u201d","datePublished":"2022-10-03T12:15:21+00:00","dateModified":"2022-10-03T12:26:12+00:00","mainEntityOfPage":{"@id":"https:\/\/www.ascef.com\/es\/la-empresa-familiar-comienza-su-xxv-congreso-nacional-en-caceres-bajo-el-lema-el-latido-de-espana\/"},"wordCount":412,"commentCount":0,"image":{"@id":"https:\/\/www.ascef.com\/es\/la-empresa-familiar-comienza-su-xxv-congreso-nacional-en-caceres-bajo-el-lema-el-latido-de-espana\/#primaryimage"},"thumbnailUrl":"https:\/\/www.ascef.com\/wp-content\/uploads\/2022\/10\/Foto-Presidentes-Caceres-2022-scaled.jpg","articleSection":["general"],"inLanguage":"es"},{"@type":"WebPage","@id":"https:\/\/www.ascef.com\/es\/la-empresa-familiar-comienza-su-xxv-congreso-nacional-en-caceres-bajo-el-lema-el-latido-de-espana\/","url":"https:\/\/www.ascef.com\/es\/la-empresa-familiar-comienza-su-xxv-congreso-nacional-en-caceres-bajo-el-lema-el-latido-de-espana\/","name":"La empresa familiar comienza su XXV Congreso Nacional en C\u00e1ceres bajo el lema \u201cel latido de Espa\u00f1a\u201d - ASCEF","isPartOf":{"@id":"https:\/\/www.ascef.com\/es\/#website"},"primaryImageOfPage":{"@id":"https:\/\/www.ascef.com\/es\/la-empresa-familiar-comienza-su-xxv-congreso-nacional-en-caceres-bajo-el-lema-el-latido-de-espana\/#primaryimage"},"image":{"@id":"https:\/\/www.ascef.com\/es\/la-empresa-familiar-comienza-su-xxv-congreso-nacional-en-caceres-bajo-el-lema-el-latido-de-espana\/#primaryimage"},"thumbnailUrl":"https:\/\/www.ascef.com\/wp-content\/uploads\/2022\/10\/Foto-Presidentes-Caceres-2022-scaled.jpg","datePublished":"2022-10-03T12:15:21+00:00","dateModified":"2022-10-03T12:26:12+00:00","author":{"@id":"https:\/\/www.ascef.com\/es\/#\/schema\/person\/818edf5b5f3a1179bca4deca82c739f5"},"breadcrumb":{"@id":"https:\/\/www.ascef.com\/es\/la-empresa-familiar-comienza-su-xxv-congreso-nacional-en-caceres-bajo-el-lema-el-latido-de-espana\/#breadcrumb"},"inLanguage":"es","potentialAction":[{"@type":"ReadAction","target":["https:\/\/www.ascef.com\/es\/la-empresa-familiar-comienza-su-xxv-congreso-nacional-en-caceres-bajo-el-lema-el-latido-de-espana\/"]}]},{"@type":"ImageObject","inLanguage":"es","@id":"https:\/\/www.ascef.com\/es\/la-empresa-familiar-comienza-su-xxv-congreso-nacional-en-caceres-bajo-el-lema-el-latido-de-espana\/#primaryimage","url":"https:\/\/www.ascef.com\/wp-content\/uploads\/2022\/10\/Foto-Presidentes-Caceres-2022-scaled.jpg","contentUrl":"https:\/\/www.ascef.com\/wp-content\/uploads\/2022\/10\/Foto-Presidentes-Caceres-2022-scaled.jpg","width":2560,"height":1817},{"@type":"BreadcrumbList","@id":"https:\/\/www.ascef.com\/es\/la-empresa-familiar-comienza-su-xxv-congreso-nacional-en-caceres-bajo-el-lema-el-latido-de-espana\/#breadcrumb","itemListElement":[{"@type":"ListItem","position":1,"name":"Portada","item":"https:\/\/www.ascef.com\/es\/"},{"@type":"ListItem","position":2,"name":"La empresa familiar comienza su XXV Congreso Nacional en C\u00e1ceres bajo el lema \u201cel latido de Espa\u00f1a\u201d"}]},{"@type":"WebSite","@id":"https:\/\/www.ascef.com\/es\/#website","url":"https:\/\/www.ascef.com\/es\/","name":"ASCEF","description":"Associaci\u00f3 Catalana de l\u2019Empresa Familiar","potentialAction":[{"@type":"SearchAction","target":{"@type":"EntryPoint","urlTemplate":"https:\/\/www.ascef.com\/es\/?s={search_term_string}"},"query-input":{"@type":"PropertyValueSpecification","valueRequired":true,"valueName":"search_term_string"}}],"inLanguage":"es"},{"@type":"Person","@id":"https:\/\/www.ascef.com\/es\/#\/schema\/person\/818edf5b5f3a1179bca4deca82c739f5","name":"usuari_ascef_admin","url":"https:\/\/www.ascef.com\/es\/author\/usuari_ascef_admin\/"}]}},"_links":{"self":[{"href":"https:\/\/www.ascef.com\/es\/wp-json\/wp\/v2\/posts\/4726","targetHints":{"allow":["GET"]}}],"collection":[{"href":"https:\/\/www.ascef.com\/es\/wp-json\/wp\/v2\/posts"}],"about":[{"href":"https:\/\/www.ascef.com\/es\/wp-json\/wp\/v2\/types\/post"}],"author":[{"embeddable":true,"href":"https:\/\/www.ascef.com\/es\/wp-json\/wp\/v2\/users\/311"}],"replies":[{"embeddable":true,"href":"https:\/\/www.ascef.com\/es\/wp-json\/wp\/v2\/comments?post=4726"}],"version-history":[{"count":2,"href":"https:\/\/www.ascef.com\/es\/wp-json\/wp\/v2\/posts\/4726\/revisions"}],"predecessor-version":[{"id":4737,"href":"https:\/\/www.ascef.com\/es\/wp-json\/wp\/v2\/posts\/4726\/revisions\/4737"}],"wp:featuredmedia":[{"embeddable":true,"href":"https:\/\/www.ascef.com\/es\/wp-json\/wp\/v2\/media\/4727"}],"wp:attachment":[{"href":"https:\/\/www.ascef.com\/es\/wp-json\/wp\/v2\/media?parent=4726"}],"wp:term":[{"taxonomy":"category","embeddable":true,"href":"https:\/\/www.ascef.com\/es\/wp-json\/wp\/v2\/categories?post=4726"},{"taxonomy":"post_tag","embeddable":true,"href":"https:\/\/www.ascef.com\/es\/wp-json\/wp\/v2\/tags?post=4726"}],"curies":[{"name":"wp","href":"https:\/\/api.w.org\/{rel}","templated":true}]}}