{"id":4561,"date":"2022-06-20T10:47:20","date_gmt":"2022-06-20T10:47:20","guid":{"rendered":"https:\/\/www.ascef.com\/?p=4561"},"modified":"2022-06-30T10:48:59","modified_gmt":"2022-06-30T10:48:59","slug":"asamblea-general-de-socios-de-la-asociacion-catalana-de-la-empresa-familiar","status":"publish","type":"post","link":"https:\/\/www.ascef.com\/es\/asamblea-general-de-socios-de-la-asociacion-catalana-de-la-empresa-familiar\/","title":{"rendered":"Asamblea General de Socios de la Asociaci\u00f3n Catalana de la Empresa Familiar"},"content":{"rendered":"<p>El pasado 16 de junio se celebr\u00f3 en el auditorio de CosmoCaixa la <strong>Asamblea General de Socios de la Asociaci\u00f3n Catalana de la Empresa Familiar<\/strong>, en la cual se aprob\u00f3 el nombramiento como nuevo presidente de la asociaci\u00f3n a <strong>Jaume Alsina<\/strong>, sucediendo as\u00ed a <strong>Amadeu Jori<\/strong>, qui\u00e9n ha presidido la ASCEF durante los \u00faltimos 5 a\u00f1os.<\/p>\n<p>Durante la Asamblea, se aprobaron tambi\u00e9n los cambios de los miembros de la Junta Directiva. <strong>Ram\u00f3n Sagal\u00e9s<\/strong>, de la empresa Sagal\u00e9s, present\u00f3 la renuncia voluntaria a su cargo de vocal y en su lugar fue nombrada <strong>Vanessa Mart\u00ednez<\/strong>, de la empresa Carinsa. \u00a0<strong>Eva Lluch<\/strong>, de la empresa Lluch Essence, fue elegida secretaria, en la vacante que hab\u00eda dejado el nuevo presidente.<\/p>\n<p>Acabada la Asamblea, y en la parte abierta del acto, intervino en primer lugar <strong>Miguel Gallo<\/strong>, responsable del \u00e1rea Business Transformation de EY, que habl\u00f3 sobre las tendencias que ser\u00e1n clave en los pr\u00f3ximos a\u00f1os a nivel tecnol\u00f3gico, social y empresarial, su impacto en las personas, administraciones y empresas. Explic\u00f3 tambi\u00e9n c\u00f3mo afrontar los nuevos modelos de negocio y determinar sus ventajas competitivas.<\/p>\n<p>Tambi\u00e9n contamos con una mesa redonda sobre \u201c<strong>La Family Office como unidad emprendedora y de crecimiento patrimonial<\/strong>\u201d a cargo del Profesor <strong>Joan Roure<\/strong>, del IESE, <strong>Ignasi Botet<\/strong>, consejero de Caboel, y <strong>H\u00e9ctor Ara<\/strong>, consejero delegado de ANCES MEI. Los tres dialogaron sobre c\u00f3mo la Family Office se ha convertido en el n\u00facleo de la familia empresaria como plataforma para promover la iniciativa emprendedora de los miembros de la familia, asumiendo un riesgo controlado.<\/p>\n<p>Para concluir la jornada de la Asamblea y durante la cena de celebraci\u00f3n, <strong>Andr\u00e9s Sendagorta<\/strong>, Presidente del Instituto de la Empresa Familiar, dirigi\u00f3 unas palabras a los asistentes, en las que recalc\u00f3 que las personas son el centro de la empresa familiar, y que las pol\u00edticas de conciliaci\u00f3n tienen que ser una prioridad. Empresas familiares comprometidas en la construcci\u00f3n de una sociedad mejor, impulsoras de la cultura ESG, y pilar fundamental de nuestra sociedad civil. El presidente del IEF puso \u00e9nfasis en los ejes sobre los cuales tienen que pivotar la acci\u00f3n empresarial, y mencion\u00f3 a su padre y a su t\u00edo, fundadores de SENER, qui\u00e9nes le ense\u00f1aron que la raz\u00f3n \u00faltima de ser de una empresa es prestar un servicio a la sociedad, y que para conseguirlo hacen falta dos cosas: ser bueno en lo que haces, porque si no eres un especulador, y ganar dinero haci\u00e9ndolo, porque si no, no eres una empresa.<\/p>\n","protected":false},"excerpt":{"rendered":"<p>El pasado 16 de junio se celebr\u00f3 en el auditorio de CosmoCaixa la Asamblea General de Socios de la Asociaci\u00f3n Catalana de la Empresa Familiar, en la cual se aprob\u00f3 el nombramiento como nuevo presidente de la asociaci\u00f3n a Jaume Alsina, sucediendo as\u00ed a Amadeu Jori, qui\u00e9n ha presidido la ASCEF durante los \u00faltimos 5 [&hellip;]<\/p>\n","protected":false},"author":3,"featured_media":4562,"comment_status":"open","ping_status":"open","sticky":false,"template":"","format":"standard","meta":{"_acf_changed":false,"footnotes":""},"categories":[185],"tags":[],"class_list":["post-4561","post","type-post","status-publish","format-standard","has-post-thumbnail","hentry","category-general"],"acf":[],"yoast_head":"<!-- This site is optimized with the Yoast SEO plugin v27.5 - https:\/\/yoast.com\/product\/yoast-seo-wordpress\/ -->\n<title>Asamblea General de Socios de la Asociaci\u00f3n Catalana de la Empresa Familiar - ASCEF<\/title>\n<meta name=\"robots\" content=\"index, follow, max-snippet:-1, max-image-preview:large, max-video-preview:-1\" \/>\n<link rel=\"canonical\" href=\"https:\/\/www.ascef.com\/es\/asamblea-general-de-socios-de-la-asociacion-catalana-de-la-empresa-familiar\/\" \/>\n<meta property=\"og:locale\" content=\"es_ES\" \/>\n<meta property=\"og:type\" content=\"article\" \/>\n<meta property=\"og:title\" content=\"Asamblea General de Socios de la Asociaci\u00f3n Catalana de la Empresa Familiar - ASCEF\" \/>\n<meta property=\"og:description\" content=\"El pasado 16 de junio se celebr\u00f3 en el auditorio de CosmoCaixa la Asamblea General de Socios de la Asociaci\u00f3n Catalana de la Empresa Familiar, en la cual se aprob\u00f3 el nombramiento como nuevo presidente de la asociaci\u00f3n a Jaume Alsina, sucediendo as\u00ed a Amadeu Jori, qui\u00e9n ha presidido la ASCEF durante los \u00faltimos 5 [&hellip;]\" \/>\n<meta property=\"og:url\" content=\"https:\/\/www.ascef.com\/es\/asamblea-general-de-socios-de-la-asociacion-catalana-de-la-empresa-familiar\/\" \/>\n<meta property=\"og:site_name\" content=\"ASCEF\" \/>\n<meta property=\"article:published_time\" content=\"2022-06-20T10:47:20+00:00\" \/>\n<meta property=\"article:modified_time\" content=\"2022-06-30T10:48:59+00:00\" \/>\n<meta property=\"og:image\" content=\"https:\/\/www.ascef.com\/wp-content\/uploads\/2022\/06\/ASCEF_n2.jpg\" \/>\n\t<meta property=\"og:image:width\" content=\"2200\" \/>\n\t<meta property=\"og:image:height\" content=\"1396\" \/>\n\t<meta property=\"og:image:type\" content=\"image\/jpeg\" \/>\n<meta name=\"author\" content=\"Alicia Farin\u00f3s\" \/>\n<meta name=\"twitter:card\" content=\"summary_large_image\" \/>\n<meta name=\"twitter:label1\" content=\"Escrito por\" \/>\n\t<meta name=\"twitter:data1\" content=\"Alicia Farin\u00f3s\" \/>\n\t<meta name=\"twitter:label2\" content=\"Tiempo de lectura\" \/>\n\t<meta name=\"twitter:data2\" content=\"2 minutos\" \/>\n<script type=\"application\/ld+json\" class=\"yoast-schema-graph\">{\"@context\":\"https:\\\/\\\/schema.org\",\"@graph\":[{\"@type\":\"Article\",\"@id\":\"https:\\\/\\\/www.ascef.com\\\/es\\\/asamblea-general-de-socios-de-la-asociacion-catalana-de-la-empresa-familiar\\\/#article\",\"isPartOf\":{\"@id\":\"https:\\\/\\\/www.ascef.com\\\/es\\\/asamblea-general-de-socios-de-la-asociacion-catalana-de-la-empresa-familiar\\\/\"},\"author\":{\"name\":\"Alicia Farin\u00f3s\",\"@id\":\"https:\\\/\\\/www.ascef.com\\\/es\\\/#\\\/schema\\\/person\\\/4b014c032ff354e425d6bca2bed0da77\"},\"headline\":\"Asamblea General de Socios de la Asociaci\u00f3n Catalana de la Empresa Familiar\",\"datePublished\":\"2022-06-20T10:47:20+00:00\",\"dateModified\":\"2022-06-30T10:48:59+00:00\",\"mainEntityOfPage\":{\"@id\":\"https:\\\/\\\/www.ascef.com\\\/es\\\/asamblea-general-de-socios-de-la-asociacion-catalana-de-la-empresa-familiar\\\/\"},\"wordCount\":450,\"commentCount\":0,\"image\":{\"@id\":\"https:\\\/\\\/www.ascef.com\\\/es\\\/asamblea-general-de-socios-de-la-asociacion-catalana-de-la-empresa-familiar\\\/#primaryimage\"},\"thumbnailUrl\":\"https:\\\/\\\/www.ascef.com\\\/wp-content\\\/uploads\\\/2022\\\/06\\\/ASCEF_n2.jpg\",\"articleSection\":[\"general\"],\"inLanguage\":\"es\"},{\"@type\":\"WebPage\",\"@id\":\"https:\\\/\\\/www.ascef.com\\\/es\\\/asamblea-general-de-socios-de-la-asociacion-catalana-de-la-empresa-familiar\\\/\",\"url\":\"https:\\\/\\\/www.ascef.com\\\/es\\\/asamblea-general-de-socios-de-la-asociacion-catalana-de-la-empresa-familiar\\\/\",\"name\":\"Asamblea General de Socios de la Asociaci\u00f3n Catalana de la Empresa Familiar - ASCEF\",\"isPartOf\":{\"@id\":\"https:\\\/\\\/www.ascef.com\\\/es\\\/#website\"},\"primaryImageOfPage\":{\"@id\":\"https:\\\/\\\/www.ascef.com\\\/es\\\/asamblea-general-de-socios-de-la-asociacion-catalana-de-la-empresa-familiar\\\/#primaryimage\"},\"image\":{\"@id\":\"https:\\\/\\\/www.ascef.com\\\/es\\\/asamblea-general-de-socios-de-la-asociacion-catalana-de-la-empresa-familiar\\\/#primaryimage\"},\"thumbnailUrl\":\"https:\\\/\\\/www.ascef.com\\\/wp-content\\\/uploads\\\/2022\\\/06\\\/ASCEF_n2.jpg\",\"datePublished\":\"2022-06-20T10:47:20+00:00\",\"dateModified\":\"2022-06-30T10:48:59+00:00\",\"author\":{\"@id\":\"https:\\\/\\\/www.ascef.com\\\/es\\\/#\\\/schema\\\/person\\\/4b014c032ff354e425d6bca2bed0da77\"},\"breadcrumb\":{\"@id\":\"https:\\\/\\\/www.ascef.com\\\/es\\\/asamblea-general-de-socios-de-la-asociacion-catalana-de-la-empresa-familiar\\\/#breadcrumb\"},\"inLanguage\":\"es\",\"potentialAction\":[{\"@type\":\"ReadAction\",\"target\":[\"https:\\\/\\\/www.ascef.com\\\/es\\\/asamblea-general-de-socios-de-la-asociacion-catalana-de-la-empresa-familiar\\\/\"]}]},{\"@type\":\"ImageObject\",\"inLanguage\":\"es\",\"@id\":\"https:\\\/\\\/www.ascef.com\\\/es\\\/asamblea-general-de-socios-de-la-asociacion-catalana-de-la-empresa-familiar\\\/#primaryimage\",\"url\":\"https:\\\/\\\/www.ascef.com\\\/wp-content\\\/uploads\\\/2022\\\/06\\\/ASCEF_n2.jpg\",\"contentUrl\":\"https:\\\/\\\/www.ascef.com\\\/wp-content\\\/uploads\\\/2022\\\/06\\\/ASCEF_n2.jpg\",\"width\":2200,\"height\":1396},{\"@type\":\"BreadcrumbList\",\"@id\":\"https:\\\/\\\/www.ascef.com\\\/es\\\/asamblea-general-de-socios-de-la-asociacion-catalana-de-la-empresa-familiar\\\/#breadcrumb\",\"itemListElement\":[{\"@type\":\"ListItem\",\"position\":1,\"name\":\"Portada\",\"item\":\"https:\\\/\\\/www.ascef.com\\\/es\\\/\"},{\"@type\":\"ListItem\",\"position\":2,\"name\":\"Asamblea General de Socios de la Asociaci\u00f3n Catalana de la Empresa Familiar\"}]},{\"@type\":\"WebSite\",\"@id\":\"https:\\\/\\\/www.ascef.com\\\/es\\\/#website\",\"url\":\"https:\\\/\\\/www.ascef.com\\\/es\\\/\",\"name\":\"ASCEF\",\"description\":\"Associaci\u00f3 Catalana de l\u2019Empresa Familiar\",\"potentialAction\":[{\"@type\":\"SearchAction\",\"target\":{\"@type\":\"EntryPoint\",\"urlTemplate\":\"https:\\\/\\\/www.ascef.com\\\/es\\\/?s={search_term_string}\"},\"query-input\":{\"@type\":\"PropertyValueSpecification\",\"valueRequired\":true,\"valueName\":\"search_term_string\"}}],\"inLanguage\":\"es\"},{\"@type\":\"Person\",\"@id\":\"https:\\\/\\\/www.ascef.com\\\/es\\\/#\\\/schema\\\/person\\\/4b014c032ff354e425d6bca2bed0da77\",\"name\":\"Alicia Farin\u00f3s\",\"url\":\"https:\\\/\\\/www.ascef.com\\\/es\\\/author\\\/alicia\\\/\"}]}<\/script>\n<!-- \/ Yoast SEO plugin. -->","yoast_head_json":{"title":"Asamblea General de Socios de la Asociaci\u00f3n Catalana de la Empresa Familiar - ASCEF","robots":{"index":"index","follow":"follow","max-snippet":"max-snippet:-1","max-image-preview":"max-image-preview:large","max-video-preview":"max-video-preview:-1"},"canonical":"https:\/\/www.ascef.com\/es\/asamblea-general-de-socios-de-la-asociacion-catalana-de-la-empresa-familiar\/","og_locale":"es_ES","og_type":"article","og_title":"Asamblea General de Socios de la Asociaci\u00f3n Catalana de la Empresa Familiar - ASCEF","og_description":"El pasado 16 de junio se celebr\u00f3 en el auditorio de CosmoCaixa la Asamblea General de Socios de la Asociaci\u00f3n Catalana de la Empresa Familiar, en la cual se aprob\u00f3 el nombramiento como nuevo presidente de la asociaci\u00f3n a Jaume Alsina, sucediendo as\u00ed a Amadeu Jori, qui\u00e9n ha presidido la ASCEF durante los \u00faltimos 5 [&hellip;]","og_url":"https:\/\/www.ascef.com\/es\/asamblea-general-de-socios-de-la-asociacion-catalana-de-la-empresa-familiar\/","og_site_name":"ASCEF","article_published_time":"2022-06-20T10:47:20+00:00","article_modified_time":"2022-06-30T10:48:59+00:00","og_image":[{"width":2200,"height":1396,"url":"https:\/\/www.ascef.com\/wp-content\/uploads\/2022\/06\/ASCEF_n2.jpg","type":"image\/jpeg"}],"author":"Alicia Farin\u00f3s","twitter_card":"summary_large_image","twitter_misc":{"Escrito por":"Alicia Farin\u00f3s","Tiempo de lectura":"2 minutos"},"schema":{"@context":"https:\/\/schema.org","@graph":[{"@type":"Article","@id":"https:\/\/www.ascef.com\/es\/asamblea-general-de-socios-de-la-asociacion-catalana-de-la-empresa-familiar\/#article","isPartOf":{"@id":"https:\/\/www.ascef.com\/es\/asamblea-general-de-socios-de-la-asociacion-catalana-de-la-empresa-familiar\/"},"author":{"name":"Alicia Farin\u00f3s","@id":"https:\/\/www.ascef.com\/es\/#\/schema\/person\/4b014c032ff354e425d6bca2bed0da77"},"headline":"Asamblea General de Socios de la Asociaci\u00f3n Catalana de la Empresa Familiar","datePublished":"2022-06-20T10:47:20+00:00","dateModified":"2022-06-30T10:48:59+00:00","mainEntityOfPage":{"@id":"https:\/\/www.ascef.com\/es\/asamblea-general-de-socios-de-la-asociacion-catalana-de-la-empresa-familiar\/"},"wordCount":450,"commentCount":0,"image":{"@id":"https:\/\/www.ascef.com\/es\/asamblea-general-de-socios-de-la-asociacion-catalana-de-la-empresa-familiar\/#primaryimage"},"thumbnailUrl":"https:\/\/www.ascef.com\/wp-content\/uploads\/2022\/06\/ASCEF_n2.jpg","articleSection":["general"],"inLanguage":"es"},{"@type":"WebPage","@id":"https:\/\/www.ascef.com\/es\/asamblea-general-de-socios-de-la-asociacion-catalana-de-la-empresa-familiar\/","url":"https:\/\/www.ascef.com\/es\/asamblea-general-de-socios-de-la-asociacion-catalana-de-la-empresa-familiar\/","name":"Asamblea General de Socios de la Asociaci\u00f3n Catalana de la Empresa Familiar - ASCEF","isPartOf":{"@id":"https:\/\/www.ascef.com\/es\/#website"},"primaryImageOfPage":{"@id":"https:\/\/www.ascef.com\/es\/asamblea-general-de-socios-de-la-asociacion-catalana-de-la-empresa-familiar\/#primaryimage"},"image":{"@id":"https:\/\/www.ascef.com\/es\/asamblea-general-de-socios-de-la-asociacion-catalana-de-la-empresa-familiar\/#primaryimage"},"thumbnailUrl":"https:\/\/www.ascef.com\/wp-content\/uploads\/2022\/06\/ASCEF_n2.jpg","datePublished":"2022-06-20T10:47:20+00:00","dateModified":"2022-06-30T10:48:59+00:00","author":{"@id":"https:\/\/www.ascef.com\/es\/#\/schema\/person\/4b014c032ff354e425d6bca2bed0da77"},"breadcrumb":{"@id":"https:\/\/www.ascef.com\/es\/asamblea-general-de-socios-de-la-asociacion-catalana-de-la-empresa-familiar\/#breadcrumb"},"inLanguage":"es","potentialAction":[{"@type":"ReadAction","target":["https:\/\/www.ascef.com\/es\/asamblea-general-de-socios-de-la-asociacion-catalana-de-la-empresa-familiar\/"]}]},{"@type":"ImageObject","inLanguage":"es","@id":"https:\/\/www.ascef.com\/es\/asamblea-general-de-socios-de-la-asociacion-catalana-de-la-empresa-familiar\/#primaryimage","url":"https:\/\/www.ascef.com\/wp-content\/uploads\/2022\/06\/ASCEF_n2.jpg","contentUrl":"https:\/\/www.ascef.com\/wp-content\/uploads\/2022\/06\/ASCEF_n2.jpg","width":2200,"height":1396},{"@type":"BreadcrumbList","@id":"https:\/\/www.ascef.com\/es\/asamblea-general-de-socios-de-la-asociacion-catalana-de-la-empresa-familiar\/#breadcrumb","itemListElement":[{"@type":"ListItem","position":1,"name":"Portada","item":"https:\/\/www.ascef.com\/es\/"},{"@type":"ListItem","position":2,"name":"Asamblea General de Socios de la Asociaci\u00f3n Catalana de la Empresa Familiar"}]},{"@type":"WebSite","@id":"https:\/\/www.ascef.com\/es\/#website","url":"https:\/\/www.ascef.com\/es\/","name":"ASCEF","description":"Associaci\u00f3 Catalana de l\u2019Empresa Familiar","potentialAction":[{"@type":"SearchAction","target":{"@type":"EntryPoint","urlTemplate":"https:\/\/www.ascef.com\/es\/?s={search_term_string}"},"query-input":{"@type":"PropertyValueSpecification","valueRequired":true,"valueName":"search_term_string"}}],"inLanguage":"es"},{"@type":"Person","@id":"https:\/\/www.ascef.com\/es\/#\/schema\/person\/4b014c032ff354e425d6bca2bed0da77","name":"Alicia Farin\u00f3s","url":"https:\/\/www.ascef.com\/es\/author\/alicia\/"}]}},"_links":{"self":[{"href":"https:\/\/www.ascef.com\/es\/wp-json\/wp\/v2\/posts\/4561","targetHints":{"allow":["GET"]}}],"collection":[{"href":"https:\/\/www.ascef.com\/es\/wp-json\/wp\/v2\/posts"}],"about":[{"href":"https:\/\/www.ascef.com\/es\/wp-json\/wp\/v2\/types\/post"}],"author":[{"embeddable":true,"href":"https:\/\/www.ascef.com\/es\/wp-json\/wp\/v2\/users\/3"}],"replies":[{"embeddable":true,"href":"https:\/\/www.ascef.com\/es\/wp-json\/wp\/v2\/comments?post=4561"}],"version-history":[{"count":1,"href":"https:\/\/www.ascef.com\/es\/wp-json\/wp\/v2\/posts\/4561\/revisions"}],"predecessor-version":[{"id":4565,"href":"https:\/\/www.ascef.com\/es\/wp-json\/wp\/v2\/posts\/4561\/revisions\/4565"}],"wp:featuredmedia":[{"embeddable":true,"href":"https:\/\/www.ascef.com\/es\/wp-json\/wp\/v2\/media\/4562"}],"wp:attachment":[{"href":"https:\/\/www.ascef.com\/es\/wp-json\/wp\/v2\/media?parent=4561"}],"wp:term":[{"taxonomy":"category","embeddable":true,"href":"https:\/\/www.ascef.com\/es\/wp-json\/wp\/v2\/categories?post=4561"},{"taxonomy":"post_tag","embeddable":true,"href":"https:\/\/www.ascef.com\/es\/wp-json\/wp\/v2\/tags?post=4561"}],"curies":[{"name":"wp","href":"https:\/\/api.w.org\/{rel}","templated":true}]}}