{"id":4515,"date":"2022-06-17T08:00:42","date_gmt":"2022-06-17T08:00:42","guid":{"rendered":"https:\/\/www.ascef.com\/?p=4515"},"modified":"2022-06-17T12:03:49","modified_gmt":"2022-06-17T12:03:49","slug":"renovacion-de-la-junta-directiva-de-la-asociacion-catalana-de-la-empresa-familiar","status":"publish","type":"post","link":"https:\/\/www.ascef.com\/es\/renovacion-de-la-junta-directiva-de-la-asociacion-catalana-de-la-empresa-familiar\/","title":{"rendered":"Renovaci\u00f3n de la Junta Directiva de la Asociaci\u00f3n Catalana de la Empresa Familiar"},"content":{"rendered":"<p style=\"text-align: center;\"><em>Jaume Alsina sucede a Amadeu Jori en la Presidencia de la ASCEF<\/em><\/p>\n<p>&nbsp;<\/p>\n<p><strong>Barcelona, 17 Junio 2022. \u2013<\/strong> Ayer se celebr\u00f3 la Asamblea de la <strong>Asociaci\u00f3n Catalana de la Empresa Familiar<\/strong> (<strong>ASCEF<\/strong>), en la que se llev\u00f3 a cabo el relevo en la Presidencia, sucediendo <strong>Jaume Alsina<\/strong>, de <a href=\"https:\/\/www.alsina.com\/es\/\">Encofrats J. Alsina<\/a>, a <strong>Amadeu Jori<\/strong>, de <a href=\"https:\/\/www.joriarmengol.com\/\">Jori Armengol &amp; Associats<\/a>.<\/p>\n<p>&nbsp;<\/p>\n<p>Amadeu Jori, en su discurso de despedida, puso de manifiesto las dificultades de los \u00faltimos cinco a\u00f1os, en los que primero, la tensi\u00f3n pol\u00edtica derivada de los hechos de Octubre de 2017, m\u00e1s tarde la llegada inesperada de la pandemia, y finalmente la guerra de Ucrania, con la inflaci\u00f3n disparada, las carencias en la cadena de suministros, y la incertidumbre econ\u00f3mica y social, han puesto a prueba la capacidad de resiliencia, emprendedur\u00eda y coraje de las familias empresarias catalanas.<\/p>\n<p>Hizo especial hincapi\u00e9 en la misi\u00f3n que tiene la Asociaci\u00f3n de fomentar la cultura ESG en el seno de las empresas familiares, y as\u00ed record\u00f3 el triple compromiso empresarial, social y medioambiental, que se firm\u00f3 en el \u00faltimo Congreso del Instituto de la Empresa Familiar. <em>Somos la empresas familiares &#8211; <\/em>dijo Amadeu Jori &#8211; <em>qui\u00e9nes tenemos que impulsar este cambio, el cual no vendr\u00e1 de los Gobiernos ni de las Administraciones P\u00fablicas. Cambio hacia un capitalismo humanista, que, dejando atr\u00e1s los postulados de la Escuela de Chicago, nos lleve hacia un mundo m\u00e1s habitable, digno y pr\u00f3spero para la futuras generaciones.<\/em><\/p>\n<p>Tambi\u00e9n se\u00f1al\u00f3 las relaciones que se ha establecido con <strong>Foment del Treball<\/strong>, <strong>Pimec<\/strong>, <strong>Aijec<\/strong>, <strong>FemCat<\/strong>, <strong>Cambra de Comer\u00e7<\/strong>, <strong>Fira de Barcelona<\/strong> y otras entidades del mundo econ\u00f3mico y empresarial, con las que aunar esfuerzos y llevar a cabo acciones conjuntas para la mejora del tejido productivo catal\u00e1n.<\/p>\n<p>Mencion\u00f3 el di\u00e1logo que \u00faltimamente mantienen con el Gobierno de la Generalitat, a la que han transmitido su posici\u00f3n neta y clara sobre el d\u00e9ficit de infraestructuras, la necesaria mejora del marco regulatorio para incentivar el crecimiento de las empresas, y la conveniente rebaja de la presi\u00f3n fiscal para favorecer la competitividad en relaci\u00f3n con las empresas de la Uni\u00f3n Europea y de las Comunidades de Espa\u00f1a que juegan con ventaja. Insistiendo en que las empresas familiares son el motor de la econom\u00eda del pa\u00eds y su fuente de prosperidad y progreso. Record\u00f3 que la Asociaci\u00f3n est\u00e1 formada por 114 empresas familiares punteras, con una facturaci\u00f3n agregada de 33.000 millones de euros.<\/p>\n<p>&nbsp;<\/p>\n<p>Finalmente, propuso a <strong>Jaume Alsina<\/strong>, consensuado por la Junta Directiva, como nuevo Presidente, siendo aprobado su nombramiento por la Asamblea.<\/p>\n<p>Jaume Alsina, ha sido secretario de la Junta Directiva de la ASCEF y miembro de su Comit\u00e9 Ejecutivo desde 2017. Es Licenciado en Ciencias Econ\u00f3micas y Empresariales por la Universidad Pompeu Fabra, tiene un post-grado de ESADE sobre Liderazgo y el PADE del IESE. Actualmente es Consejero Delegado de Encofrats J. Alsina.<\/p>\n","protected":false},"excerpt":{"rendered":"<p>Jaume Alsina sucede a Amadeu Jori en la Presidencia de la ASCEF &nbsp; Barcelona, 17 Junio 2022. \u2013 Ayer se celebr\u00f3 la Asamblea de la Asociaci\u00f3n Catalana de la Empresa Familiar (ASCEF), en la que se llev\u00f3 a cabo el relevo en la Presidencia, sucediendo Jaume Alsina, de Encofrats J. Alsina, a Amadeu Jori, de [&hellip;]<\/p>\n","protected":false},"author":3,"featured_media":4520,"comment_status":"open","ping_status":"open","sticky":false,"template":"","format":"standard","meta":{"_acf_changed":false,"footnotes":""},"categories":[185],"tags":[],"class_list":["post-4515","post","type-post","status-publish","format-standard","has-post-thumbnail","hentry","category-general"],"acf":[],"yoast_head":"<!-- This site is optimized with the Yoast SEO plugin v27.5 - https:\/\/yoast.com\/product\/yoast-seo-wordpress\/ -->\n<title>Renovaci\u00f3n de la Junta Directiva de la Asociaci\u00f3n Catalana de la Empresa Familiar - ASCEF<\/title>\n<meta name=\"robots\" content=\"index, follow, max-snippet:-1, max-image-preview:large, max-video-preview:-1\" \/>\n<link rel=\"canonical\" href=\"https:\/\/www.ascef.com\/es\/renovacion-de-la-junta-directiva-de-la-asociacion-catalana-de-la-empresa-familiar\/\" \/>\n<meta property=\"og:locale\" content=\"es_ES\" \/>\n<meta property=\"og:type\" content=\"article\" \/>\n<meta property=\"og:title\" content=\"Renovaci\u00f3n de la Junta Directiva de la Asociaci\u00f3n Catalana de la Empresa Familiar - ASCEF\" \/>\n<meta property=\"og:description\" content=\"Jaume Alsina sucede a Amadeu Jori en la Presidencia de la ASCEF &nbsp; Barcelona, 17 Junio 2022. \u2013 Ayer se celebr\u00f3 la Asamblea de la Asociaci\u00f3n Catalana de la Empresa Familiar (ASCEF), en la que se llev\u00f3 a cabo el relevo en la Presidencia, sucediendo Jaume Alsina, de Encofrats J. Alsina, a Amadeu Jori, de [&hellip;]\" \/>\n<meta property=\"og:url\" content=\"https:\/\/www.ascef.com\/es\/renovacion-de-la-junta-directiva-de-la-asociacion-catalana-de-la-empresa-familiar\/\" \/>\n<meta property=\"og:site_name\" content=\"ASCEF\" \/>\n<meta property=\"article:published_time\" content=\"2022-06-17T08:00:42+00:00\" \/>\n<meta property=\"article:modified_time\" content=\"2022-06-17T12:03:49+00:00\" \/>\n<meta property=\"og:image\" content=\"https:\/\/www.ascef.com\/wp-content\/uploads\/2022\/06\/ASCEF_JaumeAlsina-AmadeuJori2.jpg\" \/>\n\t<meta property=\"og:image:width\" content=\"786\" \/>\n\t<meta property=\"og:image:height\" content=\"543\" \/>\n\t<meta property=\"og:image:type\" content=\"image\/jpeg\" \/>\n<meta name=\"author\" content=\"Alicia Farin\u00f3s\" \/>\n<meta name=\"twitter:card\" content=\"summary_large_image\" \/>\n<meta name=\"twitter:label1\" content=\"Escrito por\" \/>\n\t<meta name=\"twitter:data1\" content=\"Alicia Farin\u00f3s\" \/>\n\t<meta name=\"twitter:label2\" content=\"Tiempo de lectura\" \/>\n\t<meta name=\"twitter:data2\" content=\"3 minutos\" \/>\n<script type=\"application\/ld+json\" class=\"yoast-schema-graph\">{\"@context\":\"https:\\\/\\\/schema.org\",\"@graph\":[{\"@type\":\"Article\",\"@id\":\"https:\\\/\\\/www.ascef.com\\\/es\\\/renovacion-de-la-junta-directiva-de-la-asociacion-catalana-de-la-empresa-familiar\\\/#article\",\"isPartOf\":{\"@id\":\"https:\\\/\\\/www.ascef.com\\\/es\\\/renovacion-de-la-junta-directiva-de-la-asociacion-catalana-de-la-empresa-familiar\\\/\"},\"author\":{\"name\":\"Alicia Farin\u00f3s\",\"@id\":\"https:\\\/\\\/www.ascef.com\\\/es\\\/#\\\/schema\\\/person\\\/4b014c032ff354e425d6bca2bed0da77\"},\"headline\":\"Renovaci\u00f3n de la Junta Directiva de la Asociaci\u00f3n Catalana de la Empresa Familiar\",\"datePublished\":\"2022-06-17T08:00:42+00:00\",\"dateModified\":\"2022-06-17T12:03:49+00:00\",\"mainEntityOfPage\":{\"@id\":\"https:\\\/\\\/www.ascef.com\\\/es\\\/renovacion-de-la-junta-directiva-de-la-asociacion-catalana-de-la-empresa-familiar\\\/\"},\"wordCount\":511,\"commentCount\":0,\"image\":{\"@id\":\"https:\\\/\\\/www.ascef.com\\\/es\\\/renovacion-de-la-junta-directiva-de-la-asociacion-catalana-de-la-empresa-familiar\\\/#primaryimage\"},\"thumbnailUrl\":\"https:\\\/\\\/www.ascef.com\\\/wp-content\\\/uploads\\\/2022\\\/06\\\/ASCEF_JaumeAlsina-AmadeuJori2.jpg\",\"articleSection\":[\"general\"],\"inLanguage\":\"es\"},{\"@type\":\"WebPage\",\"@id\":\"https:\\\/\\\/www.ascef.com\\\/es\\\/renovacion-de-la-junta-directiva-de-la-asociacion-catalana-de-la-empresa-familiar\\\/\",\"url\":\"https:\\\/\\\/www.ascef.com\\\/es\\\/renovacion-de-la-junta-directiva-de-la-asociacion-catalana-de-la-empresa-familiar\\\/\",\"name\":\"Renovaci\u00f3n de la Junta Directiva de la Asociaci\u00f3n Catalana de la Empresa Familiar - ASCEF\",\"isPartOf\":{\"@id\":\"https:\\\/\\\/www.ascef.com\\\/es\\\/#website\"},\"primaryImageOfPage\":{\"@id\":\"https:\\\/\\\/www.ascef.com\\\/es\\\/renovacion-de-la-junta-directiva-de-la-asociacion-catalana-de-la-empresa-familiar\\\/#primaryimage\"},\"image\":{\"@id\":\"https:\\\/\\\/www.ascef.com\\\/es\\\/renovacion-de-la-junta-directiva-de-la-asociacion-catalana-de-la-empresa-familiar\\\/#primaryimage\"},\"thumbnailUrl\":\"https:\\\/\\\/www.ascef.com\\\/wp-content\\\/uploads\\\/2022\\\/06\\\/ASCEF_JaumeAlsina-AmadeuJori2.jpg\",\"datePublished\":\"2022-06-17T08:00:42+00:00\",\"dateModified\":\"2022-06-17T12:03:49+00:00\",\"author\":{\"@id\":\"https:\\\/\\\/www.ascef.com\\\/es\\\/#\\\/schema\\\/person\\\/4b014c032ff354e425d6bca2bed0da77\"},\"breadcrumb\":{\"@id\":\"https:\\\/\\\/www.ascef.com\\\/es\\\/renovacion-de-la-junta-directiva-de-la-asociacion-catalana-de-la-empresa-familiar\\\/#breadcrumb\"},\"inLanguage\":\"es\",\"potentialAction\":[{\"@type\":\"ReadAction\",\"target\":[\"https:\\\/\\\/www.ascef.com\\\/es\\\/renovacion-de-la-junta-directiva-de-la-asociacion-catalana-de-la-empresa-familiar\\\/\"]}]},{\"@type\":\"ImageObject\",\"inLanguage\":\"es\",\"@id\":\"https:\\\/\\\/www.ascef.com\\\/es\\\/renovacion-de-la-junta-directiva-de-la-asociacion-catalana-de-la-empresa-familiar\\\/#primaryimage\",\"url\":\"https:\\\/\\\/www.ascef.com\\\/wp-content\\\/uploads\\\/2022\\\/06\\\/ASCEF_JaumeAlsina-AmadeuJori2.jpg\",\"contentUrl\":\"https:\\\/\\\/www.ascef.com\\\/wp-content\\\/uploads\\\/2022\\\/06\\\/ASCEF_JaumeAlsina-AmadeuJori2.jpg\",\"width\":786,\"height\":543},{\"@type\":\"BreadcrumbList\",\"@id\":\"https:\\\/\\\/www.ascef.com\\\/es\\\/renovacion-de-la-junta-directiva-de-la-asociacion-catalana-de-la-empresa-familiar\\\/#breadcrumb\",\"itemListElement\":[{\"@type\":\"ListItem\",\"position\":1,\"name\":\"Portada\",\"item\":\"https:\\\/\\\/www.ascef.com\\\/es\\\/\"},{\"@type\":\"ListItem\",\"position\":2,\"name\":\"Renovaci\u00f3n de la Junta Directiva de la Asociaci\u00f3n Catalana de la Empresa Familiar\"}]},{\"@type\":\"WebSite\",\"@id\":\"https:\\\/\\\/www.ascef.com\\\/es\\\/#website\",\"url\":\"https:\\\/\\\/www.ascef.com\\\/es\\\/\",\"name\":\"ASCEF\",\"description\":\"Associaci\u00f3 Catalana de l\u2019Empresa Familiar\",\"potentialAction\":[{\"@type\":\"SearchAction\",\"target\":{\"@type\":\"EntryPoint\",\"urlTemplate\":\"https:\\\/\\\/www.ascef.com\\\/es\\\/?s={search_term_string}\"},\"query-input\":{\"@type\":\"PropertyValueSpecification\",\"valueRequired\":true,\"valueName\":\"search_term_string\"}}],\"inLanguage\":\"es\"},{\"@type\":\"Person\",\"@id\":\"https:\\\/\\\/www.ascef.com\\\/es\\\/#\\\/schema\\\/person\\\/4b014c032ff354e425d6bca2bed0da77\",\"name\":\"Alicia Farin\u00f3s\",\"url\":\"https:\\\/\\\/www.ascef.com\\\/es\\\/author\\\/alicia\\\/\"}]}<\/script>\n<!-- \/ Yoast SEO plugin. -->","yoast_head_json":{"title":"Renovaci\u00f3n de la Junta Directiva de la Asociaci\u00f3n Catalana de la Empresa Familiar - ASCEF","robots":{"index":"index","follow":"follow","max-snippet":"max-snippet:-1","max-image-preview":"max-image-preview:large","max-video-preview":"max-video-preview:-1"},"canonical":"https:\/\/www.ascef.com\/es\/renovacion-de-la-junta-directiva-de-la-asociacion-catalana-de-la-empresa-familiar\/","og_locale":"es_ES","og_type":"article","og_title":"Renovaci\u00f3n de la Junta Directiva de la Asociaci\u00f3n Catalana de la Empresa Familiar - ASCEF","og_description":"Jaume Alsina sucede a Amadeu Jori en la Presidencia de la ASCEF &nbsp; Barcelona, 17 Junio 2022. \u2013 Ayer se celebr\u00f3 la Asamblea de la Asociaci\u00f3n Catalana de la Empresa Familiar (ASCEF), en la que se llev\u00f3 a cabo el relevo en la Presidencia, sucediendo Jaume Alsina, de Encofrats J. Alsina, a Amadeu Jori, de [&hellip;]","og_url":"https:\/\/www.ascef.com\/es\/renovacion-de-la-junta-directiva-de-la-asociacion-catalana-de-la-empresa-familiar\/","og_site_name":"ASCEF","article_published_time":"2022-06-17T08:00:42+00:00","article_modified_time":"2022-06-17T12:03:49+00:00","og_image":[{"width":786,"height":543,"url":"https:\/\/www.ascef.com\/wp-content\/uploads\/2022\/06\/ASCEF_JaumeAlsina-AmadeuJori2.jpg","type":"image\/jpeg"}],"author":"Alicia Farin\u00f3s","twitter_card":"summary_large_image","twitter_misc":{"Escrito por":"Alicia Farin\u00f3s","Tiempo de lectura":"3 minutos"},"schema":{"@context":"https:\/\/schema.org","@graph":[{"@type":"Article","@id":"https:\/\/www.ascef.com\/es\/renovacion-de-la-junta-directiva-de-la-asociacion-catalana-de-la-empresa-familiar\/#article","isPartOf":{"@id":"https:\/\/www.ascef.com\/es\/renovacion-de-la-junta-directiva-de-la-asociacion-catalana-de-la-empresa-familiar\/"},"author":{"name":"Alicia Farin\u00f3s","@id":"https:\/\/www.ascef.com\/es\/#\/schema\/person\/4b014c032ff354e425d6bca2bed0da77"},"headline":"Renovaci\u00f3n de la Junta Directiva de la Asociaci\u00f3n Catalana de la Empresa Familiar","datePublished":"2022-06-17T08:00:42+00:00","dateModified":"2022-06-17T12:03:49+00:00","mainEntityOfPage":{"@id":"https:\/\/www.ascef.com\/es\/renovacion-de-la-junta-directiva-de-la-asociacion-catalana-de-la-empresa-familiar\/"},"wordCount":511,"commentCount":0,"image":{"@id":"https:\/\/www.ascef.com\/es\/renovacion-de-la-junta-directiva-de-la-asociacion-catalana-de-la-empresa-familiar\/#primaryimage"},"thumbnailUrl":"https:\/\/www.ascef.com\/wp-content\/uploads\/2022\/06\/ASCEF_JaumeAlsina-AmadeuJori2.jpg","articleSection":["general"],"inLanguage":"es"},{"@type":"WebPage","@id":"https:\/\/www.ascef.com\/es\/renovacion-de-la-junta-directiva-de-la-asociacion-catalana-de-la-empresa-familiar\/","url":"https:\/\/www.ascef.com\/es\/renovacion-de-la-junta-directiva-de-la-asociacion-catalana-de-la-empresa-familiar\/","name":"Renovaci\u00f3n de la Junta Directiva de la Asociaci\u00f3n Catalana de la Empresa Familiar - ASCEF","isPartOf":{"@id":"https:\/\/www.ascef.com\/es\/#website"},"primaryImageOfPage":{"@id":"https:\/\/www.ascef.com\/es\/renovacion-de-la-junta-directiva-de-la-asociacion-catalana-de-la-empresa-familiar\/#primaryimage"},"image":{"@id":"https:\/\/www.ascef.com\/es\/renovacion-de-la-junta-directiva-de-la-asociacion-catalana-de-la-empresa-familiar\/#primaryimage"},"thumbnailUrl":"https:\/\/www.ascef.com\/wp-content\/uploads\/2022\/06\/ASCEF_JaumeAlsina-AmadeuJori2.jpg","datePublished":"2022-06-17T08:00:42+00:00","dateModified":"2022-06-17T12:03:49+00:00","author":{"@id":"https:\/\/www.ascef.com\/es\/#\/schema\/person\/4b014c032ff354e425d6bca2bed0da77"},"breadcrumb":{"@id":"https:\/\/www.ascef.com\/es\/renovacion-de-la-junta-directiva-de-la-asociacion-catalana-de-la-empresa-familiar\/#breadcrumb"},"inLanguage":"es","potentialAction":[{"@type":"ReadAction","target":["https:\/\/www.ascef.com\/es\/renovacion-de-la-junta-directiva-de-la-asociacion-catalana-de-la-empresa-familiar\/"]}]},{"@type":"ImageObject","inLanguage":"es","@id":"https:\/\/www.ascef.com\/es\/renovacion-de-la-junta-directiva-de-la-asociacion-catalana-de-la-empresa-familiar\/#primaryimage","url":"https:\/\/www.ascef.com\/wp-content\/uploads\/2022\/06\/ASCEF_JaumeAlsina-AmadeuJori2.jpg","contentUrl":"https:\/\/www.ascef.com\/wp-content\/uploads\/2022\/06\/ASCEF_JaumeAlsina-AmadeuJori2.jpg","width":786,"height":543},{"@type":"BreadcrumbList","@id":"https:\/\/www.ascef.com\/es\/renovacion-de-la-junta-directiva-de-la-asociacion-catalana-de-la-empresa-familiar\/#breadcrumb","itemListElement":[{"@type":"ListItem","position":1,"name":"Portada","item":"https:\/\/www.ascef.com\/es\/"},{"@type":"ListItem","position":2,"name":"Renovaci\u00f3n de la Junta Directiva de la Asociaci\u00f3n Catalana de la Empresa Familiar"}]},{"@type":"WebSite","@id":"https:\/\/www.ascef.com\/es\/#website","url":"https:\/\/www.ascef.com\/es\/","name":"ASCEF","description":"Associaci\u00f3 Catalana de l\u2019Empresa Familiar","potentialAction":[{"@type":"SearchAction","target":{"@type":"EntryPoint","urlTemplate":"https:\/\/www.ascef.com\/es\/?s={search_term_string}"},"query-input":{"@type":"PropertyValueSpecification","valueRequired":true,"valueName":"search_term_string"}}],"inLanguage":"es"},{"@type":"Person","@id":"https:\/\/www.ascef.com\/es\/#\/schema\/person\/4b014c032ff354e425d6bca2bed0da77","name":"Alicia Farin\u00f3s","url":"https:\/\/www.ascef.com\/es\/author\/alicia\/"}]}},"_links":{"self":[{"href":"https:\/\/www.ascef.com\/es\/wp-json\/wp\/v2\/posts\/4515","targetHints":{"allow":["GET"]}}],"collection":[{"href":"https:\/\/www.ascef.com\/es\/wp-json\/wp\/v2\/posts"}],"about":[{"href":"https:\/\/www.ascef.com\/es\/wp-json\/wp\/v2\/types\/post"}],"author":[{"embeddable":true,"href":"https:\/\/www.ascef.com\/es\/wp-json\/wp\/v2\/users\/3"}],"replies":[{"embeddable":true,"href":"https:\/\/www.ascef.com\/es\/wp-json\/wp\/v2\/comments?post=4515"}],"version-history":[{"count":4,"href":"https:\/\/www.ascef.com\/es\/wp-json\/wp\/v2\/posts\/4515\/revisions"}],"predecessor-version":[{"id":6319,"href":"https:\/\/www.ascef.com\/es\/wp-json\/wp\/v2\/posts\/4515\/revisions\/6319"}],"wp:featuredmedia":[{"embeddable":true,"href":"https:\/\/www.ascef.com\/es\/wp-json\/wp\/v2\/media\/4520"}],"wp:attachment":[{"href":"https:\/\/www.ascef.com\/es\/wp-json\/wp\/v2\/media?parent=4515"}],"wp:term":[{"taxonomy":"category","embeddable":true,"href":"https:\/\/www.ascef.com\/es\/wp-json\/wp\/v2\/categories?post=4515"},{"taxonomy":"post_tag","embeddable":true,"href":"https:\/\/www.ascef.com\/es\/wp-json\/wp\/v2\/tags?post=4515"}],"curies":[{"name":"wp","href":"https:\/\/api.w.org\/{rel}","templated":true}]}}