{"id":4507,"date":"2022-06-15T07:26:33","date_gmt":"2022-06-15T07:26:33","guid":{"rendered":"https:\/\/www.ascef.com\/?p=4507"},"modified":"2022-06-15T07:31:10","modified_gmt":"2022-06-15T07:31:10","slug":"la-ascef-y-la-camara-de-comercio-de-barcelona-se-unen-para-impulsar-la-actividad-y-la-competitividad-de-la-empresa-familiar","status":"publish","type":"post","link":"https:\/\/www.ascef.com\/es\/la-ascef-y-la-camara-de-comercio-de-barcelona-se-unen-para-impulsar-la-actividad-y-la-competitividad-de-la-empresa-familiar\/","title":{"rendered":"La ASCEF y la C\u00e1mara de Comercio de Barcelona se unen para impulsar la actividad y la competitividad de la empresa familiar"},"content":{"rendered":"<p><em>Este acuerdo pone en valor el peso que tiene la empresa familiar dentro del tejido productivo del territorio y tiene como principal objetivo impulsar acciones y servicios para favorecer el crecimiento de este sector empresarial.<\/em><\/p>\n<p>&nbsp;<\/p>\n<p><strong>Barcelona, 14 de junio 2022<\/strong><strong>.-<\/strong> <strong>La Asociaci\u00f3n Catalana de la Empresa Familiar<\/strong> (<strong>ASCEF<\/strong>) <strong>y la<\/strong> <strong>C\u00e1mara de Comercio Barcelona <\/strong>han celebrado este martes un acto para oficializar el acuerdo de colaboraci\u00f3n que tiene como objetivo dar a conocer el papel que juega la empresa familiar y proyectarla dentro del mundo econ\u00f3mico catal\u00e1n. En este sentido, el convenio promover\u00e1 el desarrollo y la ejecuci\u00f3n de proyectos para favorecer el crecimiento del<br \/>\ntejido productivo, como tambi\u00e9n participar\u00e1 en la promoci\u00f3n de los servicios que desarrolla la C\u00e1mara de Barcelona para el tejido empresarial.<\/p>\n<p>El acuerdo lo han firmado la presidenta de la C\u00e1mara de Comercio de Barcelona, <strong>M\u00f2nica Roca i Aparici<\/strong>, y el presidente de ASCEF, <strong>Amadeu Jori<\/strong>, con el cual se comprometen a <strong>definir iniciativas y l\u00edneas de actuaci\u00f3n para motivar sinergias entre ambas organizaciones<\/strong>, y ofrecerse apoyo mutuo para compartir recursos y espacios de encuentro que impulsen la actividad y competitividad de la empresa familiar.<\/p>\n<p>En el encuentro tambi\u00e9n han participado la directora de la ASCEF, <strong>Isabel del Sol,<\/strong> y el director de Competitividad y Relaciones Institucionales de la C\u00e1mara de Barcelona, <strong>Xavier Ricart<\/strong>.<\/p>\n<p>En este sentido, la C\u00e1mara de Comercio de Barcelona pone a disposici\u00f3n de la ASCEF diferentes servicios, herramientas y espacios para poder desarrollar sus actividades divulgativas y promocionales, como la participaci\u00f3n en los proyectos europeos, la formaci\u00f3n empresarial, acceso al Observatorio Mujer Empresa Econom\u00eda (ODEE), entre otros. Por otro lado, el ASCEF <strong>se compromete a colaborar en la elaboraci\u00f3n de los contenidos en las actuaciones para apoyar e impulsar la actividad y competitividad de la empresa familiar, as\u00ed como en la difusi\u00f3n de las actuaciones que se desarrollen en el s\u00ed de este convenio<\/strong>.<\/p>\n","protected":false},"excerpt":{"rendered":"<p>Este acuerdo pone en valor el peso que tiene la empresa familiar dentro del tejido productivo del territorio y tiene como principal objetivo impulsar acciones y servicios para favorecer el crecimiento de este sector empresarial. &nbsp; Barcelona, 14 de junio 2022.- La Asociaci\u00f3n Catalana de la Empresa Familiar (ASCEF) y la C\u00e1mara de Comercio Barcelona [&hellip;]<\/p>\n","protected":false},"author":3,"featured_media":4505,"comment_status":"open","ping_status":"open","sticky":false,"template":"","format":"standard","meta":{"_acf_changed":false,"footnotes":""},"categories":[185],"tags":[],"class_list":["post-4507","post","type-post","status-publish","format-standard","has-post-thumbnail","hentry","category-general"],"acf":[],"yoast_head":"<!-- This site is optimized with the Yoast SEO plugin v27.5 - https:\/\/yoast.com\/product\/yoast-seo-wordpress\/ -->\n<title>La ASCEF y la C\u00e1mara de Comercio de Barcelona se unen para impulsar la actividad y la competitividad de la empresa familiar - ASCEF<\/title>\n<meta name=\"robots\" content=\"index, follow, max-snippet:-1, max-image-preview:large, max-video-preview:-1\" \/>\n<link rel=\"canonical\" href=\"https:\/\/www.ascef.com\/es\/la-ascef-y-la-camara-de-comercio-de-barcelona-se-unen-para-impulsar-la-actividad-y-la-competitividad-de-la-empresa-familiar\/\" \/>\n<meta property=\"og:locale\" content=\"es_ES\" \/>\n<meta property=\"og:type\" content=\"article\" \/>\n<meta property=\"og:title\" content=\"La ASCEF y la C\u00e1mara de Comercio de Barcelona se unen para impulsar la actividad y la competitividad de la empresa familiar - ASCEF\" \/>\n<meta property=\"og:description\" content=\"Este acuerdo pone en valor el peso que tiene la empresa familiar dentro del tejido productivo del territorio y tiene como principal objetivo impulsar acciones y servicios para favorecer el crecimiento de este sector empresarial. &nbsp; Barcelona, 14 de junio 2022.- La Asociaci\u00f3n Catalana de la Empresa Familiar (ASCEF) y la C\u00e1mara de Comercio Barcelona [&hellip;]\" \/>\n<meta property=\"og:url\" content=\"https:\/\/www.ascef.com\/es\/la-ascef-y-la-camara-de-comercio-de-barcelona-se-unen-para-impulsar-la-actividad-y-la-competitividad-de-la-empresa-familiar\/\" \/>\n<meta property=\"og:site_name\" content=\"ASCEF\" \/>\n<meta property=\"article:published_time\" content=\"2022-06-15T07:26:33+00:00\" \/>\n<meta property=\"article:modified_time\" content=\"2022-06-15T07:31:10+00:00\" \/>\n<meta property=\"og:image\" content=\"https:\/\/www.ascef.com\/wp-content\/uploads\/2022\/06\/Signatura_Cambra-ASCEF1-1024x768.jpg\" \/>\n\t<meta property=\"og:image:width\" content=\"1024\" \/>\n\t<meta property=\"og:image:height\" content=\"768\" \/>\n\t<meta property=\"og:image:type\" content=\"image\/jpeg\" \/>\n<meta name=\"author\" content=\"Alicia Farin\u00f3s\" \/>\n<meta name=\"twitter:card\" content=\"summary_large_image\" \/>\n<meta name=\"twitter:label1\" content=\"Escrito por\" \/>\n\t<meta name=\"twitter:data1\" content=\"Alicia Farin\u00f3s\" \/>\n\t<meta name=\"twitter:label2\" content=\"Tiempo de lectura\" \/>\n\t<meta name=\"twitter:data2\" content=\"2 minutos\" \/>\n<script type=\"application\/ld+json\" class=\"yoast-schema-graph\">{\"@context\":\"https:\\\/\\\/schema.org\",\"@graph\":[{\"@type\":\"Article\",\"@id\":\"https:\\\/\\\/www.ascef.com\\\/es\\\/la-ascef-y-la-camara-de-comercio-de-barcelona-se-unen-para-impulsar-la-actividad-y-la-competitividad-de-la-empresa-familiar\\\/#article\",\"isPartOf\":{\"@id\":\"https:\\\/\\\/www.ascef.com\\\/es\\\/la-ascef-y-la-camara-de-comercio-de-barcelona-se-unen-para-impulsar-la-actividad-y-la-competitividad-de-la-empresa-familiar\\\/\"},\"author\":{\"name\":\"Alicia Farin\u00f3s\",\"@id\":\"https:\\\/\\\/www.ascef.com\\\/es\\\/#\\\/schema\\\/person\\\/4b014c032ff354e425d6bca2bed0da77\"},\"headline\":\"La ASCEF y la C\u00e1mara de Comercio de Barcelona se unen para impulsar la actividad y la competitividad de la empresa familiar\",\"datePublished\":\"2022-06-15T07:26:33+00:00\",\"dateModified\":\"2022-06-15T07:31:10+00:00\",\"mainEntityOfPage\":{\"@id\":\"https:\\\/\\\/www.ascef.com\\\/es\\\/la-ascef-y-la-camara-de-comercio-de-barcelona-se-unen-para-impulsar-la-actividad-y-la-competitividad-de-la-empresa-familiar\\\/\"},\"wordCount\":358,\"commentCount\":0,\"image\":{\"@id\":\"https:\\\/\\\/www.ascef.com\\\/es\\\/la-ascef-y-la-camara-de-comercio-de-barcelona-se-unen-para-impulsar-la-actividad-y-la-competitividad-de-la-empresa-familiar\\\/#primaryimage\"},\"thumbnailUrl\":\"https:\\\/\\\/www.ascef.com\\\/wp-content\\\/uploads\\\/2022\\\/06\\\/Signatura_Cambra-ASCEF1.jpg\",\"articleSection\":[\"general\"],\"inLanguage\":\"es\"},{\"@type\":\"WebPage\",\"@id\":\"https:\\\/\\\/www.ascef.com\\\/es\\\/la-ascef-y-la-camara-de-comercio-de-barcelona-se-unen-para-impulsar-la-actividad-y-la-competitividad-de-la-empresa-familiar\\\/\",\"url\":\"https:\\\/\\\/www.ascef.com\\\/es\\\/la-ascef-y-la-camara-de-comercio-de-barcelona-se-unen-para-impulsar-la-actividad-y-la-competitividad-de-la-empresa-familiar\\\/\",\"name\":\"La ASCEF y la C\u00e1mara de Comercio de Barcelona se unen para impulsar la actividad y la competitividad de la empresa familiar - ASCEF\",\"isPartOf\":{\"@id\":\"https:\\\/\\\/www.ascef.com\\\/es\\\/#website\"},\"primaryImageOfPage\":{\"@id\":\"https:\\\/\\\/www.ascef.com\\\/es\\\/la-ascef-y-la-camara-de-comercio-de-barcelona-se-unen-para-impulsar-la-actividad-y-la-competitividad-de-la-empresa-familiar\\\/#primaryimage\"},\"image\":{\"@id\":\"https:\\\/\\\/www.ascef.com\\\/es\\\/la-ascef-y-la-camara-de-comercio-de-barcelona-se-unen-para-impulsar-la-actividad-y-la-competitividad-de-la-empresa-familiar\\\/#primaryimage\"},\"thumbnailUrl\":\"https:\\\/\\\/www.ascef.com\\\/wp-content\\\/uploads\\\/2022\\\/06\\\/Signatura_Cambra-ASCEF1.jpg\",\"datePublished\":\"2022-06-15T07:26:33+00:00\",\"dateModified\":\"2022-06-15T07:31:10+00:00\",\"author\":{\"@id\":\"https:\\\/\\\/www.ascef.com\\\/es\\\/#\\\/schema\\\/person\\\/4b014c032ff354e425d6bca2bed0da77\"},\"breadcrumb\":{\"@id\":\"https:\\\/\\\/www.ascef.com\\\/es\\\/la-ascef-y-la-camara-de-comercio-de-barcelona-se-unen-para-impulsar-la-actividad-y-la-competitividad-de-la-empresa-familiar\\\/#breadcrumb\"},\"inLanguage\":\"es\",\"potentialAction\":[{\"@type\":\"ReadAction\",\"target\":[\"https:\\\/\\\/www.ascef.com\\\/es\\\/la-ascef-y-la-camara-de-comercio-de-barcelona-se-unen-para-impulsar-la-actividad-y-la-competitividad-de-la-empresa-familiar\\\/\"]}]},{\"@type\":\"ImageObject\",\"inLanguage\":\"es\",\"@id\":\"https:\\\/\\\/www.ascef.com\\\/es\\\/la-ascef-y-la-camara-de-comercio-de-barcelona-se-unen-para-impulsar-la-actividad-y-la-competitividad-de-la-empresa-familiar\\\/#primaryimage\",\"url\":\"https:\\\/\\\/www.ascef.com\\\/wp-content\\\/uploads\\\/2022\\\/06\\\/Signatura_Cambra-ASCEF1.jpg\",\"contentUrl\":\"https:\\\/\\\/www.ascef.com\\\/wp-content\\\/uploads\\\/2022\\\/06\\\/Signatura_Cambra-ASCEF1.jpg\",\"width\":2560,\"height\":1920},{\"@type\":\"BreadcrumbList\",\"@id\":\"https:\\\/\\\/www.ascef.com\\\/es\\\/la-ascef-y-la-camara-de-comercio-de-barcelona-se-unen-para-impulsar-la-actividad-y-la-competitividad-de-la-empresa-familiar\\\/#breadcrumb\",\"itemListElement\":[{\"@type\":\"ListItem\",\"position\":1,\"name\":\"Portada\",\"item\":\"https:\\\/\\\/www.ascef.com\\\/es\\\/\"},{\"@type\":\"ListItem\",\"position\":2,\"name\":\"La ASCEF y la C\u00e1mara de Comercio de Barcelona se unen para impulsar la actividad y la competitividad de la empresa familiar\"}]},{\"@type\":\"WebSite\",\"@id\":\"https:\\\/\\\/www.ascef.com\\\/es\\\/#website\",\"url\":\"https:\\\/\\\/www.ascef.com\\\/es\\\/\",\"name\":\"ASCEF\",\"description\":\"Associaci\u00f3 Catalana de l\u2019Empresa Familiar\",\"potentialAction\":[{\"@type\":\"SearchAction\",\"target\":{\"@type\":\"EntryPoint\",\"urlTemplate\":\"https:\\\/\\\/www.ascef.com\\\/es\\\/?s={search_term_string}\"},\"query-input\":{\"@type\":\"PropertyValueSpecification\",\"valueRequired\":true,\"valueName\":\"search_term_string\"}}],\"inLanguage\":\"es\"},{\"@type\":\"Person\",\"@id\":\"https:\\\/\\\/www.ascef.com\\\/es\\\/#\\\/schema\\\/person\\\/4b014c032ff354e425d6bca2bed0da77\",\"name\":\"Alicia Farin\u00f3s\",\"url\":\"https:\\\/\\\/www.ascef.com\\\/es\\\/author\\\/alicia\\\/\"}]}<\/script>\n<!-- \/ Yoast SEO plugin. -->","yoast_head_json":{"title":"La ASCEF y la C\u00e1mara de Comercio de Barcelona se unen para impulsar la actividad y la competitividad de la empresa familiar - ASCEF","robots":{"index":"index","follow":"follow","max-snippet":"max-snippet:-1","max-image-preview":"max-image-preview:large","max-video-preview":"max-video-preview:-1"},"canonical":"https:\/\/www.ascef.com\/es\/la-ascef-y-la-camara-de-comercio-de-barcelona-se-unen-para-impulsar-la-actividad-y-la-competitividad-de-la-empresa-familiar\/","og_locale":"es_ES","og_type":"article","og_title":"La ASCEF y la C\u00e1mara de Comercio de Barcelona se unen para impulsar la actividad y la competitividad de la empresa familiar - ASCEF","og_description":"Este acuerdo pone en valor el peso que tiene la empresa familiar dentro del tejido productivo del territorio y tiene como principal objetivo impulsar acciones y servicios para favorecer el crecimiento de este sector empresarial. &nbsp; Barcelona, 14 de junio 2022.- La Asociaci\u00f3n Catalana de la Empresa Familiar (ASCEF) y la C\u00e1mara de Comercio Barcelona [&hellip;]","og_url":"https:\/\/www.ascef.com\/es\/la-ascef-y-la-camara-de-comercio-de-barcelona-se-unen-para-impulsar-la-actividad-y-la-competitividad-de-la-empresa-familiar\/","og_site_name":"ASCEF","article_published_time":"2022-06-15T07:26:33+00:00","article_modified_time":"2022-06-15T07:31:10+00:00","og_image":[{"width":1024,"height":768,"url":"https:\/\/www.ascef.com\/wp-content\/uploads\/2022\/06\/Signatura_Cambra-ASCEF1-1024x768.jpg","type":"image\/jpeg"}],"author":"Alicia Farin\u00f3s","twitter_card":"summary_large_image","twitter_misc":{"Escrito por":"Alicia Farin\u00f3s","Tiempo de lectura":"2 minutos"},"schema":{"@context":"https:\/\/schema.org","@graph":[{"@type":"Article","@id":"https:\/\/www.ascef.com\/es\/la-ascef-y-la-camara-de-comercio-de-barcelona-se-unen-para-impulsar-la-actividad-y-la-competitividad-de-la-empresa-familiar\/#article","isPartOf":{"@id":"https:\/\/www.ascef.com\/es\/la-ascef-y-la-camara-de-comercio-de-barcelona-se-unen-para-impulsar-la-actividad-y-la-competitividad-de-la-empresa-familiar\/"},"author":{"name":"Alicia Farin\u00f3s","@id":"https:\/\/www.ascef.com\/es\/#\/schema\/person\/4b014c032ff354e425d6bca2bed0da77"},"headline":"La ASCEF y la C\u00e1mara de Comercio de Barcelona se unen para impulsar la actividad y la competitividad de la empresa familiar","datePublished":"2022-06-15T07:26:33+00:00","dateModified":"2022-06-15T07:31:10+00:00","mainEntityOfPage":{"@id":"https:\/\/www.ascef.com\/es\/la-ascef-y-la-camara-de-comercio-de-barcelona-se-unen-para-impulsar-la-actividad-y-la-competitividad-de-la-empresa-familiar\/"},"wordCount":358,"commentCount":0,"image":{"@id":"https:\/\/www.ascef.com\/es\/la-ascef-y-la-camara-de-comercio-de-barcelona-se-unen-para-impulsar-la-actividad-y-la-competitividad-de-la-empresa-familiar\/#primaryimage"},"thumbnailUrl":"https:\/\/www.ascef.com\/wp-content\/uploads\/2022\/06\/Signatura_Cambra-ASCEF1.jpg","articleSection":["general"],"inLanguage":"es"},{"@type":"WebPage","@id":"https:\/\/www.ascef.com\/es\/la-ascef-y-la-camara-de-comercio-de-barcelona-se-unen-para-impulsar-la-actividad-y-la-competitividad-de-la-empresa-familiar\/","url":"https:\/\/www.ascef.com\/es\/la-ascef-y-la-camara-de-comercio-de-barcelona-se-unen-para-impulsar-la-actividad-y-la-competitividad-de-la-empresa-familiar\/","name":"La ASCEF y la C\u00e1mara de Comercio de Barcelona se unen para impulsar la actividad y la competitividad de la empresa familiar - ASCEF","isPartOf":{"@id":"https:\/\/www.ascef.com\/es\/#website"},"primaryImageOfPage":{"@id":"https:\/\/www.ascef.com\/es\/la-ascef-y-la-camara-de-comercio-de-barcelona-se-unen-para-impulsar-la-actividad-y-la-competitividad-de-la-empresa-familiar\/#primaryimage"},"image":{"@id":"https:\/\/www.ascef.com\/es\/la-ascef-y-la-camara-de-comercio-de-barcelona-se-unen-para-impulsar-la-actividad-y-la-competitividad-de-la-empresa-familiar\/#primaryimage"},"thumbnailUrl":"https:\/\/www.ascef.com\/wp-content\/uploads\/2022\/06\/Signatura_Cambra-ASCEF1.jpg","datePublished":"2022-06-15T07:26:33+00:00","dateModified":"2022-06-15T07:31:10+00:00","author":{"@id":"https:\/\/www.ascef.com\/es\/#\/schema\/person\/4b014c032ff354e425d6bca2bed0da77"},"breadcrumb":{"@id":"https:\/\/www.ascef.com\/es\/la-ascef-y-la-camara-de-comercio-de-barcelona-se-unen-para-impulsar-la-actividad-y-la-competitividad-de-la-empresa-familiar\/#breadcrumb"},"inLanguage":"es","potentialAction":[{"@type":"ReadAction","target":["https:\/\/www.ascef.com\/es\/la-ascef-y-la-camara-de-comercio-de-barcelona-se-unen-para-impulsar-la-actividad-y-la-competitividad-de-la-empresa-familiar\/"]}]},{"@type":"ImageObject","inLanguage":"es","@id":"https:\/\/www.ascef.com\/es\/la-ascef-y-la-camara-de-comercio-de-barcelona-se-unen-para-impulsar-la-actividad-y-la-competitividad-de-la-empresa-familiar\/#primaryimage","url":"https:\/\/www.ascef.com\/wp-content\/uploads\/2022\/06\/Signatura_Cambra-ASCEF1.jpg","contentUrl":"https:\/\/www.ascef.com\/wp-content\/uploads\/2022\/06\/Signatura_Cambra-ASCEF1.jpg","width":2560,"height":1920},{"@type":"BreadcrumbList","@id":"https:\/\/www.ascef.com\/es\/la-ascef-y-la-camara-de-comercio-de-barcelona-se-unen-para-impulsar-la-actividad-y-la-competitividad-de-la-empresa-familiar\/#breadcrumb","itemListElement":[{"@type":"ListItem","position":1,"name":"Portada","item":"https:\/\/www.ascef.com\/es\/"},{"@type":"ListItem","position":2,"name":"La ASCEF y la C\u00e1mara de Comercio de Barcelona se unen para impulsar la actividad y la competitividad de la empresa familiar"}]},{"@type":"WebSite","@id":"https:\/\/www.ascef.com\/es\/#website","url":"https:\/\/www.ascef.com\/es\/","name":"ASCEF","description":"Associaci\u00f3 Catalana de l\u2019Empresa Familiar","potentialAction":[{"@type":"SearchAction","target":{"@type":"EntryPoint","urlTemplate":"https:\/\/www.ascef.com\/es\/?s={search_term_string}"},"query-input":{"@type":"PropertyValueSpecification","valueRequired":true,"valueName":"search_term_string"}}],"inLanguage":"es"},{"@type":"Person","@id":"https:\/\/www.ascef.com\/es\/#\/schema\/person\/4b014c032ff354e425d6bca2bed0da77","name":"Alicia Farin\u00f3s","url":"https:\/\/www.ascef.com\/es\/author\/alicia\/"}]}},"_links":{"self":[{"href":"https:\/\/www.ascef.com\/es\/wp-json\/wp\/v2\/posts\/4507","targetHints":{"allow":["GET"]}}],"collection":[{"href":"https:\/\/www.ascef.com\/es\/wp-json\/wp\/v2\/posts"}],"about":[{"href":"https:\/\/www.ascef.com\/es\/wp-json\/wp\/v2\/types\/post"}],"author":[{"embeddable":true,"href":"https:\/\/www.ascef.com\/es\/wp-json\/wp\/v2\/users\/3"}],"replies":[{"embeddable":true,"href":"https:\/\/www.ascef.com\/es\/wp-json\/wp\/v2\/comments?post=4507"}],"version-history":[{"count":1,"href":"https:\/\/www.ascef.com\/es\/wp-json\/wp\/v2\/posts\/4507\/revisions"}],"predecessor-version":[{"id":4508,"href":"https:\/\/www.ascef.com\/es\/wp-json\/wp\/v2\/posts\/4507\/revisions\/4508"}],"wp:featuredmedia":[{"embeddable":true,"href":"https:\/\/www.ascef.com\/es\/wp-json\/wp\/v2\/media\/4505"}],"wp:attachment":[{"href":"https:\/\/www.ascef.com\/es\/wp-json\/wp\/v2\/media?parent=4507"}],"wp:term":[{"taxonomy":"category","embeddable":true,"href":"https:\/\/www.ascef.com\/es\/wp-json\/wp\/v2\/categories?post=4507"},{"taxonomy":"post_tag","embeddable":true,"href":"https:\/\/www.ascef.com\/es\/wp-json\/wp\/v2\/tags?post=4507"}],"curies":[{"name":"wp","href":"https:\/\/api.w.org\/{rel}","templated":true}]}}