{"id":4276,"date":"2022-02-18T16:25:11","date_gmt":"2022-02-18T16:25:11","guid":{"rendered":"https:\/\/www.ascef.com\/?p=4276"},"modified":"2022-02-18T16:25:11","modified_gmt":"2022-02-18T16:25:11","slug":"pimec-y-ascef-se-alian-para-impulsar-la-competitividad-de-las-pymes-familiares-catalanas","status":"publish","type":"post","link":"https:\/\/www.ascef.com\/es\/pimec-y-ascef-se-alian-para-impulsar-la-competitividad-de-las-pymes-familiares-catalanas\/","title":{"rendered":"PIMEC y ASCEF se al\u00edan para impulsar la competitividad de las pymes familiares catalanas"},"content":{"rendered":"<p><em>Ambas entidades firman un acuerdo de colaboraci\u00f3n por el cual promueven el apoyo, defienden los intereses, y refuerzan el servicio a las empresas familiares de Catalu\u00f1a.<\/em><\/p>\n<p><strong>Barcelona, 15 de febrero del 2022. PIMEC y la Asociaci\u00f3n Catalana de la Empresa Familiar (ASCEF) han acordado hoy promover el apoyo, defender los intereses y reforzar el servicio de las empresas familiares de Catalu\u00f1a<\/strong> de una manera conjunta y coordinada. El presidente de PIMEC, Antonio Ca\u00f1ete, y el presidente de ASCEF, Amadeu Jori, han firmado un convenio de colaboraci\u00f3n y se han comprometido a definir iniciativas y l\u00edneas de actuaci\u00f3n con el objetivo de <strong>impulsar la competitividad de las pymes familiares, as\u00ed como su adaptaci\u00f3n a los retos y a los escenarios de futuro.<\/strong><\/p>\n<p>Este acuerdo<strong> permitir\u00e1 hacer un seguimiento m\u00e1s minucioso de la evoluci\u00f3n de la actividad econ\u00f3mica <\/strong>de las pymes familiares catalanas y ayudar\u00e1 a <strong>identificar \u00e1reas susceptibles de mejora de los modelos de negocio<\/strong>, contribuyendo al <strong>crecimiento y la consolidaci\u00f3n de las empresas familiares de Catalu\u00f1a<\/strong>. Seg\u00fan el convenio, ambas entidades se coordinar\u00e1n y trabajar\u00e1n conjuntamente en la organizaci\u00f3n de <strong>actos y jornadas con contenido de inter\u00e9s para el colectivo, la elaboraci\u00f3n de estudios<\/strong>, y la investigaci\u00f3n de sinergias para compartir y ofrecer oferta formativa. Adem\u00e1s, PIMEC pondr\u00e1 a disposici\u00f3n de las empresas de ASCEF el <strong>servicio de acompa\u00f1amiento y solicitud de las ayudas del programa KIT Digital<\/strong> \u2013 subvenci\u00f3n de la adquisici\u00f3n de soluciones digitales \u2013, con el objetivo que se puedan beneficiar de los bonos de subvenci\u00f3n que el proyecto pone a disposici\u00f3n de las pymes.<\/p>\n<p>Entre otras cuestiones, la colaboraci\u00f3n tambi\u00e9n incluye la definici\u00f3n de una <strong>hoja de ruta para coordinar acciones alineadas con los Objetivos de Desarrollo Sostenible de la Agenda 2030 de la ONU, medidas dirigidas a j\u00f3venes empresarios y a mujeres empresarias, y la promoci\u00f3n del programa de relevo empresarial de PIMEC<\/strong>, dirigido a pymes familiares que quieren asegurar la continuidad de su negocio a medio y largo plazo.<\/p>\n<p>A lo largo del encuentro tambi\u00e9n ha participado la vicepresidenta de PIMEC, Mireia Cammany, el director del gabinete de presidencia de PIMEC, Jacinto Soler, el secretario de ASCEF, Jaume Alsina, y el vocal de la Junta Directiva de la Asociaci\u00f3n, Albert Campabadal.<\/p>\n","protected":false},"excerpt":{"rendered":"<p>Ambas entidades firman un acuerdo de colaboraci\u00f3n por el cual promueven el apoyo, defienden los intereses, y refuerzan el servicio a las empresas familiares de Catalu\u00f1a. Barcelona, 15 de febrero del 2022. PIMEC y la Asociaci\u00f3n Catalana de la Empresa Familiar (ASCEF) han acordado hoy promover el apoyo, defender los intereses y reforzar el servicio [&hellip;]<\/p>\n","protected":false},"author":3,"featured_media":4275,"comment_status":"open","ping_status":"open","sticky":false,"template":"","format":"standard","meta":{"_acf_changed":false,"footnotes":""},"categories":[185],"tags":[],"class_list":["post-4276","post","type-post","status-publish","format-standard","has-post-thumbnail","hentry","category-general"],"acf":[],"yoast_head":"<!-- This site is optimized with the Yoast SEO plugin v27.5 - https:\/\/yoast.com\/product\/yoast-seo-wordpress\/ -->\n<title>PIMEC y ASCEF se al\u00edan para impulsar la competitividad de las pymes familiares catalanas - ASCEF<\/title>\n<meta name=\"robots\" content=\"index, follow, max-snippet:-1, max-image-preview:large, max-video-preview:-1\" \/>\n<link rel=\"canonical\" href=\"https:\/\/www.ascef.com\/es\/pimec-y-ascef-se-alian-para-impulsar-la-competitividad-de-las-pymes-familiares-catalanas\/\" \/>\n<meta property=\"og:locale\" content=\"es_ES\" \/>\n<meta property=\"og:type\" content=\"article\" \/>\n<meta property=\"og:title\" content=\"PIMEC y ASCEF se al\u00edan para impulsar la competitividad de las pymes familiares catalanas - ASCEF\" \/>\n<meta property=\"og:description\" content=\"Ambas entidades firman un acuerdo de colaboraci\u00f3n por el cual promueven el apoyo, defienden los intereses, y refuerzan el servicio a las empresas familiares de Catalu\u00f1a. Barcelona, 15 de febrero del 2022. PIMEC y la Asociaci\u00f3n Catalana de la Empresa Familiar (ASCEF) han acordado hoy promover el apoyo, defender los intereses y reforzar el servicio [&hellip;]\" \/>\n<meta property=\"og:url\" content=\"https:\/\/www.ascef.com\/es\/pimec-y-ascef-se-alian-para-impulsar-la-competitividad-de-las-pymes-familiares-catalanas\/\" \/>\n<meta property=\"og:site_name\" content=\"ASCEF\" \/>\n<meta property=\"article:published_time\" content=\"2022-02-18T16:25:11+00:00\" \/>\n<meta property=\"og:image\" content=\"https:\/\/www.ascef.com\/wp-content\/uploads\/2022\/02\/IMG-20220215-WA0004-1.jpg\" \/>\n\t<meta property=\"og:image:width\" content=\"2048\" \/>\n\t<meta property=\"og:image:height\" content=\"1302\" \/>\n\t<meta property=\"og:image:type\" content=\"image\/jpeg\" \/>\n<meta name=\"author\" content=\"Alicia Farin\u00f3s\" \/>\n<meta name=\"twitter:card\" content=\"summary_large_image\" \/>\n<meta name=\"twitter:label1\" content=\"Escrito por\" \/>\n\t<meta name=\"twitter:data1\" content=\"Alicia Farin\u00f3s\" \/>\n\t<meta name=\"twitter:label2\" content=\"Tiempo de lectura\" \/>\n\t<meta name=\"twitter:data2\" content=\"2 minutos\" \/>\n<script type=\"application\/ld+json\" class=\"yoast-schema-graph\">{\"@context\":\"https:\\\/\\\/schema.org\",\"@graph\":[{\"@type\":\"Article\",\"@id\":\"https:\\\/\\\/www.ascef.com\\\/es\\\/pimec-y-ascef-se-alian-para-impulsar-la-competitividad-de-las-pymes-familiares-catalanas\\\/#article\",\"isPartOf\":{\"@id\":\"https:\\\/\\\/www.ascef.com\\\/es\\\/pimec-y-ascef-se-alian-para-impulsar-la-competitividad-de-las-pymes-familiares-catalanas\\\/\"},\"author\":{\"name\":\"Alicia Farin\u00f3s\",\"@id\":\"https:\\\/\\\/www.ascef.com\\\/es\\\/#\\\/schema\\\/person\\\/4b014c032ff354e425d6bca2bed0da77\"},\"headline\":\"PIMEC y ASCEF se al\u00edan para impulsar la competitividad de las pymes familiares catalanas\",\"datePublished\":\"2022-02-18T16:25:11+00:00\",\"mainEntityOfPage\":{\"@id\":\"https:\\\/\\\/www.ascef.com\\\/es\\\/pimec-y-ascef-se-alian-para-impulsar-la-competitividad-de-las-pymes-familiares-catalanas\\\/\"},\"wordCount\":412,\"commentCount\":0,\"image\":{\"@id\":\"https:\\\/\\\/www.ascef.com\\\/es\\\/pimec-y-ascef-se-alian-para-impulsar-la-competitividad-de-las-pymes-familiares-catalanas\\\/#primaryimage\"},\"thumbnailUrl\":\"https:\\\/\\\/www.ascef.com\\\/wp-content\\\/uploads\\\/2022\\\/02\\\/IMG-20220215-WA0004-1.jpg\",\"articleSection\":[\"general\"],\"inLanguage\":\"es\"},{\"@type\":\"WebPage\",\"@id\":\"https:\\\/\\\/www.ascef.com\\\/es\\\/pimec-y-ascef-se-alian-para-impulsar-la-competitividad-de-las-pymes-familiares-catalanas\\\/\",\"url\":\"https:\\\/\\\/www.ascef.com\\\/es\\\/pimec-y-ascef-se-alian-para-impulsar-la-competitividad-de-las-pymes-familiares-catalanas\\\/\",\"name\":\"PIMEC y ASCEF se al\u00edan para impulsar la competitividad de las pymes familiares catalanas - ASCEF\",\"isPartOf\":{\"@id\":\"https:\\\/\\\/www.ascef.com\\\/es\\\/#website\"},\"primaryImageOfPage\":{\"@id\":\"https:\\\/\\\/www.ascef.com\\\/es\\\/pimec-y-ascef-se-alian-para-impulsar-la-competitividad-de-las-pymes-familiares-catalanas\\\/#primaryimage\"},\"image\":{\"@id\":\"https:\\\/\\\/www.ascef.com\\\/es\\\/pimec-y-ascef-se-alian-para-impulsar-la-competitividad-de-las-pymes-familiares-catalanas\\\/#primaryimage\"},\"thumbnailUrl\":\"https:\\\/\\\/www.ascef.com\\\/wp-content\\\/uploads\\\/2022\\\/02\\\/IMG-20220215-WA0004-1.jpg\",\"datePublished\":\"2022-02-18T16:25:11+00:00\",\"author\":{\"@id\":\"https:\\\/\\\/www.ascef.com\\\/es\\\/#\\\/schema\\\/person\\\/4b014c032ff354e425d6bca2bed0da77\"},\"breadcrumb\":{\"@id\":\"https:\\\/\\\/www.ascef.com\\\/es\\\/pimec-y-ascef-se-alian-para-impulsar-la-competitividad-de-las-pymes-familiares-catalanas\\\/#breadcrumb\"},\"inLanguage\":\"es\",\"potentialAction\":[{\"@type\":\"ReadAction\",\"target\":[\"https:\\\/\\\/www.ascef.com\\\/es\\\/pimec-y-ascef-se-alian-para-impulsar-la-competitividad-de-las-pymes-familiares-catalanas\\\/\"]}]},{\"@type\":\"ImageObject\",\"inLanguage\":\"es\",\"@id\":\"https:\\\/\\\/www.ascef.com\\\/es\\\/pimec-y-ascef-se-alian-para-impulsar-la-competitividad-de-las-pymes-familiares-catalanas\\\/#primaryimage\",\"url\":\"https:\\\/\\\/www.ascef.com\\\/wp-content\\\/uploads\\\/2022\\\/02\\\/IMG-20220215-WA0004-1.jpg\",\"contentUrl\":\"https:\\\/\\\/www.ascef.com\\\/wp-content\\\/uploads\\\/2022\\\/02\\\/IMG-20220215-WA0004-1.jpg\",\"width\":2048,\"height\":1302},{\"@type\":\"BreadcrumbList\",\"@id\":\"https:\\\/\\\/www.ascef.com\\\/es\\\/pimec-y-ascef-se-alian-para-impulsar-la-competitividad-de-las-pymes-familiares-catalanas\\\/#breadcrumb\",\"itemListElement\":[{\"@type\":\"ListItem\",\"position\":1,\"name\":\"Portada\",\"item\":\"https:\\\/\\\/www.ascef.com\\\/es\\\/\"},{\"@type\":\"ListItem\",\"position\":2,\"name\":\"PIMEC y ASCEF se al\u00edan para impulsar la competitividad de las pymes familiares catalanas\"}]},{\"@type\":\"WebSite\",\"@id\":\"https:\\\/\\\/www.ascef.com\\\/es\\\/#website\",\"url\":\"https:\\\/\\\/www.ascef.com\\\/es\\\/\",\"name\":\"ASCEF\",\"description\":\"Associaci\u00f3 Catalana de l\u2019Empresa Familiar\",\"potentialAction\":[{\"@type\":\"SearchAction\",\"target\":{\"@type\":\"EntryPoint\",\"urlTemplate\":\"https:\\\/\\\/www.ascef.com\\\/es\\\/?s={search_term_string}\"},\"query-input\":{\"@type\":\"PropertyValueSpecification\",\"valueRequired\":true,\"valueName\":\"search_term_string\"}}],\"inLanguage\":\"es\"},{\"@type\":\"Person\",\"@id\":\"https:\\\/\\\/www.ascef.com\\\/es\\\/#\\\/schema\\\/person\\\/4b014c032ff354e425d6bca2bed0da77\",\"name\":\"Alicia Farin\u00f3s\",\"url\":\"https:\\\/\\\/www.ascef.com\\\/es\\\/author\\\/alicia\\\/\"}]}<\/script>\n<!-- \/ Yoast SEO plugin. -->","yoast_head_json":{"title":"PIMEC y ASCEF se al\u00edan para impulsar la competitividad de las pymes familiares catalanas - ASCEF","robots":{"index":"index","follow":"follow","max-snippet":"max-snippet:-1","max-image-preview":"max-image-preview:large","max-video-preview":"max-video-preview:-1"},"canonical":"https:\/\/www.ascef.com\/es\/pimec-y-ascef-se-alian-para-impulsar-la-competitividad-de-las-pymes-familiares-catalanas\/","og_locale":"es_ES","og_type":"article","og_title":"PIMEC y ASCEF se al\u00edan para impulsar la competitividad de las pymes familiares catalanas - ASCEF","og_description":"Ambas entidades firman un acuerdo de colaboraci\u00f3n por el cual promueven el apoyo, defienden los intereses, y refuerzan el servicio a las empresas familiares de Catalu\u00f1a. Barcelona, 15 de febrero del 2022. PIMEC y la Asociaci\u00f3n Catalana de la Empresa Familiar (ASCEF) han acordado hoy promover el apoyo, defender los intereses y reforzar el servicio [&hellip;]","og_url":"https:\/\/www.ascef.com\/es\/pimec-y-ascef-se-alian-para-impulsar-la-competitividad-de-las-pymes-familiares-catalanas\/","og_site_name":"ASCEF","article_published_time":"2022-02-18T16:25:11+00:00","og_image":[{"width":2048,"height":1302,"url":"https:\/\/www.ascef.com\/wp-content\/uploads\/2022\/02\/IMG-20220215-WA0004-1.jpg","type":"image\/jpeg"}],"author":"Alicia Farin\u00f3s","twitter_card":"summary_large_image","twitter_misc":{"Escrito por":"Alicia Farin\u00f3s","Tiempo de lectura":"2 minutos"},"schema":{"@context":"https:\/\/schema.org","@graph":[{"@type":"Article","@id":"https:\/\/www.ascef.com\/es\/pimec-y-ascef-se-alian-para-impulsar-la-competitividad-de-las-pymes-familiares-catalanas\/#article","isPartOf":{"@id":"https:\/\/www.ascef.com\/es\/pimec-y-ascef-se-alian-para-impulsar-la-competitividad-de-las-pymes-familiares-catalanas\/"},"author":{"name":"Alicia Farin\u00f3s","@id":"https:\/\/www.ascef.com\/es\/#\/schema\/person\/4b014c032ff354e425d6bca2bed0da77"},"headline":"PIMEC y ASCEF se al\u00edan para impulsar la competitividad de las pymes familiares catalanas","datePublished":"2022-02-18T16:25:11+00:00","mainEntityOfPage":{"@id":"https:\/\/www.ascef.com\/es\/pimec-y-ascef-se-alian-para-impulsar-la-competitividad-de-las-pymes-familiares-catalanas\/"},"wordCount":412,"commentCount":0,"image":{"@id":"https:\/\/www.ascef.com\/es\/pimec-y-ascef-se-alian-para-impulsar-la-competitividad-de-las-pymes-familiares-catalanas\/#primaryimage"},"thumbnailUrl":"https:\/\/www.ascef.com\/wp-content\/uploads\/2022\/02\/IMG-20220215-WA0004-1.jpg","articleSection":["general"],"inLanguage":"es"},{"@type":"WebPage","@id":"https:\/\/www.ascef.com\/es\/pimec-y-ascef-se-alian-para-impulsar-la-competitividad-de-las-pymes-familiares-catalanas\/","url":"https:\/\/www.ascef.com\/es\/pimec-y-ascef-se-alian-para-impulsar-la-competitividad-de-las-pymes-familiares-catalanas\/","name":"PIMEC y ASCEF se al\u00edan para impulsar la competitividad de las pymes familiares catalanas - ASCEF","isPartOf":{"@id":"https:\/\/www.ascef.com\/es\/#website"},"primaryImageOfPage":{"@id":"https:\/\/www.ascef.com\/es\/pimec-y-ascef-se-alian-para-impulsar-la-competitividad-de-las-pymes-familiares-catalanas\/#primaryimage"},"image":{"@id":"https:\/\/www.ascef.com\/es\/pimec-y-ascef-se-alian-para-impulsar-la-competitividad-de-las-pymes-familiares-catalanas\/#primaryimage"},"thumbnailUrl":"https:\/\/www.ascef.com\/wp-content\/uploads\/2022\/02\/IMG-20220215-WA0004-1.jpg","datePublished":"2022-02-18T16:25:11+00:00","author":{"@id":"https:\/\/www.ascef.com\/es\/#\/schema\/person\/4b014c032ff354e425d6bca2bed0da77"},"breadcrumb":{"@id":"https:\/\/www.ascef.com\/es\/pimec-y-ascef-se-alian-para-impulsar-la-competitividad-de-las-pymes-familiares-catalanas\/#breadcrumb"},"inLanguage":"es","potentialAction":[{"@type":"ReadAction","target":["https:\/\/www.ascef.com\/es\/pimec-y-ascef-se-alian-para-impulsar-la-competitividad-de-las-pymes-familiares-catalanas\/"]}]},{"@type":"ImageObject","inLanguage":"es","@id":"https:\/\/www.ascef.com\/es\/pimec-y-ascef-se-alian-para-impulsar-la-competitividad-de-las-pymes-familiares-catalanas\/#primaryimage","url":"https:\/\/www.ascef.com\/wp-content\/uploads\/2022\/02\/IMG-20220215-WA0004-1.jpg","contentUrl":"https:\/\/www.ascef.com\/wp-content\/uploads\/2022\/02\/IMG-20220215-WA0004-1.jpg","width":2048,"height":1302},{"@type":"BreadcrumbList","@id":"https:\/\/www.ascef.com\/es\/pimec-y-ascef-se-alian-para-impulsar-la-competitividad-de-las-pymes-familiares-catalanas\/#breadcrumb","itemListElement":[{"@type":"ListItem","position":1,"name":"Portada","item":"https:\/\/www.ascef.com\/es\/"},{"@type":"ListItem","position":2,"name":"PIMEC y ASCEF se al\u00edan para impulsar la competitividad de las pymes familiares catalanas"}]},{"@type":"WebSite","@id":"https:\/\/www.ascef.com\/es\/#website","url":"https:\/\/www.ascef.com\/es\/","name":"ASCEF","description":"Associaci\u00f3 Catalana de l\u2019Empresa Familiar","potentialAction":[{"@type":"SearchAction","target":{"@type":"EntryPoint","urlTemplate":"https:\/\/www.ascef.com\/es\/?s={search_term_string}"},"query-input":{"@type":"PropertyValueSpecification","valueRequired":true,"valueName":"search_term_string"}}],"inLanguage":"es"},{"@type":"Person","@id":"https:\/\/www.ascef.com\/es\/#\/schema\/person\/4b014c032ff354e425d6bca2bed0da77","name":"Alicia Farin\u00f3s","url":"https:\/\/www.ascef.com\/es\/author\/alicia\/"}]}},"_links":{"self":[{"href":"https:\/\/www.ascef.com\/es\/wp-json\/wp\/v2\/posts\/4276","targetHints":{"allow":["GET"]}}],"collection":[{"href":"https:\/\/www.ascef.com\/es\/wp-json\/wp\/v2\/posts"}],"about":[{"href":"https:\/\/www.ascef.com\/es\/wp-json\/wp\/v2\/types\/post"}],"author":[{"embeddable":true,"href":"https:\/\/www.ascef.com\/es\/wp-json\/wp\/v2\/users\/3"}],"replies":[{"embeddable":true,"href":"https:\/\/www.ascef.com\/es\/wp-json\/wp\/v2\/comments?post=4276"}],"version-history":[{"count":1,"href":"https:\/\/www.ascef.com\/es\/wp-json\/wp\/v2\/posts\/4276\/revisions"}],"predecessor-version":[{"id":4277,"href":"https:\/\/www.ascef.com\/es\/wp-json\/wp\/v2\/posts\/4276\/revisions\/4277"}],"wp:featuredmedia":[{"embeddable":true,"href":"https:\/\/www.ascef.com\/es\/wp-json\/wp\/v2\/media\/4275"}],"wp:attachment":[{"href":"https:\/\/www.ascef.com\/es\/wp-json\/wp\/v2\/media?parent=4276"}],"wp:term":[{"taxonomy":"category","embeddable":true,"href":"https:\/\/www.ascef.com\/es\/wp-json\/wp\/v2\/categories?post=4276"},{"taxonomy":"post_tag","embeddable":true,"href":"https:\/\/www.ascef.com\/es\/wp-json\/wp\/v2\/tags?post=4276"}],"curies":[{"name":"wp","href":"https:\/\/api.w.org\/{rel}","templated":true}]}}