{"id":4132,"date":"2021-10-27T14:04:34","date_gmt":"2021-10-27T14:04:34","guid":{"rendered":"https:\/\/www.ascef.com\/?p=4132"},"modified":"2021-12-15T14:08:10","modified_gmt":"2021-12-15T14:08:10","slug":"ascef-en-el-xxiv-congreso-nacional-de-la-empresa-familiar","status":"publish","type":"post","link":"https:\/\/www.ascef.com\/es\/ascef-en-el-xxiv-congreso-nacional-de-la-empresa-familiar\/","title":{"rendered":"ASCEF en el XXIV Congreso Nacional de la Empresa Familiar"},"content":{"rendered":"<p>Un importante grupo de empresarios de ASCEF participaron, este mes de octubre, en el <strong>XXIV Congreso Nacional de la Empresa Familiar<\/strong>. En el encuentro, el presidente del IEF, <strong>Marc Puig<\/strong>, pidi\u00f3 una alianza con los poderes p\u00fablicos que permita a las empresas crecer y consolidarse. Para Puig \u201c<em>deber\u00edamos evitar que surjan dificultades que impidan la consolidaci\u00f3n, la continuidad y el crecimiento de nuestras empresas; de ah\u00ed nuestra petici\u00f3n para que no se pongan trabas al crecimiento, ni que las condiciones para ello sean peores que las de nuestros vecinos europeos<\/em>\u201d.<\/p>\n<p>En el marco del Congreso, el presidente de la ASCEF, <strong>Amadeu Jori<\/strong> procedi\u00f3 a la firma del documento de declaraci\u00f3n por la sostenibilidad econ\u00f3mica, social y medioambiental.<\/p>\n<p>&nbsp;<\/p>\n<p><img loading=\"lazy\" decoding=\"async\" class=\"aligncenter size-full wp-image-4136\" src=\"https:\/\/www.ascef.com\/wp-content\/uploads\/2021\/12\/27oct2.jpg\" alt=\"\" width=\"550\" height=\"367\" \/><\/p>\n","protected":false},"excerpt":{"rendered":"<p>Un importante grupo de empresarios de ASCEF participaron, este mes de octubre, en el XXIV Congreso Nacional de la Empresa Familiar. En el encuentro, el presidente del IEF, Marc Puig, pidi\u00f3 una alianza con los poderes p\u00fablicos que permita a las empresas crecer y consolidarse. Para Puig \u201cdeber\u00edamos evitar que surjan dificultades que impidan la [&hellip;]<\/p>\n","protected":false},"author":3,"featured_media":4133,"comment_status":"open","ping_status":"open","sticky":false,"template":"","format":"standard","meta":{"_acf_changed":false,"footnotes":""},"categories":[185],"tags":[],"class_list":["post-4132","post","type-post","status-publish","format-standard","has-post-thumbnail","hentry","category-general"],"acf":[],"yoast_head":"<!-- This site is optimized with the Yoast SEO plugin v27.5 - https:\/\/yoast.com\/product\/yoast-seo-wordpress\/ -->\n<title>ASCEF en el XXIV Congreso Nacional de la Empresa Familiar - ASCEF<\/title>\n<meta name=\"robots\" content=\"index, follow, max-snippet:-1, max-image-preview:large, max-video-preview:-1\" \/>\n<link rel=\"canonical\" href=\"https:\/\/www.ascef.com\/es\/ascef-en-el-xxiv-congreso-nacional-de-la-empresa-familiar\/\" \/>\n<meta property=\"og:locale\" content=\"es_ES\" \/>\n<meta property=\"og:type\" content=\"article\" \/>\n<meta property=\"og:title\" content=\"ASCEF en el XXIV Congreso Nacional de la Empresa Familiar - ASCEF\" \/>\n<meta property=\"og:description\" content=\"Un importante grupo de empresarios de ASCEF participaron, este mes de octubre, en el XXIV Congreso Nacional de la Empresa Familiar. En el encuentro, el presidente del IEF, Marc Puig, pidi\u00f3 una alianza con los poderes p\u00fablicos que permita a las empresas crecer y consolidarse. Para Puig \u201cdeber\u00edamos evitar que surjan dificultades que impidan la [&hellip;]\" \/>\n<meta property=\"og:url\" content=\"https:\/\/www.ascef.com\/es\/ascef-en-el-xxiv-congreso-nacional-de-la-empresa-familiar\/\" \/>\n<meta property=\"og:site_name\" content=\"ASCEF\" \/>\n<meta property=\"article:published_time\" content=\"2021-10-27T14:04:34+00:00\" \/>\n<meta property=\"article:modified_time\" content=\"2021-12-15T14:08:10+00:00\" \/>\n<meta property=\"og:image\" content=\"https:\/\/www.ascef.com\/wp-content\/uploads\/2021\/12\/27oct.png\" \/>\n\t<meta property=\"og:image:width\" content=\"378\" \/>\n\t<meta property=\"og:image:height\" content=\"252\" \/>\n\t<meta property=\"og:image:type\" content=\"image\/png\" \/>\n<meta name=\"author\" content=\"Alicia Farin\u00f3s\" \/>\n<meta name=\"twitter:card\" content=\"summary_large_image\" \/>\n<meta name=\"twitter:label1\" content=\"Escrito por\" \/>\n\t<meta name=\"twitter:data1\" content=\"Alicia Farin\u00f3s\" \/>\n\t<meta name=\"twitter:label2\" content=\"Tiempo de lectura\" \/>\n\t<meta name=\"twitter:data2\" content=\"1 minuto\" \/>\n<script type=\"application\/ld+json\" class=\"yoast-schema-graph\">{\"@context\":\"https:\\\/\\\/schema.org\",\"@graph\":[{\"@type\":\"Article\",\"@id\":\"https:\\\/\\\/www.ascef.com\\\/es\\\/ascef-en-el-xxiv-congreso-nacional-de-la-empresa-familiar\\\/#article\",\"isPartOf\":{\"@id\":\"https:\\\/\\\/www.ascef.com\\\/es\\\/ascef-en-el-xxiv-congreso-nacional-de-la-empresa-familiar\\\/\"},\"author\":{\"name\":\"Alicia Farin\u00f3s\",\"@id\":\"https:\\\/\\\/www.ascef.com\\\/es\\\/#\\\/schema\\\/person\\\/4b014c032ff354e425d6bca2bed0da77\"},\"headline\":\"ASCEF en el XXIV Congreso Nacional de la Empresa Familiar\",\"datePublished\":\"2021-10-27T14:04:34+00:00\",\"dateModified\":\"2021-12-15T14:08:10+00:00\",\"mainEntityOfPage\":{\"@id\":\"https:\\\/\\\/www.ascef.com\\\/es\\\/ascef-en-el-xxiv-congreso-nacional-de-la-empresa-familiar\\\/\"},\"wordCount\":134,\"commentCount\":0,\"image\":{\"@id\":\"https:\\\/\\\/www.ascef.com\\\/es\\\/ascef-en-el-xxiv-congreso-nacional-de-la-empresa-familiar\\\/#primaryimage\"},\"thumbnailUrl\":\"https:\\\/\\\/www.ascef.com\\\/wp-content\\\/uploads\\\/2021\\\/12\\\/27oct.png\",\"articleSection\":[\"general\"],\"inLanguage\":\"es\"},{\"@type\":\"WebPage\",\"@id\":\"https:\\\/\\\/www.ascef.com\\\/es\\\/ascef-en-el-xxiv-congreso-nacional-de-la-empresa-familiar\\\/\",\"url\":\"https:\\\/\\\/www.ascef.com\\\/es\\\/ascef-en-el-xxiv-congreso-nacional-de-la-empresa-familiar\\\/\",\"name\":\"ASCEF en el XXIV Congreso Nacional de la Empresa Familiar - ASCEF\",\"isPartOf\":{\"@id\":\"https:\\\/\\\/www.ascef.com\\\/es\\\/#website\"},\"primaryImageOfPage\":{\"@id\":\"https:\\\/\\\/www.ascef.com\\\/es\\\/ascef-en-el-xxiv-congreso-nacional-de-la-empresa-familiar\\\/#primaryimage\"},\"image\":{\"@id\":\"https:\\\/\\\/www.ascef.com\\\/es\\\/ascef-en-el-xxiv-congreso-nacional-de-la-empresa-familiar\\\/#primaryimage\"},\"thumbnailUrl\":\"https:\\\/\\\/www.ascef.com\\\/wp-content\\\/uploads\\\/2021\\\/12\\\/27oct.png\",\"datePublished\":\"2021-10-27T14:04:34+00:00\",\"dateModified\":\"2021-12-15T14:08:10+00:00\",\"author\":{\"@id\":\"https:\\\/\\\/www.ascef.com\\\/es\\\/#\\\/schema\\\/person\\\/4b014c032ff354e425d6bca2bed0da77\"},\"breadcrumb\":{\"@id\":\"https:\\\/\\\/www.ascef.com\\\/es\\\/ascef-en-el-xxiv-congreso-nacional-de-la-empresa-familiar\\\/#breadcrumb\"},\"inLanguage\":\"es\",\"potentialAction\":[{\"@type\":\"ReadAction\",\"target\":[\"https:\\\/\\\/www.ascef.com\\\/es\\\/ascef-en-el-xxiv-congreso-nacional-de-la-empresa-familiar\\\/\"]}]},{\"@type\":\"ImageObject\",\"inLanguage\":\"es\",\"@id\":\"https:\\\/\\\/www.ascef.com\\\/es\\\/ascef-en-el-xxiv-congreso-nacional-de-la-empresa-familiar\\\/#primaryimage\",\"url\":\"https:\\\/\\\/www.ascef.com\\\/wp-content\\\/uploads\\\/2021\\\/12\\\/27oct.png\",\"contentUrl\":\"https:\\\/\\\/www.ascef.com\\\/wp-content\\\/uploads\\\/2021\\\/12\\\/27oct.png\",\"width\":378,\"height\":252},{\"@type\":\"BreadcrumbList\",\"@id\":\"https:\\\/\\\/www.ascef.com\\\/es\\\/ascef-en-el-xxiv-congreso-nacional-de-la-empresa-familiar\\\/#breadcrumb\",\"itemListElement\":[{\"@type\":\"ListItem\",\"position\":1,\"name\":\"Portada\",\"item\":\"https:\\\/\\\/www.ascef.com\\\/es\\\/\"},{\"@type\":\"ListItem\",\"position\":2,\"name\":\"ASCEF en el XXIV Congreso Nacional de la Empresa Familiar\"}]},{\"@type\":\"WebSite\",\"@id\":\"https:\\\/\\\/www.ascef.com\\\/es\\\/#website\",\"url\":\"https:\\\/\\\/www.ascef.com\\\/es\\\/\",\"name\":\"ASCEF\",\"description\":\"Associaci\u00f3 Catalana de l\u2019Empresa Familiar\",\"potentialAction\":[{\"@type\":\"SearchAction\",\"target\":{\"@type\":\"EntryPoint\",\"urlTemplate\":\"https:\\\/\\\/www.ascef.com\\\/es\\\/?s={search_term_string}\"},\"query-input\":{\"@type\":\"PropertyValueSpecification\",\"valueRequired\":true,\"valueName\":\"search_term_string\"}}],\"inLanguage\":\"es\"},{\"@type\":\"Person\",\"@id\":\"https:\\\/\\\/www.ascef.com\\\/es\\\/#\\\/schema\\\/person\\\/4b014c032ff354e425d6bca2bed0da77\",\"name\":\"Alicia Farin\u00f3s\",\"url\":\"https:\\\/\\\/www.ascef.com\\\/es\\\/author\\\/alicia\\\/\"}]}<\/script>\n<!-- \/ Yoast SEO plugin. -->","yoast_head_json":{"title":"ASCEF en el XXIV Congreso Nacional de la Empresa Familiar - ASCEF","robots":{"index":"index","follow":"follow","max-snippet":"max-snippet:-1","max-image-preview":"max-image-preview:large","max-video-preview":"max-video-preview:-1"},"canonical":"https:\/\/www.ascef.com\/es\/ascef-en-el-xxiv-congreso-nacional-de-la-empresa-familiar\/","og_locale":"es_ES","og_type":"article","og_title":"ASCEF en el XXIV Congreso Nacional de la Empresa Familiar - ASCEF","og_description":"Un importante grupo de empresarios de ASCEF participaron, este mes de octubre, en el XXIV Congreso Nacional de la Empresa Familiar. En el encuentro, el presidente del IEF, Marc Puig, pidi\u00f3 una alianza con los poderes p\u00fablicos que permita a las empresas crecer y consolidarse. Para Puig \u201cdeber\u00edamos evitar que surjan dificultades que impidan la [&hellip;]","og_url":"https:\/\/www.ascef.com\/es\/ascef-en-el-xxiv-congreso-nacional-de-la-empresa-familiar\/","og_site_name":"ASCEF","article_published_time":"2021-10-27T14:04:34+00:00","article_modified_time":"2021-12-15T14:08:10+00:00","og_image":[{"width":378,"height":252,"url":"https:\/\/www.ascef.com\/wp-content\/uploads\/2021\/12\/27oct.png","type":"image\/png"}],"author":"Alicia Farin\u00f3s","twitter_card":"summary_large_image","twitter_misc":{"Escrito por":"Alicia Farin\u00f3s","Tiempo de lectura":"1 minuto"},"schema":{"@context":"https:\/\/schema.org","@graph":[{"@type":"Article","@id":"https:\/\/www.ascef.com\/es\/ascef-en-el-xxiv-congreso-nacional-de-la-empresa-familiar\/#article","isPartOf":{"@id":"https:\/\/www.ascef.com\/es\/ascef-en-el-xxiv-congreso-nacional-de-la-empresa-familiar\/"},"author":{"name":"Alicia Farin\u00f3s","@id":"https:\/\/www.ascef.com\/es\/#\/schema\/person\/4b014c032ff354e425d6bca2bed0da77"},"headline":"ASCEF en el XXIV Congreso Nacional de la Empresa Familiar","datePublished":"2021-10-27T14:04:34+00:00","dateModified":"2021-12-15T14:08:10+00:00","mainEntityOfPage":{"@id":"https:\/\/www.ascef.com\/es\/ascef-en-el-xxiv-congreso-nacional-de-la-empresa-familiar\/"},"wordCount":134,"commentCount":0,"image":{"@id":"https:\/\/www.ascef.com\/es\/ascef-en-el-xxiv-congreso-nacional-de-la-empresa-familiar\/#primaryimage"},"thumbnailUrl":"https:\/\/www.ascef.com\/wp-content\/uploads\/2021\/12\/27oct.png","articleSection":["general"],"inLanguage":"es"},{"@type":"WebPage","@id":"https:\/\/www.ascef.com\/es\/ascef-en-el-xxiv-congreso-nacional-de-la-empresa-familiar\/","url":"https:\/\/www.ascef.com\/es\/ascef-en-el-xxiv-congreso-nacional-de-la-empresa-familiar\/","name":"ASCEF en el XXIV Congreso Nacional de la Empresa Familiar - ASCEF","isPartOf":{"@id":"https:\/\/www.ascef.com\/es\/#website"},"primaryImageOfPage":{"@id":"https:\/\/www.ascef.com\/es\/ascef-en-el-xxiv-congreso-nacional-de-la-empresa-familiar\/#primaryimage"},"image":{"@id":"https:\/\/www.ascef.com\/es\/ascef-en-el-xxiv-congreso-nacional-de-la-empresa-familiar\/#primaryimage"},"thumbnailUrl":"https:\/\/www.ascef.com\/wp-content\/uploads\/2021\/12\/27oct.png","datePublished":"2021-10-27T14:04:34+00:00","dateModified":"2021-12-15T14:08:10+00:00","author":{"@id":"https:\/\/www.ascef.com\/es\/#\/schema\/person\/4b014c032ff354e425d6bca2bed0da77"},"breadcrumb":{"@id":"https:\/\/www.ascef.com\/es\/ascef-en-el-xxiv-congreso-nacional-de-la-empresa-familiar\/#breadcrumb"},"inLanguage":"es","potentialAction":[{"@type":"ReadAction","target":["https:\/\/www.ascef.com\/es\/ascef-en-el-xxiv-congreso-nacional-de-la-empresa-familiar\/"]}]},{"@type":"ImageObject","inLanguage":"es","@id":"https:\/\/www.ascef.com\/es\/ascef-en-el-xxiv-congreso-nacional-de-la-empresa-familiar\/#primaryimage","url":"https:\/\/www.ascef.com\/wp-content\/uploads\/2021\/12\/27oct.png","contentUrl":"https:\/\/www.ascef.com\/wp-content\/uploads\/2021\/12\/27oct.png","width":378,"height":252},{"@type":"BreadcrumbList","@id":"https:\/\/www.ascef.com\/es\/ascef-en-el-xxiv-congreso-nacional-de-la-empresa-familiar\/#breadcrumb","itemListElement":[{"@type":"ListItem","position":1,"name":"Portada","item":"https:\/\/www.ascef.com\/es\/"},{"@type":"ListItem","position":2,"name":"ASCEF en el XXIV Congreso Nacional de la Empresa Familiar"}]},{"@type":"WebSite","@id":"https:\/\/www.ascef.com\/es\/#website","url":"https:\/\/www.ascef.com\/es\/","name":"ASCEF","description":"Associaci\u00f3 Catalana de l\u2019Empresa Familiar","potentialAction":[{"@type":"SearchAction","target":{"@type":"EntryPoint","urlTemplate":"https:\/\/www.ascef.com\/es\/?s={search_term_string}"},"query-input":{"@type":"PropertyValueSpecification","valueRequired":true,"valueName":"search_term_string"}}],"inLanguage":"es"},{"@type":"Person","@id":"https:\/\/www.ascef.com\/es\/#\/schema\/person\/4b014c032ff354e425d6bca2bed0da77","name":"Alicia Farin\u00f3s","url":"https:\/\/www.ascef.com\/es\/author\/alicia\/"}]}},"_links":{"self":[{"href":"https:\/\/www.ascef.com\/es\/wp-json\/wp\/v2\/posts\/4132","targetHints":{"allow":["GET"]}}],"collection":[{"href":"https:\/\/www.ascef.com\/es\/wp-json\/wp\/v2\/posts"}],"about":[{"href":"https:\/\/www.ascef.com\/es\/wp-json\/wp\/v2\/types\/post"}],"author":[{"embeddable":true,"href":"https:\/\/www.ascef.com\/es\/wp-json\/wp\/v2\/users\/3"}],"replies":[{"embeddable":true,"href":"https:\/\/www.ascef.com\/es\/wp-json\/wp\/v2\/comments?post=4132"}],"version-history":[{"count":1,"href":"https:\/\/www.ascef.com\/es\/wp-json\/wp\/v2\/posts\/4132\/revisions"}],"predecessor-version":[{"id":4139,"href":"https:\/\/www.ascef.com\/es\/wp-json\/wp\/v2\/posts\/4132\/revisions\/4139"}],"wp:featuredmedia":[{"embeddable":true,"href":"https:\/\/www.ascef.com\/es\/wp-json\/wp\/v2\/media\/4133"}],"wp:attachment":[{"href":"https:\/\/www.ascef.com\/es\/wp-json\/wp\/v2\/media?parent=4132"}],"wp:term":[{"taxonomy":"category","embeddable":true,"href":"https:\/\/www.ascef.com\/es\/wp-json\/wp\/v2\/categories?post=4132"},{"taxonomy":"post_tag","embeddable":true,"href":"https:\/\/www.ascef.com\/es\/wp-json\/wp\/v2\/tags?post=4132"}],"curies":[{"name":"wp","href":"https:\/\/api.w.org\/{rel}","templated":true}]}}