{"id":4121,"date":"2021-11-25T08:44:49","date_gmt":"2021-11-25T08:44:49","guid":{"rendered":"https:\/\/www.ascef.com\/?p=4121"},"modified":"2021-12-17T14:10:07","modified_gmt":"2021-12-17T14:10:07","slug":"marc-puig-ma-del-mar-nogareda-y-joaquin-serra-una-vision-de-futuro-en-el-encuentro-anual-de-la-ascef","status":"publish","type":"post","link":"https:\/\/www.ascef.com\/es\/marc-puig-ma-del-mar-nogareda-y-joaquin-serra-una-vision-de-futuro-en-el-encuentro-anual-de-la-ascef\/","title":{"rendered":"Marc Puig, M\u00aa del Mar Nogareda y Joaqu\u00edn Serra, una visi\u00f3n de futuro en el encuentro anual de la ASCEF"},"content":{"rendered":"<p>El <strong>encuentro anual de la ASCEF<\/strong>, celebrado hoy, 25 de noviembre, ha contado con la participaci\u00f3n de <strong>M\u00aa del Mar Nogareda<\/strong>, vicepresidenta ejecutiva de HIPRA; <strong>Joaqu\u00edn Serra<\/strong>, Senior VP &amp; CBDO de NATURA BISS\u00c9, y de<strong> Marc Puig<\/strong>, presidente ejecutivo de PUIG y presidente del IEF, d\u00f3nde han hablado de innovaci\u00f3n, sostenibilidad, relevo generacional y otros temas vinculados con el futuro de la empresa familiar.<\/p>\n<p>&nbsp;<\/p>\n<p>Con <strong>Amadeu Jori<\/strong>, presidente de la ASCEF, como anfitri\u00f3n, Marc Puig ha hecho referencia a c\u00f3mo las empresas no pueden trabajar solo pensando en maximizar el beneficio sino tambi\u00e9n en atender a demandas de sus grupos de inter\u00e9s (stakeholders), desde clientes y proveedores hasta los trabajadores y la propia comunidad, promoviendo un capitalismo m\u00e1s humano y sostenible. \u201d<em>Algo que ya es innato en la forma de actuar de la empresa familiar\u201d, <\/em>ha afirmado.<\/p>\n<p>&nbsp;<\/p>\n<p>Puig tambi\u00e9n ha hablado de la relaci\u00f3n empresa-familia: \u201c<em>Mientras que la empresa necesita jerarqu\u00eda, la familia necesita igualdad. Por ello es importante crear un sistema de autolimitaci\u00f3n de la familia que ayude a la toma de decisiones objetivas\u201d.<\/em><\/p>\n<p><em>\u00a0<\/em><\/p>\n<p>Por su parte, M\u00aa del Mar Nogareda ha explicado c\u00f3mo la investigaci\u00f3n y la innovaci\u00f3n forman parte del ADN de HIPRA \u201c<em>no solo dedicamos el 10% de la facturaci\u00f3n a investigar, sino que tambi\u00e9n somos inconformistas y disruptivos, con unas ideas muy claras de lo que queremos hacer y tambi\u00e9n de lo que no\u201d.<\/em> Tambi\u00e9n ha hablado del gran reto que para ellos representa, como expertos en vacunas que son, pasar del sector veterinario al sector humano, con la nueva vacuna de la COVID, que est\u00e1n desarrollando.<\/p>\n<p>&nbsp;<\/p>\n<p>Para Joaqu\u00edn Serra, las empresas deben realizar una gesti\u00f3n sostenible de su actividad. \u201c<em>En Natura Biss\u00e9, no solo actuamos as\u00ed, sin\u00f3 que tambi\u00e9n invertimos un porcentaje significativo de la facturaci\u00f3n en nuestra Fundaci\u00f3n, lo que demuestra la importancia que damos a la responsabilidad social corporativa\u201d.<\/em> En cuanto a innovaci\u00f3n ha puesto especial \u00e9nfasis en que \u00e9sta lleva impl\u00edcitos los conceptos de pasi\u00f3n y perseverancia.<\/p>\n<p>La mesa redonda sobre innovaci\u00f3n ha sido moderada por <strong>Jos\u00e9 Luis Blanco<\/strong>, director general ejecutivo del IEF.<\/p>\n<p>El encuentro tambi\u00e9n ha contado con una ponencia sobre los fondos Next Generation a cargo del <strong>Banco de Santander<\/strong>.<\/p>\n<p>&nbsp;<\/p>\n<p><img loading=\"lazy\" decoding=\"async\" class=\"aligncenter  wp-image-4175\" src=\"https:\/\/www.ascef.com\/wp-content\/uploads\/2021\/11\/IMG_4604.jpg\" alt=\"\" width=\"651\" height=\"433\" srcset=\"https:\/\/www.ascef.com\/wp-content\/uploads\/2021\/11\/IMG_4604.jpg 2100w, https:\/\/www.ascef.com\/wp-content\/uploads\/2021\/11\/IMG_4604-1024x681.jpg 1024w, https:\/\/www.ascef.com\/wp-content\/uploads\/2021\/11\/IMG_4604-768x511.jpg 768w, https:\/\/www.ascef.com\/wp-content\/uploads\/2021\/11\/IMG_4604-1536x1022.jpg 1536w, https:\/\/www.ascef.com\/wp-content\/uploads\/2021\/11\/IMG_4604-2048x1362.jpg 2048w\" sizes=\"auto, (max-width: 651px) 100vw, 651px\" \/><\/p>\n","protected":false},"excerpt":{"rendered":"<p>El encuentro anual de la ASCEF, celebrado hoy, 25 de noviembre, ha contado con la participaci\u00f3n de M\u00aa del Mar Nogareda, vicepresidenta ejecutiva de HIPRA; Joaqu\u00edn Serra, Senior VP &amp; CBDO de NATURA BISS\u00c9, y de Marc Puig, presidente ejecutivo de PUIG y presidente del IEF, d\u00f3nde han hablado de innovaci\u00f3n, sostenibilidad, relevo generacional y [&hellip;]<\/p>\n","protected":false},"author":3,"featured_media":4122,"comment_status":"open","ping_status":"open","sticky":false,"template":"","format":"standard","meta":{"_acf_changed":false,"footnotes":""},"categories":[185],"tags":[],"class_list":["post-4121","post","type-post","status-publish","format-standard","has-post-thumbnail","hentry","category-general"],"acf":[],"yoast_head":"<!-- This site is optimized with the Yoast SEO plugin v27.5 - https:\/\/yoast.com\/product\/yoast-seo-wordpress\/ -->\n<title>Marc Puig, M\u00aa del Mar Nogareda y Joaqu\u00edn Serra, una visi\u00f3n de futuro en el encuentro anual de la ASCEF - ASCEF<\/title>\n<meta name=\"robots\" content=\"index, follow, max-snippet:-1, max-image-preview:large, max-video-preview:-1\" \/>\n<link rel=\"canonical\" href=\"https:\/\/www.ascef.com\/es\/marc-puig-ma-del-mar-nogareda-y-joaquin-serra-una-vision-de-futuro-en-el-encuentro-anual-de-la-ascef\/\" \/>\n<meta property=\"og:locale\" content=\"es_ES\" \/>\n<meta property=\"og:type\" content=\"article\" \/>\n<meta property=\"og:title\" content=\"Marc Puig, M\u00aa del Mar Nogareda y Joaqu\u00edn Serra, una visi\u00f3n de futuro en el encuentro anual de la ASCEF - ASCEF\" \/>\n<meta property=\"og:description\" content=\"El encuentro anual de la ASCEF, celebrado hoy, 25 de noviembre, ha contado con la participaci\u00f3n de M\u00aa del Mar Nogareda, vicepresidenta ejecutiva de HIPRA; Joaqu\u00edn Serra, Senior VP &amp; CBDO de NATURA BISS\u00c9, y de Marc Puig, presidente ejecutivo de PUIG y presidente del IEF, d\u00f3nde han hablado de innovaci\u00f3n, sostenibilidad, relevo generacional y [&hellip;]\" \/>\n<meta property=\"og:url\" content=\"https:\/\/www.ascef.com\/es\/marc-puig-ma-del-mar-nogareda-y-joaquin-serra-una-vision-de-futuro-en-el-encuentro-anual-de-la-ascef\/\" \/>\n<meta property=\"og:site_name\" content=\"ASCEF\" \/>\n<meta property=\"article:published_time\" content=\"2021-11-25T08:44:49+00:00\" \/>\n<meta property=\"article:modified_time\" content=\"2021-12-17T14:10:07+00:00\" \/>\n<meta property=\"og:image\" content=\"https:\/\/www.ascef.com\/wp-content\/uploads\/2021\/12\/trobada.jpg\" \/>\n\t<meta property=\"og:image:width\" content=\"1280\" \/>\n\t<meta property=\"og:image:height\" content=\"853\" \/>\n\t<meta property=\"og:image:type\" content=\"image\/jpeg\" \/>\n<meta name=\"author\" content=\"Alicia Farin\u00f3s\" \/>\n<meta name=\"twitter:card\" content=\"summary_large_image\" \/>\n<meta name=\"twitter:label1\" content=\"Escrito por\" \/>\n\t<meta name=\"twitter:data1\" content=\"Alicia Farin\u00f3s\" \/>\n\t<meta name=\"twitter:label2\" content=\"Tiempo de lectura\" \/>\n\t<meta name=\"twitter:data2\" content=\"2 minutos\" \/>\n<script type=\"application\/ld+json\" class=\"yoast-schema-graph\">{\"@context\":\"https:\\\/\\\/schema.org\",\"@graph\":[{\"@type\":\"Article\",\"@id\":\"https:\\\/\\\/www.ascef.com\\\/es\\\/marc-puig-ma-del-mar-nogareda-y-joaquin-serra-una-vision-de-futuro-en-el-encuentro-anual-de-la-ascef\\\/#article\",\"isPartOf\":{\"@id\":\"https:\\\/\\\/www.ascef.com\\\/es\\\/marc-puig-ma-del-mar-nogareda-y-joaquin-serra-una-vision-de-futuro-en-el-encuentro-anual-de-la-ascef\\\/\"},\"author\":{\"name\":\"Alicia Farin\u00f3s\",\"@id\":\"https:\\\/\\\/www.ascef.com\\\/es\\\/#\\\/schema\\\/person\\\/4b014c032ff354e425d6bca2bed0da77\"},\"headline\":\"Marc Puig, M\u00aa del Mar Nogareda y Joaqu\u00edn Serra, una visi\u00f3n de futuro en el encuentro anual de la ASCEF\",\"datePublished\":\"2021-11-25T08:44:49+00:00\",\"dateModified\":\"2021-12-17T14:10:07+00:00\",\"mainEntityOfPage\":{\"@id\":\"https:\\\/\\\/www.ascef.com\\\/es\\\/marc-puig-ma-del-mar-nogareda-y-joaquin-serra-una-vision-de-futuro-en-el-encuentro-anual-de-la-ascef\\\/\"},\"wordCount\":418,\"commentCount\":0,\"image\":{\"@id\":\"https:\\\/\\\/www.ascef.com\\\/es\\\/marc-puig-ma-del-mar-nogareda-y-joaquin-serra-una-vision-de-futuro-en-el-encuentro-anual-de-la-ascef\\\/#primaryimage\"},\"thumbnailUrl\":\"https:\\\/\\\/www.ascef.com\\\/wp-content\\\/uploads\\\/2021\\\/12\\\/trobada.jpg\",\"articleSection\":[\"general\"],\"inLanguage\":\"es\"},{\"@type\":\"WebPage\",\"@id\":\"https:\\\/\\\/www.ascef.com\\\/es\\\/marc-puig-ma-del-mar-nogareda-y-joaquin-serra-una-vision-de-futuro-en-el-encuentro-anual-de-la-ascef\\\/\",\"url\":\"https:\\\/\\\/www.ascef.com\\\/es\\\/marc-puig-ma-del-mar-nogareda-y-joaquin-serra-una-vision-de-futuro-en-el-encuentro-anual-de-la-ascef\\\/\",\"name\":\"Marc Puig, M\u00aa del Mar Nogareda y Joaqu\u00edn Serra, una visi\u00f3n de futuro en el encuentro anual de la ASCEF - ASCEF\",\"isPartOf\":{\"@id\":\"https:\\\/\\\/www.ascef.com\\\/es\\\/#website\"},\"primaryImageOfPage\":{\"@id\":\"https:\\\/\\\/www.ascef.com\\\/es\\\/marc-puig-ma-del-mar-nogareda-y-joaquin-serra-una-vision-de-futuro-en-el-encuentro-anual-de-la-ascef\\\/#primaryimage\"},\"image\":{\"@id\":\"https:\\\/\\\/www.ascef.com\\\/es\\\/marc-puig-ma-del-mar-nogareda-y-joaquin-serra-una-vision-de-futuro-en-el-encuentro-anual-de-la-ascef\\\/#primaryimage\"},\"thumbnailUrl\":\"https:\\\/\\\/www.ascef.com\\\/wp-content\\\/uploads\\\/2021\\\/12\\\/trobada.jpg\",\"datePublished\":\"2021-11-25T08:44:49+00:00\",\"dateModified\":\"2021-12-17T14:10:07+00:00\",\"author\":{\"@id\":\"https:\\\/\\\/www.ascef.com\\\/es\\\/#\\\/schema\\\/person\\\/4b014c032ff354e425d6bca2bed0da77\"},\"breadcrumb\":{\"@id\":\"https:\\\/\\\/www.ascef.com\\\/es\\\/marc-puig-ma-del-mar-nogareda-y-joaquin-serra-una-vision-de-futuro-en-el-encuentro-anual-de-la-ascef\\\/#breadcrumb\"},\"inLanguage\":\"es\",\"potentialAction\":[{\"@type\":\"ReadAction\",\"target\":[\"https:\\\/\\\/www.ascef.com\\\/es\\\/marc-puig-ma-del-mar-nogareda-y-joaquin-serra-una-vision-de-futuro-en-el-encuentro-anual-de-la-ascef\\\/\"]}]},{\"@type\":\"ImageObject\",\"inLanguage\":\"es\",\"@id\":\"https:\\\/\\\/www.ascef.com\\\/es\\\/marc-puig-ma-del-mar-nogareda-y-joaquin-serra-una-vision-de-futuro-en-el-encuentro-anual-de-la-ascef\\\/#primaryimage\",\"url\":\"https:\\\/\\\/www.ascef.com\\\/wp-content\\\/uploads\\\/2021\\\/12\\\/trobada.jpg\",\"contentUrl\":\"https:\\\/\\\/www.ascef.com\\\/wp-content\\\/uploads\\\/2021\\\/12\\\/trobada.jpg\",\"width\":1280,\"height\":853},{\"@type\":\"BreadcrumbList\",\"@id\":\"https:\\\/\\\/www.ascef.com\\\/es\\\/marc-puig-ma-del-mar-nogareda-y-joaquin-serra-una-vision-de-futuro-en-el-encuentro-anual-de-la-ascef\\\/#breadcrumb\",\"itemListElement\":[{\"@type\":\"ListItem\",\"position\":1,\"name\":\"Portada\",\"item\":\"https:\\\/\\\/www.ascef.com\\\/es\\\/\"},{\"@type\":\"ListItem\",\"position\":2,\"name\":\"Marc Puig, M\u00aa del Mar Nogareda y Joaqu\u00edn Serra, una visi\u00f3n de futuro en el encuentro anual de la ASCEF\"}]},{\"@type\":\"WebSite\",\"@id\":\"https:\\\/\\\/www.ascef.com\\\/es\\\/#website\",\"url\":\"https:\\\/\\\/www.ascef.com\\\/es\\\/\",\"name\":\"ASCEF\",\"description\":\"Associaci\u00f3 Catalana de l\u2019Empresa Familiar\",\"potentialAction\":[{\"@type\":\"SearchAction\",\"target\":{\"@type\":\"EntryPoint\",\"urlTemplate\":\"https:\\\/\\\/www.ascef.com\\\/es\\\/?s={search_term_string}\"},\"query-input\":{\"@type\":\"PropertyValueSpecification\",\"valueRequired\":true,\"valueName\":\"search_term_string\"}}],\"inLanguage\":\"es\"},{\"@type\":\"Person\",\"@id\":\"https:\\\/\\\/www.ascef.com\\\/es\\\/#\\\/schema\\\/person\\\/4b014c032ff354e425d6bca2bed0da77\",\"name\":\"Alicia Farin\u00f3s\",\"url\":\"https:\\\/\\\/www.ascef.com\\\/es\\\/author\\\/alicia\\\/\"}]}<\/script>\n<!-- \/ Yoast SEO plugin. -->","yoast_head_json":{"title":"Marc Puig, M\u00aa del Mar Nogareda y Joaqu\u00edn Serra, una visi\u00f3n de futuro en el encuentro anual de la ASCEF - ASCEF","robots":{"index":"index","follow":"follow","max-snippet":"max-snippet:-1","max-image-preview":"max-image-preview:large","max-video-preview":"max-video-preview:-1"},"canonical":"https:\/\/www.ascef.com\/es\/marc-puig-ma-del-mar-nogareda-y-joaquin-serra-una-vision-de-futuro-en-el-encuentro-anual-de-la-ascef\/","og_locale":"es_ES","og_type":"article","og_title":"Marc Puig, M\u00aa del Mar Nogareda y Joaqu\u00edn Serra, una visi\u00f3n de futuro en el encuentro anual de la ASCEF - ASCEF","og_description":"El encuentro anual de la ASCEF, celebrado hoy, 25 de noviembre, ha contado con la participaci\u00f3n de M\u00aa del Mar Nogareda, vicepresidenta ejecutiva de HIPRA; Joaqu\u00edn Serra, Senior VP &amp; CBDO de NATURA BISS\u00c9, y de Marc Puig, presidente ejecutivo de PUIG y presidente del IEF, d\u00f3nde han hablado de innovaci\u00f3n, sostenibilidad, relevo generacional y [&hellip;]","og_url":"https:\/\/www.ascef.com\/es\/marc-puig-ma-del-mar-nogareda-y-joaquin-serra-una-vision-de-futuro-en-el-encuentro-anual-de-la-ascef\/","og_site_name":"ASCEF","article_published_time":"2021-11-25T08:44:49+00:00","article_modified_time":"2021-12-17T14:10:07+00:00","og_image":[{"width":1280,"height":853,"url":"https:\/\/www.ascef.com\/wp-content\/uploads\/2021\/12\/trobada.jpg","type":"image\/jpeg"}],"author":"Alicia Farin\u00f3s","twitter_card":"summary_large_image","twitter_misc":{"Escrito por":"Alicia Farin\u00f3s","Tiempo de lectura":"2 minutos"},"schema":{"@context":"https:\/\/schema.org","@graph":[{"@type":"Article","@id":"https:\/\/www.ascef.com\/es\/marc-puig-ma-del-mar-nogareda-y-joaquin-serra-una-vision-de-futuro-en-el-encuentro-anual-de-la-ascef\/#article","isPartOf":{"@id":"https:\/\/www.ascef.com\/es\/marc-puig-ma-del-mar-nogareda-y-joaquin-serra-una-vision-de-futuro-en-el-encuentro-anual-de-la-ascef\/"},"author":{"name":"Alicia Farin\u00f3s","@id":"https:\/\/www.ascef.com\/es\/#\/schema\/person\/4b014c032ff354e425d6bca2bed0da77"},"headline":"Marc Puig, M\u00aa del Mar Nogareda y Joaqu\u00edn Serra, una visi\u00f3n de futuro en el encuentro anual de la ASCEF","datePublished":"2021-11-25T08:44:49+00:00","dateModified":"2021-12-17T14:10:07+00:00","mainEntityOfPage":{"@id":"https:\/\/www.ascef.com\/es\/marc-puig-ma-del-mar-nogareda-y-joaquin-serra-una-vision-de-futuro-en-el-encuentro-anual-de-la-ascef\/"},"wordCount":418,"commentCount":0,"image":{"@id":"https:\/\/www.ascef.com\/es\/marc-puig-ma-del-mar-nogareda-y-joaquin-serra-una-vision-de-futuro-en-el-encuentro-anual-de-la-ascef\/#primaryimage"},"thumbnailUrl":"https:\/\/www.ascef.com\/wp-content\/uploads\/2021\/12\/trobada.jpg","articleSection":["general"],"inLanguage":"es"},{"@type":"WebPage","@id":"https:\/\/www.ascef.com\/es\/marc-puig-ma-del-mar-nogareda-y-joaquin-serra-una-vision-de-futuro-en-el-encuentro-anual-de-la-ascef\/","url":"https:\/\/www.ascef.com\/es\/marc-puig-ma-del-mar-nogareda-y-joaquin-serra-una-vision-de-futuro-en-el-encuentro-anual-de-la-ascef\/","name":"Marc Puig, M\u00aa del Mar Nogareda y Joaqu\u00edn Serra, una visi\u00f3n de futuro en el encuentro anual de la ASCEF - ASCEF","isPartOf":{"@id":"https:\/\/www.ascef.com\/es\/#website"},"primaryImageOfPage":{"@id":"https:\/\/www.ascef.com\/es\/marc-puig-ma-del-mar-nogareda-y-joaquin-serra-una-vision-de-futuro-en-el-encuentro-anual-de-la-ascef\/#primaryimage"},"image":{"@id":"https:\/\/www.ascef.com\/es\/marc-puig-ma-del-mar-nogareda-y-joaquin-serra-una-vision-de-futuro-en-el-encuentro-anual-de-la-ascef\/#primaryimage"},"thumbnailUrl":"https:\/\/www.ascef.com\/wp-content\/uploads\/2021\/12\/trobada.jpg","datePublished":"2021-11-25T08:44:49+00:00","dateModified":"2021-12-17T14:10:07+00:00","author":{"@id":"https:\/\/www.ascef.com\/es\/#\/schema\/person\/4b014c032ff354e425d6bca2bed0da77"},"breadcrumb":{"@id":"https:\/\/www.ascef.com\/es\/marc-puig-ma-del-mar-nogareda-y-joaquin-serra-una-vision-de-futuro-en-el-encuentro-anual-de-la-ascef\/#breadcrumb"},"inLanguage":"es","potentialAction":[{"@type":"ReadAction","target":["https:\/\/www.ascef.com\/es\/marc-puig-ma-del-mar-nogareda-y-joaquin-serra-una-vision-de-futuro-en-el-encuentro-anual-de-la-ascef\/"]}]},{"@type":"ImageObject","inLanguage":"es","@id":"https:\/\/www.ascef.com\/es\/marc-puig-ma-del-mar-nogareda-y-joaquin-serra-una-vision-de-futuro-en-el-encuentro-anual-de-la-ascef\/#primaryimage","url":"https:\/\/www.ascef.com\/wp-content\/uploads\/2021\/12\/trobada.jpg","contentUrl":"https:\/\/www.ascef.com\/wp-content\/uploads\/2021\/12\/trobada.jpg","width":1280,"height":853},{"@type":"BreadcrumbList","@id":"https:\/\/www.ascef.com\/es\/marc-puig-ma-del-mar-nogareda-y-joaquin-serra-una-vision-de-futuro-en-el-encuentro-anual-de-la-ascef\/#breadcrumb","itemListElement":[{"@type":"ListItem","position":1,"name":"Portada","item":"https:\/\/www.ascef.com\/es\/"},{"@type":"ListItem","position":2,"name":"Marc Puig, M\u00aa del Mar Nogareda y Joaqu\u00edn Serra, una visi\u00f3n de futuro en el encuentro anual de la ASCEF"}]},{"@type":"WebSite","@id":"https:\/\/www.ascef.com\/es\/#website","url":"https:\/\/www.ascef.com\/es\/","name":"ASCEF","description":"Associaci\u00f3 Catalana de l\u2019Empresa Familiar","potentialAction":[{"@type":"SearchAction","target":{"@type":"EntryPoint","urlTemplate":"https:\/\/www.ascef.com\/es\/?s={search_term_string}"},"query-input":{"@type":"PropertyValueSpecification","valueRequired":true,"valueName":"search_term_string"}}],"inLanguage":"es"},{"@type":"Person","@id":"https:\/\/www.ascef.com\/es\/#\/schema\/person\/4b014c032ff354e425d6bca2bed0da77","name":"Alicia Farin\u00f3s","url":"https:\/\/www.ascef.com\/es\/author\/alicia\/"}]}},"_links":{"self":[{"href":"https:\/\/www.ascef.com\/es\/wp-json\/wp\/v2\/posts\/4121","targetHints":{"allow":["GET"]}}],"collection":[{"href":"https:\/\/www.ascef.com\/es\/wp-json\/wp\/v2\/posts"}],"about":[{"href":"https:\/\/www.ascef.com\/es\/wp-json\/wp\/v2\/types\/post"}],"author":[{"embeddable":true,"href":"https:\/\/www.ascef.com\/es\/wp-json\/wp\/v2\/users\/3"}],"replies":[{"embeddable":true,"href":"https:\/\/www.ascef.com\/es\/wp-json\/wp\/v2\/comments?post=4121"}],"version-history":[{"count":6,"href":"https:\/\/www.ascef.com\/es\/wp-json\/wp\/v2\/posts\/4121\/revisions"}],"predecessor-version":[{"id":4177,"href":"https:\/\/www.ascef.com\/es\/wp-json\/wp\/v2\/posts\/4121\/revisions\/4177"}],"wp:featuredmedia":[{"embeddable":true,"href":"https:\/\/www.ascef.com\/es\/wp-json\/wp\/v2\/media\/4122"}],"wp:attachment":[{"href":"https:\/\/www.ascef.com\/es\/wp-json\/wp\/v2\/media?parent=4121"}],"wp:term":[{"taxonomy":"category","embeddable":true,"href":"https:\/\/www.ascef.com\/es\/wp-json\/wp\/v2\/categories?post=4121"},{"taxonomy":"post_tag","embeddable":true,"href":"https:\/\/www.ascef.com\/es\/wp-json\/wp\/v2\/tags?post=4121"}],"curies":[{"name":"wp","href":"https:\/\/api.w.org\/{rel}","templated":true}]}}