{"id":4087,"date":"2021-11-19T12:05:27","date_gmt":"2021-11-19T12:05:27","guid":{"rendered":"https:\/\/www.ascef.com\/?p=4087"},"modified":"2021-11-23T08:07:51","modified_gmt":"2021-11-23T08:07:51","slug":"la-sucesion-de-la-empresa-familiar-requiere-una-planificacion-global-con-mecanismos-civiles-mercantiles-y-fiscales","status":"publish","type":"post","link":"https:\/\/www.ascef.com\/es\/la-sucesion-de-la-empresa-familiar-requiere-una-planificacion-global-con-mecanismos-civiles-mercantiles-y-fiscales\/","title":{"rendered":"La sucesi\u00f3n de la empresa familiar requiere una planificaci\u00f3n global con mecanismos civiles, mercantiles y fiscales"},"content":{"rendered":"<p>La sucesi\u00f3n de la empresa familiar requiere una planificaci\u00f3n que combine mecanismos civiles, mercantiles, fiscales. \u00c9sta es una de las principales conclusiones de una <em>jornada sobre la sucesi\u00f3n de la empresa familiar<\/em> que se ha celebrado en la Universidad Internacional de Catalu\u00f1a organizada por la<strong> C\u00e1tedra de Empresa Familiar Bosch Aymerich de UIC Barcelona<\/strong>, \u200b\u200bla <strong>Asociaci\u00f3n Catalana de la Empresa Familiar<\/strong> (ASCEF) y la <strong>Asociaci\u00f3n Catalana de Especialistas en Derecho de Sucesiones<\/strong> (ACEDS).<\/p>\n<p>Diferentes expertos en materia sucesoria han abordado los principales retos que afrontan las empresas familiares, que en Catalu\u00f1a suponen el 88,3% de la totalidad de las empresas privadas, contribuyen el 69% del Valor A\u00f1adido Bruto (VAB) y generan el 76% de los puestos de trabajo privados.<\/p>\n<p>Para el Presidente de ASCEF, <strong>Amadeu Jori<\/strong>, \u201cla importancia de planificar bien la sucesi\u00f3n, los aspectos fiscales derivados del relevo, los \u00f3rganos de gobierno corporativo o la importancia de la seguridad jur\u00eddica son cuestiones vitales que influyen en la supervivencia de una empresa familiar \u201d.<\/p>\n<p>Por su parte,\u00a0 el director de la C\u00e1tedra de Empresa Familiar Bosch Aymerich, <strong>Jordi de Juan<\/strong>, puso de relieve la importancia de combinar los diferentes instrumentos en la planificaci\u00f3n sucesoria de la empresa familiar : \u201cEs necesario integrar las visiones mercantil, civil y fiscal para poder responder a los problemas que plantea el relevo de la empresa familiar\u201d. De Juan tambi\u00e9n hizo referencia al problema de la litigiosidad tributaria que tienen las empresas familiares<\/p>\n<p>La jornada tambi\u00e9n cont\u00f3 con la participaci\u00f3n del profesor de la Universidad de Barcelona, <strong>Josep Mar\u00eda Cervera<\/strong>; el presidente de ACEDS, <strong>Ramon Pratdesaba<\/strong>; \u00a0el socio de Crowe, <strong>Ramon Santos<\/strong>; el fundador de Ebrat Advocats, <strong>Alejandro Ebrat<\/strong> i \u00a0la socia de CIM Tax &amp; Legal i coordinadora del Comit\u00e9 Fiscal de ACEDS, <strong>Emma S\u00e1nchez Corretger<\/strong>.<\/p>\n<p>&nbsp;<\/p>\n","protected":false},"excerpt":{"rendered":"<p>La sucesi\u00f3n de la empresa familiar requiere una planificaci\u00f3n que combine mecanismos civiles, mercantiles, fiscales. \u00c9sta es una de las principales conclusiones de una jornada sobre la sucesi\u00f3n de la empresa familiar que se ha celebrado en la Universidad Internacional de Catalu\u00f1a organizada por la C\u00e1tedra de Empresa Familiar Bosch Aymerich de UIC Barcelona, \u200b\u200bla [&hellip;]<\/p>\n","protected":false},"author":3,"featured_media":4090,"comment_status":"open","ping_status":"open","sticky":false,"template":"","format":"standard","meta":{"_acf_changed":false,"footnotes":""},"categories":[185],"tags":[],"class_list":["post-4087","post","type-post","status-publish","format-standard","has-post-thumbnail","hentry","category-general"],"acf":[],"yoast_head":"<!-- This site is optimized with the Yoast SEO plugin v27.5 - https:\/\/yoast.com\/product\/yoast-seo-wordpress\/ -->\n<title>La sucesi\u00f3n de la empresa familiar requiere una planificaci\u00f3n global con mecanismos civiles, mercantiles y fiscales - ASCEF<\/title>\n<meta name=\"robots\" content=\"index, follow, max-snippet:-1, max-image-preview:large, max-video-preview:-1\" \/>\n<link rel=\"canonical\" href=\"https:\/\/www.ascef.com\/es\/la-sucesion-de-la-empresa-familiar-requiere-una-planificacion-global-con-mecanismos-civiles-mercantiles-y-fiscales\/\" \/>\n<meta property=\"og:locale\" content=\"es_ES\" \/>\n<meta property=\"og:type\" content=\"article\" \/>\n<meta property=\"og:title\" content=\"La sucesi\u00f3n de la empresa familiar requiere una planificaci\u00f3n global con mecanismos civiles, mercantiles y fiscales - ASCEF\" \/>\n<meta property=\"og:description\" content=\"La sucesi\u00f3n de la empresa familiar requiere una planificaci\u00f3n que combine mecanismos civiles, mercantiles, fiscales. \u00c9sta es una de las principales conclusiones de una jornada sobre la sucesi\u00f3n de la empresa familiar que se ha celebrado en la Universidad Internacional de Catalu\u00f1a organizada por la C\u00e1tedra de Empresa Familiar Bosch Aymerich de UIC Barcelona, \u200b\u200bla [&hellip;]\" \/>\n<meta property=\"og:url\" content=\"https:\/\/www.ascef.com\/es\/la-sucesion-de-la-empresa-familiar-requiere-una-planificacion-global-con-mecanismos-civiles-mercantiles-y-fiscales\/\" \/>\n<meta property=\"og:site_name\" content=\"ASCEF\" \/>\n<meta property=\"article:published_time\" content=\"2021-11-19T12:05:27+00:00\" \/>\n<meta property=\"article:modified_time\" content=\"2021-11-23T08:07:51+00:00\" \/>\n<meta property=\"og:image\" content=\"https:\/\/www.ascef.com\/wp-content\/uploads\/2021\/11\/ascef_aceds2-1.jpeg\" \/>\n\t<meta property=\"og:image:width\" content=\"1593\" \/>\n\t<meta property=\"og:image:height\" content=\"919\" \/>\n\t<meta property=\"og:image:type\" content=\"image\/jpeg\" \/>\n<meta name=\"author\" content=\"Alicia Farin\u00f3s\" \/>\n<meta name=\"twitter:card\" content=\"summary_large_image\" \/>\n<meta name=\"twitter:label1\" content=\"Escrito por\" \/>\n\t<meta name=\"twitter:data1\" content=\"Alicia Farin\u00f3s\" \/>\n\t<meta name=\"twitter:label2\" content=\"Tiempo de lectura\" \/>\n\t<meta name=\"twitter:data2\" content=\"2 minutos\" \/>\n<script type=\"application\/ld+json\" class=\"yoast-schema-graph\">{\"@context\":\"https:\\\/\\\/schema.org\",\"@graph\":[{\"@type\":\"Article\",\"@id\":\"https:\\\/\\\/www.ascef.com\\\/es\\\/la-sucesion-de-la-empresa-familiar-requiere-una-planificacion-global-con-mecanismos-civiles-mercantiles-y-fiscales\\\/#article\",\"isPartOf\":{\"@id\":\"https:\\\/\\\/www.ascef.com\\\/es\\\/la-sucesion-de-la-empresa-familiar-requiere-una-planificacion-global-con-mecanismos-civiles-mercantiles-y-fiscales\\\/\"},\"author\":{\"name\":\"Alicia Farin\u00f3s\",\"@id\":\"https:\\\/\\\/www.ascef.com\\\/es\\\/#\\\/schema\\\/person\\\/4b014c032ff354e425d6bca2bed0da77\"},\"headline\":\"La sucesi\u00f3n de la empresa familiar requiere una planificaci\u00f3n global con mecanismos civiles, mercantiles y fiscales\",\"datePublished\":\"2021-11-19T12:05:27+00:00\",\"dateModified\":\"2021-11-23T08:07:51+00:00\",\"mainEntityOfPage\":{\"@id\":\"https:\\\/\\\/www.ascef.com\\\/es\\\/la-sucesion-de-la-empresa-familiar-requiere-una-planificacion-global-con-mecanismos-civiles-mercantiles-y-fiscales\\\/\"},\"wordCount\":324,\"commentCount\":0,\"image\":{\"@id\":\"https:\\\/\\\/www.ascef.com\\\/es\\\/la-sucesion-de-la-empresa-familiar-requiere-una-planificacion-global-con-mecanismos-civiles-mercantiles-y-fiscales\\\/#primaryimage\"},\"thumbnailUrl\":\"https:\\\/\\\/www.ascef.com\\\/wp-content\\\/uploads\\\/2021\\\/11\\\/ascef_aceds2-1.jpeg\",\"articleSection\":[\"general\"],\"inLanguage\":\"es\"},{\"@type\":\"WebPage\",\"@id\":\"https:\\\/\\\/www.ascef.com\\\/es\\\/la-sucesion-de-la-empresa-familiar-requiere-una-planificacion-global-con-mecanismos-civiles-mercantiles-y-fiscales\\\/\",\"url\":\"https:\\\/\\\/www.ascef.com\\\/es\\\/la-sucesion-de-la-empresa-familiar-requiere-una-planificacion-global-con-mecanismos-civiles-mercantiles-y-fiscales\\\/\",\"name\":\"La sucesi\u00f3n de la empresa familiar requiere una planificaci\u00f3n global con mecanismos civiles, mercantiles y fiscales - ASCEF\",\"isPartOf\":{\"@id\":\"https:\\\/\\\/www.ascef.com\\\/es\\\/#website\"},\"primaryImageOfPage\":{\"@id\":\"https:\\\/\\\/www.ascef.com\\\/es\\\/la-sucesion-de-la-empresa-familiar-requiere-una-planificacion-global-con-mecanismos-civiles-mercantiles-y-fiscales\\\/#primaryimage\"},\"image\":{\"@id\":\"https:\\\/\\\/www.ascef.com\\\/es\\\/la-sucesion-de-la-empresa-familiar-requiere-una-planificacion-global-con-mecanismos-civiles-mercantiles-y-fiscales\\\/#primaryimage\"},\"thumbnailUrl\":\"https:\\\/\\\/www.ascef.com\\\/wp-content\\\/uploads\\\/2021\\\/11\\\/ascef_aceds2-1.jpeg\",\"datePublished\":\"2021-11-19T12:05:27+00:00\",\"dateModified\":\"2021-11-23T08:07:51+00:00\",\"author\":{\"@id\":\"https:\\\/\\\/www.ascef.com\\\/es\\\/#\\\/schema\\\/person\\\/4b014c032ff354e425d6bca2bed0da77\"},\"breadcrumb\":{\"@id\":\"https:\\\/\\\/www.ascef.com\\\/es\\\/la-sucesion-de-la-empresa-familiar-requiere-una-planificacion-global-con-mecanismos-civiles-mercantiles-y-fiscales\\\/#breadcrumb\"},\"inLanguage\":\"es\",\"potentialAction\":[{\"@type\":\"ReadAction\",\"target\":[\"https:\\\/\\\/www.ascef.com\\\/es\\\/la-sucesion-de-la-empresa-familiar-requiere-una-planificacion-global-con-mecanismos-civiles-mercantiles-y-fiscales\\\/\"]}]},{\"@type\":\"ImageObject\",\"inLanguage\":\"es\",\"@id\":\"https:\\\/\\\/www.ascef.com\\\/es\\\/la-sucesion-de-la-empresa-familiar-requiere-una-planificacion-global-con-mecanismos-civiles-mercantiles-y-fiscales\\\/#primaryimage\",\"url\":\"https:\\\/\\\/www.ascef.com\\\/wp-content\\\/uploads\\\/2021\\\/11\\\/ascef_aceds2-1.jpeg\",\"contentUrl\":\"https:\\\/\\\/www.ascef.com\\\/wp-content\\\/uploads\\\/2021\\\/11\\\/ascef_aceds2-1.jpeg\",\"width\":1593,\"height\":919},{\"@type\":\"BreadcrumbList\",\"@id\":\"https:\\\/\\\/www.ascef.com\\\/es\\\/la-sucesion-de-la-empresa-familiar-requiere-una-planificacion-global-con-mecanismos-civiles-mercantiles-y-fiscales\\\/#breadcrumb\",\"itemListElement\":[{\"@type\":\"ListItem\",\"position\":1,\"name\":\"Portada\",\"item\":\"https:\\\/\\\/www.ascef.com\\\/es\\\/\"},{\"@type\":\"ListItem\",\"position\":2,\"name\":\"La sucesi\u00f3n de la empresa familiar requiere una planificaci\u00f3n global con mecanismos civiles, mercantiles y fiscales\"}]},{\"@type\":\"WebSite\",\"@id\":\"https:\\\/\\\/www.ascef.com\\\/es\\\/#website\",\"url\":\"https:\\\/\\\/www.ascef.com\\\/es\\\/\",\"name\":\"ASCEF\",\"description\":\"Associaci\u00f3 Catalana de l\u2019Empresa Familiar\",\"potentialAction\":[{\"@type\":\"SearchAction\",\"target\":{\"@type\":\"EntryPoint\",\"urlTemplate\":\"https:\\\/\\\/www.ascef.com\\\/es\\\/?s={search_term_string}\"},\"query-input\":{\"@type\":\"PropertyValueSpecification\",\"valueRequired\":true,\"valueName\":\"search_term_string\"}}],\"inLanguage\":\"es\"},{\"@type\":\"Person\",\"@id\":\"https:\\\/\\\/www.ascef.com\\\/es\\\/#\\\/schema\\\/person\\\/4b014c032ff354e425d6bca2bed0da77\",\"name\":\"Alicia Farin\u00f3s\",\"url\":\"https:\\\/\\\/www.ascef.com\\\/es\\\/author\\\/alicia\\\/\"}]}<\/script>\n<!-- \/ Yoast SEO plugin. -->","yoast_head_json":{"title":"La sucesi\u00f3n de la empresa familiar requiere una planificaci\u00f3n global con mecanismos civiles, mercantiles y fiscales - ASCEF","robots":{"index":"index","follow":"follow","max-snippet":"max-snippet:-1","max-image-preview":"max-image-preview:large","max-video-preview":"max-video-preview:-1"},"canonical":"https:\/\/www.ascef.com\/es\/la-sucesion-de-la-empresa-familiar-requiere-una-planificacion-global-con-mecanismos-civiles-mercantiles-y-fiscales\/","og_locale":"es_ES","og_type":"article","og_title":"La sucesi\u00f3n de la empresa familiar requiere una planificaci\u00f3n global con mecanismos civiles, mercantiles y fiscales - ASCEF","og_description":"La sucesi\u00f3n de la empresa familiar requiere una planificaci\u00f3n que combine mecanismos civiles, mercantiles, fiscales. \u00c9sta es una de las principales conclusiones de una jornada sobre la sucesi\u00f3n de la empresa familiar que se ha celebrado en la Universidad Internacional de Catalu\u00f1a organizada por la C\u00e1tedra de Empresa Familiar Bosch Aymerich de UIC Barcelona, \u200b\u200bla [&hellip;]","og_url":"https:\/\/www.ascef.com\/es\/la-sucesion-de-la-empresa-familiar-requiere-una-planificacion-global-con-mecanismos-civiles-mercantiles-y-fiscales\/","og_site_name":"ASCEF","article_published_time":"2021-11-19T12:05:27+00:00","article_modified_time":"2021-11-23T08:07:51+00:00","og_image":[{"width":1593,"height":919,"url":"https:\/\/www.ascef.com\/wp-content\/uploads\/2021\/11\/ascef_aceds2-1.jpeg","type":"image\/jpeg"}],"author":"Alicia Farin\u00f3s","twitter_card":"summary_large_image","twitter_misc":{"Escrito por":"Alicia Farin\u00f3s","Tiempo de lectura":"2 minutos"},"schema":{"@context":"https:\/\/schema.org","@graph":[{"@type":"Article","@id":"https:\/\/www.ascef.com\/es\/la-sucesion-de-la-empresa-familiar-requiere-una-planificacion-global-con-mecanismos-civiles-mercantiles-y-fiscales\/#article","isPartOf":{"@id":"https:\/\/www.ascef.com\/es\/la-sucesion-de-la-empresa-familiar-requiere-una-planificacion-global-con-mecanismos-civiles-mercantiles-y-fiscales\/"},"author":{"name":"Alicia Farin\u00f3s","@id":"https:\/\/www.ascef.com\/es\/#\/schema\/person\/4b014c032ff354e425d6bca2bed0da77"},"headline":"La sucesi\u00f3n de la empresa familiar requiere una planificaci\u00f3n global con mecanismos civiles, mercantiles y fiscales","datePublished":"2021-11-19T12:05:27+00:00","dateModified":"2021-11-23T08:07:51+00:00","mainEntityOfPage":{"@id":"https:\/\/www.ascef.com\/es\/la-sucesion-de-la-empresa-familiar-requiere-una-planificacion-global-con-mecanismos-civiles-mercantiles-y-fiscales\/"},"wordCount":324,"commentCount":0,"image":{"@id":"https:\/\/www.ascef.com\/es\/la-sucesion-de-la-empresa-familiar-requiere-una-planificacion-global-con-mecanismos-civiles-mercantiles-y-fiscales\/#primaryimage"},"thumbnailUrl":"https:\/\/www.ascef.com\/wp-content\/uploads\/2021\/11\/ascef_aceds2-1.jpeg","articleSection":["general"],"inLanguage":"es"},{"@type":"WebPage","@id":"https:\/\/www.ascef.com\/es\/la-sucesion-de-la-empresa-familiar-requiere-una-planificacion-global-con-mecanismos-civiles-mercantiles-y-fiscales\/","url":"https:\/\/www.ascef.com\/es\/la-sucesion-de-la-empresa-familiar-requiere-una-planificacion-global-con-mecanismos-civiles-mercantiles-y-fiscales\/","name":"La sucesi\u00f3n de la empresa familiar requiere una planificaci\u00f3n global con mecanismos civiles, mercantiles y fiscales - ASCEF","isPartOf":{"@id":"https:\/\/www.ascef.com\/es\/#website"},"primaryImageOfPage":{"@id":"https:\/\/www.ascef.com\/es\/la-sucesion-de-la-empresa-familiar-requiere-una-planificacion-global-con-mecanismos-civiles-mercantiles-y-fiscales\/#primaryimage"},"image":{"@id":"https:\/\/www.ascef.com\/es\/la-sucesion-de-la-empresa-familiar-requiere-una-planificacion-global-con-mecanismos-civiles-mercantiles-y-fiscales\/#primaryimage"},"thumbnailUrl":"https:\/\/www.ascef.com\/wp-content\/uploads\/2021\/11\/ascef_aceds2-1.jpeg","datePublished":"2021-11-19T12:05:27+00:00","dateModified":"2021-11-23T08:07:51+00:00","author":{"@id":"https:\/\/www.ascef.com\/es\/#\/schema\/person\/4b014c032ff354e425d6bca2bed0da77"},"breadcrumb":{"@id":"https:\/\/www.ascef.com\/es\/la-sucesion-de-la-empresa-familiar-requiere-una-planificacion-global-con-mecanismos-civiles-mercantiles-y-fiscales\/#breadcrumb"},"inLanguage":"es","potentialAction":[{"@type":"ReadAction","target":["https:\/\/www.ascef.com\/es\/la-sucesion-de-la-empresa-familiar-requiere-una-planificacion-global-con-mecanismos-civiles-mercantiles-y-fiscales\/"]}]},{"@type":"ImageObject","inLanguage":"es","@id":"https:\/\/www.ascef.com\/es\/la-sucesion-de-la-empresa-familiar-requiere-una-planificacion-global-con-mecanismos-civiles-mercantiles-y-fiscales\/#primaryimage","url":"https:\/\/www.ascef.com\/wp-content\/uploads\/2021\/11\/ascef_aceds2-1.jpeg","contentUrl":"https:\/\/www.ascef.com\/wp-content\/uploads\/2021\/11\/ascef_aceds2-1.jpeg","width":1593,"height":919},{"@type":"BreadcrumbList","@id":"https:\/\/www.ascef.com\/es\/la-sucesion-de-la-empresa-familiar-requiere-una-planificacion-global-con-mecanismos-civiles-mercantiles-y-fiscales\/#breadcrumb","itemListElement":[{"@type":"ListItem","position":1,"name":"Portada","item":"https:\/\/www.ascef.com\/es\/"},{"@type":"ListItem","position":2,"name":"La sucesi\u00f3n de la empresa familiar requiere una planificaci\u00f3n global con mecanismos civiles, mercantiles y fiscales"}]},{"@type":"WebSite","@id":"https:\/\/www.ascef.com\/es\/#website","url":"https:\/\/www.ascef.com\/es\/","name":"ASCEF","description":"Associaci\u00f3 Catalana de l\u2019Empresa Familiar","potentialAction":[{"@type":"SearchAction","target":{"@type":"EntryPoint","urlTemplate":"https:\/\/www.ascef.com\/es\/?s={search_term_string}"},"query-input":{"@type":"PropertyValueSpecification","valueRequired":true,"valueName":"search_term_string"}}],"inLanguage":"es"},{"@type":"Person","@id":"https:\/\/www.ascef.com\/es\/#\/schema\/person\/4b014c032ff354e425d6bca2bed0da77","name":"Alicia Farin\u00f3s","url":"https:\/\/www.ascef.com\/es\/author\/alicia\/"}]}},"_links":{"self":[{"href":"https:\/\/www.ascef.com\/es\/wp-json\/wp\/v2\/posts\/4087","targetHints":{"allow":["GET"]}}],"collection":[{"href":"https:\/\/www.ascef.com\/es\/wp-json\/wp\/v2\/posts"}],"about":[{"href":"https:\/\/www.ascef.com\/es\/wp-json\/wp\/v2\/types\/post"}],"author":[{"embeddable":true,"href":"https:\/\/www.ascef.com\/es\/wp-json\/wp\/v2\/users\/3"}],"replies":[{"embeddable":true,"href":"https:\/\/www.ascef.com\/es\/wp-json\/wp\/v2\/comments?post=4087"}],"version-history":[{"count":5,"href":"https:\/\/www.ascef.com\/es\/wp-json\/wp\/v2\/posts\/4087\/revisions"}],"predecessor-version":[{"id":4103,"href":"https:\/\/www.ascef.com\/es\/wp-json\/wp\/v2\/posts\/4087\/revisions\/4103"}],"wp:featuredmedia":[{"embeddable":true,"href":"https:\/\/www.ascef.com\/es\/wp-json\/wp\/v2\/media\/4090"}],"wp:attachment":[{"href":"https:\/\/www.ascef.com\/es\/wp-json\/wp\/v2\/media?parent=4087"}],"wp:term":[{"taxonomy":"category","embeddable":true,"href":"https:\/\/www.ascef.com\/es\/wp-json\/wp\/v2\/categories?post=4087"},{"taxonomy":"post_tag","embeddable":true,"href":"https:\/\/www.ascef.com\/es\/wp-json\/wp\/v2\/tags?post=4087"}],"curies":[{"name":"wp","href":"https:\/\/api.w.org\/{rel}","templated":true}]}}